{"id":166879,"date":"2018-07-29T15:50:46","date_gmt":"2018-07-29T14:50:46","guid":{"rendered":"http:\/\/kapitalis.com\/tunisie\/?p=166879"},"modified":"2018-07-29T13:05:12","modified_gmt":"2018-07-29T12:05:12","slug":"il-a-quitte-le-club-africain-seif-tka-a-lessai-a-lens","status":"publish","type":"post","link":"https:\/\/kapitalis.com\/tunisie\/2018\/07\/29\/il-a-quitte-le-club-africain-seif-tka-a-lessai-a-lens\/","title":{"rendered":"Il a quitt\u00e9 le Club africain : Seif Tka \u00e0 l\u2019essai \u00e0 Lens"},"content":{"rendered":"<p style=\"text-align: center;\"><img loading=\"lazy\" decoding=\"async\" class=\"alignnone size-full wp-image-142786\" src=\"http:\/\/kapitalis.com\/tunisie\/wp-content\/uploads\/2018\/03\/Seif-Tka.jpg\" alt=\"\" width=\"626\" height=\"380\" \/><\/p>\n<p><em><strong>Le d\u00e9fenseur tunisien Seif Tka, qui a refus\u00e9 de prolonger son contrat avec le Club africain (CA), est \u00e0 l\u2019essai avec le RC Lens, une formation de Ligue 2 en France.<\/strong> <\/em><\/p>\n<p><!--more--><\/p>\n<p>Joueur du CA depuis 2011, le d\u00e9fenseur de 27 ans, libre de tout contrat, n\u2019a pas souhait\u00e9 prolonger cet \u00e9t\u00e9. Il devrait signer un contrat de deux saisons avec le club lensois.<\/p>\n<p>Le joueur, qui a disput\u00e9 9 matches la saison pass\u00e9e, est par ailleurs suivi par un autre club fran\u00e7ais de seconde division, Le Havre, qui a form\u00e9 entre autres Paul Pogba, r\u00e9cent champion du monde avec l\u2019\u00e9quipe de France.<\/p>\n<p>Parti pour constituer, avec Fakhreddine Jaziri, l\u2019une des meilleures paires centrales de Tunisie, Seif Tka a \u00e9t\u00e9 victime d\u2019un mauvais choix des dirigeants qui l\u2019ont \u00e9vinc\u00e9 de l\u2019\u00e9quipe type pour faire jouer Nicholas Opuku \u00e0 sa place.<\/p>\n<p>La suite a \u00e9t\u00e9 un fiasco, \u00e0 commencer par l\u2019\u00e9limination du CA en quarts de finale de la Coupe de la CAF devant l\u2019\u00e9quipe marocaine de Berkane qui a largement profit\u00e9 des distractions du Ghan\u00e9en pour l\u2019emporter 3-1.<\/p>\n<p>Ainsi le CA aura rendu un tr\u00e8s mauvais service \u00e0 Seif Tka en freinant sa progression. Raison pour laquelle ce dernier a tenu \u00e0 quitter le club o\u00f9 il aurait pu terminer sa carri\u00e8re.<\/p>\n<p style=\"text-align: right;\"><strong>H. M.<\/strong><\/p>\n<blockquote class=\"wp-embedded-content\" data-secret=\"HnbdxJMeYF\"><p><a href=\"https:\/\/kapitalis.com\/tunisie\/2018\/03\/10\/club-africain-le-defenseur-seif-tka-rehabilite-face-a-letoile\/\">Club africain : Le d\u00e9fenseur Seif Tka r\u00e9habilit\u00e9 face \u00e0 l&rsquo;Etoile<\/a><\/p><\/blockquote>\n<p><iframe loading=\"lazy\" class=\"wp-embedded-content\" sandbox=\"allow-scripts\" security=\"restricted\" style=\"position: absolute; clip: rect(1px, 1px, 1px, 1px);\" title=\"\u00ab\u00a0Club africain : Le d\u00e9fenseur Seif Tka r\u00e9habilit\u00e9 face \u00e0 l&rsquo;Etoile\u00a0\u00bb &#8212; Kapitalis\" src=\"https:\/\/kapitalis.com\/tunisie\/2018\/03\/10\/club-africain-le-defenseur-seif-tka-rehabilite-face-a-letoile\/embed\/#?secret=57P7ZRLG2u#?secret=HnbdxJMeYF\" data-secret=\"HnbdxJMeYF\" width=\"600\" height=\"338\" frameborder=\"0\" marginwidth=\"0\" marginheight=\"0\" scrolling=\"no\"><\/iframe><\/p>\n","protected":false},"excerpt":{"rendered":"<p>Le d\u00e9fenseur tunisien Seif Tka, qui a refus\u00e9 de prolonger son contrat avec le Club africain (CA), est \u00e0 l\u2019essai avec le RC Lens, une formation de Ligue 2 en France.<\/p>\n","protected":false},"author":8,"featured_media":0,"comment_status":"open","ping_status":"open","sticky":false,"template":"","format":"standard","meta":{"footnotes":""},"categories":[999,2433],"tags":[211,35784,41263,42437],"class_list":["post-166879","post","type-post","status-publish","format-standard","hentry","category-sport","category-tunisie","tag-club-africain","tag-fakhreddine-jaziri","tag-nicholas-opuku","tag-seif-tka"],"yoast_head":"<!-- This site is optimized with the Yoast SEO plugin v26.6 - https:\/\/yoast.com\/wordpress\/plugins\/seo\/ -->\n<title>Il a quitt\u00e9 le Club africain : Seif Tka \u00e0 l\u2019essai \u00e0 Lens - Kapitalis<\/title>\n<meta name=\"robots\" content=\"index, follow, max-snippet:-1, max-image-preview:large, max-video-preview:-1\" \/>\n<link rel=\"canonical\" href=\"https:\/\/kapitalis.com\/tunisie\/2018\/07\/29\/il-a-quitte-le-club-africain-seif-tka-a-lessai-a-lens\/\" \/>\n<meta property=\"og:locale\" content=\"fr_FR\" \/>\n<meta property=\"og:type\" content=\"article\" \/>\n<meta property=\"og:title\" content=\"Il a quitt\u00e9 le Club africain : Seif Tka \u00e0 l\u2019essai \u00e0 Lens - Kapitalis\" \/>\n<meta property=\"og:description\" content=\"Le d\u00e9fenseur tunisien Seif Tka, qui a refus\u00e9 de prolonger son contrat avec le Club africain (CA), est \u00e0 l\u2019essai avec le RC Lens, une formation de Ligue 2 en France.\" \/>\n<meta property=\"og:url\" content=\"https:\/\/kapitalis.com\/tunisie\/2018\/07\/29\/il-a-quitte-le-club-africain-seif-tka-a-lessai-a-lens\/\" \/>\n<meta property=\"og:site_name\" content=\"Kapitalis\" \/>\n<meta property=\"article:publisher\" content=\"https:\/\/www.facebook.com\/KapitalisInfo\/\" \/>\n<meta property=\"article:published_time\" content=\"2018-07-29T14:50:46+00:00\" \/>\n<meta property=\"og:image\" content=\"http:\/\/kapitalis.com\/tunisie\/wp-content\/uploads\/2018\/03\/Seif-Tka.jpg\" \/>\n<meta name=\"author\" content=\"webmaster kapitalis\" \/>\n<meta name=\"twitter:card\" content=\"summary_large_image\" \/>\n<meta name=\"twitter:creator\" content=\"@KapitalisInfo\" \/>\n<meta name=\"twitter:site\" content=\"@KapitalisInfo\" \/>\n<meta name=\"twitter:label1\" content=\"\u00c9crit par\" \/>\n\t<meta name=\"twitter:data1\" content=\"webmaster kapitalis\" \/>\n\t<meta name=\"twitter:label2\" content=\"Dur\u00e9e de lecture estim\u00e9e\" \/>\n\t<meta name=\"twitter:data2\" content=\"1 minute\" \/>\n<script type=\"application\/ld+json\" class=\"yoast-schema-graph\">{\"@context\":\"https:\/\/schema.org\",\"@graph\":[{\"@type\":\"Article\",\"@id\":\"https:\/\/kapitalis.com\/tunisie\/2018\/07\/29\/il-a-quitte-le-club-africain-seif-tka-a-lessai-a-lens\/#article\",\"isPartOf\":{\"@id\":\"https:\/\/kapitalis.com\/tunisie\/2018\/07\/29\/il-a-quitte-le-club-africain-seif-tka-a-lessai-a-lens\/\"},\"author\":{\"name\":\"webmaster kapitalis\",\"@id\":\"https:\/\/kapitalis.com\/tunisie\/#\/schema\/person\/d71f33a9ca44f7bad4698210b480c8e9\"},\"headline\":\"Il a quitt\u00e9 le Club africain : Seif Tka \u00e0 l\u2019essai \u00e0 Lens\",\"datePublished\":\"2018-07-29T14:50:46+00:00\",\"mainEntityOfPage\":{\"@id\":\"https:\/\/kapitalis.com\/tunisie\/2018\/07\/29\/il-a-quitte-le-club-africain-seif-tka-a-lessai-a-lens\/\"},\"wordCount\":238,\"commentCount\":1,\"publisher\":{\"@id\":\"https:\/\/kapitalis.com\/tunisie\/#organization\"},\"image\":{\"@id\":\"https:\/\/kapitalis.com\/tunisie\/2018\/07\/29\/il-a-quitte-le-club-africain-seif-tka-a-lessai-a-lens\/#primaryimage\"},\"thumbnailUrl\":\"http:\/\/kapitalis.com\/tunisie\/wp-content\/uploads\/2018\/03\/Seif-Tka.jpg\",\"keywords\":[\"Club Africain\",\"Fakhreddine Jaziri\",\"Nicholas Opuku\",\"Seif Tka\"],\"articleSection\":[\"SPORT\",\"Tunisie\"],\"inLanguage\":\"fr-FR\",\"potentialAction\":[{\"@type\":\"CommentAction\",\"name\":\"Comment\",\"target\":[\"https:\/\/kapitalis.com\/tunisie\/2018\/07\/29\/il-a-quitte-le-club-africain-seif-tka-a-lessai-a-lens\/#respond\"]}]},{\"@type\":\"WebPage\",\"@id\":\"https:\/\/kapitalis.com\/tunisie\/2018\/07\/29\/il-a-quitte-le-club-africain-seif-tka-a-lessai-a-lens\/\",\"url\":\"https:\/\/kapitalis.com\/tunisie\/2018\/07\/29\/il-a-quitte-le-club-africain-seif-tka-a-lessai-a-lens\/\",\"name\":\"Il a quitt\u00e9 le Club africain : Seif Tka \u00e0 l\u2019essai \u00e0 Lens - Kapitalis\",\"isPartOf\":{\"@id\":\"https:\/\/kapitalis.com\/tunisie\/#website\"},\"primaryImageOfPage\":{\"@id\":\"https:\/\/kapitalis.com\/tunisie\/2018\/07\/29\/il-a-quitte-le-club-africain-seif-tka-a-lessai-a-lens\/#primaryimage\"},\"image\":{\"@id\":\"https:\/\/kapitalis.com\/tunisie\/2018\/07\/29\/il-a-quitte-le-club-africain-seif-tka-a-lessai-a-lens\/#primaryimage\"},\"thumbnailUrl\":\"http:\/\/kapitalis.com\/tunisie\/wp-content\/uploads\/2018\/03\/Seif-Tka.jpg\",\"datePublished\":\"2018-07-29T14:50:46+00:00\",\"breadcrumb\":{\"@id\":\"https:\/\/kapitalis.com\/tunisie\/2018\/07\/29\/il-a-quitte-le-club-africain-seif-tka-a-lessai-a-lens\/#breadcrumb\"},\"inLanguage\":\"fr-FR\",\"potentialAction\":[{\"@type\":\"ReadAction\",\"target\":[\"https:\/\/kapitalis.com\/tunisie\/2018\/07\/29\/il-a-quitte-le-club-africain-seif-tka-a-lessai-a-lens\/\"]}]},{\"@type\":\"ImageObject\",\"inLanguage\":\"fr-FR\",\"@id\":\"https:\/\/kapitalis.com\/tunisie\/2018\/07\/29\/il-a-quitte-le-club-africain-seif-tka-a-lessai-a-lens\/#primaryimage\",\"url\":\"http:\/\/kapitalis.com\/tunisie\/wp-content\/uploads\/2018\/03\/Seif-Tka.jpg\",\"contentUrl\":\"http:\/\/kapitalis.com\/tunisie\/wp-content\/uploads\/2018\/03\/Seif-Tka.jpg\"},{\"@type\":\"BreadcrumbList\",\"@id\":\"https:\/\/kapitalis.com\/tunisie\/2018\/07\/29\/il-a-quitte-le-club-africain-seif-tka-a-lessai-a-lens\/#breadcrumb\",\"itemListElement\":[{\"@type\":\"ListItem\",\"position\":1,\"name\":\"Accueil\",\"item\":\"https:\/\/kapitalis.com\/tunisie\/\"},{\"@type\":\"ListItem\",\"position\":2,\"name\":\"Il a quitt\u00e9 le Club africain : Seif Tka \u00e0 l\u2019essai \u00e0 Lens\"}]},{\"@type\":\"WebSite\",\"@id\":\"https:\/\/kapitalis.com\/tunisie\/#website\",\"url\":\"https:\/\/kapitalis.com\/tunisie\/\",\"name\":\"Kapitalis\",\"description\":\"L&#039;actualit\u00e9 en Tunisie et dans le monde\",\"publisher\":{\"@id\":\"https:\/\/kapitalis.com\/tunisie\/#organization\"},\"potentialAction\":[{\"@type\":\"SearchAction\",\"target\":{\"@type\":\"EntryPoint\",\"urlTemplate\":\"https:\/\/kapitalis.com\/tunisie\/?s={search_term_string}\"},\"query-input\":{\"@type\":\"PropertyValueSpecification\",\"valueRequired\":true,\"valueName\":\"search_term_string\"}}],\"inLanguage\":\"fr-FR\"},{\"@type\":\"Organization\",\"@id\":\"https:\/\/kapitalis.com\/tunisie\/#organization\",\"name\":\"Kapitalis\",\"url\":\"https:\/\/kapitalis.com\/tunisie\/\",\"logo\":{\"@type\":\"ImageObject\",\"inLanguage\":\"fr-FR\",\"@id\":\"https:\/\/kapitalis.com\/tunisie\/#\/schema\/logo\/image\/\",\"url\":\"https:\/\/kapitalis.com\/tunisie\/wp-content\/uploads\/2022\/05\/Kapitalis-big-size.png\",\"contentUrl\":\"https:\/\/kapitalis.com\/tunisie\/wp-content\/uploads\/2022\/05\/Kapitalis-big-size.png\",\"width\":5000,\"height\":1500,\"caption\":\"Kapitalis\"},\"image\":{\"@id\":\"https:\/\/kapitalis.com\/tunisie\/#\/schema\/logo\/image\/\"},\"sameAs\":[\"https:\/\/www.facebook.com\/KapitalisInfo\/\",\"https:\/\/x.com\/KapitalisInfo\",\"https:\/\/www.youtube.com\/channel\/UC-yDYrHyfFBWWZaOw3FPg9Q\"]},{\"@type\":\"Person\",\"@id\":\"https:\/\/kapitalis.com\/tunisie\/#\/schema\/person\/d71f33a9ca44f7bad4698210b480c8e9\",\"name\":\"webmaster kapitalis\",\"url\":\"https:\/\/kapitalis.com\/tunisie\/author\/webmaster-kapitalis\/\"}]}<\/script>\n<!-- \/ Yoast SEO plugin. -->","yoast_head_json":{"title":"Il a quitt\u00e9 le Club africain : Seif Tka \u00e0 l\u2019essai \u00e0 Lens - Kapitalis","robots":{"index":"index","follow":"follow","max-snippet":"max-snippet:-1","max-image-preview":"max-image-preview:large","max-video-preview":"max-video-preview:-1"},"canonical":"https:\/\/kapitalis.com\/tunisie\/2018\/07\/29\/il-a-quitte-le-club-africain-seif-tka-a-lessai-a-lens\/","og_locale":"fr_FR","og_type":"article","og_title":"Il a quitt\u00e9 le Club africain : Seif Tka \u00e0 l\u2019essai \u00e0 Lens - Kapitalis","og_description":"Le d\u00e9fenseur tunisien Seif Tka, qui a refus\u00e9 de prolonger son contrat avec le Club africain (CA), est \u00e0 l\u2019essai avec le RC Lens, une formation de Ligue 2 en France.","og_url":"https:\/\/kapitalis.com\/tunisie\/2018\/07\/29\/il-a-quitte-le-club-africain-seif-tka-a-lessai-a-lens\/","og_site_name":"Kapitalis","article_publisher":"https:\/\/www.facebook.com\/KapitalisInfo\/","article_published_time":"2018-07-29T14:50:46+00:00","og_image":[{"url":"http:\/\/kapitalis.com\/tunisie\/wp-content\/uploads\/2018\/03\/Seif-Tka.jpg","type":"","width":"","height":""}],"author":"webmaster kapitalis","twitter_card":"summary_large_image","twitter_creator":"@KapitalisInfo","twitter_site":"@KapitalisInfo","twitter_misc":{"\u00c9crit par":"webmaster kapitalis","Dur\u00e9e de lecture estim\u00e9e":"1 minute"},"schema":{"@context":"https:\/\/schema.org","@graph":[{"@type":"Article","@id":"https:\/\/kapitalis.com\/tunisie\/2018\/07\/29\/il-a-quitte-le-club-africain-seif-tka-a-lessai-a-lens\/#article","isPartOf":{"@id":"https:\/\/kapitalis.com\/tunisie\/2018\/07\/29\/il-a-quitte-le-club-africain-seif-tka-a-lessai-a-lens\/"},"author":{"name":"webmaster kapitalis","@id":"https:\/\/kapitalis.com\/tunisie\/#\/schema\/person\/d71f33a9ca44f7bad4698210b480c8e9"},"headline":"Il a quitt\u00e9 le Club africain : Seif Tka \u00e0 l\u2019essai \u00e0 Lens","datePublished":"2018-07-29T14:50:46+00:00","mainEntityOfPage":{"@id":"https:\/\/kapitalis.com\/tunisie\/2018\/07\/29\/il-a-quitte-le-club-africain-seif-tka-a-lessai-a-lens\/"},"wordCount":238,"commentCount":1,"publisher":{"@id":"https:\/\/kapitalis.com\/tunisie\/#organization"},"image":{"@id":"https:\/\/kapitalis.com\/tunisie\/2018\/07\/29\/il-a-quitte-le-club-africain-seif-tka-a-lessai-a-lens\/#primaryimage"},"thumbnailUrl":"http:\/\/kapitalis.com\/tunisie\/wp-content\/uploads\/2018\/03\/Seif-Tka.jpg","keywords":["Club Africain","Fakhreddine Jaziri","Nicholas Opuku","Seif Tka"],"articleSection":["SPORT","Tunisie"],"inLanguage":"fr-FR","potentialAction":[{"@type":"CommentAction","name":"Comment","target":["https:\/\/kapitalis.com\/tunisie\/2018\/07\/29\/il-a-quitte-le-club-africain-seif-tka-a-lessai-a-lens\/#respond"]}]},{"@type":"WebPage","@id":"https:\/\/kapitalis.com\/tunisie\/2018\/07\/29\/il-a-quitte-le-club-africain-seif-tka-a-lessai-a-lens\/","url":"https:\/\/kapitalis.com\/tunisie\/2018\/07\/29\/il-a-quitte-le-club-africain-seif-tka-a-lessai-a-lens\/","name":"Il a quitt\u00e9 le Club africain : Seif Tka \u00e0 l\u2019essai \u00e0 Lens - Kapitalis","isPartOf":{"@id":"https:\/\/kapitalis.com\/tunisie\/#website"},"primaryImageOfPage":{"@id":"https:\/\/kapitalis.com\/tunisie\/2018\/07\/29\/il-a-quitte-le-club-africain-seif-tka-a-lessai-a-lens\/#primaryimage"},"image":{"@id":"https:\/\/kapitalis.com\/tunisie\/2018\/07\/29\/il-a-quitte-le-club-africain-seif-tka-a-lessai-a-lens\/#primaryimage"},"thumbnailUrl":"http:\/\/kapitalis.com\/tunisie\/wp-content\/uploads\/2018\/03\/Seif-Tka.jpg","datePublished":"2018-07-29T14:50:46+00:00","breadcrumb":{"@id":"https:\/\/kapitalis.com\/tunisie\/2018\/07\/29\/il-a-quitte-le-club-africain-seif-tka-a-lessai-a-lens\/#breadcrumb"},"inLanguage":"fr-FR","potentialAction":[{"@type":"ReadAction","target":["https:\/\/kapitalis.com\/tunisie\/2018\/07\/29\/il-a-quitte-le-club-africain-seif-tka-a-lessai-a-lens\/"]}]},{"@type":"ImageObject","inLanguage":"fr-FR","@id":"https:\/\/kapitalis.com\/tunisie\/2018\/07\/29\/il-a-quitte-le-club-africain-seif-tka-a-lessai-a-lens\/#primaryimage","url":"http:\/\/kapitalis.com\/tunisie\/wp-content\/uploads\/2018\/03\/Seif-Tka.jpg","contentUrl":"http:\/\/kapitalis.com\/tunisie\/wp-content\/uploads\/2018\/03\/Seif-Tka.jpg"},{"@type":"BreadcrumbList","@id":"https:\/\/kapitalis.com\/tunisie\/2018\/07\/29\/il-a-quitte-le-club-africain-seif-tka-a-lessai-a-lens\/#breadcrumb","itemListElement":[{"@type":"ListItem","position":1,"name":"Accueil","item":"https:\/\/kapitalis.com\/tunisie\/"},{"@type":"ListItem","position":2,"name":"Il a quitt\u00e9 le Club africain : Seif Tka \u00e0 l\u2019essai \u00e0 Lens"}]},{"@type":"WebSite","@id":"https:\/\/kapitalis.com\/tunisie\/#website","url":"https:\/\/kapitalis.com\/tunisie\/","name":"Kapitalis","description":"L&#039;actualit\u00e9 en Tunisie et dans le monde","publisher":{"@id":"https:\/\/kapitalis.com\/tunisie\/#organization"},"potentialAction":[{"@type":"SearchAction","target":{"@type":"EntryPoint","urlTemplate":"https:\/\/kapitalis.com\/tunisie\/?s={search_term_string}"},"query-input":{"@type":"PropertyValueSpecification","valueRequired":true,"valueName":"search_term_string"}}],"inLanguage":"fr-FR"},{"@type":"Organization","@id":"https:\/\/kapitalis.com\/tunisie\/#organization","name":"Kapitalis","url":"https:\/\/kapitalis.com\/tunisie\/","logo":{"@type":"ImageObject","inLanguage":"fr-FR","@id":"https:\/\/kapitalis.com\/tunisie\/#\/schema\/logo\/image\/","url":"https:\/\/kapitalis.com\/tunisie\/wp-content\/uploads\/2022\/05\/Kapitalis-big-size.png","contentUrl":"https:\/\/kapitalis.com\/tunisie\/wp-content\/uploads\/2022\/05\/Kapitalis-big-size.png","width":5000,"height":1500,"caption":"Kapitalis"},"image":{"@id":"https:\/\/kapitalis.com\/tunisie\/#\/schema\/logo\/image\/"},"sameAs":["https:\/\/www.facebook.com\/KapitalisInfo\/","https:\/\/x.com\/KapitalisInfo","https:\/\/www.youtube.com\/channel\/UC-yDYrHyfFBWWZaOw3FPg9Q"]},{"@type":"Person","@id":"https:\/\/kapitalis.com\/tunisie\/#\/schema\/person\/d71f33a9ca44f7bad4698210b480c8e9","name":"webmaster kapitalis","url":"https:\/\/kapitalis.com\/tunisie\/author\/webmaster-kapitalis\/"}]}},"_links":{"self":[{"href":"https:\/\/kapitalis.com\/tunisie\/wp-json\/wp\/v2\/posts\/166879","targetHints":{"allow":["GET"]}}],"collection":[{"href":"https:\/\/kapitalis.com\/tunisie\/wp-json\/wp\/v2\/posts"}],"about":[{"href":"https:\/\/kapitalis.com\/tunisie\/wp-json\/wp\/v2\/types\/post"}],"author":[{"embeddable":true,"href":"https:\/\/kapitalis.com\/tunisie\/wp-json\/wp\/v2\/users\/8"}],"replies":[{"embeddable":true,"href":"https:\/\/kapitalis.com\/tunisie\/wp-json\/wp\/v2\/comments?post=166879"}],"version-history":[{"count":0,"href":"https:\/\/kapitalis.com\/tunisie\/wp-json\/wp\/v2\/posts\/166879\/revisions"}],"wp:attachment":[{"href":"https:\/\/kapitalis.com\/tunisie\/wp-json\/wp\/v2\/media?parent=166879"}],"wp:term":[{"taxonomy":"category","embeddable":true,"href":"https:\/\/kapitalis.com\/tunisie\/wp-json\/wp\/v2\/categories?post=166879"},{"taxonomy":"post_tag","embeddable":true,"href":"https:\/\/kapitalis.com\/tunisie\/wp-json\/wp\/v2\/tags?post=166879"}],"curies":[{"name":"wp","href":"https:\/\/api.w.org\/{rel}","templated":true}]}}