{"id":166910,"date":"2018-07-30T08:42:24","date_gmt":"2018-07-30T07:42:24","guid":{"rendered":"http:\/\/kapitalis.com\/tunisie\/?p=166910"},"modified":"2018-07-30T08:42:54","modified_gmt":"2018-07-30T07:42:54","slug":"hopital-de-bizerte-invasion-de-poux-et-de-rats-au-pavillon-des-enfants","status":"publish","type":"post","link":"https:\/\/kapitalis.com\/tunisie\/2018\/07\/30\/hopital-de-bizerte-invasion-de-poux-et-de-rats-au-pavillon-des-enfants\/","title":{"rendered":"H\u00f4pital de Bizerte : Invasion de poux et de rats au pavillon des enfants"},"content":{"rendered":"<p style=\"text-align: center;\"><img loading=\"lazy\" decoding=\"async\" class=\"alignnone size-full wp-image-166911\" src=\"http:\/\/kapitalis.com\/tunisie\/wp-content\/uploads\/2018\/07\/Hopital-Habib-Bougatfa-Bizerte.jpg\" alt=\"\" width=\"626\" height=\"380\" \/><\/p>\n<p><strong><em>L\u2019Organisation tunisienne des jeunes m\u00e9decins (OTJM) a lanc\u00e9 hier, dimanche 29 juillet 2018, un SOS pour sauver le pavillon des enfants et des nouveaux n\u00e9s \u00e0 l\u2019h\u00f4pital r\u00e9gional Habib Bougatfa de Bizerte d\u2019une invasion de poux et de rats, mais<\/em> le directeur r\u00e9gional de la sant\u00e9 d\u00e9ment ces all\u00e9gations.<\/strong><\/p>\n<p><!--more--><\/p>\n<p>Dans un message sur sa page officielle facebook, l\u2019OTJM confirme qu\u2019elle a alert\u00e9, depuis cinq semaines, le gouverneur et le d\u00e9l\u00e9gu\u00e9 de Bizerte, ainsi que le directeur r\u00e9gional de la sant\u00e9 et le directeur de l\u2019h\u00f4pital r\u00e9gional de Bizerte, de l\u2019invasion de poux, notamment dans la salle de permanence des m\u00e9decins internes et r\u00e9sidents au deuxi\u00e8me \u00e9tage.<br \/>\nDe nombreux m\u00e9decins ont \u00e9t\u00e9 <em>\u00abpiqu\u00e9s\u00bb<\/em> par les poux qui ont \u00e9galement investi les chambres des enfants malades et m\u00eame les chambres des nouveaux n\u00e9s o\u00f9 ils ont \u00e9t\u00e9 vus dans les lits des patients.<\/p>\n<p>Selon ce message, il n\u2019y a eu aucune action pour parer au danger.<\/p>\n<p>L\u2019OTJM ajoute que le deuxi\u00e8me \u00e9tage de l\u2019h\u00f4pital a fait l\u2019objet de travaux qui ont \u00e9t\u00e9 interrompu il y a d\u00e9j\u00e0 18 mois, ce qui a entra\u00een\u00e9 la nidification de souris et divers types d\u2019insectes ainsi que l\u2019arriv\u00e9e de chats, eux-m\u00eames porteurs des puces.<\/p>\n<p>D\u2019ailleurs les op\u00e9rations de nettoyage n\u2019ont pas \u00e9t\u00e9 efficaces faute de moyens. D\u2019o\u00f9 la survie des foyers de reproduction de ces parasites, en particulier avec des chats de plus en plus nombreux en pr\u00e9sence des souris.<\/p>\n<p><em>\u00abDans un Etat qui se respecte, l\u2019\u00e9tat d&rsquo;urgence sanitaire devait \u00eatre d\u00e9clar\u00e9 dans tout l\u2019h\u00f4pital. La section des chambres des enfants malades et des nouveaux n\u00e9s doit \u00eatre ferm\u00e9e jusqu\u2019\u00e0 ce qu&rsquo;elle soit compl\u00e8tement contr\u00f4l\u00e9e et st\u00e9rilis\u00e9e\u00bb<\/em>, pr\u00e9cise le communiqu\u00e9.<\/p>\n<p>Alors que les m\u00e9decins de l\u2019h\u00f4pital r\u00e9gional de Bizerte alertent sur les dangers r\u00e9els de la prolif\u00e9ration de ses insectes ectoparasites, ainsi que des souris, dans l\u2019\u00e9tablissement, le directeur r\u00e9gional de la sant\u00e9 d\u00e9ment les all\u00e9gations, sans trop convaincre.<\/p>\n<p style=\"text-align: right;\"><strong>H. M.<\/strong><\/p>\n<blockquote class=\"wp-embedded-content\" data-secret=\"7XuIpziZez\"><p><a href=\"https:\/\/kapitalis.com\/tunisie\/2018\/07\/29\/coup-de-gueule-imed-hammami-ministre-de-la-mauvaise-sante\/\">Coup de gueule : Imed Hammami, ministre de la (mauvaise) sant\u00e9<\/a><\/p><\/blockquote>\n<p><iframe loading=\"lazy\" class=\"wp-embedded-content\" sandbox=\"allow-scripts\" security=\"restricted\" style=\"position: absolute; clip: rect(1px, 1px, 1px, 1px);\" title=\"\u00ab\u00a0Coup de gueule : Imed Hammami, ministre de la (mauvaise) sant\u00e9\u00a0\u00bb &#8212; Kapitalis\" src=\"https:\/\/kapitalis.com\/tunisie\/2018\/07\/29\/coup-de-gueule-imed-hammami-ministre-de-la-mauvaise-sante\/embed\/#?secret=f8cirIa1jI#?secret=7XuIpziZez\" data-secret=\"7XuIpziZez\" width=\"600\" height=\"338\" frameborder=\"0\" marginwidth=\"0\" marginheight=\"0\" scrolling=\"no\"><\/iframe><\/p>\n","protected":false},"excerpt":{"rendered":"<p>L\u2019Organisation tunisienne des jeunes m\u00e9decins (OTJM) a lanc\u00e9 hier, dimanche 29 juillet 2018, un SOS pour sauver le pavillon des enfants et des nouveaux n\u00e9s \u00e0 l\u2019h\u00f4pital r\u00e9gional Habib Bougatfa de Bizerte d\u2019une invasion de poux et de rats, mais le directeur r\u00e9gional de la sant\u00e9 d\u00e9ment ces all\u00e9gations.<\/p>\n","protected":false},"author":8,"featured_media":166911,"comment_status":"open","ping_status":"open","sticky":false,"template":"","format":"standard","meta":{"footnotes":""},"categories":[998,2433],"tags":[148],"class_list":["post-166910","post","type-post","status-publish","format-standard","has-post-thumbnail","hentry","category-societe","category-tunisie","tag-bizerte"],"yoast_head":"<!-- This site is optimized with the Yoast SEO plugin v26.6 - https:\/\/yoast.com\/wordpress\/plugins\/seo\/ -->\n<title>H\u00f4pital de Bizerte : Invasion de poux et de rats au pavillon des enfants - Kapitalis<\/title>\n<meta name=\"robots\" content=\"index, follow, max-snippet:-1, max-image-preview:large, max-video-preview:-1\" \/>\n<link rel=\"canonical\" href=\"https:\/\/kapitalis.com\/tunisie\/2018\/07\/30\/hopital-de-bizerte-invasion-de-poux-et-de-rats-au-pavillon-des-enfants\/\" \/>\n<meta property=\"og:locale\" content=\"fr_FR\" \/>\n<meta property=\"og:type\" content=\"article\" \/>\n<meta property=\"og:title\" content=\"H\u00f4pital de Bizerte : Invasion de poux et de rats au pavillon des enfants - Kapitalis\" \/>\n<meta property=\"og:description\" content=\"L\u2019Organisation tunisienne des jeunes m\u00e9decins (OTJM) a lanc\u00e9 hier, dimanche 29 juillet 2018, un SOS pour sauver le pavillon des enfants et des nouveaux n\u00e9s \u00e0 l\u2019h\u00f4pital r\u00e9gional Habib Bougatfa de Bizerte d\u2019une invasion de poux et de rats, mais le directeur r\u00e9gional de la sant\u00e9 d\u00e9ment ces all\u00e9gations.\" \/>\n<meta property=\"og:url\" content=\"https:\/\/kapitalis.com\/tunisie\/2018\/07\/30\/hopital-de-bizerte-invasion-de-poux-et-de-rats-au-pavillon-des-enfants\/\" \/>\n<meta property=\"og:site_name\" content=\"Kapitalis\" \/>\n<meta property=\"article:publisher\" content=\"https:\/\/www.facebook.com\/KapitalisInfo\/\" \/>\n<meta property=\"article:published_time\" content=\"2018-07-30T07:42:24+00:00\" \/>\n<meta property=\"article:modified_time\" content=\"2018-07-30T07:42:54+00:00\" \/>\n<meta property=\"og:image\" content=\"https:\/\/kapitalis.com\/tunisie\/wp-content\/uploads\/2022\/05\/kapitalis-logo-fb.png\" \/>\n\t<meta property=\"og:image:width\" content=\"1200\" \/>\n\t<meta property=\"og:image:height\" content=\"630\" \/>\n\t<meta property=\"og:image:type\" content=\"image\/png\" \/>\n<meta name=\"author\" content=\"webmaster kapitalis\" \/>\n<meta name=\"twitter:card\" content=\"summary_large_image\" \/>\n<meta name=\"twitter:creator\" content=\"@KapitalisInfo\" \/>\n<meta name=\"twitter:site\" content=\"@KapitalisInfo\" \/>\n<meta name=\"twitter:label1\" content=\"\u00c9crit par\" \/>\n\t<meta name=\"twitter:data1\" content=\"webmaster kapitalis\" \/>\n\t<meta name=\"twitter:label2\" content=\"Dur\u00e9e de lecture estim\u00e9e\" \/>\n\t<meta name=\"twitter:data2\" content=\"2 minutes\" \/>\n<script type=\"application\/ld+json\" class=\"yoast-schema-graph\">{\"@context\":\"https:\/\/schema.org\",\"@graph\":[{\"@type\":\"Article\",\"@id\":\"https:\/\/kapitalis.com\/tunisie\/2018\/07\/30\/hopital-de-bizerte-invasion-de-poux-et-de-rats-au-pavillon-des-enfants\/#article\",\"isPartOf\":{\"@id\":\"https:\/\/kapitalis.com\/tunisie\/2018\/07\/30\/hopital-de-bizerte-invasion-de-poux-et-de-rats-au-pavillon-des-enfants\/\"},\"author\":{\"name\":\"webmaster kapitalis\",\"@id\":\"https:\/\/kapitalis.com\/tunisie\/#\/schema\/person\/d71f33a9ca44f7bad4698210b480c8e9\"},\"headline\":\"H\u00f4pital de Bizerte : Invasion de poux et de rats au pavillon des enfants\",\"datePublished\":\"2018-07-30T07:42:24+00:00\",\"dateModified\":\"2018-07-30T07:42:54+00:00\",\"mainEntityOfPage\":{\"@id\":\"https:\/\/kapitalis.com\/tunisie\/2018\/07\/30\/hopital-de-bizerte-invasion-de-poux-et-de-rats-au-pavillon-des-enfants\/\"},\"wordCount\":395,\"commentCount\":3,\"publisher\":{\"@id\":\"https:\/\/kapitalis.com\/tunisie\/#organization\"},\"image\":{\"@id\":\"https:\/\/kapitalis.com\/tunisie\/2018\/07\/30\/hopital-de-bizerte-invasion-de-poux-et-de-rats-au-pavillon-des-enfants\/#primaryimage\"},\"thumbnailUrl\":\"\",\"keywords\":[\"Bizerte\"],\"articleSection\":[\"SOCIETE\",\"Tunisie\"],\"inLanguage\":\"fr-FR\",\"potentialAction\":[{\"@type\":\"CommentAction\",\"name\":\"Comment\",\"target\":[\"https:\/\/kapitalis.com\/tunisie\/2018\/07\/30\/hopital-de-bizerte-invasion-de-poux-et-de-rats-au-pavillon-des-enfants\/#respond\"]}]},{\"@type\":\"WebPage\",\"@id\":\"https:\/\/kapitalis.com\/tunisie\/2018\/07\/30\/hopital-de-bizerte-invasion-de-poux-et-de-rats-au-pavillon-des-enfants\/\",\"url\":\"https:\/\/kapitalis.com\/tunisie\/2018\/07\/30\/hopital-de-bizerte-invasion-de-poux-et-de-rats-au-pavillon-des-enfants\/\",\"name\":\"H\u00f4pital de Bizerte : Invasion de poux et de rats au pavillon des enfants - Kapitalis\",\"isPartOf\":{\"@id\":\"https:\/\/kapitalis.com\/tunisie\/#website\"},\"primaryImageOfPage\":{\"@id\":\"https:\/\/kapitalis.com\/tunisie\/2018\/07\/30\/hopital-de-bizerte-invasion-de-poux-et-de-rats-au-pavillon-des-enfants\/#primaryimage\"},\"image\":{\"@id\":\"https:\/\/kapitalis.com\/tunisie\/2018\/07\/30\/hopital-de-bizerte-invasion-de-poux-et-de-rats-au-pavillon-des-enfants\/#primaryimage\"},\"thumbnailUrl\":\"\",\"datePublished\":\"2018-07-30T07:42:24+00:00\",\"dateModified\":\"2018-07-30T07:42:54+00:00\",\"breadcrumb\":{\"@id\":\"https:\/\/kapitalis.com\/tunisie\/2018\/07\/30\/hopital-de-bizerte-invasion-de-poux-et-de-rats-au-pavillon-des-enfants\/#breadcrumb\"},\"inLanguage\":\"fr-FR\",\"potentialAction\":[{\"@type\":\"ReadAction\",\"target\":[\"https:\/\/kapitalis.com\/tunisie\/2018\/07\/30\/hopital-de-bizerte-invasion-de-poux-et-de-rats-au-pavillon-des-enfants\/\"]}]},{\"@type\":\"ImageObject\",\"inLanguage\":\"fr-FR\",\"@id\":\"https:\/\/kapitalis.com\/tunisie\/2018\/07\/30\/hopital-de-bizerte-invasion-de-poux-et-de-rats-au-pavillon-des-enfants\/#primaryimage\",\"url\":\"\",\"contentUrl\":\"\"},{\"@type\":\"BreadcrumbList\",\"@id\":\"https:\/\/kapitalis.com\/tunisie\/2018\/07\/30\/hopital-de-bizerte-invasion-de-poux-et-de-rats-au-pavillon-des-enfants\/#breadcrumb\",\"itemListElement\":[{\"@type\":\"ListItem\",\"position\":1,\"name\":\"Accueil\",\"item\":\"https:\/\/kapitalis.com\/tunisie\/\"},{\"@type\":\"ListItem\",\"position\":2,\"name\":\"H\u00f4pital de Bizerte : Invasion de poux et de rats au pavillon des enfants\"}]},{\"@type\":\"WebSite\",\"@id\":\"https:\/\/kapitalis.com\/tunisie\/#website\",\"url\":\"https:\/\/kapitalis.com\/tunisie\/\",\"name\":\"Kapitalis\",\"description\":\"L&#039;actualit\u00e9 en Tunisie et dans le monde\",\"publisher\":{\"@id\":\"https:\/\/kapitalis.com\/tunisie\/#organization\"},\"potentialAction\":[{\"@type\":\"SearchAction\",\"target\":{\"@type\":\"EntryPoint\",\"urlTemplate\":\"https:\/\/kapitalis.com\/tunisie\/?s={search_term_string}\"},\"query-input\":{\"@type\":\"PropertyValueSpecification\",\"valueRequired\":true,\"valueName\":\"search_term_string\"}}],\"inLanguage\":\"fr-FR\"},{\"@type\":\"Organization\",\"@id\":\"https:\/\/kapitalis.com\/tunisie\/#organization\",\"name\":\"Kapitalis\",\"url\":\"https:\/\/kapitalis.com\/tunisie\/\",\"logo\":{\"@type\":\"ImageObject\",\"inLanguage\":\"fr-FR\",\"@id\":\"https:\/\/kapitalis.com\/tunisie\/#\/schema\/logo\/image\/\",\"url\":\"https:\/\/kapitalis.com\/tunisie\/wp-content\/uploads\/2022\/05\/Kapitalis-big-size.png\",\"contentUrl\":\"https:\/\/kapitalis.com\/tunisie\/wp-content\/uploads\/2022\/05\/Kapitalis-big-size.png\",\"width\":5000,\"height\":1500,\"caption\":\"Kapitalis\"},\"image\":{\"@id\":\"https:\/\/kapitalis.com\/tunisie\/#\/schema\/logo\/image\/\"},\"sameAs\":[\"https:\/\/www.facebook.com\/KapitalisInfo\/\",\"https:\/\/x.com\/KapitalisInfo\",\"https:\/\/www.youtube.com\/channel\/UC-yDYrHyfFBWWZaOw3FPg9Q\"]},{\"@type\":\"Person\",\"@id\":\"https:\/\/kapitalis.com\/tunisie\/#\/schema\/person\/d71f33a9ca44f7bad4698210b480c8e9\",\"name\":\"webmaster kapitalis\",\"url\":\"https:\/\/kapitalis.com\/tunisie\/author\/webmaster-kapitalis\/\"}]}<\/script>\n<!-- \/ Yoast SEO plugin. -->","yoast_head_json":{"title":"H\u00f4pital de Bizerte : Invasion de poux et de rats au pavillon des enfants - Kapitalis","robots":{"index":"index","follow":"follow","max-snippet":"max-snippet:-1","max-image-preview":"max-image-preview:large","max-video-preview":"max-video-preview:-1"},"canonical":"https:\/\/kapitalis.com\/tunisie\/2018\/07\/30\/hopital-de-bizerte-invasion-de-poux-et-de-rats-au-pavillon-des-enfants\/","og_locale":"fr_FR","og_type":"article","og_title":"H\u00f4pital de Bizerte : Invasion de poux et de rats au pavillon des enfants - Kapitalis","og_description":"L\u2019Organisation tunisienne des jeunes m\u00e9decins (OTJM) a lanc\u00e9 hier, dimanche 29 juillet 2018, un SOS pour sauver le pavillon des enfants et des nouveaux n\u00e9s \u00e0 l\u2019h\u00f4pital r\u00e9gional Habib Bougatfa de Bizerte d\u2019une invasion de poux et de rats, mais le directeur r\u00e9gional de la sant\u00e9 d\u00e9ment ces all\u00e9gations.","og_url":"https:\/\/kapitalis.com\/tunisie\/2018\/07\/30\/hopital-de-bizerte-invasion-de-poux-et-de-rats-au-pavillon-des-enfants\/","og_site_name":"Kapitalis","article_publisher":"https:\/\/www.facebook.com\/KapitalisInfo\/","article_published_time":"2018-07-30T07:42:24+00:00","article_modified_time":"2018-07-30T07:42:54+00:00","og_image":[{"width":1200,"height":630,"url":"https:\/\/kapitalis.com\/tunisie\/wp-content\/uploads\/2022\/05\/kapitalis-logo-fb.png","type":"image\/png"}],"author":"webmaster kapitalis","twitter_card":"summary_large_image","twitter_creator":"@KapitalisInfo","twitter_site":"@KapitalisInfo","twitter_misc":{"\u00c9crit par":"webmaster kapitalis","Dur\u00e9e de lecture estim\u00e9e":"2 minutes"},"schema":{"@context":"https:\/\/schema.org","@graph":[{"@type":"Article","@id":"https:\/\/kapitalis.com\/tunisie\/2018\/07\/30\/hopital-de-bizerte-invasion-de-poux-et-de-rats-au-pavillon-des-enfants\/#article","isPartOf":{"@id":"https:\/\/kapitalis.com\/tunisie\/2018\/07\/30\/hopital-de-bizerte-invasion-de-poux-et-de-rats-au-pavillon-des-enfants\/"},"author":{"name":"webmaster kapitalis","@id":"https:\/\/kapitalis.com\/tunisie\/#\/schema\/person\/d71f33a9ca44f7bad4698210b480c8e9"},"headline":"H\u00f4pital de Bizerte : Invasion de poux et de rats au pavillon des enfants","datePublished":"2018-07-30T07:42:24+00:00","dateModified":"2018-07-30T07:42:54+00:00","mainEntityOfPage":{"@id":"https:\/\/kapitalis.com\/tunisie\/2018\/07\/30\/hopital-de-bizerte-invasion-de-poux-et-de-rats-au-pavillon-des-enfants\/"},"wordCount":395,"commentCount":3,"publisher":{"@id":"https:\/\/kapitalis.com\/tunisie\/#organization"},"image":{"@id":"https:\/\/kapitalis.com\/tunisie\/2018\/07\/30\/hopital-de-bizerte-invasion-de-poux-et-de-rats-au-pavillon-des-enfants\/#primaryimage"},"thumbnailUrl":"","keywords":["Bizerte"],"articleSection":["SOCIETE","Tunisie"],"inLanguage":"fr-FR","potentialAction":[{"@type":"CommentAction","name":"Comment","target":["https:\/\/kapitalis.com\/tunisie\/2018\/07\/30\/hopital-de-bizerte-invasion-de-poux-et-de-rats-au-pavillon-des-enfants\/#respond"]}]},{"@type":"WebPage","@id":"https:\/\/kapitalis.com\/tunisie\/2018\/07\/30\/hopital-de-bizerte-invasion-de-poux-et-de-rats-au-pavillon-des-enfants\/","url":"https:\/\/kapitalis.com\/tunisie\/2018\/07\/30\/hopital-de-bizerte-invasion-de-poux-et-de-rats-au-pavillon-des-enfants\/","name":"H\u00f4pital de Bizerte : Invasion de poux et de rats au pavillon des enfants - Kapitalis","isPartOf":{"@id":"https:\/\/kapitalis.com\/tunisie\/#website"},"primaryImageOfPage":{"@id":"https:\/\/kapitalis.com\/tunisie\/2018\/07\/30\/hopital-de-bizerte-invasion-de-poux-et-de-rats-au-pavillon-des-enfants\/#primaryimage"},"image":{"@id":"https:\/\/kapitalis.com\/tunisie\/2018\/07\/30\/hopital-de-bizerte-invasion-de-poux-et-de-rats-au-pavillon-des-enfants\/#primaryimage"},"thumbnailUrl":"","datePublished":"2018-07-30T07:42:24+00:00","dateModified":"2018-07-30T07:42:54+00:00","breadcrumb":{"@id":"https:\/\/kapitalis.com\/tunisie\/2018\/07\/30\/hopital-de-bizerte-invasion-de-poux-et-de-rats-au-pavillon-des-enfants\/#breadcrumb"},"inLanguage":"fr-FR","potentialAction":[{"@type":"ReadAction","target":["https:\/\/kapitalis.com\/tunisie\/2018\/07\/30\/hopital-de-bizerte-invasion-de-poux-et-de-rats-au-pavillon-des-enfants\/"]}]},{"@type":"ImageObject","inLanguage":"fr-FR","@id":"https:\/\/kapitalis.com\/tunisie\/2018\/07\/30\/hopital-de-bizerte-invasion-de-poux-et-de-rats-au-pavillon-des-enfants\/#primaryimage","url":"","contentUrl":""},{"@type":"BreadcrumbList","@id":"https:\/\/kapitalis.com\/tunisie\/2018\/07\/30\/hopital-de-bizerte-invasion-de-poux-et-de-rats-au-pavillon-des-enfants\/#breadcrumb","itemListElement":[{"@type":"ListItem","position":1,"name":"Accueil","item":"https:\/\/kapitalis.com\/tunisie\/"},{"@type":"ListItem","position":2,"name":"H\u00f4pital de Bizerte : Invasion de poux et de rats au pavillon des enfants"}]},{"@type":"WebSite","@id":"https:\/\/kapitalis.com\/tunisie\/#website","url":"https:\/\/kapitalis.com\/tunisie\/","name":"Kapitalis","description":"L&#039;actualit\u00e9 en Tunisie et dans le monde","publisher":{"@id":"https:\/\/kapitalis.com\/tunisie\/#organization"},"potentialAction":[{"@type":"SearchAction","target":{"@type":"EntryPoint","urlTemplate":"https:\/\/kapitalis.com\/tunisie\/?s={search_term_string}"},"query-input":{"@type":"PropertyValueSpecification","valueRequired":true,"valueName":"search_term_string"}}],"inLanguage":"fr-FR"},{"@type":"Organization","@id":"https:\/\/kapitalis.com\/tunisie\/#organization","name":"Kapitalis","url":"https:\/\/kapitalis.com\/tunisie\/","logo":{"@type":"ImageObject","inLanguage":"fr-FR","@id":"https:\/\/kapitalis.com\/tunisie\/#\/schema\/logo\/image\/","url":"https:\/\/kapitalis.com\/tunisie\/wp-content\/uploads\/2022\/05\/Kapitalis-big-size.png","contentUrl":"https:\/\/kapitalis.com\/tunisie\/wp-content\/uploads\/2022\/05\/Kapitalis-big-size.png","width":5000,"height":1500,"caption":"Kapitalis"},"image":{"@id":"https:\/\/kapitalis.com\/tunisie\/#\/schema\/logo\/image\/"},"sameAs":["https:\/\/www.facebook.com\/KapitalisInfo\/","https:\/\/x.com\/KapitalisInfo","https:\/\/www.youtube.com\/channel\/UC-yDYrHyfFBWWZaOw3FPg9Q"]},{"@type":"Person","@id":"https:\/\/kapitalis.com\/tunisie\/#\/schema\/person\/d71f33a9ca44f7bad4698210b480c8e9","name":"webmaster kapitalis","url":"https:\/\/kapitalis.com\/tunisie\/author\/webmaster-kapitalis\/"}]}},"_links":{"self":[{"href":"https:\/\/kapitalis.com\/tunisie\/wp-json\/wp\/v2\/posts\/166910","targetHints":{"allow":["GET"]}}],"collection":[{"href":"https:\/\/kapitalis.com\/tunisie\/wp-json\/wp\/v2\/posts"}],"about":[{"href":"https:\/\/kapitalis.com\/tunisie\/wp-json\/wp\/v2\/types\/post"}],"author":[{"embeddable":true,"href":"https:\/\/kapitalis.com\/tunisie\/wp-json\/wp\/v2\/users\/8"}],"replies":[{"embeddable":true,"href":"https:\/\/kapitalis.com\/tunisie\/wp-json\/wp\/v2\/comments?post=166910"}],"version-history":[{"count":0,"href":"https:\/\/kapitalis.com\/tunisie\/wp-json\/wp\/v2\/posts\/166910\/revisions"}],"wp:featuredmedia":[{"embeddable":true,"href":"https:\/\/kapitalis.com\/tunisie\/wp-json\/wp\/v2\/media\/166911"}],"wp:attachment":[{"href":"https:\/\/kapitalis.com\/tunisie\/wp-json\/wp\/v2\/media?parent=166910"}],"wp:term":[{"taxonomy":"category","embeddable":true,"href":"https:\/\/kapitalis.com\/tunisie\/wp-json\/wp\/v2\/categories?post=166910"},{"taxonomy":"post_tag","embeddable":true,"href":"https:\/\/kapitalis.com\/tunisie\/wp-json\/wp\/v2\/tags?post=166910"}],"curies":[{"name":"wp","href":"https:\/\/api.w.org\/{rel}","templated":true}]}}