{"id":166980,"date":"2018-07-30T15:05:10","date_gmt":"2018-07-30T14:05:10","guid":{"rendered":"http:\/\/kapitalis.com\/tunisie\/?p=166980"},"modified":"2018-07-30T15:05:10","modified_gmt":"2018-07-30T14:05:10","slug":"le-tunisien-hamza-jelassi-empeche-de-jouer-au-maroc","status":"publish","type":"post","link":"https:\/\/kapitalis.com\/tunisie\/2018\/07\/30\/le-tunisien-hamza-jelassi-empeche-de-jouer-au-maroc\/","title":{"rendered":"Le Tunisien Hamza Jelassi emp\u00each\u00e9 de jouer au Maroc"},"content":{"rendered":"<p style=\"text-align: center;\"><img loading=\"lazy\" decoding=\"async\" class=\"alignnone size-full wp-image-166981\" src=\"http:\/\/kapitalis.com\/tunisie\/wp-content\/uploads\/2018\/07\/Hamza-Jelassi.jpg\" alt=\"\" width=\"626\" height=\"380\" \/><\/p>\n<p><em><strong>La F\u00e9d\u00e9ration royale marocaine de football a refus\u00e9 d\u2019accorder la licence l\u00e9gale au joueur tunisien Hamza Jelassi pour renforcer les rangs du champion du Maroc 2018, l\u2019Union sportive de Tanger (UST), malgr\u00e9 la signature d\u2019un contrat en bonne et due forme pour deux saisons.<\/strong><\/em><\/p>\n<p><!--more--><\/p>\n<p>Selon l\u2019instance du football marocain, le milieu de terrain de 27 ans, en provenance du Club athl\u00e9tique bizertin (CAB), ne r\u00e9pond pas aux exigences de la nouvelle loi de la f\u00e9d\u00e9ration, qui oblige les joueurs \u00e9trangers arrivant dans les clubs marocains de premi\u00e8re et seconde divisions, \u00e0 justifier au moins de 10 matches internationaux avec leur s\u00e9lection nationale, au cours des 3 derni\u00e8res ann\u00e9es.<\/p>\n<p>Ne r\u00e9pondant pas \u00e0 cette condition, Hamza Jelassi voit donc \u00e9chouer son transfert \u00e0 l\u2019UST. Par cons\u00e9quent son retour \u00e0 Bizerte est in\u00e9vitable dans les prochaines heures.<\/p>\n<p style=\"text-align: right;\"><strong>H. M. <\/strong><\/p>\n","protected":false},"excerpt":{"rendered":"<p>La F\u00e9d\u00e9ration royale marocaine de football a refus\u00e9 d\u2019accorder la licence l\u00e9gale au joueur tunisien Hamza Jelassi pour renforcer les rangs du champion du Maroc 2018, l\u2019Union sportive de Tanger (UST), malgr\u00e9 la signature d\u2019un contrat en bonne et due forme pour deux saisons.<\/p>\n","protected":false},"author":8,"featured_media":166981,"comment_status":"open","ping_status":"open","sticky":false,"template":"","format":"standard","meta":{"footnotes":""},"categories":[999,2433],"tags":[148,9098,46296],"class_list":["post-166980","post","type-post","status-publish","format-standard","has-post-thumbnail","hentry","category-sport","category-tunisie","tag-bizerte","tag-club-athletique-bizertin","tag-hamza-jelassi"],"yoast_head":"<!-- This site is optimized with the Yoast SEO plugin v26.6 - https:\/\/yoast.com\/wordpress\/plugins\/seo\/ -->\n<title>Le Tunisien Hamza Jelassi emp\u00each\u00e9 de jouer au Maroc - Kapitalis<\/title>\n<meta name=\"robots\" content=\"index, follow, max-snippet:-1, max-image-preview:large, max-video-preview:-1\" \/>\n<link rel=\"canonical\" href=\"https:\/\/kapitalis.com\/tunisie\/2018\/07\/30\/le-tunisien-hamza-jelassi-empeche-de-jouer-au-maroc\/\" \/>\n<meta property=\"og:locale\" content=\"fr_FR\" \/>\n<meta property=\"og:type\" content=\"article\" \/>\n<meta property=\"og:title\" content=\"Le Tunisien Hamza Jelassi emp\u00each\u00e9 de jouer au Maroc - Kapitalis\" \/>\n<meta property=\"og:description\" content=\"La F\u00e9d\u00e9ration royale marocaine de football a refus\u00e9 d\u2019accorder la licence l\u00e9gale au joueur tunisien Hamza Jelassi pour renforcer les rangs du champion du Maroc 2018, l\u2019Union sportive de Tanger (UST), malgr\u00e9 la signature d\u2019un contrat en bonne et due forme pour deux saisons.\" \/>\n<meta property=\"og:url\" content=\"https:\/\/kapitalis.com\/tunisie\/2018\/07\/30\/le-tunisien-hamza-jelassi-empeche-de-jouer-au-maroc\/\" \/>\n<meta property=\"og:site_name\" content=\"Kapitalis\" \/>\n<meta property=\"article:publisher\" content=\"https:\/\/www.facebook.com\/KapitalisInfo\/\" \/>\n<meta property=\"article:published_time\" content=\"2018-07-30T14:05:10+00:00\" \/>\n<meta property=\"og:image\" content=\"https:\/\/kapitalis.com\/tunisie\/wp-content\/uploads\/2022\/05\/kapitalis-logo-fb.png\" \/>\n\t<meta property=\"og:image:width\" content=\"1200\" \/>\n\t<meta property=\"og:image:height\" content=\"630\" \/>\n\t<meta property=\"og:image:type\" content=\"image\/png\" \/>\n<meta name=\"author\" content=\"webmaster kapitalis\" \/>\n<meta name=\"twitter:card\" content=\"summary_large_image\" \/>\n<meta name=\"twitter:creator\" content=\"@KapitalisInfo\" \/>\n<meta name=\"twitter:site\" content=\"@KapitalisInfo\" \/>\n<meta name=\"twitter:label1\" content=\"\u00c9crit par\" \/>\n\t<meta name=\"twitter:data1\" content=\"webmaster kapitalis\" \/>\n\t<meta name=\"twitter:label2\" content=\"Dur\u00e9e de lecture estim\u00e9e\" \/>\n\t<meta name=\"twitter:data2\" content=\"1 minute\" \/>\n<script type=\"application\/ld+json\" class=\"yoast-schema-graph\">{\"@context\":\"https:\/\/schema.org\",\"@graph\":[{\"@type\":\"Article\",\"@id\":\"https:\/\/kapitalis.com\/tunisie\/2018\/07\/30\/le-tunisien-hamza-jelassi-empeche-de-jouer-au-maroc\/#article\",\"isPartOf\":{\"@id\":\"https:\/\/kapitalis.com\/tunisie\/2018\/07\/30\/le-tunisien-hamza-jelassi-empeche-de-jouer-au-maroc\/\"},\"author\":{\"name\":\"webmaster kapitalis\",\"@id\":\"https:\/\/kapitalis.com\/tunisie\/#\/schema\/person\/d71f33a9ca44f7bad4698210b480c8e9\"},\"headline\":\"Le Tunisien Hamza Jelassi emp\u00each\u00e9 de jouer au Maroc\",\"datePublished\":\"2018-07-30T14:05:10+00:00\",\"mainEntityOfPage\":{\"@id\":\"https:\/\/kapitalis.com\/tunisie\/2018\/07\/30\/le-tunisien-hamza-jelassi-empeche-de-jouer-au-maroc\/\"},\"wordCount\":158,\"commentCount\":1,\"publisher\":{\"@id\":\"https:\/\/kapitalis.com\/tunisie\/#organization\"},\"image\":{\"@id\":\"https:\/\/kapitalis.com\/tunisie\/2018\/07\/30\/le-tunisien-hamza-jelassi-empeche-de-jouer-au-maroc\/#primaryimage\"},\"thumbnailUrl\":\"\",\"keywords\":[\"Bizerte\",\"Club Athl\u00e9tique Bizertin\",\"Hamza Jelassi\"],\"articleSection\":[\"SPORT\",\"Tunisie\"],\"inLanguage\":\"fr-FR\",\"potentialAction\":[{\"@type\":\"CommentAction\",\"name\":\"Comment\",\"target\":[\"https:\/\/kapitalis.com\/tunisie\/2018\/07\/30\/le-tunisien-hamza-jelassi-empeche-de-jouer-au-maroc\/#respond\"]}]},{\"@type\":\"WebPage\",\"@id\":\"https:\/\/kapitalis.com\/tunisie\/2018\/07\/30\/le-tunisien-hamza-jelassi-empeche-de-jouer-au-maroc\/\",\"url\":\"https:\/\/kapitalis.com\/tunisie\/2018\/07\/30\/le-tunisien-hamza-jelassi-empeche-de-jouer-au-maroc\/\",\"name\":\"Le Tunisien Hamza Jelassi emp\u00each\u00e9 de jouer au Maroc - Kapitalis\",\"isPartOf\":{\"@id\":\"https:\/\/kapitalis.com\/tunisie\/#website\"},\"primaryImageOfPage\":{\"@id\":\"https:\/\/kapitalis.com\/tunisie\/2018\/07\/30\/le-tunisien-hamza-jelassi-empeche-de-jouer-au-maroc\/#primaryimage\"},\"image\":{\"@id\":\"https:\/\/kapitalis.com\/tunisie\/2018\/07\/30\/le-tunisien-hamza-jelassi-empeche-de-jouer-au-maroc\/#primaryimage\"},\"thumbnailUrl\":\"\",\"datePublished\":\"2018-07-30T14:05:10+00:00\",\"breadcrumb\":{\"@id\":\"https:\/\/kapitalis.com\/tunisie\/2018\/07\/30\/le-tunisien-hamza-jelassi-empeche-de-jouer-au-maroc\/#breadcrumb\"},\"inLanguage\":\"fr-FR\",\"potentialAction\":[{\"@type\":\"ReadAction\",\"target\":[\"https:\/\/kapitalis.com\/tunisie\/2018\/07\/30\/le-tunisien-hamza-jelassi-empeche-de-jouer-au-maroc\/\"]}]},{\"@type\":\"ImageObject\",\"inLanguage\":\"fr-FR\",\"@id\":\"https:\/\/kapitalis.com\/tunisie\/2018\/07\/30\/le-tunisien-hamza-jelassi-empeche-de-jouer-au-maroc\/#primaryimage\",\"url\":\"\",\"contentUrl\":\"\"},{\"@type\":\"BreadcrumbList\",\"@id\":\"https:\/\/kapitalis.com\/tunisie\/2018\/07\/30\/le-tunisien-hamza-jelassi-empeche-de-jouer-au-maroc\/#breadcrumb\",\"itemListElement\":[{\"@type\":\"ListItem\",\"position\":1,\"name\":\"Accueil\",\"item\":\"https:\/\/kapitalis.com\/tunisie\/\"},{\"@type\":\"ListItem\",\"position\":2,\"name\":\"Le Tunisien Hamza Jelassi emp\u00each\u00e9 de jouer au Maroc\"}]},{\"@type\":\"WebSite\",\"@id\":\"https:\/\/kapitalis.com\/tunisie\/#website\",\"url\":\"https:\/\/kapitalis.com\/tunisie\/\",\"name\":\"Kapitalis\",\"description\":\"L&#039;actualit\u00e9 en Tunisie et dans le monde\",\"publisher\":{\"@id\":\"https:\/\/kapitalis.com\/tunisie\/#organization\"},\"potentialAction\":[{\"@type\":\"SearchAction\",\"target\":{\"@type\":\"EntryPoint\",\"urlTemplate\":\"https:\/\/kapitalis.com\/tunisie\/?s={search_term_string}\"},\"query-input\":{\"@type\":\"PropertyValueSpecification\",\"valueRequired\":true,\"valueName\":\"search_term_string\"}}],\"inLanguage\":\"fr-FR\"},{\"@type\":\"Organization\",\"@id\":\"https:\/\/kapitalis.com\/tunisie\/#organization\",\"name\":\"Kapitalis\",\"url\":\"https:\/\/kapitalis.com\/tunisie\/\",\"logo\":{\"@type\":\"ImageObject\",\"inLanguage\":\"fr-FR\",\"@id\":\"https:\/\/kapitalis.com\/tunisie\/#\/schema\/logo\/image\/\",\"url\":\"https:\/\/kapitalis.com\/tunisie\/wp-content\/uploads\/2022\/05\/Kapitalis-big-size.png\",\"contentUrl\":\"https:\/\/kapitalis.com\/tunisie\/wp-content\/uploads\/2022\/05\/Kapitalis-big-size.png\",\"width\":5000,\"height\":1500,\"caption\":\"Kapitalis\"},\"image\":{\"@id\":\"https:\/\/kapitalis.com\/tunisie\/#\/schema\/logo\/image\/\"},\"sameAs\":[\"https:\/\/www.facebook.com\/KapitalisInfo\/\",\"https:\/\/x.com\/KapitalisInfo\",\"https:\/\/www.youtube.com\/channel\/UC-yDYrHyfFBWWZaOw3FPg9Q\"]},{\"@type\":\"Person\",\"@id\":\"https:\/\/kapitalis.com\/tunisie\/#\/schema\/person\/d71f33a9ca44f7bad4698210b480c8e9\",\"name\":\"webmaster kapitalis\",\"url\":\"https:\/\/kapitalis.com\/tunisie\/author\/webmaster-kapitalis\/\"}]}<\/script>\n<!-- \/ Yoast SEO plugin. -->","yoast_head_json":{"title":"Le Tunisien Hamza Jelassi emp\u00each\u00e9 de jouer au Maroc - Kapitalis","robots":{"index":"index","follow":"follow","max-snippet":"max-snippet:-1","max-image-preview":"max-image-preview:large","max-video-preview":"max-video-preview:-1"},"canonical":"https:\/\/kapitalis.com\/tunisie\/2018\/07\/30\/le-tunisien-hamza-jelassi-empeche-de-jouer-au-maroc\/","og_locale":"fr_FR","og_type":"article","og_title":"Le Tunisien Hamza Jelassi emp\u00each\u00e9 de jouer au Maroc - Kapitalis","og_description":"La F\u00e9d\u00e9ration royale marocaine de football a refus\u00e9 d\u2019accorder la licence l\u00e9gale au joueur tunisien Hamza Jelassi pour renforcer les rangs du champion du Maroc 2018, l\u2019Union sportive de Tanger (UST), malgr\u00e9 la signature d\u2019un contrat en bonne et due forme pour deux saisons.","og_url":"https:\/\/kapitalis.com\/tunisie\/2018\/07\/30\/le-tunisien-hamza-jelassi-empeche-de-jouer-au-maroc\/","og_site_name":"Kapitalis","article_publisher":"https:\/\/www.facebook.com\/KapitalisInfo\/","article_published_time":"2018-07-30T14:05:10+00:00","og_image":[{"width":1200,"height":630,"url":"https:\/\/kapitalis.com\/tunisie\/wp-content\/uploads\/2022\/05\/kapitalis-logo-fb.png","type":"image\/png"}],"author":"webmaster kapitalis","twitter_card":"summary_large_image","twitter_creator":"@KapitalisInfo","twitter_site":"@KapitalisInfo","twitter_misc":{"\u00c9crit par":"webmaster kapitalis","Dur\u00e9e de lecture estim\u00e9e":"1 minute"},"schema":{"@context":"https:\/\/schema.org","@graph":[{"@type":"Article","@id":"https:\/\/kapitalis.com\/tunisie\/2018\/07\/30\/le-tunisien-hamza-jelassi-empeche-de-jouer-au-maroc\/#article","isPartOf":{"@id":"https:\/\/kapitalis.com\/tunisie\/2018\/07\/30\/le-tunisien-hamza-jelassi-empeche-de-jouer-au-maroc\/"},"author":{"name":"webmaster kapitalis","@id":"https:\/\/kapitalis.com\/tunisie\/#\/schema\/person\/d71f33a9ca44f7bad4698210b480c8e9"},"headline":"Le Tunisien Hamza Jelassi emp\u00each\u00e9 de jouer au Maroc","datePublished":"2018-07-30T14:05:10+00:00","mainEntityOfPage":{"@id":"https:\/\/kapitalis.com\/tunisie\/2018\/07\/30\/le-tunisien-hamza-jelassi-empeche-de-jouer-au-maroc\/"},"wordCount":158,"commentCount":1,"publisher":{"@id":"https:\/\/kapitalis.com\/tunisie\/#organization"},"image":{"@id":"https:\/\/kapitalis.com\/tunisie\/2018\/07\/30\/le-tunisien-hamza-jelassi-empeche-de-jouer-au-maroc\/#primaryimage"},"thumbnailUrl":"","keywords":["Bizerte","Club Athl\u00e9tique Bizertin","Hamza Jelassi"],"articleSection":["SPORT","Tunisie"],"inLanguage":"fr-FR","potentialAction":[{"@type":"CommentAction","name":"Comment","target":["https:\/\/kapitalis.com\/tunisie\/2018\/07\/30\/le-tunisien-hamza-jelassi-empeche-de-jouer-au-maroc\/#respond"]}]},{"@type":"WebPage","@id":"https:\/\/kapitalis.com\/tunisie\/2018\/07\/30\/le-tunisien-hamza-jelassi-empeche-de-jouer-au-maroc\/","url":"https:\/\/kapitalis.com\/tunisie\/2018\/07\/30\/le-tunisien-hamza-jelassi-empeche-de-jouer-au-maroc\/","name":"Le Tunisien Hamza Jelassi emp\u00each\u00e9 de jouer au Maroc - Kapitalis","isPartOf":{"@id":"https:\/\/kapitalis.com\/tunisie\/#website"},"primaryImageOfPage":{"@id":"https:\/\/kapitalis.com\/tunisie\/2018\/07\/30\/le-tunisien-hamza-jelassi-empeche-de-jouer-au-maroc\/#primaryimage"},"image":{"@id":"https:\/\/kapitalis.com\/tunisie\/2018\/07\/30\/le-tunisien-hamza-jelassi-empeche-de-jouer-au-maroc\/#primaryimage"},"thumbnailUrl":"","datePublished":"2018-07-30T14:05:10+00:00","breadcrumb":{"@id":"https:\/\/kapitalis.com\/tunisie\/2018\/07\/30\/le-tunisien-hamza-jelassi-empeche-de-jouer-au-maroc\/#breadcrumb"},"inLanguage":"fr-FR","potentialAction":[{"@type":"ReadAction","target":["https:\/\/kapitalis.com\/tunisie\/2018\/07\/30\/le-tunisien-hamza-jelassi-empeche-de-jouer-au-maroc\/"]}]},{"@type":"ImageObject","inLanguage":"fr-FR","@id":"https:\/\/kapitalis.com\/tunisie\/2018\/07\/30\/le-tunisien-hamza-jelassi-empeche-de-jouer-au-maroc\/#primaryimage","url":"","contentUrl":""},{"@type":"BreadcrumbList","@id":"https:\/\/kapitalis.com\/tunisie\/2018\/07\/30\/le-tunisien-hamza-jelassi-empeche-de-jouer-au-maroc\/#breadcrumb","itemListElement":[{"@type":"ListItem","position":1,"name":"Accueil","item":"https:\/\/kapitalis.com\/tunisie\/"},{"@type":"ListItem","position":2,"name":"Le Tunisien Hamza Jelassi emp\u00each\u00e9 de jouer au Maroc"}]},{"@type":"WebSite","@id":"https:\/\/kapitalis.com\/tunisie\/#website","url":"https:\/\/kapitalis.com\/tunisie\/","name":"Kapitalis","description":"L&#039;actualit\u00e9 en Tunisie et dans le monde","publisher":{"@id":"https:\/\/kapitalis.com\/tunisie\/#organization"},"potentialAction":[{"@type":"SearchAction","target":{"@type":"EntryPoint","urlTemplate":"https:\/\/kapitalis.com\/tunisie\/?s={search_term_string}"},"query-input":{"@type":"PropertyValueSpecification","valueRequired":true,"valueName":"search_term_string"}}],"inLanguage":"fr-FR"},{"@type":"Organization","@id":"https:\/\/kapitalis.com\/tunisie\/#organization","name":"Kapitalis","url":"https:\/\/kapitalis.com\/tunisie\/","logo":{"@type":"ImageObject","inLanguage":"fr-FR","@id":"https:\/\/kapitalis.com\/tunisie\/#\/schema\/logo\/image\/","url":"https:\/\/kapitalis.com\/tunisie\/wp-content\/uploads\/2022\/05\/Kapitalis-big-size.png","contentUrl":"https:\/\/kapitalis.com\/tunisie\/wp-content\/uploads\/2022\/05\/Kapitalis-big-size.png","width":5000,"height":1500,"caption":"Kapitalis"},"image":{"@id":"https:\/\/kapitalis.com\/tunisie\/#\/schema\/logo\/image\/"},"sameAs":["https:\/\/www.facebook.com\/KapitalisInfo\/","https:\/\/x.com\/KapitalisInfo","https:\/\/www.youtube.com\/channel\/UC-yDYrHyfFBWWZaOw3FPg9Q"]},{"@type":"Person","@id":"https:\/\/kapitalis.com\/tunisie\/#\/schema\/person\/d71f33a9ca44f7bad4698210b480c8e9","name":"webmaster kapitalis","url":"https:\/\/kapitalis.com\/tunisie\/author\/webmaster-kapitalis\/"}]}},"_links":{"self":[{"href":"https:\/\/kapitalis.com\/tunisie\/wp-json\/wp\/v2\/posts\/166980","targetHints":{"allow":["GET"]}}],"collection":[{"href":"https:\/\/kapitalis.com\/tunisie\/wp-json\/wp\/v2\/posts"}],"about":[{"href":"https:\/\/kapitalis.com\/tunisie\/wp-json\/wp\/v2\/types\/post"}],"author":[{"embeddable":true,"href":"https:\/\/kapitalis.com\/tunisie\/wp-json\/wp\/v2\/users\/8"}],"replies":[{"embeddable":true,"href":"https:\/\/kapitalis.com\/tunisie\/wp-json\/wp\/v2\/comments?post=166980"}],"version-history":[{"count":0,"href":"https:\/\/kapitalis.com\/tunisie\/wp-json\/wp\/v2\/posts\/166980\/revisions"}],"wp:featuredmedia":[{"embeddable":true,"href":"https:\/\/kapitalis.com\/tunisie\/wp-json\/wp\/v2\/media\/166981"}],"wp:attachment":[{"href":"https:\/\/kapitalis.com\/tunisie\/wp-json\/wp\/v2\/media?parent=166980"}],"wp:term":[{"taxonomy":"category","embeddable":true,"href":"https:\/\/kapitalis.com\/tunisie\/wp-json\/wp\/v2\/categories?post=166980"},{"taxonomy":"post_tag","embeddable":true,"href":"https:\/\/kapitalis.com\/tunisie\/wp-json\/wp\/v2\/tags?post=166980"}],"curies":[{"name":"wp","href":"https:\/\/api.w.org\/{rel}","templated":true}]}}