{"id":16698735,"date":"2025-06-05T07:50:16","date_gmt":"2025-06-05T06:50:16","guid":{"rendered":"https:\/\/kapitalis.com\/tunisie\/?p=16698735"},"modified":"2025-06-05T07:50:18","modified_gmt":"2025-06-05T06:50:18","slug":"hamadi-guella-%e2%94%82-memoire-dexil-et-poesie-du-quotidien","status":"publish","type":"post","link":"https:\/\/kapitalis.com\/tunisie\/2025\/06\/05\/hamadi-guella-%e2%94%82-memoire-dexil-et-poesie-du-quotidien\/","title":{"rendered":"Hamadi Guella \u2502 M\u00e9moire d\u2019exil et po\u00e9sie du quotidien"},"content":{"rendered":"\n<p><strong><em>Avec \u2018\u2018De B\u00e9ton et de Plumes\u2019\u2019, son premier roman, Hamadi Guella fait une entr\u00e9e remarqu\u00e9e en litt\u00e9rature. Franco-Tunisien, il a grandi entre les 19<sup>e<\/sup> et 20<sup>e<\/sup> arrondissements de Paris, au c\u0153ur d\u2019une ville \u00e0 la fois rude et inspirante. Ce d\u00e9cor urbain devient le th\u00e9\u00e2tre d\u2019un r\u00e9cit profond\u00e9ment humain, travers\u00e9 par les th\u00e8mes de l\u2019exil, de la r\u00e9silience et des solidarit\u00e9s invisibles.<\/em><\/strong><\/p>\n\n\n\n<p><strong>Djamal Guettala&nbsp;<\/strong><\/p>\n\n\n\n<!--more-->\n\n\n\n<p>Hamadi Guella est le fils d\u2019un p\u00e8re musicien, compositeur-interpr\u00e8te, <a href=\"https:\/\/www.kapitalis.com\/archive\/189-kultur\/40-musique\/8799-tunisie-deces-de-hedi-guella-celebre-interprete-de-la-chanson-babour-zammar-sur-lemigration.html\" target=\"_blank\" rel=\"noreferrer noopener\">Hedi Guella<\/a>, et d\u2019une m\u00e8re professeure de lettres, passionn\u00e9e de th\u00e9\u00e2tre. Cette double filiation \u2014 artistique et intellectuelle \u2014 marque profond\u00e9ment son rapport \u00e0 l\u2019\u00e9criture. Elle nourrit une langue sensible, empreinte de m\u00e9moire et d\u2019engagement.<\/p>\n\n\n\n<p>Actif dans l\u2019\u00e9ducation populaire et le milieu associatif, Hamadi Guella transpose dans la fiction une conscience sociale forte. Il \u00e9crit depuis les marges, mais avec un regard ample, g\u00e9n\u00e9reux, ouvert sur le monde. <em>\u2018\u2018De B\u00e9ton et de Plumes\u2019\u2019<\/em> est \u00e0 ce titre un roman contemporain \u00e0 la fois social et po\u00e9tique, o\u00f9 l\u2019\u00e2pret\u00e9 du b\u00e9ton n\u2019efface jamais l\u2019espoir port\u00e9 par les plumes.<\/p>\n\n\n\n<p>Le titre lui-m\u00eame dit tout : le b\u00e9ton, c\u2019est l\u2019ancrage, la duret\u00e9, la ville qui enferme. Les plumes, c\u2019est la l\u00e9g\u00e8ret\u00e9, l\u2019imaginaire, la possibilit\u00e9 de s\u2019\u00e9lever malgr\u00e9 tout.<\/p>\n\n\n\n<p>Hamadi Guella fait vivre dans son roman des personnages caboss\u00e9s mais lumineux, pris dans les contraintes du r\u00e9el mais port\u00e9s par une force int\u00e9rieure.<\/p>\n\n\n\n<p>Son \u00e9criture capte l\u2019\u00e9motion dans les d\u00e9tails, les gestes minuscules, les regards perdus ou obstin\u00e9s. Loin de tout mis\u00e9rabilisme, le romancier c\u00e9l\u00e8bre la dignit\u00e9 de ceux que l\u2019on ne voit pas : habitants des cit\u00e9s, jeunes en rupture, familles d\u00e9racin\u00e9es.<\/p>\n\n\n\n<p>Dans un contexte o\u00f9 les questions d\u2019exil, de migration et d\u2019inclusion sociale sont br\u00fblantes, <em>\u2018\u2018De B\u00e9ton et de Plumes\u2019\u2019<\/em> s\u2019impose comme un texte n\u00e9cessaire, \u00e0 la fois ancr\u00e9 dans le r\u00e9el et tendu vers l\u2019humain. Un premier roman fort, port\u00e9 par une voix qui, assur\u00e9ment, comptera.<\/p>\n\n\n\n<p><strong><em>\u2018\u2018De B\u00e9ton et de Plumes\u2019\u2019, roman de Hamadi Guella,\u00a0Hello Editions, Paris, France, 2 mai 2025, 202 pages.<\/em><\/strong><\/p>\n","protected":false},"excerpt":{"rendered":"<p>Avec \u2018\u2018De B\u00e9ton et de Plumes\u2019\u2019, son premier roman, Hamadi Guella fait une entr\u00e9e remarqu\u00e9e en litt\u00e9rature. <\/p>\n","protected":false},"author":8,"featured_media":16698748,"comment_status":"open","ping_status":"open","sticky":false,"template":"","format":"standard","meta":{"footnotes":""},"categories":[992,994,2433],"tags":[122750,122748,395,122749,5548,62643],"class_list":["post-16698735","post","type-post","status-publish","format-standard","has-post-thumbnail","hentry","category-a-la-une","category-culture","category-tunisie","tag-dinclusion","tag-exil","tag-france","tag-hamadi-guella","tag-migration","tag-tunisie"],"yoast_head":"<!-- This site is optimized with the Yoast SEO plugin v26.6 - https:\/\/yoast.com\/wordpress\/plugins\/seo\/ -->\n<title>Hamadi Guella \u2502 M\u00e9moire d\u2019exil et po\u00e9sie du quotidien - Kapitalis<\/title>\n<meta name=\"robots\" content=\"index, follow, max-snippet:-1, max-image-preview:large, max-video-preview:-1\" \/>\n<link rel=\"canonical\" href=\"https:\/\/kapitalis.com\/tunisie\/2025\/06\/05\/hamadi-guella-\u2502-memoire-dexil-et-poesie-du-quotidien\/\" \/>\n<meta property=\"og:locale\" content=\"fr_FR\" \/>\n<meta property=\"og:type\" content=\"article\" \/>\n<meta property=\"og:title\" content=\"Hamadi Guella \u2502 M\u00e9moire d\u2019exil et po\u00e9sie du quotidien - Kapitalis\" \/>\n<meta property=\"og:description\" content=\"Avec \u2018\u2018De B\u00e9ton et de Plumes\u2019\u2019, son premier roman, Hamadi Guella fait une entr\u00e9e remarqu\u00e9e en litt\u00e9rature.\" \/>\n<meta property=\"og:url\" content=\"https:\/\/kapitalis.com\/tunisie\/2025\/06\/05\/hamadi-guella-\u2502-memoire-dexil-et-poesie-du-quotidien\/\" \/>\n<meta property=\"og:site_name\" content=\"Kapitalis\" \/>\n<meta property=\"article:publisher\" content=\"https:\/\/www.facebook.com\/KapitalisInfo\/\" \/>\n<meta property=\"article:published_time\" content=\"2025-06-05T06:50:16+00:00\" \/>\n<meta property=\"article:modified_time\" content=\"2025-06-05T06:50:18+00:00\" \/>\n<meta property=\"og:image\" content=\"https:\/\/kapitalis.com\/tunisie\/wp-content\/uploads\/2025\/06\/Hamadi-Guella.jpg\" \/>\n\t<meta property=\"og:image:width\" content=\"1200\" \/>\n\t<meta property=\"og:image:height\" content=\"630\" \/>\n\t<meta property=\"og:image:type\" content=\"image\/jpeg\" \/>\n<meta name=\"author\" content=\"webmaster kapitalis\" \/>\n<meta name=\"twitter:card\" content=\"summary_large_image\" \/>\n<meta name=\"twitter:creator\" content=\"@KapitalisInfo\" \/>\n<meta name=\"twitter:site\" content=\"@KapitalisInfo\" \/>\n<meta name=\"twitter:label1\" content=\"\u00c9crit par\" \/>\n\t<meta name=\"twitter:data1\" content=\"webmaster kapitalis\" \/>\n\t<meta name=\"twitter:label2\" content=\"Dur\u00e9e de lecture estim\u00e9e\" \/>\n\t<meta name=\"twitter:data2\" content=\"2 minutes\" \/>\n<script type=\"application\/ld+json\" class=\"yoast-schema-graph\">{\"@context\":\"https:\/\/schema.org\",\"@graph\":[{\"@type\":\"Article\",\"@id\":\"https:\/\/kapitalis.com\/tunisie\/2025\/06\/05\/hamadi-guella-%e2%94%82-memoire-dexil-et-poesie-du-quotidien\/#article\",\"isPartOf\":{\"@id\":\"https:\/\/kapitalis.com\/tunisie\/2025\/06\/05\/hamadi-guella-%e2%94%82-memoire-dexil-et-poesie-du-quotidien\/\"},\"author\":{\"name\":\"webmaster kapitalis\",\"@id\":\"https:\/\/kapitalis.com\/tunisie\/#\/schema\/person\/d71f33a9ca44f7bad4698210b480c8e9\"},\"headline\":\"Hamadi Guella \u2502 M\u00e9moire d\u2019exil et po\u00e9sie du quotidien\",\"datePublished\":\"2025-06-05T06:50:16+00:00\",\"dateModified\":\"2025-06-05T06:50:18+00:00\",\"mainEntityOfPage\":{\"@id\":\"https:\/\/kapitalis.com\/tunisie\/2025\/06\/05\/hamadi-guella-%e2%94%82-memoire-dexil-et-poesie-du-quotidien\/\"},\"wordCount\":394,\"commentCount\":0,\"publisher\":{\"@id\":\"https:\/\/kapitalis.com\/tunisie\/#organization\"},\"image\":{\"@id\":\"https:\/\/kapitalis.com\/tunisie\/2025\/06\/05\/hamadi-guella-%e2%94%82-memoire-dexil-et-poesie-du-quotidien\/#primaryimage\"},\"thumbnailUrl\":\"https:\/\/kapitalis.com\/tunisie\/wp-content\/uploads\/2025\/06\/Hamadi-Guella.jpg\",\"keywords\":[\"d\u2019inclusion\",\"exil\",\"France\",\"Hamadi Guella\",\"migration\",\"Tunisie\"],\"articleSection\":[\"A LA UNE\",\"CULTURE\",\"Tunisie\"],\"inLanguage\":\"fr-FR\",\"potentialAction\":[{\"@type\":\"CommentAction\",\"name\":\"Comment\",\"target\":[\"https:\/\/kapitalis.com\/tunisie\/2025\/06\/05\/hamadi-guella-%e2%94%82-memoire-dexil-et-poesie-du-quotidien\/#respond\"]}]},{\"@type\":\"WebPage\",\"@id\":\"https:\/\/kapitalis.com\/tunisie\/2025\/06\/05\/hamadi-guella-%e2%94%82-memoire-dexil-et-poesie-du-quotidien\/\",\"url\":\"https:\/\/kapitalis.com\/tunisie\/2025\/06\/05\/hamadi-guella-%e2%94%82-memoire-dexil-et-poesie-du-quotidien\/\",\"name\":\"Hamadi Guella \u2502 M\u00e9moire d\u2019exil et po\u00e9sie du quotidien - Kapitalis\",\"isPartOf\":{\"@id\":\"https:\/\/kapitalis.com\/tunisie\/#website\"},\"primaryImageOfPage\":{\"@id\":\"https:\/\/kapitalis.com\/tunisie\/2025\/06\/05\/hamadi-guella-%e2%94%82-memoire-dexil-et-poesie-du-quotidien\/#primaryimage\"},\"image\":{\"@id\":\"https:\/\/kapitalis.com\/tunisie\/2025\/06\/05\/hamadi-guella-%e2%94%82-memoire-dexil-et-poesie-du-quotidien\/#primaryimage\"},\"thumbnailUrl\":\"https:\/\/kapitalis.com\/tunisie\/wp-content\/uploads\/2025\/06\/Hamadi-Guella.jpg\",\"datePublished\":\"2025-06-05T06:50:16+00:00\",\"dateModified\":\"2025-06-05T06:50:18+00:00\",\"breadcrumb\":{\"@id\":\"https:\/\/kapitalis.com\/tunisie\/2025\/06\/05\/hamadi-guella-%e2%94%82-memoire-dexil-et-poesie-du-quotidien\/#breadcrumb\"},\"inLanguage\":\"fr-FR\",\"potentialAction\":[{\"@type\":\"ReadAction\",\"target\":[\"https:\/\/kapitalis.com\/tunisie\/2025\/06\/05\/hamadi-guella-%e2%94%82-memoire-dexil-et-poesie-du-quotidien\/\"]}]},{\"@type\":\"ImageObject\",\"inLanguage\":\"fr-FR\",\"@id\":\"https:\/\/kapitalis.com\/tunisie\/2025\/06\/05\/hamadi-guella-%e2%94%82-memoire-dexil-et-poesie-du-quotidien\/#primaryimage\",\"url\":\"https:\/\/kapitalis.com\/tunisie\/wp-content\/uploads\/2025\/06\/Hamadi-Guella.jpg\",\"contentUrl\":\"https:\/\/kapitalis.com\/tunisie\/wp-content\/uploads\/2025\/06\/Hamadi-Guella.jpg\",\"width\":1200,\"height\":630},{\"@type\":\"BreadcrumbList\",\"@id\":\"https:\/\/kapitalis.com\/tunisie\/2025\/06\/05\/hamadi-guella-%e2%94%82-memoire-dexil-et-poesie-du-quotidien\/#breadcrumb\",\"itemListElement\":[{\"@type\":\"ListItem\",\"position\":1,\"name\":\"Accueil\",\"item\":\"https:\/\/kapitalis.com\/tunisie\/\"},{\"@type\":\"ListItem\",\"position\":2,\"name\":\"Hamadi Guella \u2502 M\u00e9moire d\u2019exil et po\u00e9sie du quotidien\"}]},{\"@type\":\"WebSite\",\"@id\":\"https:\/\/kapitalis.com\/tunisie\/#website\",\"url\":\"https:\/\/kapitalis.com\/tunisie\/\",\"name\":\"Kapitalis\",\"description\":\"L&#039;actualit\u00e9 en Tunisie et dans le monde\",\"publisher\":{\"@id\":\"https:\/\/kapitalis.com\/tunisie\/#organization\"},\"potentialAction\":[{\"@type\":\"SearchAction\",\"target\":{\"@type\":\"EntryPoint\",\"urlTemplate\":\"https:\/\/kapitalis.com\/tunisie\/?s={search_term_string}\"},\"query-input\":{\"@type\":\"PropertyValueSpecification\",\"valueRequired\":true,\"valueName\":\"search_term_string\"}}],\"inLanguage\":\"fr-FR\"},{\"@type\":\"Organization\",\"@id\":\"https:\/\/kapitalis.com\/tunisie\/#organization\",\"name\":\"Kapitalis\",\"url\":\"https:\/\/kapitalis.com\/tunisie\/\",\"logo\":{\"@type\":\"ImageObject\",\"inLanguage\":\"fr-FR\",\"@id\":\"https:\/\/kapitalis.com\/tunisie\/#\/schema\/logo\/image\/\",\"url\":\"https:\/\/kapitalis.com\/tunisie\/wp-content\/uploads\/2022\/05\/Kapitalis-big-size.png\",\"contentUrl\":\"https:\/\/kapitalis.com\/tunisie\/wp-content\/uploads\/2022\/05\/Kapitalis-big-size.png\",\"width\":5000,\"height\":1500,\"caption\":\"Kapitalis\"},\"image\":{\"@id\":\"https:\/\/kapitalis.com\/tunisie\/#\/schema\/logo\/image\/\"},\"sameAs\":[\"https:\/\/www.facebook.com\/KapitalisInfo\/\",\"https:\/\/x.com\/KapitalisInfo\",\"https:\/\/www.youtube.com\/channel\/UC-yDYrHyfFBWWZaOw3FPg9Q\"]},{\"@type\":\"Person\",\"@id\":\"https:\/\/kapitalis.com\/tunisie\/#\/schema\/person\/d71f33a9ca44f7bad4698210b480c8e9\",\"name\":\"webmaster kapitalis\",\"url\":\"https:\/\/kapitalis.com\/tunisie\/author\/webmaster-kapitalis\/\"}]}<\/script>\n<!-- \/ Yoast SEO plugin. -->","yoast_head_json":{"title":"Hamadi Guella \u2502 M\u00e9moire d\u2019exil et po\u00e9sie du quotidien - Kapitalis","robots":{"index":"index","follow":"follow","max-snippet":"max-snippet:-1","max-image-preview":"max-image-preview:large","max-video-preview":"max-video-preview:-1"},"canonical":"https:\/\/kapitalis.com\/tunisie\/2025\/06\/05\/hamadi-guella-\u2502-memoire-dexil-et-poesie-du-quotidien\/","og_locale":"fr_FR","og_type":"article","og_title":"Hamadi Guella \u2502 M\u00e9moire d\u2019exil et po\u00e9sie du quotidien - Kapitalis","og_description":"Avec \u2018\u2018De B\u00e9ton et de Plumes\u2019\u2019, son premier roman, Hamadi Guella fait une entr\u00e9e remarqu\u00e9e en litt\u00e9rature.","og_url":"https:\/\/kapitalis.com\/tunisie\/2025\/06\/05\/hamadi-guella-\u2502-memoire-dexil-et-poesie-du-quotidien\/","og_site_name":"Kapitalis","article_publisher":"https:\/\/www.facebook.com\/KapitalisInfo\/","article_published_time":"2025-06-05T06:50:16+00:00","article_modified_time":"2025-06-05T06:50:18+00:00","og_image":[{"width":1200,"height":630,"url":"https:\/\/kapitalis.com\/tunisie\/wp-content\/uploads\/2025\/06\/Hamadi-Guella.jpg","type":"image\/jpeg"}],"author":"webmaster kapitalis","twitter_card":"summary_large_image","twitter_creator":"@KapitalisInfo","twitter_site":"@KapitalisInfo","twitter_misc":{"\u00c9crit par":"webmaster kapitalis","Dur\u00e9e de lecture estim\u00e9e":"2 minutes"},"schema":{"@context":"https:\/\/schema.org","@graph":[{"@type":"Article","@id":"https:\/\/kapitalis.com\/tunisie\/2025\/06\/05\/hamadi-guella-%e2%94%82-memoire-dexil-et-poesie-du-quotidien\/#article","isPartOf":{"@id":"https:\/\/kapitalis.com\/tunisie\/2025\/06\/05\/hamadi-guella-%e2%94%82-memoire-dexil-et-poesie-du-quotidien\/"},"author":{"name":"webmaster kapitalis","@id":"https:\/\/kapitalis.com\/tunisie\/#\/schema\/person\/d71f33a9ca44f7bad4698210b480c8e9"},"headline":"Hamadi Guella \u2502 M\u00e9moire d\u2019exil et po\u00e9sie du quotidien","datePublished":"2025-06-05T06:50:16+00:00","dateModified":"2025-06-05T06:50:18+00:00","mainEntityOfPage":{"@id":"https:\/\/kapitalis.com\/tunisie\/2025\/06\/05\/hamadi-guella-%e2%94%82-memoire-dexil-et-poesie-du-quotidien\/"},"wordCount":394,"commentCount":0,"publisher":{"@id":"https:\/\/kapitalis.com\/tunisie\/#organization"},"image":{"@id":"https:\/\/kapitalis.com\/tunisie\/2025\/06\/05\/hamadi-guella-%e2%94%82-memoire-dexil-et-poesie-du-quotidien\/#primaryimage"},"thumbnailUrl":"https:\/\/kapitalis.com\/tunisie\/wp-content\/uploads\/2025\/06\/Hamadi-Guella.jpg","keywords":["d\u2019inclusion","exil","France","Hamadi Guella","migration","Tunisie"],"articleSection":["A LA UNE","CULTURE","Tunisie"],"inLanguage":"fr-FR","potentialAction":[{"@type":"CommentAction","name":"Comment","target":["https:\/\/kapitalis.com\/tunisie\/2025\/06\/05\/hamadi-guella-%e2%94%82-memoire-dexil-et-poesie-du-quotidien\/#respond"]}]},{"@type":"WebPage","@id":"https:\/\/kapitalis.com\/tunisie\/2025\/06\/05\/hamadi-guella-%e2%94%82-memoire-dexil-et-poesie-du-quotidien\/","url":"https:\/\/kapitalis.com\/tunisie\/2025\/06\/05\/hamadi-guella-%e2%94%82-memoire-dexil-et-poesie-du-quotidien\/","name":"Hamadi Guella \u2502 M\u00e9moire d\u2019exil et po\u00e9sie du quotidien - Kapitalis","isPartOf":{"@id":"https:\/\/kapitalis.com\/tunisie\/#website"},"primaryImageOfPage":{"@id":"https:\/\/kapitalis.com\/tunisie\/2025\/06\/05\/hamadi-guella-%e2%94%82-memoire-dexil-et-poesie-du-quotidien\/#primaryimage"},"image":{"@id":"https:\/\/kapitalis.com\/tunisie\/2025\/06\/05\/hamadi-guella-%e2%94%82-memoire-dexil-et-poesie-du-quotidien\/#primaryimage"},"thumbnailUrl":"https:\/\/kapitalis.com\/tunisie\/wp-content\/uploads\/2025\/06\/Hamadi-Guella.jpg","datePublished":"2025-06-05T06:50:16+00:00","dateModified":"2025-06-05T06:50:18+00:00","breadcrumb":{"@id":"https:\/\/kapitalis.com\/tunisie\/2025\/06\/05\/hamadi-guella-%e2%94%82-memoire-dexil-et-poesie-du-quotidien\/#breadcrumb"},"inLanguage":"fr-FR","potentialAction":[{"@type":"ReadAction","target":["https:\/\/kapitalis.com\/tunisie\/2025\/06\/05\/hamadi-guella-%e2%94%82-memoire-dexil-et-poesie-du-quotidien\/"]}]},{"@type":"ImageObject","inLanguage":"fr-FR","@id":"https:\/\/kapitalis.com\/tunisie\/2025\/06\/05\/hamadi-guella-%e2%94%82-memoire-dexil-et-poesie-du-quotidien\/#primaryimage","url":"https:\/\/kapitalis.com\/tunisie\/wp-content\/uploads\/2025\/06\/Hamadi-Guella.jpg","contentUrl":"https:\/\/kapitalis.com\/tunisie\/wp-content\/uploads\/2025\/06\/Hamadi-Guella.jpg","width":1200,"height":630},{"@type":"BreadcrumbList","@id":"https:\/\/kapitalis.com\/tunisie\/2025\/06\/05\/hamadi-guella-%e2%94%82-memoire-dexil-et-poesie-du-quotidien\/#breadcrumb","itemListElement":[{"@type":"ListItem","position":1,"name":"Accueil","item":"https:\/\/kapitalis.com\/tunisie\/"},{"@type":"ListItem","position":2,"name":"Hamadi Guella \u2502 M\u00e9moire d\u2019exil et po\u00e9sie du quotidien"}]},{"@type":"WebSite","@id":"https:\/\/kapitalis.com\/tunisie\/#website","url":"https:\/\/kapitalis.com\/tunisie\/","name":"Kapitalis","description":"L&#039;actualit\u00e9 en Tunisie et dans le monde","publisher":{"@id":"https:\/\/kapitalis.com\/tunisie\/#organization"},"potentialAction":[{"@type":"SearchAction","target":{"@type":"EntryPoint","urlTemplate":"https:\/\/kapitalis.com\/tunisie\/?s={search_term_string}"},"query-input":{"@type":"PropertyValueSpecification","valueRequired":true,"valueName":"search_term_string"}}],"inLanguage":"fr-FR"},{"@type":"Organization","@id":"https:\/\/kapitalis.com\/tunisie\/#organization","name":"Kapitalis","url":"https:\/\/kapitalis.com\/tunisie\/","logo":{"@type":"ImageObject","inLanguage":"fr-FR","@id":"https:\/\/kapitalis.com\/tunisie\/#\/schema\/logo\/image\/","url":"https:\/\/kapitalis.com\/tunisie\/wp-content\/uploads\/2022\/05\/Kapitalis-big-size.png","contentUrl":"https:\/\/kapitalis.com\/tunisie\/wp-content\/uploads\/2022\/05\/Kapitalis-big-size.png","width":5000,"height":1500,"caption":"Kapitalis"},"image":{"@id":"https:\/\/kapitalis.com\/tunisie\/#\/schema\/logo\/image\/"},"sameAs":["https:\/\/www.facebook.com\/KapitalisInfo\/","https:\/\/x.com\/KapitalisInfo","https:\/\/www.youtube.com\/channel\/UC-yDYrHyfFBWWZaOw3FPg9Q"]},{"@type":"Person","@id":"https:\/\/kapitalis.com\/tunisie\/#\/schema\/person\/d71f33a9ca44f7bad4698210b480c8e9","name":"webmaster kapitalis","url":"https:\/\/kapitalis.com\/tunisie\/author\/webmaster-kapitalis\/"}]}},"_links":{"self":[{"href":"https:\/\/kapitalis.com\/tunisie\/wp-json\/wp\/v2\/posts\/16698735","targetHints":{"allow":["GET"]}}],"collection":[{"href":"https:\/\/kapitalis.com\/tunisie\/wp-json\/wp\/v2\/posts"}],"about":[{"href":"https:\/\/kapitalis.com\/tunisie\/wp-json\/wp\/v2\/types\/post"}],"author":[{"embeddable":true,"href":"https:\/\/kapitalis.com\/tunisie\/wp-json\/wp\/v2\/users\/8"}],"replies":[{"embeddable":true,"href":"https:\/\/kapitalis.com\/tunisie\/wp-json\/wp\/v2\/comments?post=16698735"}],"version-history":[{"count":1,"href":"https:\/\/kapitalis.com\/tunisie\/wp-json\/wp\/v2\/posts\/16698735\/revisions"}],"predecessor-version":[{"id":16698752,"href":"https:\/\/kapitalis.com\/tunisie\/wp-json\/wp\/v2\/posts\/16698735\/revisions\/16698752"}],"wp:featuredmedia":[{"embeddable":true,"href":"https:\/\/kapitalis.com\/tunisie\/wp-json\/wp\/v2\/media\/16698748"}],"wp:attachment":[{"href":"https:\/\/kapitalis.com\/tunisie\/wp-json\/wp\/v2\/media?parent=16698735"}],"wp:term":[{"taxonomy":"category","embeddable":true,"href":"https:\/\/kapitalis.com\/tunisie\/wp-json\/wp\/v2\/categories?post=16698735"},{"taxonomy":"post_tag","embeddable":true,"href":"https:\/\/kapitalis.com\/tunisie\/wp-json\/wp\/v2\/tags?post=16698735"}],"curies":[{"name":"wp","href":"https:\/\/api.w.org\/{rel}","templated":true}]}}