{"id":167013,"date":"2018-07-30T20:51:25","date_gmt":"2018-07-30T19:51:25","guid":{"rendered":"http:\/\/kapitalis.com\/tunisie\/?p=167013"},"modified":"2018-07-30T20:51:25","modified_gmt":"2018-07-30T19:51:25","slug":"diplomatie-economique-accord-entre-les-affaires-etrangeres-et-lutica","status":"publish","type":"post","link":"https:\/\/kapitalis.com\/tunisie\/2018\/07\/30\/diplomatie-economique-accord-entre-les-affaires-etrangeres-et-lutica\/","title":{"rendered":"Diplomatie \u00e9conomique : Accord entre les Affaires \u00e9trang\u00e8res et l\u2019Utica"},"content":{"rendered":"<p style=\"text-align: center;\"><img loading=\"lazy\" decoding=\"async\" class=\"alignnone size-full wp-image-167014\" src=\"http:\/\/kapitalis.com\/tunisie\/wp-content\/uploads\/2018\/07\/Diplomatie-economique-Utica.jpg\" alt=\"\" width=\"626\" height=\"380\" \/><\/p>\n<p><em><strong>Le ministre des Affaires \u00e9trang\u00e8res, Khemaies Jhinaoui, et Samir Majoul, pr\u00e9sident de l\u2019Union tunisienne de l\u2019industrie, du commerce et de l\u2019artisanat (Utica), ont sign\u00e9 aujourd\u2019hui, lundi 30 juillet 2018, un accord de partenariat pour promouvoir la diplomatie \u00e9conomique de la Tunisie.<\/strong><\/em><\/p>\n<p><!--more--><\/p>\n<p>L\u2019accord vise \u00e0 mettre en place le cadre g\u00e9n\u00e9ral de la coop\u00e9ration entre le minist\u00e8re des Affaires \u00e9trang\u00e8res et l\u2019Utica et les missions de chaque partie dans le domaine de la diplomatie \u00e9conomique.<\/p>\n<p>Ce partenariat strat\u00e9gique et multidimensionnel au service de l\u2019\u00e9conomie nationale vise \u00e9galement \u00e0 soutenir les hommes d\u2019affaires \u00e0 l\u2019international en d\u00e9veloppant les exportations tunisiennes et en s\u2019orientant vers des march\u00e9s \u00e9mergents et porteurs et \u00e0 renforcer la pr\u00e9sence des entreprises tunisiennes \u00e0 l\u2019\u00e9tranger, attirer les investissements priv\u00e9s \u00e9trangers et promouvoir l\u2019image de la Tunisie.<\/p>\n<p style=\"text-align: center;\"><img loading=\"lazy\" decoding=\"async\" class=\"alignnone wp-image-167015\" src=\"http:\/\/kapitalis.com\/tunisie\/wp-content\/uploads\/2018\/07\/Khemaies-Jhinaoui-Samir-Majoul.jpg\" alt=\"\" width=\"500\" height=\"304\" \/><\/p>\n<p style=\"text-align: center;\"><em>Khemaies Jhinaoui et Samir Majoul.<\/em><\/p>\n<p>Etaient pr\u00e9sents \u00e0 cette c\u00e9r\u00e9monie de signature organis\u00e9e au si\u00e8ge de l\u2019Utica, Omar El Behi, ministre du Commerce, Slim Feriani, ministre de l\u2019Industrie et des Petites et moyennes entreprises, Salma Elloumi Rekik, ministre du Tourisme et de l\u2019Artisanat, Hatem Ferjani, secr\u00e9taire d\u2019Etat \u00e0 la Diplomatie \u00e9conomique, le Pdg du Centre de promotion des exportations (Cepex), les chef des missions diplomatiques et consulaires tunisiennes \u00e0 l\u2019\u00e9tranger les membres du bureau ex\u00e9cutif de l\u2019Utica, et Ouided Bouchamaoui, ancienne pr\u00e9sidente de la centrale patronale.<\/p>\n<p><em><strong>Source<\/strong><\/em> : communiqu\u00e9.<\/p>\n","protected":false},"excerpt":{"rendered":"<p>Le ministre des Affaires \u00e9trang\u00e8res, Khemaies Jhinaoui, et Samir Majoul, pr\u00e9sident de l\u2019Union tunisienne de l\u2019industrie, du commerce et de l\u2019artisanat (Utica), ont sign\u00e9 aujourd\u2019hui, lundi 30 juillet 2018, un accord de partenariat pour promouvoir la diplomatie \u00e9conomique de la Tunisie.<\/p>\n","protected":false},"author":8,"featured_media":167014,"comment_status":"open","ping_status":"open","sticky":false,"template":"","format":"standard","meta":{"footnotes":""},"categories":[995,2433],"tags":[6191,36919,12471,36528,10871,1433,24287,1717],"class_list":["post-167013","post","type-post","status-publish","format-standard","has-post-thumbnail","hentry","category-economie","category-tunisie","tag-diplomatie-economique","tag-hatem-ferjani","tag-khemaies-jhinaoui","tag-omar-el-behi","tag-ouided-bouchamaoui","tag-salma-elloumi-rekik","tag-samir-majoul","tag-slim-feriani"],"yoast_head":"<!-- This site is optimized with the Yoast SEO plugin v26.6 - https:\/\/yoast.com\/wordpress\/plugins\/seo\/ -->\n<title>Diplomatie \u00e9conomique : Accord entre les Affaires \u00e9trang\u00e8res et l\u2019Utica - Kapitalis<\/title>\n<meta name=\"robots\" content=\"index, follow, max-snippet:-1, max-image-preview:large, max-video-preview:-1\" \/>\n<link rel=\"canonical\" href=\"https:\/\/kapitalis.com\/tunisie\/2018\/07\/30\/diplomatie-economique-accord-entre-les-affaires-etrangeres-et-lutica\/\" \/>\n<meta property=\"og:locale\" content=\"fr_FR\" \/>\n<meta property=\"og:type\" content=\"article\" \/>\n<meta property=\"og:title\" content=\"Diplomatie \u00e9conomique : Accord entre les Affaires \u00e9trang\u00e8res et l\u2019Utica - Kapitalis\" \/>\n<meta property=\"og:description\" content=\"Le ministre des Affaires \u00e9trang\u00e8res, Khemaies Jhinaoui, et Samir Majoul, pr\u00e9sident de l\u2019Union tunisienne de l\u2019industrie, du commerce et de l\u2019artisanat (Utica), ont sign\u00e9 aujourd\u2019hui, lundi 30 juillet 2018, un accord de partenariat pour promouvoir la diplomatie \u00e9conomique de la Tunisie.\" \/>\n<meta property=\"og:url\" content=\"https:\/\/kapitalis.com\/tunisie\/2018\/07\/30\/diplomatie-economique-accord-entre-les-affaires-etrangeres-et-lutica\/\" \/>\n<meta property=\"og:site_name\" content=\"Kapitalis\" \/>\n<meta property=\"article:publisher\" content=\"https:\/\/www.facebook.com\/KapitalisInfo\/\" \/>\n<meta property=\"article:published_time\" content=\"2018-07-30T19:51:25+00:00\" \/>\n<meta property=\"og:image\" content=\"https:\/\/kapitalis.com\/tunisie\/wp-content\/uploads\/2022\/05\/kapitalis-logo-fb.png\" \/>\n\t<meta property=\"og:image:width\" content=\"1200\" \/>\n\t<meta property=\"og:image:height\" content=\"630\" \/>\n\t<meta property=\"og:image:type\" content=\"image\/png\" \/>\n<meta name=\"author\" content=\"webmaster kapitalis\" \/>\n<meta name=\"twitter:card\" content=\"summary_large_image\" \/>\n<meta name=\"twitter:creator\" content=\"@KapitalisInfo\" \/>\n<meta name=\"twitter:site\" content=\"@KapitalisInfo\" \/>\n<meta name=\"twitter:label1\" content=\"\u00c9crit par\" \/>\n\t<meta name=\"twitter:data1\" content=\"webmaster kapitalis\" \/>\n\t<meta name=\"twitter:label2\" content=\"Dur\u00e9e de lecture estim\u00e9e\" \/>\n\t<meta name=\"twitter:data2\" content=\"1 minute\" \/>\n<script type=\"application\/ld+json\" class=\"yoast-schema-graph\">{\"@context\":\"https:\/\/schema.org\",\"@graph\":[{\"@type\":\"Article\",\"@id\":\"https:\/\/kapitalis.com\/tunisie\/2018\/07\/30\/diplomatie-economique-accord-entre-les-affaires-etrangeres-et-lutica\/#article\",\"isPartOf\":{\"@id\":\"https:\/\/kapitalis.com\/tunisie\/2018\/07\/30\/diplomatie-economique-accord-entre-les-affaires-etrangeres-et-lutica\/\"},\"author\":{\"name\":\"webmaster kapitalis\",\"@id\":\"https:\/\/kapitalis.com\/tunisie\/#\/schema\/person\/d71f33a9ca44f7bad4698210b480c8e9\"},\"headline\":\"Diplomatie \u00e9conomique : Accord entre les Affaires \u00e9trang\u00e8res et l\u2019Utica\",\"datePublished\":\"2018-07-30T19:51:25+00:00\",\"mainEntityOfPage\":{\"@id\":\"https:\/\/kapitalis.com\/tunisie\/2018\/07\/30\/diplomatie-economique-accord-entre-les-affaires-etrangeres-et-lutica\/\"},\"wordCount\":255,\"commentCount\":0,\"publisher\":{\"@id\":\"https:\/\/kapitalis.com\/tunisie\/#organization\"},\"image\":{\"@id\":\"https:\/\/kapitalis.com\/tunisie\/2018\/07\/30\/diplomatie-economique-accord-entre-les-affaires-etrangeres-et-lutica\/#primaryimage\"},\"thumbnailUrl\":\"\",\"keywords\":[\"diplomatie \u00e9conomique\",\"Hatem Ferjani\",\"Khemaies Jhinaoui\",\"Omar El-Behi\",\"Ouided Bouchamaoui\",\"Salma Elloumi Rekik\",\"Samir Majoul\",\"Slim Feriani\"],\"articleSection\":[\"ECONOMIE\",\"Tunisie\"],\"inLanguage\":\"fr-FR\",\"potentialAction\":[{\"@type\":\"CommentAction\",\"name\":\"Comment\",\"target\":[\"https:\/\/kapitalis.com\/tunisie\/2018\/07\/30\/diplomatie-economique-accord-entre-les-affaires-etrangeres-et-lutica\/#respond\"]}]},{\"@type\":\"WebPage\",\"@id\":\"https:\/\/kapitalis.com\/tunisie\/2018\/07\/30\/diplomatie-economique-accord-entre-les-affaires-etrangeres-et-lutica\/\",\"url\":\"https:\/\/kapitalis.com\/tunisie\/2018\/07\/30\/diplomatie-economique-accord-entre-les-affaires-etrangeres-et-lutica\/\",\"name\":\"Diplomatie \u00e9conomique : Accord entre les Affaires \u00e9trang\u00e8res et l\u2019Utica - Kapitalis\",\"isPartOf\":{\"@id\":\"https:\/\/kapitalis.com\/tunisie\/#website\"},\"primaryImageOfPage\":{\"@id\":\"https:\/\/kapitalis.com\/tunisie\/2018\/07\/30\/diplomatie-economique-accord-entre-les-affaires-etrangeres-et-lutica\/#primaryimage\"},\"image\":{\"@id\":\"https:\/\/kapitalis.com\/tunisie\/2018\/07\/30\/diplomatie-economique-accord-entre-les-affaires-etrangeres-et-lutica\/#primaryimage\"},\"thumbnailUrl\":\"\",\"datePublished\":\"2018-07-30T19:51:25+00:00\",\"breadcrumb\":{\"@id\":\"https:\/\/kapitalis.com\/tunisie\/2018\/07\/30\/diplomatie-economique-accord-entre-les-affaires-etrangeres-et-lutica\/#breadcrumb\"},\"inLanguage\":\"fr-FR\",\"potentialAction\":[{\"@type\":\"ReadAction\",\"target\":[\"https:\/\/kapitalis.com\/tunisie\/2018\/07\/30\/diplomatie-economique-accord-entre-les-affaires-etrangeres-et-lutica\/\"]}]},{\"@type\":\"ImageObject\",\"inLanguage\":\"fr-FR\",\"@id\":\"https:\/\/kapitalis.com\/tunisie\/2018\/07\/30\/diplomatie-economique-accord-entre-les-affaires-etrangeres-et-lutica\/#primaryimage\",\"url\":\"\",\"contentUrl\":\"\"},{\"@type\":\"BreadcrumbList\",\"@id\":\"https:\/\/kapitalis.com\/tunisie\/2018\/07\/30\/diplomatie-economique-accord-entre-les-affaires-etrangeres-et-lutica\/#breadcrumb\",\"itemListElement\":[{\"@type\":\"ListItem\",\"position\":1,\"name\":\"Accueil\",\"item\":\"https:\/\/kapitalis.com\/tunisie\/\"},{\"@type\":\"ListItem\",\"position\":2,\"name\":\"Diplomatie \u00e9conomique : Accord entre les Affaires \u00e9trang\u00e8res et l\u2019Utica\"}]},{\"@type\":\"WebSite\",\"@id\":\"https:\/\/kapitalis.com\/tunisie\/#website\",\"url\":\"https:\/\/kapitalis.com\/tunisie\/\",\"name\":\"Kapitalis\",\"description\":\"L&#039;actualit\u00e9 en Tunisie et dans le monde\",\"publisher\":{\"@id\":\"https:\/\/kapitalis.com\/tunisie\/#organization\"},\"potentialAction\":[{\"@type\":\"SearchAction\",\"target\":{\"@type\":\"EntryPoint\",\"urlTemplate\":\"https:\/\/kapitalis.com\/tunisie\/?s={search_term_string}\"},\"query-input\":{\"@type\":\"PropertyValueSpecification\",\"valueRequired\":true,\"valueName\":\"search_term_string\"}}],\"inLanguage\":\"fr-FR\"},{\"@type\":\"Organization\",\"@id\":\"https:\/\/kapitalis.com\/tunisie\/#organization\",\"name\":\"Kapitalis\",\"url\":\"https:\/\/kapitalis.com\/tunisie\/\",\"logo\":{\"@type\":\"ImageObject\",\"inLanguage\":\"fr-FR\",\"@id\":\"https:\/\/kapitalis.com\/tunisie\/#\/schema\/logo\/image\/\",\"url\":\"https:\/\/kapitalis.com\/tunisie\/wp-content\/uploads\/2022\/05\/Kapitalis-big-size.png\",\"contentUrl\":\"https:\/\/kapitalis.com\/tunisie\/wp-content\/uploads\/2022\/05\/Kapitalis-big-size.png\",\"width\":5000,\"height\":1500,\"caption\":\"Kapitalis\"},\"image\":{\"@id\":\"https:\/\/kapitalis.com\/tunisie\/#\/schema\/logo\/image\/\"},\"sameAs\":[\"https:\/\/www.facebook.com\/KapitalisInfo\/\",\"https:\/\/x.com\/KapitalisInfo\",\"https:\/\/www.youtube.com\/channel\/UC-yDYrHyfFBWWZaOw3FPg9Q\"]},{\"@type\":\"Person\",\"@id\":\"https:\/\/kapitalis.com\/tunisie\/#\/schema\/person\/d71f33a9ca44f7bad4698210b480c8e9\",\"name\":\"webmaster kapitalis\",\"url\":\"https:\/\/kapitalis.com\/tunisie\/author\/webmaster-kapitalis\/\"}]}<\/script>\n<!-- \/ Yoast SEO plugin. -->","yoast_head_json":{"title":"Diplomatie \u00e9conomique : Accord entre les Affaires \u00e9trang\u00e8res et l\u2019Utica - Kapitalis","robots":{"index":"index","follow":"follow","max-snippet":"max-snippet:-1","max-image-preview":"max-image-preview:large","max-video-preview":"max-video-preview:-1"},"canonical":"https:\/\/kapitalis.com\/tunisie\/2018\/07\/30\/diplomatie-economique-accord-entre-les-affaires-etrangeres-et-lutica\/","og_locale":"fr_FR","og_type":"article","og_title":"Diplomatie \u00e9conomique : Accord entre les Affaires \u00e9trang\u00e8res et l\u2019Utica - Kapitalis","og_description":"Le ministre des Affaires \u00e9trang\u00e8res, Khemaies Jhinaoui, et Samir Majoul, pr\u00e9sident de l\u2019Union tunisienne de l\u2019industrie, du commerce et de l\u2019artisanat (Utica), ont sign\u00e9 aujourd\u2019hui, lundi 30 juillet 2018, un accord de partenariat pour promouvoir la diplomatie \u00e9conomique de la Tunisie.","og_url":"https:\/\/kapitalis.com\/tunisie\/2018\/07\/30\/diplomatie-economique-accord-entre-les-affaires-etrangeres-et-lutica\/","og_site_name":"Kapitalis","article_publisher":"https:\/\/www.facebook.com\/KapitalisInfo\/","article_published_time":"2018-07-30T19:51:25+00:00","og_image":[{"width":1200,"height":630,"url":"https:\/\/kapitalis.com\/tunisie\/wp-content\/uploads\/2022\/05\/kapitalis-logo-fb.png","type":"image\/png"}],"author":"webmaster kapitalis","twitter_card":"summary_large_image","twitter_creator":"@KapitalisInfo","twitter_site":"@KapitalisInfo","twitter_misc":{"\u00c9crit par":"webmaster kapitalis","Dur\u00e9e de lecture estim\u00e9e":"1 minute"},"schema":{"@context":"https:\/\/schema.org","@graph":[{"@type":"Article","@id":"https:\/\/kapitalis.com\/tunisie\/2018\/07\/30\/diplomatie-economique-accord-entre-les-affaires-etrangeres-et-lutica\/#article","isPartOf":{"@id":"https:\/\/kapitalis.com\/tunisie\/2018\/07\/30\/diplomatie-economique-accord-entre-les-affaires-etrangeres-et-lutica\/"},"author":{"name":"webmaster kapitalis","@id":"https:\/\/kapitalis.com\/tunisie\/#\/schema\/person\/d71f33a9ca44f7bad4698210b480c8e9"},"headline":"Diplomatie \u00e9conomique : Accord entre les Affaires \u00e9trang\u00e8res et l\u2019Utica","datePublished":"2018-07-30T19:51:25+00:00","mainEntityOfPage":{"@id":"https:\/\/kapitalis.com\/tunisie\/2018\/07\/30\/diplomatie-economique-accord-entre-les-affaires-etrangeres-et-lutica\/"},"wordCount":255,"commentCount":0,"publisher":{"@id":"https:\/\/kapitalis.com\/tunisie\/#organization"},"image":{"@id":"https:\/\/kapitalis.com\/tunisie\/2018\/07\/30\/diplomatie-economique-accord-entre-les-affaires-etrangeres-et-lutica\/#primaryimage"},"thumbnailUrl":"","keywords":["diplomatie \u00e9conomique","Hatem Ferjani","Khemaies Jhinaoui","Omar El-Behi","Ouided Bouchamaoui","Salma Elloumi Rekik","Samir Majoul","Slim Feriani"],"articleSection":["ECONOMIE","Tunisie"],"inLanguage":"fr-FR","potentialAction":[{"@type":"CommentAction","name":"Comment","target":["https:\/\/kapitalis.com\/tunisie\/2018\/07\/30\/diplomatie-economique-accord-entre-les-affaires-etrangeres-et-lutica\/#respond"]}]},{"@type":"WebPage","@id":"https:\/\/kapitalis.com\/tunisie\/2018\/07\/30\/diplomatie-economique-accord-entre-les-affaires-etrangeres-et-lutica\/","url":"https:\/\/kapitalis.com\/tunisie\/2018\/07\/30\/diplomatie-economique-accord-entre-les-affaires-etrangeres-et-lutica\/","name":"Diplomatie \u00e9conomique : Accord entre les Affaires \u00e9trang\u00e8res et l\u2019Utica - Kapitalis","isPartOf":{"@id":"https:\/\/kapitalis.com\/tunisie\/#website"},"primaryImageOfPage":{"@id":"https:\/\/kapitalis.com\/tunisie\/2018\/07\/30\/diplomatie-economique-accord-entre-les-affaires-etrangeres-et-lutica\/#primaryimage"},"image":{"@id":"https:\/\/kapitalis.com\/tunisie\/2018\/07\/30\/diplomatie-economique-accord-entre-les-affaires-etrangeres-et-lutica\/#primaryimage"},"thumbnailUrl":"","datePublished":"2018-07-30T19:51:25+00:00","breadcrumb":{"@id":"https:\/\/kapitalis.com\/tunisie\/2018\/07\/30\/diplomatie-economique-accord-entre-les-affaires-etrangeres-et-lutica\/#breadcrumb"},"inLanguage":"fr-FR","potentialAction":[{"@type":"ReadAction","target":["https:\/\/kapitalis.com\/tunisie\/2018\/07\/30\/diplomatie-economique-accord-entre-les-affaires-etrangeres-et-lutica\/"]}]},{"@type":"ImageObject","inLanguage":"fr-FR","@id":"https:\/\/kapitalis.com\/tunisie\/2018\/07\/30\/diplomatie-economique-accord-entre-les-affaires-etrangeres-et-lutica\/#primaryimage","url":"","contentUrl":""},{"@type":"BreadcrumbList","@id":"https:\/\/kapitalis.com\/tunisie\/2018\/07\/30\/diplomatie-economique-accord-entre-les-affaires-etrangeres-et-lutica\/#breadcrumb","itemListElement":[{"@type":"ListItem","position":1,"name":"Accueil","item":"https:\/\/kapitalis.com\/tunisie\/"},{"@type":"ListItem","position":2,"name":"Diplomatie \u00e9conomique : Accord entre les Affaires \u00e9trang\u00e8res et l\u2019Utica"}]},{"@type":"WebSite","@id":"https:\/\/kapitalis.com\/tunisie\/#website","url":"https:\/\/kapitalis.com\/tunisie\/","name":"Kapitalis","description":"L&#039;actualit\u00e9 en Tunisie et dans le monde","publisher":{"@id":"https:\/\/kapitalis.com\/tunisie\/#organization"},"potentialAction":[{"@type":"SearchAction","target":{"@type":"EntryPoint","urlTemplate":"https:\/\/kapitalis.com\/tunisie\/?s={search_term_string}"},"query-input":{"@type":"PropertyValueSpecification","valueRequired":true,"valueName":"search_term_string"}}],"inLanguage":"fr-FR"},{"@type":"Organization","@id":"https:\/\/kapitalis.com\/tunisie\/#organization","name":"Kapitalis","url":"https:\/\/kapitalis.com\/tunisie\/","logo":{"@type":"ImageObject","inLanguage":"fr-FR","@id":"https:\/\/kapitalis.com\/tunisie\/#\/schema\/logo\/image\/","url":"https:\/\/kapitalis.com\/tunisie\/wp-content\/uploads\/2022\/05\/Kapitalis-big-size.png","contentUrl":"https:\/\/kapitalis.com\/tunisie\/wp-content\/uploads\/2022\/05\/Kapitalis-big-size.png","width":5000,"height":1500,"caption":"Kapitalis"},"image":{"@id":"https:\/\/kapitalis.com\/tunisie\/#\/schema\/logo\/image\/"},"sameAs":["https:\/\/www.facebook.com\/KapitalisInfo\/","https:\/\/x.com\/KapitalisInfo","https:\/\/www.youtube.com\/channel\/UC-yDYrHyfFBWWZaOw3FPg9Q"]},{"@type":"Person","@id":"https:\/\/kapitalis.com\/tunisie\/#\/schema\/person\/d71f33a9ca44f7bad4698210b480c8e9","name":"webmaster kapitalis","url":"https:\/\/kapitalis.com\/tunisie\/author\/webmaster-kapitalis\/"}]}},"_links":{"self":[{"href":"https:\/\/kapitalis.com\/tunisie\/wp-json\/wp\/v2\/posts\/167013","targetHints":{"allow":["GET"]}}],"collection":[{"href":"https:\/\/kapitalis.com\/tunisie\/wp-json\/wp\/v2\/posts"}],"about":[{"href":"https:\/\/kapitalis.com\/tunisie\/wp-json\/wp\/v2\/types\/post"}],"author":[{"embeddable":true,"href":"https:\/\/kapitalis.com\/tunisie\/wp-json\/wp\/v2\/users\/8"}],"replies":[{"embeddable":true,"href":"https:\/\/kapitalis.com\/tunisie\/wp-json\/wp\/v2\/comments?post=167013"}],"version-history":[{"count":0,"href":"https:\/\/kapitalis.com\/tunisie\/wp-json\/wp\/v2\/posts\/167013\/revisions"}],"wp:featuredmedia":[{"embeddable":true,"href":"https:\/\/kapitalis.com\/tunisie\/wp-json\/wp\/v2\/media\/167014"}],"wp:attachment":[{"href":"https:\/\/kapitalis.com\/tunisie\/wp-json\/wp\/v2\/media?parent=167013"}],"wp:term":[{"taxonomy":"category","embeddable":true,"href":"https:\/\/kapitalis.com\/tunisie\/wp-json\/wp\/v2\/categories?post=167013"},{"taxonomy":"post_tag","embeddable":true,"href":"https:\/\/kapitalis.com\/tunisie\/wp-json\/wp\/v2\/tags?post=167013"}],"curies":[{"name":"wp","href":"https:\/\/api.w.org\/{rel}","templated":true}]}}