{"id":167158,"date":"2018-08-01T09:15:23","date_gmt":"2018-08-01T08:15:23","guid":{"rendered":"http:\/\/kapitalis.com\/tunisie\/?p=167158"},"modified":"2018-08-01T09:18:19","modified_gmt":"2018-08-01T08:18:19","slug":"tunisie-le-message-code-de-beji-caid-essebsi-a-youssef-chahed","status":"publish","type":"post","link":"https:\/\/kapitalis.com\/tunisie\/2018\/08\/01\/tunisie-le-message-code-de-beji-caid-essebsi-a-youssef-chahed\/","title":{"rendered":"Tunisie : Le message cod\u00e9 de B\u00e9ji Ca\u00efd Essebsi \u00e0 Youssef Chahed"},"content":{"rendered":"<p><img loading=\"lazy\" decoding=\"async\" class=\"alignnone size-full wp-image-63403 aligncenter\" src=\"http:\/\/kapitalis.com\/tunisie\/wp-content\/uploads\/2016\/09\/Beji-Caid-Essebsi-Youssef-Chahed-Ban.jpg\" alt=\"\" width=\"626\" height=\"380\" \/><\/p>\n<p style=\"text-align: center;\"><em>B\u00e9ji Ca\u00efd Essebsi et Youssef Chahed.<\/em><\/p>\n<p><em><strong>Poursuivant sa gu\u00e9guerre contre le chef du gouvernement, Youssef Chahed, le pr\u00e9sident de la r\u00e9publique, B\u00e9ji Ca\u00efd Essebsi, a tenu \u00e0 lui adresser un message de mani\u00e8re indirecte.<\/strong><\/em><\/p>\n<p><!--more--><\/p>\n<p>Lors de\u00a0la cl\u00f4ture de la 36e conf\u00e9rence annuelle des chefs de missions diplomatiques et des consulats, en pr\u00e9sence de M. Chahed, du pr\u00e9sident de l&rsquo;Assembl\u00e9e des repr\u00e9sentants du peuple (ARP), Mohamed Ennaceur, et du ministre des Affaires \u00e9trang\u00e8res, Khema\u00efs Jhinaoui, le chef de l&rsquo;Etat a, \u00e0 la fin de son discours,\u00a0adress\u00e9 un message politique au chef du gouvernement.<\/p>\n<p>\u00ab<em>Nous ne savons pas dans vingt ans qui sera mort et qui sera toujours en vie, ni qui sera au pouvoir et qui sera t\u00e9l\u00e9spectateur. Il y a une nette diff\u00e9rence entre un homme d&rsquo;Etat et un homme politique. L&rsquo;homme politique est celui qui pense aux prochaines \u00e9lections alors que l&rsquo;homme d&rsquo;Etat ne pense qu&rsquo;\u00e0 l&rsquo;avenir des futures g\u00e9n\u00e9rations<\/em>\u00bb, a-t-il d\u00e9clar\u00e9.<\/p>\n<p>Ce message cod\u00e9 vient quelques jours apr\u00e8s la d\u00e9faite cuisante de Nidaa Tounes et de son directeur ex\u00e9cutif, Hafedh Ca\u00efd Essebsi, le fils de son p\u00e8re, lors du vote de confiance au nouveau ministre de l&rsquo;Int\u00e9rieur, Hichem Fourati, auquel plusieurs d\u00e9put\u00e9s de ce parti ont accord\u00e9 leurs voix, malgr\u00e9 l&rsquo;opposition du clan Ca\u00efd Essebsi. C&rsquo;est \u00e0 croire que cette victoire de M. Chahed est rest\u00e9e en travers de la gorge de M. Ca\u00efd Essebsi.<\/p>\n<p>Par ailleurs, le pr\u00e9sident de la r\u00e9publique affiche ainsi \u00e0 nouveau son soutien et sa solidarit\u00e9 avec \u00e0 son fils et poursuit sa gu\u00e9guerre contre le chef du gouvernement.<\/p>\n<p>Reste que, contrairement \u00e0 ce qu&rsquo;il laisse entendre, B\u00e9ji Ca\u00efd Essebsi ne pense pas vraiment\u00a0\u00ab<em>\u00e0 l&rsquo;avenir des futures g\u00e9n\u00e9rations<\/em>\u00bb, comme il le pr\u00e9tend, mais \u00e0 l&rsquo;avenir de son propre fils. Ce qui est tout de m\u00eame diff\u00e9rent.<\/p>\n<p style=\"text-align: right;\"><strong>E. B. A.<\/strong><\/p>\n<blockquote class=\"wp-embedded-content\" data-secret=\"H0KK1w0EEj\"><p><a href=\"https:\/\/kapitalis.com\/tunisie\/2018\/07\/23\/caid-essebsi-fa-bihaythou-mon-fils-et-cie-avant-la-patrie\/\">Caid Essebsi : \u00abFa bihaythou, mon fils et Cie avant la patrie !\u00bb<\/a><\/p><\/blockquote>\n<p><iframe loading=\"lazy\" class=\"wp-embedded-content\" sandbox=\"allow-scripts\" security=\"restricted\" style=\"position: absolute; clip: rect(1px, 1px, 1px, 1px);\" title=\"\u00ab\u00a0Caid Essebsi : \u00abFa bihaythou, mon fils et Cie avant la patrie !\u00bb\u00a0\u00bb &#8212; Kapitalis\" src=\"https:\/\/kapitalis.com\/tunisie\/2018\/07\/23\/caid-essebsi-fa-bihaythou-mon-fils-et-cie-avant-la-patrie\/embed\/#?secret=Of83wcEIe8#?secret=H0KK1w0EEj\" data-secret=\"H0KK1w0EEj\" width=\"600\" height=\"338\" frameborder=\"0\" marginwidth=\"0\" marginheight=\"0\" scrolling=\"no\"><\/iframe><\/p>\n<blockquote class=\"wp-embedded-content\" data-secret=\"eFIEh1T7l7\"><p><a href=\"https:\/\/kapitalis.com\/tunisie\/2018\/07\/29\/karim-baklouti-barketallah-chahed-simpose-en-leader-de-nidaa-tounes\/\">Karim Baklouti Barketallah : Chahed s\u2019impose en leader de Nidaa Tounes<\/a><\/p><\/blockquote>\n<p><iframe loading=\"lazy\" class=\"wp-embedded-content\" sandbox=\"allow-scripts\" security=\"restricted\" style=\"position: absolute; clip: rect(1px, 1px, 1px, 1px);\" title=\"\u00ab\u00a0Karim Baklouti Barketallah : Chahed s\u2019impose en leader de Nidaa Tounes\u00a0\u00bb &#8212; Kapitalis\" src=\"https:\/\/kapitalis.com\/tunisie\/2018\/07\/29\/karim-baklouti-barketallah-chahed-simpose-en-leader-de-nidaa-tounes\/embed\/#?secret=CHPFYKfxyU#?secret=eFIEh1T7l7\" data-secret=\"eFIEh1T7l7\" width=\"600\" height=\"338\" frameborder=\"0\" marginwidth=\"0\" marginheight=\"0\" scrolling=\"no\"><\/iframe><\/p>\n","protected":false},"excerpt":{"rendered":"<p>B\u00e9ji Ca\u00efd Essebsi et Youssef Chahed. Poursuivant sa gu\u00e9guerre contre le chef du gouvernement, Youssef Chahed, le pr\u00e9sident de la r\u00e9publique, B\u00e9ji Ca\u00efd Essebsi, a tenu \u00e0 lui adresser un message de mani\u00e8re indirecte.<\/p>\n","protected":false},"author":16,"featured_media":0,"comment_status":"open","ping_status":"open","sticky":false,"template":"","format":"standard","meta":{"footnotes":""},"categories":[997,2433],"tags":[1108,12690,1710],"class_list":["post-167158","post","type-post","status-publish","format-standard","hentry","category-politique","category-tunisie","tag-beji-caid-essebsi","tag-khemais-jhinaoui","tag-mohamed-ennaceur"],"yoast_head":"<!-- This site is optimized with the Yoast SEO plugin v26.6 - https:\/\/yoast.com\/wordpress\/plugins\/seo\/ -->\n<title>Tunisie : Le message cod\u00e9 de B\u00e9ji Ca\u00efd Essebsi \u00e0 Youssef Chahed - Kapitalis<\/title>\n<meta name=\"robots\" content=\"index, follow, max-snippet:-1, max-image-preview:large, max-video-preview:-1\" \/>\n<link rel=\"canonical\" href=\"https:\/\/kapitalis.com\/tunisie\/2018\/08\/01\/tunisie-le-message-code-de-beji-caid-essebsi-a-youssef-chahed\/\" \/>\n<meta property=\"og:locale\" content=\"fr_FR\" \/>\n<meta property=\"og:type\" content=\"article\" \/>\n<meta property=\"og:title\" content=\"Tunisie : Le message cod\u00e9 de B\u00e9ji Ca\u00efd Essebsi \u00e0 Youssef Chahed - Kapitalis\" \/>\n<meta property=\"og:description\" content=\"B\u00e9ji Ca\u00efd Essebsi et Youssef Chahed. Poursuivant sa gu\u00e9guerre contre le chef du gouvernement, Youssef Chahed, le pr\u00e9sident de la r\u00e9publique, B\u00e9ji Ca\u00efd Essebsi, a tenu \u00e0 lui adresser un message de mani\u00e8re indirecte.\" \/>\n<meta property=\"og:url\" content=\"https:\/\/kapitalis.com\/tunisie\/2018\/08\/01\/tunisie-le-message-code-de-beji-caid-essebsi-a-youssef-chahed\/\" \/>\n<meta property=\"og:site_name\" content=\"Kapitalis\" \/>\n<meta property=\"article:publisher\" content=\"https:\/\/www.facebook.com\/KapitalisInfo\/\" \/>\n<meta property=\"article:published_time\" content=\"2018-08-01T08:15:23+00:00\" \/>\n<meta property=\"article:modified_time\" content=\"2018-08-01T08:18:19+00:00\" \/>\n<meta property=\"og:image\" content=\"http:\/\/kapitalis.com\/tunisie\/wp-content\/uploads\/2016\/09\/Beji-Caid-Essebsi-Youssef-Chahed-Ban.jpg\" \/>\n<meta name=\"author\" content=\"emna benabdallah\" \/>\n<meta name=\"twitter:card\" content=\"summary_large_image\" \/>\n<meta name=\"twitter:creator\" content=\"@KapitalisInfo\" \/>\n<meta name=\"twitter:site\" content=\"@KapitalisInfo\" \/>\n<meta name=\"twitter:label1\" content=\"\u00c9crit par\" \/>\n\t<meta name=\"twitter:data1\" content=\"emna benabdallah\" \/>\n\t<meta name=\"twitter:label2\" content=\"Dur\u00e9e de lecture estim\u00e9e\" \/>\n\t<meta name=\"twitter:data2\" content=\"2 minutes\" \/>\n<script type=\"application\/ld+json\" class=\"yoast-schema-graph\">{\"@context\":\"https:\/\/schema.org\",\"@graph\":[{\"@type\":\"Article\",\"@id\":\"https:\/\/kapitalis.com\/tunisie\/2018\/08\/01\/tunisie-le-message-code-de-beji-caid-essebsi-a-youssef-chahed\/#article\",\"isPartOf\":{\"@id\":\"https:\/\/kapitalis.com\/tunisie\/2018\/08\/01\/tunisie-le-message-code-de-beji-caid-essebsi-a-youssef-chahed\/\"},\"author\":{\"name\":\"emna benabdallah\",\"@id\":\"https:\/\/kapitalis.com\/tunisie\/#\/schema\/person\/2c6e134b2f3369dffcd1daf5f087d28b\"},\"headline\":\"Tunisie : Le message cod\u00e9 de B\u00e9ji Ca\u00efd Essebsi \u00e0 Youssef Chahed\",\"datePublished\":\"2018-08-01T08:15:23+00:00\",\"dateModified\":\"2018-08-01T08:18:19+00:00\",\"mainEntityOfPage\":{\"@id\":\"https:\/\/kapitalis.com\/tunisie\/2018\/08\/01\/tunisie-le-message-code-de-beji-caid-essebsi-a-youssef-chahed\/\"},\"wordCount\":356,\"commentCount\":5,\"publisher\":{\"@id\":\"https:\/\/kapitalis.com\/tunisie\/#organization\"},\"image\":{\"@id\":\"https:\/\/kapitalis.com\/tunisie\/2018\/08\/01\/tunisie-le-message-code-de-beji-caid-essebsi-a-youssef-chahed\/#primaryimage\"},\"thumbnailUrl\":\"http:\/\/kapitalis.com\/tunisie\/wp-content\/uploads\/2016\/09\/Beji-Caid-Essebsi-Youssef-Chahed-Ban.jpg\",\"keywords\":[\"B\u00e9ji Ca\u00efd Essebsi\",\"Khema\u00efs Jhinaoui\",\"Mohamed Ennaceur\"],\"articleSection\":[\"POLITIQUE\",\"Tunisie\"],\"inLanguage\":\"fr-FR\",\"potentialAction\":[{\"@type\":\"CommentAction\",\"name\":\"Comment\",\"target\":[\"https:\/\/kapitalis.com\/tunisie\/2018\/08\/01\/tunisie-le-message-code-de-beji-caid-essebsi-a-youssef-chahed\/#respond\"]}]},{\"@type\":\"WebPage\",\"@id\":\"https:\/\/kapitalis.com\/tunisie\/2018\/08\/01\/tunisie-le-message-code-de-beji-caid-essebsi-a-youssef-chahed\/\",\"url\":\"https:\/\/kapitalis.com\/tunisie\/2018\/08\/01\/tunisie-le-message-code-de-beji-caid-essebsi-a-youssef-chahed\/\",\"name\":\"Tunisie : Le message cod\u00e9 de B\u00e9ji Ca\u00efd Essebsi \u00e0 Youssef Chahed - Kapitalis\",\"isPartOf\":{\"@id\":\"https:\/\/kapitalis.com\/tunisie\/#website\"},\"primaryImageOfPage\":{\"@id\":\"https:\/\/kapitalis.com\/tunisie\/2018\/08\/01\/tunisie-le-message-code-de-beji-caid-essebsi-a-youssef-chahed\/#primaryimage\"},\"image\":{\"@id\":\"https:\/\/kapitalis.com\/tunisie\/2018\/08\/01\/tunisie-le-message-code-de-beji-caid-essebsi-a-youssef-chahed\/#primaryimage\"},\"thumbnailUrl\":\"http:\/\/kapitalis.com\/tunisie\/wp-content\/uploads\/2016\/09\/Beji-Caid-Essebsi-Youssef-Chahed-Ban.jpg\",\"datePublished\":\"2018-08-01T08:15:23+00:00\",\"dateModified\":\"2018-08-01T08:18:19+00:00\",\"breadcrumb\":{\"@id\":\"https:\/\/kapitalis.com\/tunisie\/2018\/08\/01\/tunisie-le-message-code-de-beji-caid-essebsi-a-youssef-chahed\/#breadcrumb\"},\"inLanguage\":\"fr-FR\",\"potentialAction\":[{\"@type\":\"ReadAction\",\"target\":[\"https:\/\/kapitalis.com\/tunisie\/2018\/08\/01\/tunisie-le-message-code-de-beji-caid-essebsi-a-youssef-chahed\/\"]}]},{\"@type\":\"ImageObject\",\"inLanguage\":\"fr-FR\",\"@id\":\"https:\/\/kapitalis.com\/tunisie\/2018\/08\/01\/tunisie-le-message-code-de-beji-caid-essebsi-a-youssef-chahed\/#primaryimage\",\"url\":\"http:\/\/kapitalis.com\/tunisie\/wp-content\/uploads\/2016\/09\/Beji-Caid-Essebsi-Youssef-Chahed-Ban.jpg\",\"contentUrl\":\"http:\/\/kapitalis.com\/tunisie\/wp-content\/uploads\/2016\/09\/Beji-Caid-Essebsi-Youssef-Chahed-Ban.jpg\"},{\"@type\":\"BreadcrumbList\",\"@id\":\"https:\/\/kapitalis.com\/tunisie\/2018\/08\/01\/tunisie-le-message-code-de-beji-caid-essebsi-a-youssef-chahed\/#breadcrumb\",\"itemListElement\":[{\"@type\":\"ListItem\",\"position\":1,\"name\":\"Accueil\",\"item\":\"https:\/\/kapitalis.com\/tunisie\/\"},{\"@type\":\"ListItem\",\"position\":2,\"name\":\"Tunisie : Le message cod\u00e9 de B\u00e9ji Ca\u00efd Essebsi \u00e0 Youssef Chahed\"}]},{\"@type\":\"WebSite\",\"@id\":\"https:\/\/kapitalis.com\/tunisie\/#website\",\"url\":\"https:\/\/kapitalis.com\/tunisie\/\",\"name\":\"Kapitalis\",\"description\":\"L&#039;actualit\u00e9 en Tunisie et dans le monde\",\"publisher\":{\"@id\":\"https:\/\/kapitalis.com\/tunisie\/#organization\"},\"potentialAction\":[{\"@type\":\"SearchAction\",\"target\":{\"@type\":\"EntryPoint\",\"urlTemplate\":\"https:\/\/kapitalis.com\/tunisie\/?s={search_term_string}\"},\"query-input\":{\"@type\":\"PropertyValueSpecification\",\"valueRequired\":true,\"valueName\":\"search_term_string\"}}],\"inLanguage\":\"fr-FR\"},{\"@type\":\"Organization\",\"@id\":\"https:\/\/kapitalis.com\/tunisie\/#organization\",\"name\":\"Kapitalis\",\"url\":\"https:\/\/kapitalis.com\/tunisie\/\",\"logo\":{\"@type\":\"ImageObject\",\"inLanguage\":\"fr-FR\",\"@id\":\"https:\/\/kapitalis.com\/tunisie\/#\/schema\/logo\/image\/\",\"url\":\"https:\/\/kapitalis.com\/tunisie\/wp-content\/uploads\/2022\/05\/Kapitalis-big-size.png\",\"contentUrl\":\"https:\/\/kapitalis.com\/tunisie\/wp-content\/uploads\/2022\/05\/Kapitalis-big-size.png\",\"width\":5000,\"height\":1500,\"caption\":\"Kapitalis\"},\"image\":{\"@id\":\"https:\/\/kapitalis.com\/tunisie\/#\/schema\/logo\/image\/\"},\"sameAs\":[\"https:\/\/www.facebook.com\/KapitalisInfo\/\",\"https:\/\/x.com\/KapitalisInfo\",\"https:\/\/www.youtube.com\/channel\/UC-yDYrHyfFBWWZaOw3FPg9Q\"]},{\"@type\":\"Person\",\"@id\":\"https:\/\/kapitalis.com\/tunisie\/#\/schema\/person\/2c6e134b2f3369dffcd1daf5f087d28b\",\"name\":\"emna benabdallah\",\"url\":\"https:\/\/kapitalis.com\/tunisie\/author\/emna\/\"}]}<\/script>\n<!-- \/ Yoast SEO plugin. -->","yoast_head_json":{"title":"Tunisie : Le message cod\u00e9 de B\u00e9ji Ca\u00efd Essebsi \u00e0 Youssef Chahed - Kapitalis","robots":{"index":"index","follow":"follow","max-snippet":"max-snippet:-1","max-image-preview":"max-image-preview:large","max-video-preview":"max-video-preview:-1"},"canonical":"https:\/\/kapitalis.com\/tunisie\/2018\/08\/01\/tunisie-le-message-code-de-beji-caid-essebsi-a-youssef-chahed\/","og_locale":"fr_FR","og_type":"article","og_title":"Tunisie : Le message cod\u00e9 de B\u00e9ji Ca\u00efd Essebsi \u00e0 Youssef Chahed - Kapitalis","og_description":"B\u00e9ji Ca\u00efd Essebsi et Youssef Chahed. Poursuivant sa gu\u00e9guerre contre le chef du gouvernement, Youssef Chahed, le pr\u00e9sident de la r\u00e9publique, B\u00e9ji Ca\u00efd Essebsi, a tenu \u00e0 lui adresser un message de mani\u00e8re indirecte.","og_url":"https:\/\/kapitalis.com\/tunisie\/2018\/08\/01\/tunisie-le-message-code-de-beji-caid-essebsi-a-youssef-chahed\/","og_site_name":"Kapitalis","article_publisher":"https:\/\/www.facebook.com\/KapitalisInfo\/","article_published_time":"2018-08-01T08:15:23+00:00","article_modified_time":"2018-08-01T08:18:19+00:00","og_image":[{"url":"http:\/\/kapitalis.com\/tunisie\/wp-content\/uploads\/2016\/09\/Beji-Caid-Essebsi-Youssef-Chahed-Ban.jpg","type":"","width":"","height":""}],"author":"emna benabdallah","twitter_card":"summary_large_image","twitter_creator":"@KapitalisInfo","twitter_site":"@KapitalisInfo","twitter_misc":{"\u00c9crit par":"emna benabdallah","Dur\u00e9e de lecture estim\u00e9e":"2 minutes"},"schema":{"@context":"https:\/\/schema.org","@graph":[{"@type":"Article","@id":"https:\/\/kapitalis.com\/tunisie\/2018\/08\/01\/tunisie-le-message-code-de-beji-caid-essebsi-a-youssef-chahed\/#article","isPartOf":{"@id":"https:\/\/kapitalis.com\/tunisie\/2018\/08\/01\/tunisie-le-message-code-de-beji-caid-essebsi-a-youssef-chahed\/"},"author":{"name":"emna benabdallah","@id":"https:\/\/kapitalis.com\/tunisie\/#\/schema\/person\/2c6e134b2f3369dffcd1daf5f087d28b"},"headline":"Tunisie : Le message cod\u00e9 de B\u00e9ji Ca\u00efd Essebsi \u00e0 Youssef Chahed","datePublished":"2018-08-01T08:15:23+00:00","dateModified":"2018-08-01T08:18:19+00:00","mainEntityOfPage":{"@id":"https:\/\/kapitalis.com\/tunisie\/2018\/08\/01\/tunisie-le-message-code-de-beji-caid-essebsi-a-youssef-chahed\/"},"wordCount":356,"commentCount":5,"publisher":{"@id":"https:\/\/kapitalis.com\/tunisie\/#organization"},"image":{"@id":"https:\/\/kapitalis.com\/tunisie\/2018\/08\/01\/tunisie-le-message-code-de-beji-caid-essebsi-a-youssef-chahed\/#primaryimage"},"thumbnailUrl":"http:\/\/kapitalis.com\/tunisie\/wp-content\/uploads\/2016\/09\/Beji-Caid-Essebsi-Youssef-Chahed-Ban.jpg","keywords":["B\u00e9ji Ca\u00efd Essebsi","Khema\u00efs Jhinaoui","Mohamed Ennaceur"],"articleSection":["POLITIQUE","Tunisie"],"inLanguage":"fr-FR","potentialAction":[{"@type":"CommentAction","name":"Comment","target":["https:\/\/kapitalis.com\/tunisie\/2018\/08\/01\/tunisie-le-message-code-de-beji-caid-essebsi-a-youssef-chahed\/#respond"]}]},{"@type":"WebPage","@id":"https:\/\/kapitalis.com\/tunisie\/2018\/08\/01\/tunisie-le-message-code-de-beji-caid-essebsi-a-youssef-chahed\/","url":"https:\/\/kapitalis.com\/tunisie\/2018\/08\/01\/tunisie-le-message-code-de-beji-caid-essebsi-a-youssef-chahed\/","name":"Tunisie : Le message cod\u00e9 de B\u00e9ji Ca\u00efd Essebsi \u00e0 Youssef Chahed - Kapitalis","isPartOf":{"@id":"https:\/\/kapitalis.com\/tunisie\/#website"},"primaryImageOfPage":{"@id":"https:\/\/kapitalis.com\/tunisie\/2018\/08\/01\/tunisie-le-message-code-de-beji-caid-essebsi-a-youssef-chahed\/#primaryimage"},"image":{"@id":"https:\/\/kapitalis.com\/tunisie\/2018\/08\/01\/tunisie-le-message-code-de-beji-caid-essebsi-a-youssef-chahed\/#primaryimage"},"thumbnailUrl":"http:\/\/kapitalis.com\/tunisie\/wp-content\/uploads\/2016\/09\/Beji-Caid-Essebsi-Youssef-Chahed-Ban.jpg","datePublished":"2018-08-01T08:15:23+00:00","dateModified":"2018-08-01T08:18:19+00:00","breadcrumb":{"@id":"https:\/\/kapitalis.com\/tunisie\/2018\/08\/01\/tunisie-le-message-code-de-beji-caid-essebsi-a-youssef-chahed\/#breadcrumb"},"inLanguage":"fr-FR","potentialAction":[{"@type":"ReadAction","target":["https:\/\/kapitalis.com\/tunisie\/2018\/08\/01\/tunisie-le-message-code-de-beji-caid-essebsi-a-youssef-chahed\/"]}]},{"@type":"ImageObject","inLanguage":"fr-FR","@id":"https:\/\/kapitalis.com\/tunisie\/2018\/08\/01\/tunisie-le-message-code-de-beji-caid-essebsi-a-youssef-chahed\/#primaryimage","url":"http:\/\/kapitalis.com\/tunisie\/wp-content\/uploads\/2016\/09\/Beji-Caid-Essebsi-Youssef-Chahed-Ban.jpg","contentUrl":"http:\/\/kapitalis.com\/tunisie\/wp-content\/uploads\/2016\/09\/Beji-Caid-Essebsi-Youssef-Chahed-Ban.jpg"},{"@type":"BreadcrumbList","@id":"https:\/\/kapitalis.com\/tunisie\/2018\/08\/01\/tunisie-le-message-code-de-beji-caid-essebsi-a-youssef-chahed\/#breadcrumb","itemListElement":[{"@type":"ListItem","position":1,"name":"Accueil","item":"https:\/\/kapitalis.com\/tunisie\/"},{"@type":"ListItem","position":2,"name":"Tunisie : Le message cod\u00e9 de B\u00e9ji Ca\u00efd Essebsi \u00e0 Youssef Chahed"}]},{"@type":"WebSite","@id":"https:\/\/kapitalis.com\/tunisie\/#website","url":"https:\/\/kapitalis.com\/tunisie\/","name":"Kapitalis","description":"L&#039;actualit\u00e9 en Tunisie et dans le monde","publisher":{"@id":"https:\/\/kapitalis.com\/tunisie\/#organization"},"potentialAction":[{"@type":"SearchAction","target":{"@type":"EntryPoint","urlTemplate":"https:\/\/kapitalis.com\/tunisie\/?s={search_term_string}"},"query-input":{"@type":"PropertyValueSpecification","valueRequired":true,"valueName":"search_term_string"}}],"inLanguage":"fr-FR"},{"@type":"Organization","@id":"https:\/\/kapitalis.com\/tunisie\/#organization","name":"Kapitalis","url":"https:\/\/kapitalis.com\/tunisie\/","logo":{"@type":"ImageObject","inLanguage":"fr-FR","@id":"https:\/\/kapitalis.com\/tunisie\/#\/schema\/logo\/image\/","url":"https:\/\/kapitalis.com\/tunisie\/wp-content\/uploads\/2022\/05\/Kapitalis-big-size.png","contentUrl":"https:\/\/kapitalis.com\/tunisie\/wp-content\/uploads\/2022\/05\/Kapitalis-big-size.png","width":5000,"height":1500,"caption":"Kapitalis"},"image":{"@id":"https:\/\/kapitalis.com\/tunisie\/#\/schema\/logo\/image\/"},"sameAs":["https:\/\/www.facebook.com\/KapitalisInfo\/","https:\/\/x.com\/KapitalisInfo","https:\/\/www.youtube.com\/channel\/UC-yDYrHyfFBWWZaOw3FPg9Q"]},{"@type":"Person","@id":"https:\/\/kapitalis.com\/tunisie\/#\/schema\/person\/2c6e134b2f3369dffcd1daf5f087d28b","name":"emna benabdallah","url":"https:\/\/kapitalis.com\/tunisie\/author\/emna\/"}]}},"_links":{"self":[{"href":"https:\/\/kapitalis.com\/tunisie\/wp-json\/wp\/v2\/posts\/167158","targetHints":{"allow":["GET"]}}],"collection":[{"href":"https:\/\/kapitalis.com\/tunisie\/wp-json\/wp\/v2\/posts"}],"about":[{"href":"https:\/\/kapitalis.com\/tunisie\/wp-json\/wp\/v2\/types\/post"}],"author":[{"embeddable":true,"href":"https:\/\/kapitalis.com\/tunisie\/wp-json\/wp\/v2\/users\/16"}],"replies":[{"embeddable":true,"href":"https:\/\/kapitalis.com\/tunisie\/wp-json\/wp\/v2\/comments?post=167158"}],"version-history":[{"count":0,"href":"https:\/\/kapitalis.com\/tunisie\/wp-json\/wp\/v2\/posts\/167158\/revisions"}],"wp:attachment":[{"href":"https:\/\/kapitalis.com\/tunisie\/wp-json\/wp\/v2\/media?parent=167158"}],"wp:term":[{"taxonomy":"category","embeddable":true,"href":"https:\/\/kapitalis.com\/tunisie\/wp-json\/wp\/v2\/categories?post=167158"},{"taxonomy":"post_tag","embeddable":true,"href":"https:\/\/kapitalis.com\/tunisie\/wp-json\/wp\/v2\/tags?post=167158"}],"curies":[{"name":"wp","href":"https:\/\/api.w.org\/{rel}","templated":true}]}}