{"id":167305,"date":"2018-08-02T08:01:43","date_gmt":"2018-08-02T07:01:43","guid":{"rendered":"http:\/\/kapitalis.com\/tunisie\/?p=167305"},"modified":"2018-08-02T08:01:43","modified_gmt":"2018-08-02T07:01:43","slug":"linternational-tunisien-karim-laribi-signe-pour-trois-ans-a-verone","status":"publish","type":"post","link":"https:\/\/kapitalis.com\/tunisie\/2018\/08\/02\/linternational-tunisien-karim-laribi-signe-pour-trois-ans-a-verone\/","title":{"rendered":"L\u2019international tunisien Karim Laribi signe pour trois ans \u00e0 V\u00e9rone"},"content":{"rendered":"<p style=\"text-align: center;\"><img loading=\"lazy\" decoding=\"async\" class=\"alignnone size-full wp-image-167306\" src=\"http:\/\/kapitalis.com\/tunisie\/wp-content\/uploads\/2018\/08\/Karim-Laribi.jpg\" alt=\"\" width=\"626\" height=\"380\" \/><\/p>\n<p><em><strong>Karim Laribi quitte Cesena et la S\u00e9rie B pour le Hellas V\u00e9rone et la S\u00e9rie A, o\u00f9 le milieu de terrain international tunisien s\u2019est engag\u00e9 jusqu\u2019au 30 juin 2021.<\/strong><\/em><\/p>\n<p><!--more--><\/p>\n<p>\u00c2g\u00e9 de 27 ans, pass\u00e9 par Palerme, Foggia, Sassuolo et Bologne, ce natif de Milan avait opt\u00e9 pour la Tunisie apr\u00e8s avoir port\u00e9 pr\u00e9c\u00e9demment le maillot de l\u2019Italie avec les s\u00e9lections juniors et olympique.<\/p>\n<p>Ecart\u00e9 de la liste des 23 joueurs retenus pour le Mondial 2018 en Russie, le milieu de terrain de Cesena (40 matchs et 9 buts), n\u2019a pas eu sa chance en s\u00e9lection tunisienne sous la conduite du tr\u00e8s bigot Nabil Maaloul.<\/p>\n<p style=\"text-align: right;\"><strong>H. M.<\/strong><\/p>\n<blockquote class=\"wp-embedded-content\" data-secret=\"xnqR20kybO\"><p><a href=\"https:\/\/kapitalis.com\/tunisie\/2018\/06\/06\/equipe-tunisie-karim-laribi-a-t-il-ete-ecarte-parce-quil-ne-jeune-pas\/\">Equipe Tunisie : Karim Laribi a-t-il \u00e9t\u00e9 \u00e9cart\u00e9 parce qu\u2019il ne je\u00fbne pas ?<\/a><\/p><\/blockquote>\n<p><iframe loading=\"lazy\" class=\"wp-embedded-content\" sandbox=\"allow-scripts\" security=\"restricted\" style=\"position: absolute; clip: rect(1px, 1px, 1px, 1px);\" title=\"\u00ab\u00a0Equipe Tunisie : Karim Laribi a-t-il \u00e9t\u00e9 \u00e9cart\u00e9 parce qu\u2019il ne je\u00fbne pas ?\u00a0\u00bb &#8212; Kapitalis\" src=\"https:\/\/kapitalis.com\/tunisie\/2018\/06\/06\/equipe-tunisie-karim-laribi-a-t-il-ete-ecarte-parce-quil-ne-jeune-pas\/embed\/#?secret=HZVUiSsDcR#?secret=xnqR20kybO\" data-secret=\"xnqR20kybO\" width=\"600\" height=\"338\" frameborder=\"0\" marginwidth=\"0\" marginheight=\"0\" scrolling=\"no\"><\/iframe><\/p>\n<blockquote class=\"wp-embedded-content\" data-secret=\"fHkGdziRPT\"><p><a href=\"https:\/\/kapitalis.com\/tunisie\/2018\/04\/11\/football-equipe-de-tunisie-une-alternative-nommee-karim-laribi\/\">Football-Equipe de Tunisie : Une alternative nomm\u00e9e Karim Laribi<\/a><\/p><\/blockquote>\n<p><iframe loading=\"lazy\" class=\"wp-embedded-content\" sandbox=\"allow-scripts\" security=\"restricted\" style=\"position: absolute; clip: rect(1px, 1px, 1px, 1px);\" title=\"\u00ab\u00a0Football-Equipe de Tunisie : Une alternative nomm\u00e9e Karim Laribi\u00a0\u00bb &#8212; Kapitalis\" src=\"https:\/\/kapitalis.com\/tunisie\/2018\/04\/11\/football-equipe-de-tunisie-une-alternative-nommee-karim-laribi\/embed\/#?secret=PBCiB7MWgH#?secret=fHkGdziRPT\" data-secret=\"fHkGdziRPT\" width=\"600\" height=\"338\" frameborder=\"0\" marginwidth=\"0\" marginheight=\"0\" scrolling=\"no\"><\/iframe><\/p>\n","protected":false},"excerpt":{"rendered":"<p>Karim Laribi quitte Cesena et la S\u00e9rie B pour le Hellas V\u00e9rone et la S\u00e9rie A, o\u00f9 le milieu de terrain international tunisien s\u2019est engag\u00e9 jusqu\u2019au 30 juin 2021.<\/p>\n","protected":false},"author":8,"featured_media":167306,"comment_status":"open","ping_status":"open","sticky":false,"template":"","format":"standard","meta":{"footnotes":""},"categories":[999,2433],"tags":[44876,9930,8091,11755],"class_list":["post-167305","post","type-post","status-publish","format-standard","has-post-thumbnail","hentry","category-sport","category-tunisie","tag-karim-laribi","tag-mondial-2018","tag-nabil-maaloul","tag-selection-tunisienne"],"yoast_head":"<!-- This site is optimized with the Yoast SEO plugin v26.6 - https:\/\/yoast.com\/wordpress\/plugins\/seo\/ -->\n<title>L\u2019international tunisien Karim Laribi signe pour trois ans \u00e0 V\u00e9rone - Kapitalis<\/title>\n<meta name=\"robots\" content=\"index, follow, max-snippet:-1, max-image-preview:large, max-video-preview:-1\" \/>\n<link rel=\"canonical\" href=\"https:\/\/kapitalis.com\/tunisie\/2018\/08\/02\/linternational-tunisien-karim-laribi-signe-pour-trois-ans-a-verone\/\" \/>\n<meta property=\"og:locale\" content=\"fr_FR\" \/>\n<meta property=\"og:type\" content=\"article\" \/>\n<meta property=\"og:title\" content=\"L\u2019international tunisien Karim Laribi signe pour trois ans \u00e0 V\u00e9rone - Kapitalis\" \/>\n<meta property=\"og:description\" content=\"Karim Laribi quitte Cesena et la S\u00e9rie B pour le Hellas V\u00e9rone et la S\u00e9rie A, o\u00f9 le milieu de terrain international tunisien s\u2019est engag\u00e9 jusqu\u2019au 30 juin 2021.\" \/>\n<meta property=\"og:url\" content=\"https:\/\/kapitalis.com\/tunisie\/2018\/08\/02\/linternational-tunisien-karim-laribi-signe-pour-trois-ans-a-verone\/\" \/>\n<meta property=\"og:site_name\" content=\"Kapitalis\" \/>\n<meta property=\"article:publisher\" content=\"https:\/\/www.facebook.com\/KapitalisInfo\/\" \/>\n<meta property=\"article:published_time\" content=\"2018-08-02T07:01:43+00:00\" \/>\n<meta property=\"og:image\" content=\"https:\/\/kapitalis.com\/tunisie\/wp-content\/uploads\/2022\/05\/kapitalis-logo-fb.png\" \/>\n\t<meta property=\"og:image:width\" content=\"1200\" \/>\n\t<meta property=\"og:image:height\" content=\"630\" \/>\n\t<meta property=\"og:image:type\" content=\"image\/png\" \/>\n<meta name=\"author\" content=\"webmaster kapitalis\" \/>\n<meta name=\"twitter:card\" content=\"summary_large_image\" \/>\n<meta name=\"twitter:creator\" content=\"@KapitalisInfo\" \/>\n<meta name=\"twitter:site\" content=\"@KapitalisInfo\" \/>\n<meta name=\"twitter:label1\" content=\"\u00c9crit par\" \/>\n\t<meta name=\"twitter:data1\" content=\"webmaster kapitalis\" \/>\n\t<meta name=\"twitter:label2\" content=\"Dur\u00e9e de lecture estim\u00e9e\" \/>\n\t<meta name=\"twitter:data2\" content=\"1 minute\" \/>\n<script type=\"application\/ld+json\" class=\"yoast-schema-graph\">{\"@context\":\"https:\/\/schema.org\",\"@graph\":[{\"@type\":\"Article\",\"@id\":\"https:\/\/kapitalis.com\/tunisie\/2018\/08\/02\/linternational-tunisien-karim-laribi-signe-pour-trois-ans-a-verone\/#article\",\"isPartOf\":{\"@id\":\"https:\/\/kapitalis.com\/tunisie\/2018\/08\/02\/linternational-tunisien-karim-laribi-signe-pour-trois-ans-a-verone\/\"},\"author\":{\"name\":\"webmaster kapitalis\",\"@id\":\"https:\/\/kapitalis.com\/tunisie\/#\/schema\/person\/d71f33a9ca44f7bad4698210b480c8e9\"},\"headline\":\"L\u2019international tunisien Karim Laribi signe pour trois ans \u00e0 V\u00e9rone\",\"datePublished\":\"2018-08-02T07:01:43+00:00\",\"mainEntityOfPage\":{\"@id\":\"https:\/\/kapitalis.com\/tunisie\/2018\/08\/02\/linternational-tunisien-karim-laribi-signe-pour-trois-ans-a-verone\/\"},\"wordCount\":133,\"commentCount\":0,\"publisher\":{\"@id\":\"https:\/\/kapitalis.com\/tunisie\/#organization\"},\"image\":{\"@id\":\"https:\/\/kapitalis.com\/tunisie\/2018\/08\/02\/linternational-tunisien-karim-laribi-signe-pour-trois-ans-a-verone\/#primaryimage\"},\"thumbnailUrl\":\"\",\"keywords\":[\"Karim Laribi\",\"mondial 2018\",\"Nabil Ma\u00e2loul\",\"s\u00e9lection tunisienne\"],\"articleSection\":[\"SPORT\",\"Tunisie\"],\"inLanguage\":\"fr-FR\",\"potentialAction\":[{\"@type\":\"CommentAction\",\"name\":\"Comment\",\"target\":[\"https:\/\/kapitalis.com\/tunisie\/2018\/08\/02\/linternational-tunisien-karim-laribi-signe-pour-trois-ans-a-verone\/#respond\"]}]},{\"@type\":\"WebPage\",\"@id\":\"https:\/\/kapitalis.com\/tunisie\/2018\/08\/02\/linternational-tunisien-karim-laribi-signe-pour-trois-ans-a-verone\/\",\"url\":\"https:\/\/kapitalis.com\/tunisie\/2018\/08\/02\/linternational-tunisien-karim-laribi-signe-pour-trois-ans-a-verone\/\",\"name\":\"L\u2019international tunisien Karim Laribi signe pour trois ans \u00e0 V\u00e9rone - Kapitalis\",\"isPartOf\":{\"@id\":\"https:\/\/kapitalis.com\/tunisie\/#website\"},\"primaryImageOfPage\":{\"@id\":\"https:\/\/kapitalis.com\/tunisie\/2018\/08\/02\/linternational-tunisien-karim-laribi-signe-pour-trois-ans-a-verone\/#primaryimage\"},\"image\":{\"@id\":\"https:\/\/kapitalis.com\/tunisie\/2018\/08\/02\/linternational-tunisien-karim-laribi-signe-pour-trois-ans-a-verone\/#primaryimage\"},\"thumbnailUrl\":\"\",\"datePublished\":\"2018-08-02T07:01:43+00:00\",\"breadcrumb\":{\"@id\":\"https:\/\/kapitalis.com\/tunisie\/2018\/08\/02\/linternational-tunisien-karim-laribi-signe-pour-trois-ans-a-verone\/#breadcrumb\"},\"inLanguage\":\"fr-FR\",\"potentialAction\":[{\"@type\":\"ReadAction\",\"target\":[\"https:\/\/kapitalis.com\/tunisie\/2018\/08\/02\/linternational-tunisien-karim-laribi-signe-pour-trois-ans-a-verone\/\"]}]},{\"@type\":\"ImageObject\",\"inLanguage\":\"fr-FR\",\"@id\":\"https:\/\/kapitalis.com\/tunisie\/2018\/08\/02\/linternational-tunisien-karim-laribi-signe-pour-trois-ans-a-verone\/#primaryimage\",\"url\":\"\",\"contentUrl\":\"\"},{\"@type\":\"BreadcrumbList\",\"@id\":\"https:\/\/kapitalis.com\/tunisie\/2018\/08\/02\/linternational-tunisien-karim-laribi-signe-pour-trois-ans-a-verone\/#breadcrumb\",\"itemListElement\":[{\"@type\":\"ListItem\",\"position\":1,\"name\":\"Accueil\",\"item\":\"https:\/\/kapitalis.com\/tunisie\/\"},{\"@type\":\"ListItem\",\"position\":2,\"name\":\"L\u2019international tunisien Karim Laribi signe pour trois ans \u00e0 V\u00e9rone\"}]},{\"@type\":\"WebSite\",\"@id\":\"https:\/\/kapitalis.com\/tunisie\/#website\",\"url\":\"https:\/\/kapitalis.com\/tunisie\/\",\"name\":\"Kapitalis\",\"description\":\"L&#039;actualit\u00e9 en Tunisie et dans le monde\",\"publisher\":{\"@id\":\"https:\/\/kapitalis.com\/tunisie\/#organization\"},\"potentialAction\":[{\"@type\":\"SearchAction\",\"target\":{\"@type\":\"EntryPoint\",\"urlTemplate\":\"https:\/\/kapitalis.com\/tunisie\/?s={search_term_string}\"},\"query-input\":{\"@type\":\"PropertyValueSpecification\",\"valueRequired\":true,\"valueName\":\"search_term_string\"}}],\"inLanguage\":\"fr-FR\"},{\"@type\":\"Organization\",\"@id\":\"https:\/\/kapitalis.com\/tunisie\/#organization\",\"name\":\"Kapitalis\",\"url\":\"https:\/\/kapitalis.com\/tunisie\/\",\"logo\":{\"@type\":\"ImageObject\",\"inLanguage\":\"fr-FR\",\"@id\":\"https:\/\/kapitalis.com\/tunisie\/#\/schema\/logo\/image\/\",\"url\":\"https:\/\/kapitalis.com\/tunisie\/wp-content\/uploads\/2022\/05\/Kapitalis-big-size.png\",\"contentUrl\":\"https:\/\/kapitalis.com\/tunisie\/wp-content\/uploads\/2022\/05\/Kapitalis-big-size.png\",\"width\":5000,\"height\":1500,\"caption\":\"Kapitalis\"},\"image\":{\"@id\":\"https:\/\/kapitalis.com\/tunisie\/#\/schema\/logo\/image\/\"},\"sameAs\":[\"https:\/\/www.facebook.com\/KapitalisInfo\/\",\"https:\/\/x.com\/KapitalisInfo\",\"https:\/\/www.youtube.com\/channel\/UC-yDYrHyfFBWWZaOw3FPg9Q\"]},{\"@type\":\"Person\",\"@id\":\"https:\/\/kapitalis.com\/tunisie\/#\/schema\/person\/d71f33a9ca44f7bad4698210b480c8e9\",\"name\":\"webmaster kapitalis\",\"url\":\"https:\/\/kapitalis.com\/tunisie\/author\/webmaster-kapitalis\/\"}]}<\/script>\n<!-- \/ Yoast SEO plugin. -->","yoast_head_json":{"title":"L\u2019international tunisien Karim Laribi signe pour trois ans \u00e0 V\u00e9rone - Kapitalis","robots":{"index":"index","follow":"follow","max-snippet":"max-snippet:-1","max-image-preview":"max-image-preview:large","max-video-preview":"max-video-preview:-1"},"canonical":"https:\/\/kapitalis.com\/tunisie\/2018\/08\/02\/linternational-tunisien-karim-laribi-signe-pour-trois-ans-a-verone\/","og_locale":"fr_FR","og_type":"article","og_title":"L\u2019international tunisien Karim Laribi signe pour trois ans \u00e0 V\u00e9rone - Kapitalis","og_description":"Karim Laribi quitte Cesena et la S\u00e9rie B pour le Hellas V\u00e9rone et la S\u00e9rie A, o\u00f9 le milieu de terrain international tunisien s\u2019est engag\u00e9 jusqu\u2019au 30 juin 2021.","og_url":"https:\/\/kapitalis.com\/tunisie\/2018\/08\/02\/linternational-tunisien-karim-laribi-signe-pour-trois-ans-a-verone\/","og_site_name":"Kapitalis","article_publisher":"https:\/\/www.facebook.com\/KapitalisInfo\/","article_published_time":"2018-08-02T07:01:43+00:00","og_image":[{"width":1200,"height":630,"url":"https:\/\/kapitalis.com\/tunisie\/wp-content\/uploads\/2022\/05\/kapitalis-logo-fb.png","type":"image\/png"}],"author":"webmaster kapitalis","twitter_card":"summary_large_image","twitter_creator":"@KapitalisInfo","twitter_site":"@KapitalisInfo","twitter_misc":{"\u00c9crit par":"webmaster kapitalis","Dur\u00e9e de lecture estim\u00e9e":"1 minute"},"schema":{"@context":"https:\/\/schema.org","@graph":[{"@type":"Article","@id":"https:\/\/kapitalis.com\/tunisie\/2018\/08\/02\/linternational-tunisien-karim-laribi-signe-pour-trois-ans-a-verone\/#article","isPartOf":{"@id":"https:\/\/kapitalis.com\/tunisie\/2018\/08\/02\/linternational-tunisien-karim-laribi-signe-pour-trois-ans-a-verone\/"},"author":{"name":"webmaster kapitalis","@id":"https:\/\/kapitalis.com\/tunisie\/#\/schema\/person\/d71f33a9ca44f7bad4698210b480c8e9"},"headline":"L\u2019international tunisien Karim Laribi signe pour trois ans \u00e0 V\u00e9rone","datePublished":"2018-08-02T07:01:43+00:00","mainEntityOfPage":{"@id":"https:\/\/kapitalis.com\/tunisie\/2018\/08\/02\/linternational-tunisien-karim-laribi-signe-pour-trois-ans-a-verone\/"},"wordCount":133,"commentCount":0,"publisher":{"@id":"https:\/\/kapitalis.com\/tunisie\/#organization"},"image":{"@id":"https:\/\/kapitalis.com\/tunisie\/2018\/08\/02\/linternational-tunisien-karim-laribi-signe-pour-trois-ans-a-verone\/#primaryimage"},"thumbnailUrl":"","keywords":["Karim Laribi","mondial 2018","Nabil Ma\u00e2loul","s\u00e9lection tunisienne"],"articleSection":["SPORT","Tunisie"],"inLanguage":"fr-FR","potentialAction":[{"@type":"CommentAction","name":"Comment","target":["https:\/\/kapitalis.com\/tunisie\/2018\/08\/02\/linternational-tunisien-karim-laribi-signe-pour-trois-ans-a-verone\/#respond"]}]},{"@type":"WebPage","@id":"https:\/\/kapitalis.com\/tunisie\/2018\/08\/02\/linternational-tunisien-karim-laribi-signe-pour-trois-ans-a-verone\/","url":"https:\/\/kapitalis.com\/tunisie\/2018\/08\/02\/linternational-tunisien-karim-laribi-signe-pour-trois-ans-a-verone\/","name":"L\u2019international tunisien Karim Laribi signe pour trois ans \u00e0 V\u00e9rone - Kapitalis","isPartOf":{"@id":"https:\/\/kapitalis.com\/tunisie\/#website"},"primaryImageOfPage":{"@id":"https:\/\/kapitalis.com\/tunisie\/2018\/08\/02\/linternational-tunisien-karim-laribi-signe-pour-trois-ans-a-verone\/#primaryimage"},"image":{"@id":"https:\/\/kapitalis.com\/tunisie\/2018\/08\/02\/linternational-tunisien-karim-laribi-signe-pour-trois-ans-a-verone\/#primaryimage"},"thumbnailUrl":"","datePublished":"2018-08-02T07:01:43+00:00","breadcrumb":{"@id":"https:\/\/kapitalis.com\/tunisie\/2018\/08\/02\/linternational-tunisien-karim-laribi-signe-pour-trois-ans-a-verone\/#breadcrumb"},"inLanguage":"fr-FR","potentialAction":[{"@type":"ReadAction","target":["https:\/\/kapitalis.com\/tunisie\/2018\/08\/02\/linternational-tunisien-karim-laribi-signe-pour-trois-ans-a-verone\/"]}]},{"@type":"ImageObject","inLanguage":"fr-FR","@id":"https:\/\/kapitalis.com\/tunisie\/2018\/08\/02\/linternational-tunisien-karim-laribi-signe-pour-trois-ans-a-verone\/#primaryimage","url":"","contentUrl":""},{"@type":"BreadcrumbList","@id":"https:\/\/kapitalis.com\/tunisie\/2018\/08\/02\/linternational-tunisien-karim-laribi-signe-pour-trois-ans-a-verone\/#breadcrumb","itemListElement":[{"@type":"ListItem","position":1,"name":"Accueil","item":"https:\/\/kapitalis.com\/tunisie\/"},{"@type":"ListItem","position":2,"name":"L\u2019international tunisien Karim Laribi signe pour trois ans \u00e0 V\u00e9rone"}]},{"@type":"WebSite","@id":"https:\/\/kapitalis.com\/tunisie\/#website","url":"https:\/\/kapitalis.com\/tunisie\/","name":"Kapitalis","description":"L&#039;actualit\u00e9 en Tunisie et dans le monde","publisher":{"@id":"https:\/\/kapitalis.com\/tunisie\/#organization"},"potentialAction":[{"@type":"SearchAction","target":{"@type":"EntryPoint","urlTemplate":"https:\/\/kapitalis.com\/tunisie\/?s={search_term_string}"},"query-input":{"@type":"PropertyValueSpecification","valueRequired":true,"valueName":"search_term_string"}}],"inLanguage":"fr-FR"},{"@type":"Organization","@id":"https:\/\/kapitalis.com\/tunisie\/#organization","name":"Kapitalis","url":"https:\/\/kapitalis.com\/tunisie\/","logo":{"@type":"ImageObject","inLanguage":"fr-FR","@id":"https:\/\/kapitalis.com\/tunisie\/#\/schema\/logo\/image\/","url":"https:\/\/kapitalis.com\/tunisie\/wp-content\/uploads\/2022\/05\/Kapitalis-big-size.png","contentUrl":"https:\/\/kapitalis.com\/tunisie\/wp-content\/uploads\/2022\/05\/Kapitalis-big-size.png","width":5000,"height":1500,"caption":"Kapitalis"},"image":{"@id":"https:\/\/kapitalis.com\/tunisie\/#\/schema\/logo\/image\/"},"sameAs":["https:\/\/www.facebook.com\/KapitalisInfo\/","https:\/\/x.com\/KapitalisInfo","https:\/\/www.youtube.com\/channel\/UC-yDYrHyfFBWWZaOw3FPg9Q"]},{"@type":"Person","@id":"https:\/\/kapitalis.com\/tunisie\/#\/schema\/person\/d71f33a9ca44f7bad4698210b480c8e9","name":"webmaster kapitalis","url":"https:\/\/kapitalis.com\/tunisie\/author\/webmaster-kapitalis\/"}]}},"_links":{"self":[{"href":"https:\/\/kapitalis.com\/tunisie\/wp-json\/wp\/v2\/posts\/167305","targetHints":{"allow":["GET"]}}],"collection":[{"href":"https:\/\/kapitalis.com\/tunisie\/wp-json\/wp\/v2\/posts"}],"about":[{"href":"https:\/\/kapitalis.com\/tunisie\/wp-json\/wp\/v2\/types\/post"}],"author":[{"embeddable":true,"href":"https:\/\/kapitalis.com\/tunisie\/wp-json\/wp\/v2\/users\/8"}],"replies":[{"embeddable":true,"href":"https:\/\/kapitalis.com\/tunisie\/wp-json\/wp\/v2\/comments?post=167305"}],"version-history":[{"count":0,"href":"https:\/\/kapitalis.com\/tunisie\/wp-json\/wp\/v2\/posts\/167305\/revisions"}],"wp:featuredmedia":[{"embeddable":true,"href":"https:\/\/kapitalis.com\/tunisie\/wp-json\/wp\/v2\/media\/167306"}],"wp:attachment":[{"href":"https:\/\/kapitalis.com\/tunisie\/wp-json\/wp\/v2\/media?parent=167305"}],"wp:term":[{"taxonomy":"category","embeddable":true,"href":"https:\/\/kapitalis.com\/tunisie\/wp-json\/wp\/v2\/categories?post=167305"},{"taxonomy":"post_tag","embeddable":true,"href":"https:\/\/kapitalis.com\/tunisie\/wp-json\/wp\/v2\/tags?post=167305"}],"curies":[{"name":"wp","href":"https:\/\/api.w.org\/{rel}","templated":true}]}}