{"id":167360,"date":"2018-08-02T14:18:05","date_gmt":"2018-08-02T13:18:05","guid":{"rendered":"http:\/\/kapitalis.com\/tunisie\/?p=167360"},"modified":"2018-08-02T14:18:05","modified_gmt":"2018-08-02T13:18:05","slug":"secteur-prive-lugtt-exige-une-augmentation-des-salaires-de-103","status":"publish","type":"post","link":"https:\/\/kapitalis.com\/tunisie\/2018\/08\/02\/secteur-prive-lugtt-exige-une-augmentation-des-salaires-de-103\/","title":{"rendered":"Secteur priv\u00e9 : L&rsquo;UGTT exige une augmentation des salaires de 10,3%"},"content":{"rendered":"<p style=\"text-align: center;\"><img loading=\"lazy\" decoding=\"async\" class=\"alignnone size-full wp-image-164468\" src=\"http:\/\/kapitalis.com\/tunisie\/wp-content\/uploads\/2018\/07\/Argent-Banque.jpg\" alt=\"\" width=\"626\" height=\"380\" \/><\/p>\n<p><strong><em>L&rsquo;Union g\u00e9n\u00e9rale tunisienne du travail (UGTT) r\u00e9clame une augmentation de 10,3% des salaires des employ\u00e9s du secteur priv\u00e9.<\/em><\/strong><!--more--><\/p>\n<p>C&rsquo;est ce qu&rsquo;a indiqu\u00e9 Mohamed Ali Boughdiri, secr\u00e9taire g\u00e9n\u00e9ral adjoint de la centrale syndicale charg\u00e9 des affaires du secteur priv\u00e9, dans une d\u00e9claration aux m\u00e9dias aujourd&rsquo;hui, jeudi 2 ao\u00fbt 2018, en pr\u00e9cisant que cette revendication a \u00e9t\u00e9 d\u00e9pos\u00e9e aupr\u00e8s de l&rsquo;Union tunisienne de l&rsquo;industrie, du commerce et de l&rsquo;artisanat (Utica), la centrale patronale. Elle se base\u00a0sur l&rsquo;augmentation du taux d&rsquo;inflation qui a grimp\u00e9 \u00e0 7,8% en juin dernier.<\/p>\n<p>\u00ab<em>Les n\u00e9gociations ont d\u00e9but\u00e9 depuis mars dernier. Nous avons eu plus de vingt s\u00e9ances de n\u00e9gociation au si\u00e8ge du minist\u00e8re des Affaires sociales mais nous ne sommes arriv\u00e9s \u00e0 aucune conclusion. Cette demande d&rsquo;augmentation des salaires dans le secteur priv\u00e9 a \u00e9t\u00e9 faite sur la base d&rsquo;\u00e9tudes que nous avons r\u00e9alis\u00e9es \u00e0 cet effet<\/em>\u00bb, a-t-il d\u00e9clar\u00e9.<\/p>\n<p>M. Boughdiri a, par ailleurs, \u00e9mis le souhait que les n\u00e9gociations avec le syndicat patronal prennent fin dans les plus brefs d\u00e9lais et qu&rsquo;elles ne d\u00e9passent pas le mois courant.<\/p>\n<p style=\"text-align: right;\"><strong>E. B. A.<\/strong><\/p>\n<blockquote class=\"wp-embedded-content\" data-secret=\"TuJr3ELAue\"><p><a href=\"https:\/\/kapitalis.com\/tunisie\/2018\/07\/06\/tunisie-le-taux-dinflation-grimpe-a-78-juin-2018\/\">Tunisie : Le taux d&rsquo;inflation grimpe \u00e0 7,8% (juin 2018)<\/a><\/p><\/blockquote>\n<p><iframe loading=\"lazy\" class=\"wp-embedded-content\" sandbox=\"allow-scripts\" security=\"restricted\" style=\"position: absolute; clip: rect(1px, 1px, 1px, 1px);\" title=\"\u00ab\u00a0Tunisie : Le taux d&rsquo;inflation grimpe \u00e0 7,8% (juin 2018)\u00a0\u00bb &#8212; Kapitalis\" src=\"https:\/\/kapitalis.com\/tunisie\/2018\/07\/06\/tunisie-le-taux-dinflation-grimpe-a-78-juin-2018\/embed\/#?secret=E0eHwu78bf#?secret=TuJr3ELAue\" data-secret=\"TuJr3ELAue\" width=\"600\" height=\"338\" frameborder=\"0\" marginwidth=\"0\" marginheight=\"0\" scrolling=\"no\"><\/iframe><\/p>\n","protected":false},"excerpt":{"rendered":"<p>L&rsquo;Union g\u00e9n\u00e9rale tunisienne du travail (UGTT) r\u00e9clame une augmentation de 10,3% des salaires des employ\u00e9s du secteur priv\u00e9.<\/p>\n","protected":false},"author":16,"featured_media":0,"comment_status":"open","ping_status":"open","sticky":false,"template":"","format":"standard","meta":{"footnotes":""},"categories":[995,2433],"tags":[28359,1192,3902,936],"class_list":["post-167360","post","type-post","status-publish","format-standard","hentry","category-economie","category-tunisie","tag-mohamed-ali-boughdiri","tag-salaires","tag-taux-dinflation","tag-ugtt"],"yoast_head":"<!-- This site is optimized with the Yoast SEO plugin v26.6 - https:\/\/yoast.com\/wordpress\/plugins\/seo\/ -->\n<title>Secteur priv\u00e9 : L&#039;UGTT exige une augmentation des salaires de 10,3% - Kapitalis<\/title>\n<meta name=\"robots\" content=\"index, follow, max-snippet:-1, max-image-preview:large, max-video-preview:-1\" \/>\n<link rel=\"canonical\" href=\"https:\/\/kapitalis.com\/tunisie\/2018\/08\/02\/secteur-prive-lugtt-exige-une-augmentation-des-salaires-de-103\/\" \/>\n<meta property=\"og:locale\" content=\"fr_FR\" \/>\n<meta property=\"og:type\" content=\"article\" \/>\n<meta property=\"og:title\" content=\"Secteur priv\u00e9 : L&#039;UGTT exige une augmentation des salaires de 10,3% - Kapitalis\" \/>\n<meta property=\"og:description\" content=\"L&rsquo;Union g\u00e9n\u00e9rale tunisienne du travail (UGTT) r\u00e9clame une augmentation de 10,3% des salaires des employ\u00e9s du secteur priv\u00e9.\" \/>\n<meta property=\"og:url\" content=\"https:\/\/kapitalis.com\/tunisie\/2018\/08\/02\/secteur-prive-lugtt-exige-une-augmentation-des-salaires-de-103\/\" \/>\n<meta property=\"og:site_name\" content=\"Kapitalis\" \/>\n<meta property=\"article:publisher\" content=\"https:\/\/www.facebook.com\/KapitalisInfo\/\" \/>\n<meta property=\"article:published_time\" content=\"2018-08-02T13:18:05+00:00\" \/>\n<meta property=\"og:image\" content=\"http:\/\/kapitalis.com\/tunisie\/wp-content\/uploads\/2018\/07\/Argent-Banque.jpg\" \/>\n<meta name=\"author\" content=\"emna benabdallah\" \/>\n<meta name=\"twitter:card\" content=\"summary_large_image\" \/>\n<meta name=\"twitter:creator\" content=\"@KapitalisInfo\" \/>\n<meta name=\"twitter:site\" content=\"@KapitalisInfo\" \/>\n<meta name=\"twitter:label1\" content=\"\u00c9crit par\" \/>\n\t<meta name=\"twitter:data1\" content=\"emna benabdallah\" \/>\n\t<meta name=\"twitter:label2\" content=\"Dur\u00e9e de lecture estim\u00e9e\" \/>\n\t<meta name=\"twitter:data2\" content=\"1 minute\" \/>\n<script type=\"application\/ld+json\" class=\"yoast-schema-graph\">{\"@context\":\"https:\/\/schema.org\",\"@graph\":[{\"@type\":\"Article\",\"@id\":\"https:\/\/kapitalis.com\/tunisie\/2018\/08\/02\/secteur-prive-lugtt-exige-une-augmentation-des-salaires-de-103\/#article\",\"isPartOf\":{\"@id\":\"https:\/\/kapitalis.com\/tunisie\/2018\/08\/02\/secteur-prive-lugtt-exige-une-augmentation-des-salaires-de-103\/\"},\"author\":{\"name\":\"emna benabdallah\",\"@id\":\"https:\/\/kapitalis.com\/tunisie\/#\/schema\/person\/2c6e134b2f3369dffcd1daf5f087d28b\"},\"headline\":\"Secteur priv\u00e9 : L&rsquo;UGTT exige une augmentation des salaires de 10,3%\",\"datePublished\":\"2018-08-02T13:18:05+00:00\",\"mainEntityOfPage\":{\"@id\":\"https:\/\/kapitalis.com\/tunisie\/2018\/08\/02\/secteur-prive-lugtt-exige-une-augmentation-des-salaires-de-103\/\"},\"wordCount\":212,\"commentCount\":1,\"publisher\":{\"@id\":\"https:\/\/kapitalis.com\/tunisie\/#organization\"},\"image\":{\"@id\":\"https:\/\/kapitalis.com\/tunisie\/2018\/08\/02\/secteur-prive-lugtt-exige-une-augmentation-des-salaires-de-103\/#primaryimage\"},\"thumbnailUrl\":\"http:\/\/kapitalis.com\/tunisie\/wp-content\/uploads\/2018\/07\/Argent-Banque.jpg\",\"keywords\":[\"Mohamed Ali Boughdiri\",\"salaires\",\"taux d'inflation\",\"UGTT\"],\"articleSection\":[\"ECONOMIE\",\"Tunisie\"],\"inLanguage\":\"fr-FR\",\"potentialAction\":[{\"@type\":\"CommentAction\",\"name\":\"Comment\",\"target\":[\"https:\/\/kapitalis.com\/tunisie\/2018\/08\/02\/secteur-prive-lugtt-exige-une-augmentation-des-salaires-de-103\/#respond\"]}]},{\"@type\":\"WebPage\",\"@id\":\"https:\/\/kapitalis.com\/tunisie\/2018\/08\/02\/secteur-prive-lugtt-exige-une-augmentation-des-salaires-de-103\/\",\"url\":\"https:\/\/kapitalis.com\/tunisie\/2018\/08\/02\/secteur-prive-lugtt-exige-une-augmentation-des-salaires-de-103\/\",\"name\":\"Secteur priv\u00e9 : L'UGTT exige une augmentation des salaires de 10,3% - Kapitalis\",\"isPartOf\":{\"@id\":\"https:\/\/kapitalis.com\/tunisie\/#website\"},\"primaryImageOfPage\":{\"@id\":\"https:\/\/kapitalis.com\/tunisie\/2018\/08\/02\/secteur-prive-lugtt-exige-une-augmentation-des-salaires-de-103\/#primaryimage\"},\"image\":{\"@id\":\"https:\/\/kapitalis.com\/tunisie\/2018\/08\/02\/secteur-prive-lugtt-exige-une-augmentation-des-salaires-de-103\/#primaryimage\"},\"thumbnailUrl\":\"http:\/\/kapitalis.com\/tunisie\/wp-content\/uploads\/2018\/07\/Argent-Banque.jpg\",\"datePublished\":\"2018-08-02T13:18:05+00:00\",\"breadcrumb\":{\"@id\":\"https:\/\/kapitalis.com\/tunisie\/2018\/08\/02\/secteur-prive-lugtt-exige-une-augmentation-des-salaires-de-103\/#breadcrumb\"},\"inLanguage\":\"fr-FR\",\"potentialAction\":[{\"@type\":\"ReadAction\",\"target\":[\"https:\/\/kapitalis.com\/tunisie\/2018\/08\/02\/secteur-prive-lugtt-exige-une-augmentation-des-salaires-de-103\/\"]}]},{\"@type\":\"ImageObject\",\"inLanguage\":\"fr-FR\",\"@id\":\"https:\/\/kapitalis.com\/tunisie\/2018\/08\/02\/secteur-prive-lugtt-exige-une-augmentation-des-salaires-de-103\/#primaryimage\",\"url\":\"http:\/\/kapitalis.com\/tunisie\/wp-content\/uploads\/2018\/07\/Argent-Banque.jpg\",\"contentUrl\":\"http:\/\/kapitalis.com\/tunisie\/wp-content\/uploads\/2018\/07\/Argent-Banque.jpg\"},{\"@type\":\"BreadcrumbList\",\"@id\":\"https:\/\/kapitalis.com\/tunisie\/2018\/08\/02\/secteur-prive-lugtt-exige-une-augmentation-des-salaires-de-103\/#breadcrumb\",\"itemListElement\":[{\"@type\":\"ListItem\",\"position\":1,\"name\":\"Accueil\",\"item\":\"https:\/\/kapitalis.com\/tunisie\/\"},{\"@type\":\"ListItem\",\"position\":2,\"name\":\"Secteur priv\u00e9 : L&rsquo;UGTT exige une augmentation des salaires de 10,3%\"}]},{\"@type\":\"WebSite\",\"@id\":\"https:\/\/kapitalis.com\/tunisie\/#website\",\"url\":\"https:\/\/kapitalis.com\/tunisie\/\",\"name\":\"Kapitalis\",\"description\":\"L&#039;actualit\u00e9 en Tunisie et dans le monde\",\"publisher\":{\"@id\":\"https:\/\/kapitalis.com\/tunisie\/#organization\"},\"potentialAction\":[{\"@type\":\"SearchAction\",\"target\":{\"@type\":\"EntryPoint\",\"urlTemplate\":\"https:\/\/kapitalis.com\/tunisie\/?s={search_term_string}\"},\"query-input\":{\"@type\":\"PropertyValueSpecification\",\"valueRequired\":true,\"valueName\":\"search_term_string\"}}],\"inLanguage\":\"fr-FR\"},{\"@type\":\"Organization\",\"@id\":\"https:\/\/kapitalis.com\/tunisie\/#organization\",\"name\":\"Kapitalis\",\"url\":\"https:\/\/kapitalis.com\/tunisie\/\",\"logo\":{\"@type\":\"ImageObject\",\"inLanguage\":\"fr-FR\",\"@id\":\"https:\/\/kapitalis.com\/tunisie\/#\/schema\/logo\/image\/\",\"url\":\"https:\/\/kapitalis.com\/tunisie\/wp-content\/uploads\/2022\/05\/Kapitalis-big-size.png\",\"contentUrl\":\"https:\/\/kapitalis.com\/tunisie\/wp-content\/uploads\/2022\/05\/Kapitalis-big-size.png\",\"width\":5000,\"height\":1500,\"caption\":\"Kapitalis\"},\"image\":{\"@id\":\"https:\/\/kapitalis.com\/tunisie\/#\/schema\/logo\/image\/\"},\"sameAs\":[\"https:\/\/www.facebook.com\/KapitalisInfo\/\",\"https:\/\/x.com\/KapitalisInfo\",\"https:\/\/www.youtube.com\/channel\/UC-yDYrHyfFBWWZaOw3FPg9Q\"]},{\"@type\":\"Person\",\"@id\":\"https:\/\/kapitalis.com\/tunisie\/#\/schema\/person\/2c6e134b2f3369dffcd1daf5f087d28b\",\"name\":\"emna benabdallah\",\"url\":\"https:\/\/kapitalis.com\/tunisie\/author\/emna\/\"}]}<\/script>\n<!-- \/ Yoast SEO plugin. -->","yoast_head_json":{"title":"Secteur priv\u00e9 : L'UGTT exige une augmentation des salaires de 10,3% - Kapitalis","robots":{"index":"index","follow":"follow","max-snippet":"max-snippet:-1","max-image-preview":"max-image-preview:large","max-video-preview":"max-video-preview:-1"},"canonical":"https:\/\/kapitalis.com\/tunisie\/2018\/08\/02\/secteur-prive-lugtt-exige-une-augmentation-des-salaires-de-103\/","og_locale":"fr_FR","og_type":"article","og_title":"Secteur priv\u00e9 : L'UGTT exige une augmentation des salaires de 10,3% - Kapitalis","og_description":"L&rsquo;Union g\u00e9n\u00e9rale tunisienne du travail (UGTT) r\u00e9clame une augmentation de 10,3% des salaires des employ\u00e9s du secteur priv\u00e9.","og_url":"https:\/\/kapitalis.com\/tunisie\/2018\/08\/02\/secteur-prive-lugtt-exige-une-augmentation-des-salaires-de-103\/","og_site_name":"Kapitalis","article_publisher":"https:\/\/www.facebook.com\/KapitalisInfo\/","article_published_time":"2018-08-02T13:18:05+00:00","og_image":[{"url":"http:\/\/kapitalis.com\/tunisie\/wp-content\/uploads\/2018\/07\/Argent-Banque.jpg","type":"","width":"","height":""}],"author":"emna benabdallah","twitter_card":"summary_large_image","twitter_creator":"@KapitalisInfo","twitter_site":"@KapitalisInfo","twitter_misc":{"\u00c9crit par":"emna benabdallah","Dur\u00e9e de lecture estim\u00e9e":"1 minute"},"schema":{"@context":"https:\/\/schema.org","@graph":[{"@type":"Article","@id":"https:\/\/kapitalis.com\/tunisie\/2018\/08\/02\/secteur-prive-lugtt-exige-une-augmentation-des-salaires-de-103\/#article","isPartOf":{"@id":"https:\/\/kapitalis.com\/tunisie\/2018\/08\/02\/secteur-prive-lugtt-exige-une-augmentation-des-salaires-de-103\/"},"author":{"name":"emna benabdallah","@id":"https:\/\/kapitalis.com\/tunisie\/#\/schema\/person\/2c6e134b2f3369dffcd1daf5f087d28b"},"headline":"Secteur priv\u00e9 : L&rsquo;UGTT exige une augmentation des salaires de 10,3%","datePublished":"2018-08-02T13:18:05+00:00","mainEntityOfPage":{"@id":"https:\/\/kapitalis.com\/tunisie\/2018\/08\/02\/secteur-prive-lugtt-exige-une-augmentation-des-salaires-de-103\/"},"wordCount":212,"commentCount":1,"publisher":{"@id":"https:\/\/kapitalis.com\/tunisie\/#organization"},"image":{"@id":"https:\/\/kapitalis.com\/tunisie\/2018\/08\/02\/secteur-prive-lugtt-exige-une-augmentation-des-salaires-de-103\/#primaryimage"},"thumbnailUrl":"http:\/\/kapitalis.com\/tunisie\/wp-content\/uploads\/2018\/07\/Argent-Banque.jpg","keywords":["Mohamed Ali Boughdiri","salaires","taux d'inflation","UGTT"],"articleSection":["ECONOMIE","Tunisie"],"inLanguage":"fr-FR","potentialAction":[{"@type":"CommentAction","name":"Comment","target":["https:\/\/kapitalis.com\/tunisie\/2018\/08\/02\/secteur-prive-lugtt-exige-une-augmentation-des-salaires-de-103\/#respond"]}]},{"@type":"WebPage","@id":"https:\/\/kapitalis.com\/tunisie\/2018\/08\/02\/secteur-prive-lugtt-exige-une-augmentation-des-salaires-de-103\/","url":"https:\/\/kapitalis.com\/tunisie\/2018\/08\/02\/secteur-prive-lugtt-exige-une-augmentation-des-salaires-de-103\/","name":"Secteur priv\u00e9 : L'UGTT exige une augmentation des salaires de 10,3% - Kapitalis","isPartOf":{"@id":"https:\/\/kapitalis.com\/tunisie\/#website"},"primaryImageOfPage":{"@id":"https:\/\/kapitalis.com\/tunisie\/2018\/08\/02\/secteur-prive-lugtt-exige-une-augmentation-des-salaires-de-103\/#primaryimage"},"image":{"@id":"https:\/\/kapitalis.com\/tunisie\/2018\/08\/02\/secteur-prive-lugtt-exige-une-augmentation-des-salaires-de-103\/#primaryimage"},"thumbnailUrl":"http:\/\/kapitalis.com\/tunisie\/wp-content\/uploads\/2018\/07\/Argent-Banque.jpg","datePublished":"2018-08-02T13:18:05+00:00","breadcrumb":{"@id":"https:\/\/kapitalis.com\/tunisie\/2018\/08\/02\/secteur-prive-lugtt-exige-une-augmentation-des-salaires-de-103\/#breadcrumb"},"inLanguage":"fr-FR","potentialAction":[{"@type":"ReadAction","target":["https:\/\/kapitalis.com\/tunisie\/2018\/08\/02\/secteur-prive-lugtt-exige-une-augmentation-des-salaires-de-103\/"]}]},{"@type":"ImageObject","inLanguage":"fr-FR","@id":"https:\/\/kapitalis.com\/tunisie\/2018\/08\/02\/secteur-prive-lugtt-exige-une-augmentation-des-salaires-de-103\/#primaryimage","url":"http:\/\/kapitalis.com\/tunisie\/wp-content\/uploads\/2018\/07\/Argent-Banque.jpg","contentUrl":"http:\/\/kapitalis.com\/tunisie\/wp-content\/uploads\/2018\/07\/Argent-Banque.jpg"},{"@type":"BreadcrumbList","@id":"https:\/\/kapitalis.com\/tunisie\/2018\/08\/02\/secteur-prive-lugtt-exige-une-augmentation-des-salaires-de-103\/#breadcrumb","itemListElement":[{"@type":"ListItem","position":1,"name":"Accueil","item":"https:\/\/kapitalis.com\/tunisie\/"},{"@type":"ListItem","position":2,"name":"Secteur priv\u00e9 : L&rsquo;UGTT exige une augmentation des salaires de 10,3%"}]},{"@type":"WebSite","@id":"https:\/\/kapitalis.com\/tunisie\/#website","url":"https:\/\/kapitalis.com\/tunisie\/","name":"Kapitalis","description":"L&#039;actualit\u00e9 en Tunisie et dans le monde","publisher":{"@id":"https:\/\/kapitalis.com\/tunisie\/#organization"},"potentialAction":[{"@type":"SearchAction","target":{"@type":"EntryPoint","urlTemplate":"https:\/\/kapitalis.com\/tunisie\/?s={search_term_string}"},"query-input":{"@type":"PropertyValueSpecification","valueRequired":true,"valueName":"search_term_string"}}],"inLanguage":"fr-FR"},{"@type":"Organization","@id":"https:\/\/kapitalis.com\/tunisie\/#organization","name":"Kapitalis","url":"https:\/\/kapitalis.com\/tunisie\/","logo":{"@type":"ImageObject","inLanguage":"fr-FR","@id":"https:\/\/kapitalis.com\/tunisie\/#\/schema\/logo\/image\/","url":"https:\/\/kapitalis.com\/tunisie\/wp-content\/uploads\/2022\/05\/Kapitalis-big-size.png","contentUrl":"https:\/\/kapitalis.com\/tunisie\/wp-content\/uploads\/2022\/05\/Kapitalis-big-size.png","width":5000,"height":1500,"caption":"Kapitalis"},"image":{"@id":"https:\/\/kapitalis.com\/tunisie\/#\/schema\/logo\/image\/"},"sameAs":["https:\/\/www.facebook.com\/KapitalisInfo\/","https:\/\/x.com\/KapitalisInfo","https:\/\/www.youtube.com\/channel\/UC-yDYrHyfFBWWZaOw3FPg9Q"]},{"@type":"Person","@id":"https:\/\/kapitalis.com\/tunisie\/#\/schema\/person\/2c6e134b2f3369dffcd1daf5f087d28b","name":"emna benabdallah","url":"https:\/\/kapitalis.com\/tunisie\/author\/emna\/"}]}},"_links":{"self":[{"href":"https:\/\/kapitalis.com\/tunisie\/wp-json\/wp\/v2\/posts\/167360","targetHints":{"allow":["GET"]}}],"collection":[{"href":"https:\/\/kapitalis.com\/tunisie\/wp-json\/wp\/v2\/posts"}],"about":[{"href":"https:\/\/kapitalis.com\/tunisie\/wp-json\/wp\/v2\/types\/post"}],"author":[{"embeddable":true,"href":"https:\/\/kapitalis.com\/tunisie\/wp-json\/wp\/v2\/users\/16"}],"replies":[{"embeddable":true,"href":"https:\/\/kapitalis.com\/tunisie\/wp-json\/wp\/v2\/comments?post=167360"}],"version-history":[{"count":0,"href":"https:\/\/kapitalis.com\/tunisie\/wp-json\/wp\/v2\/posts\/167360\/revisions"}],"wp:attachment":[{"href":"https:\/\/kapitalis.com\/tunisie\/wp-json\/wp\/v2\/media?parent=167360"}],"wp:term":[{"taxonomy":"category","embeddable":true,"href":"https:\/\/kapitalis.com\/tunisie\/wp-json\/wp\/v2\/categories?post=167360"},{"taxonomy":"post_tag","embeddable":true,"href":"https:\/\/kapitalis.com\/tunisie\/wp-json\/wp\/v2\/tags?post=167360"}],"curies":[{"name":"wp","href":"https:\/\/api.w.org\/{rel}","templated":true}]}}