{"id":167692,"date":"2018-08-05T08:29:10","date_gmt":"2018-08-05T07:29:10","guid":{"rendered":"http:\/\/kapitalis.com\/tunisie\/?p=167692"},"modified":"2018-08-05T08:29:10","modified_gmt":"2018-08-05T07:29:10","slug":"equipe-de-tunisie-la-ftf-a-claque-2-223-mdt-pour-le-mondial-2018","status":"publish","type":"post","link":"https:\/\/kapitalis.com\/tunisie\/2018\/08\/05\/equipe-de-tunisie-la-ftf-a-claque-2-223-mdt-pour-le-mondial-2018\/","title":{"rendered":"Equipe de Tunisie : La FTF a claqu\u00e9 2 ,223 MDT pour le Mondial 2018"},"content":{"rendered":"<p style=\"text-align: center;\"><img loading=\"lazy\" decoding=\"async\" class=\"alignnone size-full wp-image-158554\" src=\"http:\/\/kapitalis.com\/tunisie\/wp-content\/uploads\/2018\/06\/Equipe-de-Tunisie-Mondial.jpg\" alt=\"\" width=\"626\" height=\"380\" \/><\/p>\n<p><em><strong>La F\u00e9d\u00e9ration tunisienne de football (FTF) a claqu\u00e9 2,223 millions de dinars tunisiens (MDT) en frais de pr\u00e9paration au Mondial et de s\u00e9jour en Russie entre le 7 juin et 5 juillet 2018, a communiqu\u00e9 l\u2019organisation I Watch, sur la foi de documents \u00e9manant du minist\u00e8re de la Jeunesse et des Sports.<\/strong> <\/em><\/p>\n<p><!--more--><\/p>\n<p>Le premier stage avant le Mondial, du 7 au 10 juin, a co\u00fbt\u00e9 525.720 DT, alors que la p\u00e9riode pass\u00e9e du 11 juin au 5 juillet a mobilis\u00e9 1,7 MDT.<\/p>\n<p>Ces chiffres restent cependant assez vagues. Les diff\u00e9rentes rubriques ne sont pas mentionn\u00e9es, tels les frais d\u2019h\u00e9bergement, g\u00e9n\u00e9ralement source de <em>\u00abd\u00e9passements\u00bb<\/em>.<\/p>\n<p>Les primes d\u00e9cern\u00e9es aux joueurs \u2013 on parle de 100.000 DT de prime de qualification \u00e0 chaque joueur \u2013 font-elles parties du montant global ?<\/p>\n<p>Les frais quotidiens servis \u00e0 une d\u00e9l\u00e9gation de 35 personnes par exemple en per-diem, sont-ils compt\u00e9s ?<\/p>\n<p>V\u00e9ritable arm\u00e9e mexicaine, la d\u00e9l\u00e9gation au Mondial russe a comport\u00e9, outre les 23 joueurs permis par la Fifa, 35 personnes entre staffs technique, m\u00e9dical, administratif, membres de la FTF et autres vacataires. On ne cite pas, sur la liste de la d\u00e9l\u00e9gation, des membres de la direction nationale de l\u2019arbitrage et\u2026 certaines \u00e9pouses.<\/p>\n<p>Passons sur les 7 membres f\u00e9d\u00e9raux conduits par l\u2019in\u00e9vitable Wadii Al Jari, la d\u00e9l\u00e9gation \u00e9tait <em>\u00abforte\u00bb<\/em> entre autres de 6 assistants au s\u00e9lectionneur, de 10 sp\u00e9cialistes m\u00e9dicaux dont 5 kin\u00e9s, qui n\u2019ont pas mis d\u2019aplomb certains joueurs arriv\u00e9s bless\u00e9s en Russie, de deux chefs de service des s\u00e9lections (Mohamed Gharbi et Jilani Hajri), de deux chefs (un pour la d\u00e9l\u00e9gation administrative et l\u2019autre pour les joueurs).<\/p>\n<p>Finalement, ces d\u00e9penses, m\u00eame relevant du budget de la FTF, ont-elles fait l\u2019objet d\u2019un contr\u00f4le au niveau de l\u2019inspection g\u00e9n\u00e9rale des d\u00e9penses?<\/p>\n<p>Rappelons que la s\u00e9lection tunisienne avait termin\u00e9 la Coupe du Monde 2018 \u00e0 la troisi\u00e8me place de son groupe apr\u00e8s deux d\u00e9faites face \u00e0 l&rsquo;Angleterre (2-1) et la Belgique (5-2) et une victoire aux d\u00e9pens du Panama (2-1).<\/p>\n<p style=\"text-align: right;\"><strong>H. M.<\/strong><\/p>\n<blockquote class=\"wp-embedded-content\" data-secret=\"2kDSYrgyKo\"><p><a href=\"https:\/\/kapitalis.com\/tunisie\/2018\/06\/06\/mondial-de-russie-un-panel-de-10-medecins-avec-lequipe-de-tunisie\/\">Mondial de Russie : Un panel de 10 m\u00e9decins avec l&rsquo;\u00e9quipe de Tunisie<\/a><\/p><\/blockquote>\n<p><iframe loading=\"lazy\" class=\"wp-embedded-content\" sandbox=\"allow-scripts\" security=\"restricted\" style=\"position: absolute; clip: rect(1px, 1px, 1px, 1px);\" title=\"\u00ab\u00a0Mondial de Russie : Un panel de 10 m\u00e9decins avec l&rsquo;\u00e9quipe de Tunisie\u00a0\u00bb &#8212; Kapitalis\" src=\"https:\/\/kapitalis.com\/tunisie\/2018\/06\/06\/mondial-de-russie-un-panel-de-10-medecins-avec-lequipe-de-tunisie\/embed\/#?secret=03vK6lfUqT#?secret=2kDSYrgyKo\" data-secret=\"2kDSYrgyKo\" width=\"600\" height=\"338\" frameborder=\"0\" marginwidth=\"0\" marginheight=\"0\" scrolling=\"no\"><\/iframe><\/p>\n<blockquote class=\"wp-embedded-content\" data-secret=\"lwZO0wdHYt\"><p><a href=\"https:\/\/kapitalis.com\/tunisie\/2018\/04\/05\/mondial-2018-la-tunisie-dans-un-camp-de-base-imperial\/\">Mondial 2018 : La Tunisie dans un camp de base \u00abimp\u00e9rial\u00bb<\/a><\/p><\/blockquote>\n<p><iframe loading=\"lazy\" class=\"wp-embedded-content\" sandbox=\"allow-scripts\" security=\"restricted\" style=\"position: absolute; clip: rect(1px, 1px, 1px, 1px);\" title=\"\u00ab\u00a0Mondial 2018 : La Tunisie dans un camp de base \u00abimp\u00e9rial\u00bb\u00a0\u00bb &#8212; Kapitalis\" src=\"https:\/\/kapitalis.com\/tunisie\/2018\/04\/05\/mondial-2018-la-tunisie-dans-un-camp-de-base-imperial\/embed\/#?secret=drgdKvYrU0#?secret=lwZO0wdHYt\" data-secret=\"lwZO0wdHYt\" width=\"600\" height=\"338\" frameborder=\"0\" marginwidth=\"0\" marginheight=\"0\" scrolling=\"no\"><\/iframe><\/p>\n<blockquote class=\"wp-embedded-content\" data-secret=\"z94CRJulpm\"><p><a href=\"https:\/\/kapitalis.com\/tunisie\/2018\/05\/01\/mondial-2018-la-tunisie-percoit-un-acompte-de-2-millions-de-dollars\/\">Mondial 2018 : La Tunisie per\u00e7oit un acompte de 2 millions de dollars<\/a><\/p><\/blockquote>\n<p><iframe loading=\"lazy\" class=\"wp-embedded-content\" sandbox=\"allow-scripts\" security=\"restricted\" style=\"position: absolute; clip: rect(1px, 1px, 1px, 1px);\" title=\"\u00ab\u00a0Mondial 2018 : La Tunisie per\u00e7oit un acompte de 2 millions de dollars\u00a0\u00bb &#8212; Kapitalis\" src=\"https:\/\/kapitalis.com\/tunisie\/2018\/05\/01\/mondial-2018-la-tunisie-percoit-un-acompte-de-2-millions-de-dollars\/embed\/#?secret=lSBCDpEEVc#?secret=z94CRJulpm\" data-secret=\"z94CRJulpm\" width=\"600\" height=\"338\" frameborder=\"0\" marginwidth=\"0\" marginheight=\"0\" scrolling=\"no\"><\/iframe><\/p>\n","protected":false},"excerpt":{"rendered":"<p>La F\u00e9d\u00e9ration tunisienne de football (FTF) a claqu\u00e9 2,223 millions de dinars tunisiens (MDT) en frais de pr\u00e9paration au Mondial et de s\u00e9jour en Russie entre le 7 juin et 5 juillet 2018, a communiqu\u00e9 l\u2019organisation I Watch, sur la foi de documents \u00e9manant du minist\u00e8re de la Jeunesse et des Sports.<\/p>\n","protected":false},"author":8,"featured_media":0,"comment_status":"open","ping_status":"open","sticky":false,"template":"","format":"standard","meta":{"footnotes":""},"categories":[999,2433],"tags":[24973,33965,376,5183,1667,796,35301],"class_list":["post-167692","post","type-post","status-publish","format-standard","hentry","category-sport","category-tunisie","tag-coupe-du-monde-2018","tag-equipe-de-tunisie","tag-federation-tunisienne-de-football","tag-i-watch","tag-mondial","tag-russie","tag-wadii-al-jari"],"yoast_head":"<!-- This site is optimized with the Yoast SEO plugin v26.6 - https:\/\/yoast.com\/wordpress\/plugins\/seo\/ -->\n<title>Equipe de Tunisie : La FTF a claqu\u00e9 2 ,223 MDT pour le Mondial 2018 - Kapitalis<\/title>\n<meta name=\"robots\" content=\"index, follow, max-snippet:-1, max-image-preview:large, max-video-preview:-1\" \/>\n<link rel=\"canonical\" href=\"https:\/\/kapitalis.com\/tunisie\/2018\/08\/05\/equipe-de-tunisie-la-ftf-a-claque-2-223-mdt-pour-le-mondial-2018\/\" \/>\n<meta property=\"og:locale\" content=\"fr_FR\" \/>\n<meta property=\"og:type\" content=\"article\" \/>\n<meta property=\"og:title\" content=\"Equipe de Tunisie : La FTF a claqu\u00e9 2 ,223 MDT pour le Mondial 2018 - Kapitalis\" \/>\n<meta property=\"og:description\" content=\"La F\u00e9d\u00e9ration tunisienne de football (FTF) a claqu\u00e9 2,223 millions de dinars tunisiens (MDT) en frais de pr\u00e9paration au Mondial et de s\u00e9jour en Russie entre le 7 juin et 5 juillet 2018, a communiqu\u00e9 l\u2019organisation I Watch, sur la foi de documents \u00e9manant du minist\u00e8re de la Jeunesse et des Sports.\" \/>\n<meta property=\"og:url\" content=\"https:\/\/kapitalis.com\/tunisie\/2018\/08\/05\/equipe-de-tunisie-la-ftf-a-claque-2-223-mdt-pour-le-mondial-2018\/\" \/>\n<meta property=\"og:site_name\" content=\"Kapitalis\" \/>\n<meta property=\"article:publisher\" content=\"https:\/\/www.facebook.com\/KapitalisInfo\/\" \/>\n<meta property=\"article:published_time\" content=\"2018-08-05T07:29:10+00:00\" \/>\n<meta property=\"og:image\" content=\"http:\/\/kapitalis.com\/tunisie\/wp-content\/uploads\/2018\/06\/Equipe-de-Tunisie-Mondial.jpg\" \/>\n<meta name=\"author\" content=\"webmaster kapitalis\" \/>\n<meta name=\"twitter:card\" content=\"summary_large_image\" \/>\n<meta name=\"twitter:creator\" content=\"@KapitalisInfo\" \/>\n<meta name=\"twitter:site\" content=\"@KapitalisInfo\" \/>\n<meta name=\"twitter:label1\" content=\"\u00c9crit par\" \/>\n\t<meta name=\"twitter:data1\" content=\"webmaster kapitalis\" \/>\n\t<meta name=\"twitter:label2\" content=\"Dur\u00e9e de lecture estim\u00e9e\" \/>\n\t<meta name=\"twitter:data2\" content=\"2 minutes\" \/>\n<script type=\"application\/ld+json\" class=\"yoast-schema-graph\">{\"@context\":\"https:\/\/schema.org\",\"@graph\":[{\"@type\":\"Article\",\"@id\":\"https:\/\/kapitalis.com\/tunisie\/2018\/08\/05\/equipe-de-tunisie-la-ftf-a-claque-2-223-mdt-pour-le-mondial-2018\/#article\",\"isPartOf\":{\"@id\":\"https:\/\/kapitalis.com\/tunisie\/2018\/08\/05\/equipe-de-tunisie-la-ftf-a-claque-2-223-mdt-pour-le-mondial-2018\/\"},\"author\":{\"name\":\"webmaster kapitalis\",\"@id\":\"https:\/\/kapitalis.com\/tunisie\/#\/schema\/person\/d71f33a9ca44f7bad4698210b480c8e9\"},\"headline\":\"Equipe de Tunisie : La FTF a claqu\u00e9 2 ,223 MDT pour le Mondial 2018\",\"datePublished\":\"2018-08-05T07:29:10+00:00\",\"mainEntityOfPage\":{\"@id\":\"https:\/\/kapitalis.com\/tunisie\/2018\/08\/05\/equipe-de-tunisie-la-ftf-a-claque-2-223-mdt-pour-le-mondial-2018\/\"},\"wordCount\":390,\"commentCount\":1,\"publisher\":{\"@id\":\"https:\/\/kapitalis.com\/tunisie\/#organization\"},\"image\":{\"@id\":\"https:\/\/kapitalis.com\/tunisie\/2018\/08\/05\/equipe-de-tunisie-la-ftf-a-claque-2-223-mdt-pour-le-mondial-2018\/#primaryimage\"},\"thumbnailUrl\":\"http:\/\/kapitalis.com\/tunisie\/wp-content\/uploads\/2018\/06\/Equipe-de-Tunisie-Mondial.jpg\",\"keywords\":[\"Coupe du Monde 2018\",\"\u00e9quipe de Tunisie\",\"F\u00e9d\u00e9ration tunisienne de football\",\"I Watch\",\"mondial\",\"Russie\",\"Wadii Al-Jari\"],\"articleSection\":[\"SPORT\",\"Tunisie\"],\"inLanguage\":\"fr-FR\",\"potentialAction\":[{\"@type\":\"CommentAction\",\"name\":\"Comment\",\"target\":[\"https:\/\/kapitalis.com\/tunisie\/2018\/08\/05\/equipe-de-tunisie-la-ftf-a-claque-2-223-mdt-pour-le-mondial-2018\/#respond\"]}]},{\"@type\":\"WebPage\",\"@id\":\"https:\/\/kapitalis.com\/tunisie\/2018\/08\/05\/equipe-de-tunisie-la-ftf-a-claque-2-223-mdt-pour-le-mondial-2018\/\",\"url\":\"https:\/\/kapitalis.com\/tunisie\/2018\/08\/05\/equipe-de-tunisie-la-ftf-a-claque-2-223-mdt-pour-le-mondial-2018\/\",\"name\":\"Equipe de Tunisie : La FTF a claqu\u00e9 2 ,223 MDT pour le Mondial 2018 - Kapitalis\",\"isPartOf\":{\"@id\":\"https:\/\/kapitalis.com\/tunisie\/#website\"},\"primaryImageOfPage\":{\"@id\":\"https:\/\/kapitalis.com\/tunisie\/2018\/08\/05\/equipe-de-tunisie-la-ftf-a-claque-2-223-mdt-pour-le-mondial-2018\/#primaryimage\"},\"image\":{\"@id\":\"https:\/\/kapitalis.com\/tunisie\/2018\/08\/05\/equipe-de-tunisie-la-ftf-a-claque-2-223-mdt-pour-le-mondial-2018\/#primaryimage\"},\"thumbnailUrl\":\"http:\/\/kapitalis.com\/tunisie\/wp-content\/uploads\/2018\/06\/Equipe-de-Tunisie-Mondial.jpg\",\"datePublished\":\"2018-08-05T07:29:10+00:00\",\"breadcrumb\":{\"@id\":\"https:\/\/kapitalis.com\/tunisie\/2018\/08\/05\/equipe-de-tunisie-la-ftf-a-claque-2-223-mdt-pour-le-mondial-2018\/#breadcrumb\"},\"inLanguage\":\"fr-FR\",\"potentialAction\":[{\"@type\":\"ReadAction\",\"target\":[\"https:\/\/kapitalis.com\/tunisie\/2018\/08\/05\/equipe-de-tunisie-la-ftf-a-claque-2-223-mdt-pour-le-mondial-2018\/\"]}]},{\"@type\":\"ImageObject\",\"inLanguage\":\"fr-FR\",\"@id\":\"https:\/\/kapitalis.com\/tunisie\/2018\/08\/05\/equipe-de-tunisie-la-ftf-a-claque-2-223-mdt-pour-le-mondial-2018\/#primaryimage\",\"url\":\"http:\/\/kapitalis.com\/tunisie\/wp-content\/uploads\/2018\/06\/Equipe-de-Tunisie-Mondial.jpg\",\"contentUrl\":\"http:\/\/kapitalis.com\/tunisie\/wp-content\/uploads\/2018\/06\/Equipe-de-Tunisie-Mondial.jpg\"},{\"@type\":\"BreadcrumbList\",\"@id\":\"https:\/\/kapitalis.com\/tunisie\/2018\/08\/05\/equipe-de-tunisie-la-ftf-a-claque-2-223-mdt-pour-le-mondial-2018\/#breadcrumb\",\"itemListElement\":[{\"@type\":\"ListItem\",\"position\":1,\"name\":\"Accueil\",\"item\":\"https:\/\/kapitalis.com\/tunisie\/\"},{\"@type\":\"ListItem\",\"position\":2,\"name\":\"Equipe de Tunisie : La FTF a claqu\u00e9 2 ,223 MDT pour le Mondial 2018\"}]},{\"@type\":\"WebSite\",\"@id\":\"https:\/\/kapitalis.com\/tunisie\/#website\",\"url\":\"https:\/\/kapitalis.com\/tunisie\/\",\"name\":\"Kapitalis\",\"description\":\"L&#039;actualit\u00e9 en Tunisie et dans le monde\",\"publisher\":{\"@id\":\"https:\/\/kapitalis.com\/tunisie\/#organization\"},\"potentialAction\":[{\"@type\":\"SearchAction\",\"target\":{\"@type\":\"EntryPoint\",\"urlTemplate\":\"https:\/\/kapitalis.com\/tunisie\/?s={search_term_string}\"},\"query-input\":{\"@type\":\"PropertyValueSpecification\",\"valueRequired\":true,\"valueName\":\"search_term_string\"}}],\"inLanguage\":\"fr-FR\"},{\"@type\":\"Organization\",\"@id\":\"https:\/\/kapitalis.com\/tunisie\/#organization\",\"name\":\"Kapitalis\",\"url\":\"https:\/\/kapitalis.com\/tunisie\/\",\"logo\":{\"@type\":\"ImageObject\",\"inLanguage\":\"fr-FR\",\"@id\":\"https:\/\/kapitalis.com\/tunisie\/#\/schema\/logo\/image\/\",\"url\":\"https:\/\/kapitalis.com\/tunisie\/wp-content\/uploads\/2022\/05\/Kapitalis-big-size.png\",\"contentUrl\":\"https:\/\/kapitalis.com\/tunisie\/wp-content\/uploads\/2022\/05\/Kapitalis-big-size.png\",\"width\":5000,\"height\":1500,\"caption\":\"Kapitalis\"},\"image\":{\"@id\":\"https:\/\/kapitalis.com\/tunisie\/#\/schema\/logo\/image\/\"},\"sameAs\":[\"https:\/\/www.facebook.com\/KapitalisInfo\/\",\"https:\/\/x.com\/KapitalisInfo\",\"https:\/\/www.youtube.com\/channel\/UC-yDYrHyfFBWWZaOw3FPg9Q\"]},{\"@type\":\"Person\",\"@id\":\"https:\/\/kapitalis.com\/tunisie\/#\/schema\/person\/d71f33a9ca44f7bad4698210b480c8e9\",\"name\":\"webmaster kapitalis\",\"url\":\"https:\/\/kapitalis.com\/tunisie\/author\/webmaster-kapitalis\/\"}]}<\/script>\n<!-- \/ Yoast SEO plugin. -->","yoast_head_json":{"title":"Equipe de Tunisie : La FTF a claqu\u00e9 2 ,223 MDT pour le Mondial 2018 - Kapitalis","robots":{"index":"index","follow":"follow","max-snippet":"max-snippet:-1","max-image-preview":"max-image-preview:large","max-video-preview":"max-video-preview:-1"},"canonical":"https:\/\/kapitalis.com\/tunisie\/2018\/08\/05\/equipe-de-tunisie-la-ftf-a-claque-2-223-mdt-pour-le-mondial-2018\/","og_locale":"fr_FR","og_type":"article","og_title":"Equipe de Tunisie : La FTF a claqu\u00e9 2 ,223 MDT pour le Mondial 2018 - Kapitalis","og_description":"La F\u00e9d\u00e9ration tunisienne de football (FTF) a claqu\u00e9 2,223 millions de dinars tunisiens (MDT) en frais de pr\u00e9paration au Mondial et de s\u00e9jour en Russie entre le 7 juin et 5 juillet 2018, a communiqu\u00e9 l\u2019organisation I Watch, sur la foi de documents \u00e9manant du minist\u00e8re de la Jeunesse et des Sports.","og_url":"https:\/\/kapitalis.com\/tunisie\/2018\/08\/05\/equipe-de-tunisie-la-ftf-a-claque-2-223-mdt-pour-le-mondial-2018\/","og_site_name":"Kapitalis","article_publisher":"https:\/\/www.facebook.com\/KapitalisInfo\/","article_published_time":"2018-08-05T07:29:10+00:00","og_image":[{"url":"http:\/\/kapitalis.com\/tunisie\/wp-content\/uploads\/2018\/06\/Equipe-de-Tunisie-Mondial.jpg","type":"","width":"","height":""}],"author":"webmaster kapitalis","twitter_card":"summary_large_image","twitter_creator":"@KapitalisInfo","twitter_site":"@KapitalisInfo","twitter_misc":{"\u00c9crit par":"webmaster kapitalis","Dur\u00e9e de lecture estim\u00e9e":"2 minutes"},"schema":{"@context":"https:\/\/schema.org","@graph":[{"@type":"Article","@id":"https:\/\/kapitalis.com\/tunisie\/2018\/08\/05\/equipe-de-tunisie-la-ftf-a-claque-2-223-mdt-pour-le-mondial-2018\/#article","isPartOf":{"@id":"https:\/\/kapitalis.com\/tunisie\/2018\/08\/05\/equipe-de-tunisie-la-ftf-a-claque-2-223-mdt-pour-le-mondial-2018\/"},"author":{"name":"webmaster kapitalis","@id":"https:\/\/kapitalis.com\/tunisie\/#\/schema\/person\/d71f33a9ca44f7bad4698210b480c8e9"},"headline":"Equipe de Tunisie : La FTF a claqu\u00e9 2 ,223 MDT pour le Mondial 2018","datePublished":"2018-08-05T07:29:10+00:00","mainEntityOfPage":{"@id":"https:\/\/kapitalis.com\/tunisie\/2018\/08\/05\/equipe-de-tunisie-la-ftf-a-claque-2-223-mdt-pour-le-mondial-2018\/"},"wordCount":390,"commentCount":1,"publisher":{"@id":"https:\/\/kapitalis.com\/tunisie\/#organization"},"image":{"@id":"https:\/\/kapitalis.com\/tunisie\/2018\/08\/05\/equipe-de-tunisie-la-ftf-a-claque-2-223-mdt-pour-le-mondial-2018\/#primaryimage"},"thumbnailUrl":"http:\/\/kapitalis.com\/tunisie\/wp-content\/uploads\/2018\/06\/Equipe-de-Tunisie-Mondial.jpg","keywords":["Coupe du Monde 2018","\u00e9quipe de Tunisie","F\u00e9d\u00e9ration tunisienne de football","I Watch","mondial","Russie","Wadii Al-Jari"],"articleSection":["SPORT","Tunisie"],"inLanguage":"fr-FR","potentialAction":[{"@type":"CommentAction","name":"Comment","target":["https:\/\/kapitalis.com\/tunisie\/2018\/08\/05\/equipe-de-tunisie-la-ftf-a-claque-2-223-mdt-pour-le-mondial-2018\/#respond"]}]},{"@type":"WebPage","@id":"https:\/\/kapitalis.com\/tunisie\/2018\/08\/05\/equipe-de-tunisie-la-ftf-a-claque-2-223-mdt-pour-le-mondial-2018\/","url":"https:\/\/kapitalis.com\/tunisie\/2018\/08\/05\/equipe-de-tunisie-la-ftf-a-claque-2-223-mdt-pour-le-mondial-2018\/","name":"Equipe de Tunisie : La FTF a claqu\u00e9 2 ,223 MDT pour le Mondial 2018 - Kapitalis","isPartOf":{"@id":"https:\/\/kapitalis.com\/tunisie\/#website"},"primaryImageOfPage":{"@id":"https:\/\/kapitalis.com\/tunisie\/2018\/08\/05\/equipe-de-tunisie-la-ftf-a-claque-2-223-mdt-pour-le-mondial-2018\/#primaryimage"},"image":{"@id":"https:\/\/kapitalis.com\/tunisie\/2018\/08\/05\/equipe-de-tunisie-la-ftf-a-claque-2-223-mdt-pour-le-mondial-2018\/#primaryimage"},"thumbnailUrl":"http:\/\/kapitalis.com\/tunisie\/wp-content\/uploads\/2018\/06\/Equipe-de-Tunisie-Mondial.jpg","datePublished":"2018-08-05T07:29:10+00:00","breadcrumb":{"@id":"https:\/\/kapitalis.com\/tunisie\/2018\/08\/05\/equipe-de-tunisie-la-ftf-a-claque-2-223-mdt-pour-le-mondial-2018\/#breadcrumb"},"inLanguage":"fr-FR","potentialAction":[{"@type":"ReadAction","target":["https:\/\/kapitalis.com\/tunisie\/2018\/08\/05\/equipe-de-tunisie-la-ftf-a-claque-2-223-mdt-pour-le-mondial-2018\/"]}]},{"@type":"ImageObject","inLanguage":"fr-FR","@id":"https:\/\/kapitalis.com\/tunisie\/2018\/08\/05\/equipe-de-tunisie-la-ftf-a-claque-2-223-mdt-pour-le-mondial-2018\/#primaryimage","url":"http:\/\/kapitalis.com\/tunisie\/wp-content\/uploads\/2018\/06\/Equipe-de-Tunisie-Mondial.jpg","contentUrl":"http:\/\/kapitalis.com\/tunisie\/wp-content\/uploads\/2018\/06\/Equipe-de-Tunisie-Mondial.jpg"},{"@type":"BreadcrumbList","@id":"https:\/\/kapitalis.com\/tunisie\/2018\/08\/05\/equipe-de-tunisie-la-ftf-a-claque-2-223-mdt-pour-le-mondial-2018\/#breadcrumb","itemListElement":[{"@type":"ListItem","position":1,"name":"Accueil","item":"https:\/\/kapitalis.com\/tunisie\/"},{"@type":"ListItem","position":2,"name":"Equipe de Tunisie : La FTF a claqu\u00e9 2 ,223 MDT pour le Mondial 2018"}]},{"@type":"WebSite","@id":"https:\/\/kapitalis.com\/tunisie\/#website","url":"https:\/\/kapitalis.com\/tunisie\/","name":"Kapitalis","description":"L&#039;actualit\u00e9 en Tunisie et dans le monde","publisher":{"@id":"https:\/\/kapitalis.com\/tunisie\/#organization"},"potentialAction":[{"@type":"SearchAction","target":{"@type":"EntryPoint","urlTemplate":"https:\/\/kapitalis.com\/tunisie\/?s={search_term_string}"},"query-input":{"@type":"PropertyValueSpecification","valueRequired":true,"valueName":"search_term_string"}}],"inLanguage":"fr-FR"},{"@type":"Organization","@id":"https:\/\/kapitalis.com\/tunisie\/#organization","name":"Kapitalis","url":"https:\/\/kapitalis.com\/tunisie\/","logo":{"@type":"ImageObject","inLanguage":"fr-FR","@id":"https:\/\/kapitalis.com\/tunisie\/#\/schema\/logo\/image\/","url":"https:\/\/kapitalis.com\/tunisie\/wp-content\/uploads\/2022\/05\/Kapitalis-big-size.png","contentUrl":"https:\/\/kapitalis.com\/tunisie\/wp-content\/uploads\/2022\/05\/Kapitalis-big-size.png","width":5000,"height":1500,"caption":"Kapitalis"},"image":{"@id":"https:\/\/kapitalis.com\/tunisie\/#\/schema\/logo\/image\/"},"sameAs":["https:\/\/www.facebook.com\/KapitalisInfo\/","https:\/\/x.com\/KapitalisInfo","https:\/\/www.youtube.com\/channel\/UC-yDYrHyfFBWWZaOw3FPg9Q"]},{"@type":"Person","@id":"https:\/\/kapitalis.com\/tunisie\/#\/schema\/person\/d71f33a9ca44f7bad4698210b480c8e9","name":"webmaster kapitalis","url":"https:\/\/kapitalis.com\/tunisie\/author\/webmaster-kapitalis\/"}]}},"_links":{"self":[{"href":"https:\/\/kapitalis.com\/tunisie\/wp-json\/wp\/v2\/posts\/167692","targetHints":{"allow":["GET"]}}],"collection":[{"href":"https:\/\/kapitalis.com\/tunisie\/wp-json\/wp\/v2\/posts"}],"about":[{"href":"https:\/\/kapitalis.com\/tunisie\/wp-json\/wp\/v2\/types\/post"}],"author":[{"embeddable":true,"href":"https:\/\/kapitalis.com\/tunisie\/wp-json\/wp\/v2\/users\/8"}],"replies":[{"embeddable":true,"href":"https:\/\/kapitalis.com\/tunisie\/wp-json\/wp\/v2\/comments?post=167692"}],"version-history":[{"count":0,"href":"https:\/\/kapitalis.com\/tunisie\/wp-json\/wp\/v2\/posts\/167692\/revisions"}],"wp:attachment":[{"href":"https:\/\/kapitalis.com\/tunisie\/wp-json\/wp\/v2\/media?parent=167692"}],"wp:term":[{"taxonomy":"category","embeddable":true,"href":"https:\/\/kapitalis.com\/tunisie\/wp-json\/wp\/v2\/categories?post=167692"},{"taxonomy":"post_tag","embeddable":true,"href":"https:\/\/kapitalis.com\/tunisie\/wp-json\/wp\/v2\/tags?post=167692"}],"curies":[{"name":"wp","href":"https:\/\/api.w.org\/{rel}","templated":true}]}}