{"id":167715,"date":"2018-08-05T12:14:36","date_gmt":"2018-08-05T11:14:36","guid":{"rendered":"http:\/\/kapitalis.com\/tunisie\/?p=167715"},"modified":"2018-08-05T12:16:33","modified_gmt":"2018-08-05T11:16:33","slug":"volleyball-deux-nouveaux-et-un-retour-a-lesperance-de-tunis","status":"publish","type":"post","link":"https:\/\/kapitalis.com\/tunisie\/2018\/08\/05\/volleyball-deux-nouveaux-et-un-retour-a-lesperance-de-tunis\/","title":{"rendered":"Volleyball : deux nouveaux et un retour \u00e0 l\u2019Esp\u00e9rance de Tunis"},"content":{"rendered":"<p style=\"text-align: center;\"><img loading=\"lazy\" decoding=\"async\" class=\"alignnone size-full wp-image-167716\" src=\"http:\/\/kapitalis.com\/tunisie\/wp-content\/uploads\/2018\/08\/Mehdi-Ketata.jpg\" alt=\"\" width=\"626\" height=\"380\" \/><\/p>\n<p style=\"text-align: center;\"><em>Mehdi Ketata renforce les rangs des \u00ab\u00a0sang et or\u00a0\u00bb.<\/em><\/p>\n<p><em><strong>L\u2019Esp\u00e9rance sportive de Tunis (EST) a engag\u00e9 hier, samedi 4 ao\u00fbt 2018, l\u2019international libyen Mohamed El Ghoul pour une saison renouvelable.<\/strong> <\/em><\/p>\n<p><!--more--><\/p>\n<p>On dit beaucoup de bien de ce contreur de 24 ans que l\u2019on qualifie au club d\u2019une excellente acquisition pour la formation \u00absang et or\u00bb appel\u00e9e \u00e0 d\u00e9fendre son doubl\u00e9 national.<\/p>\n<p>L\u2019Esp\u00e9rance avait r\u00e9alis\u00e9, la veille, vendredi 3 ao\u00fbt, son premier coup du mercato estival en engageant le jeune international de l\u2019Union sportive de transports de Sfax (USTS), Mehdi Ketata. Ce joueur de 23 ans, qui \u00e9volue au poste de central, a sign\u00e9 un contrat de 7 ans avec le vainqueur du doubl\u00e9 national la saison \u00e9coul\u00e9e.<\/p>\n<p>L\u2019Esp\u00e9rance a \u00e9galement r\u00e9cup\u00e9r\u00e9 son international Chaker Jouini, qui a \u00e9volu\u00e9 la saison derni\u00e8re en pr\u00eat avec Al Ahly du Caire, remportant au passage le championnat \u00e9gyptien et la ligue africaine.<\/p>\n<p>Le club a prolong\u00e9 Mohamed Bencheikh d\u2019une saison et Nabil Miladi de 3 saisons.<\/p>\n<p>L\u2019EST qui vient de reprendre la pr\u00e9paration pour la nouvelle saison, sans les internationaux en stage avec la s\u00e9lection, a proc\u00e9d\u00e9 \u00e0 un remaniement du staff technique en nommant l\u2019ex-international Mohamed Baghdadi, entra\u00eeneur assistant de l\u2019entra\u00eeneur en chef Foued Kammoun.<\/p>\n<p>D\u2019autre part, Walid Machhout est d\u00e9sign\u00e9 entra\u00eeneur des moins 23 ans en remplacement de Walid Chtioui.<\/p>\n<p style=\"text-align: right;\"><strong>H. M.<\/strong><\/p>\n<blockquote class=\"wp-embedded-content\" data-secret=\"4JpKYFwKIt\"><p><a href=\"https:\/\/kapitalis.com\/tunisie\/2018\/04\/22\/volleyball-lesperance-remporte-son-18e-titre-de-champion\/\">Volleyball: L\u2019Esp\u00e9rance remporte son 18e titre de champion<\/a><\/p><\/blockquote>\n<p><iframe loading=\"lazy\" class=\"wp-embedded-content\" sandbox=\"allow-scripts\" security=\"restricted\" style=\"position: absolute; clip: rect(1px, 1px, 1px, 1px);\" title=\"\u00ab\u00a0Volleyball: L\u2019Esp\u00e9rance remporte son 18e titre de champion\u00a0\u00bb &#8212; Kapitalis\" src=\"https:\/\/kapitalis.com\/tunisie\/2018\/04\/22\/volleyball-lesperance-remporte-son-18e-titre-de-champion\/embed\/#?secret=N3H98NVdVC#?secret=4JpKYFwKIt\" data-secret=\"4JpKYFwKIt\" width=\"600\" height=\"338\" frameborder=\"0\" marginwidth=\"0\" marginheight=\"0\" scrolling=\"no\"><\/iframe><\/p>\n<blockquote class=\"wp-embedded-content\" data-secret=\"Gjqn5WIpOz\"><p><a href=\"https:\/\/kapitalis.com\/tunisie\/2018\/05\/02\/volleyball-lesperance-de-tunis-remporte-sa-16e-coupe-de-tunisie\/\">Volleyball : L\u2019Esp\u00e9rance de Tunis remporte sa 16e coupe de Tunisie<\/a><\/p><\/blockquote>\n<p><iframe loading=\"lazy\" class=\"wp-embedded-content\" sandbox=\"allow-scripts\" security=\"restricted\" style=\"position: absolute; clip: rect(1px, 1px, 1px, 1px);\" title=\"\u00ab\u00a0Volleyball : L\u2019Esp\u00e9rance de Tunis remporte sa 16e coupe de Tunisie\u00a0\u00bb &#8212; Kapitalis\" src=\"https:\/\/kapitalis.com\/tunisie\/2018\/05\/02\/volleyball-lesperance-de-tunis-remporte-sa-16e-coupe-de-tunisie\/embed\/#?secret=i1zcpsHqMk#?secret=Gjqn5WIpOz\" data-secret=\"Gjqn5WIpOz\" width=\"600\" height=\"338\" frameborder=\"0\" marginwidth=\"0\" marginheight=\"0\" scrolling=\"no\"><\/iframe><\/p>\n","protected":false},"excerpt":{"rendered":"<p>Mehdi Ketata renforce les rangs des \u00ab\u00a0sang et or\u00a0\u00bb. L\u2019Esp\u00e9rance sportive de Tunis (EST) a engag\u00e9 hier, samedi 4 ao\u00fbt 2018, l\u2019international libyen Mohamed El Ghoul pour une saison renouvelable.<\/p>\n","protected":false},"author":8,"featured_media":167716,"comment_status":"open","ping_status":"open","sticky":false,"template":"","format":"standard","meta":{"footnotes":""},"categories":[999,2433],"tags":[1619],"class_list":["post-167715","post","type-post","status-publish","format-standard","has-post-thumbnail","hentry","category-sport","category-tunisie","tag-esperance-de-tunis"],"yoast_head":"<!-- This site is optimized with the Yoast SEO plugin v26.6 - https:\/\/yoast.com\/wordpress\/plugins\/seo\/ -->\n<title>Volleyball : deux nouveaux et un retour \u00e0 l\u2019Esp\u00e9rance de Tunis - Kapitalis<\/title>\n<meta name=\"robots\" content=\"index, follow, max-snippet:-1, max-image-preview:large, max-video-preview:-1\" \/>\n<link rel=\"canonical\" href=\"https:\/\/kapitalis.com\/tunisie\/2018\/08\/05\/volleyball-deux-nouveaux-et-un-retour-a-lesperance-de-tunis\/\" \/>\n<meta property=\"og:locale\" content=\"fr_FR\" \/>\n<meta property=\"og:type\" content=\"article\" \/>\n<meta property=\"og:title\" content=\"Volleyball : deux nouveaux et un retour \u00e0 l\u2019Esp\u00e9rance de Tunis - Kapitalis\" \/>\n<meta property=\"og:description\" content=\"Mehdi Ketata renforce les rangs des \u00ab\u00a0sang et or\u00a0\u00bb. L\u2019Esp\u00e9rance sportive de Tunis (EST) a engag\u00e9 hier, samedi 4 ao\u00fbt 2018, l\u2019international libyen Mohamed El Ghoul pour une saison renouvelable.\" \/>\n<meta property=\"og:url\" content=\"https:\/\/kapitalis.com\/tunisie\/2018\/08\/05\/volleyball-deux-nouveaux-et-un-retour-a-lesperance-de-tunis\/\" \/>\n<meta property=\"og:site_name\" content=\"Kapitalis\" \/>\n<meta property=\"article:publisher\" content=\"https:\/\/www.facebook.com\/KapitalisInfo\/\" \/>\n<meta property=\"article:published_time\" content=\"2018-08-05T11:14:36+00:00\" \/>\n<meta property=\"article:modified_time\" content=\"2018-08-05T11:16:33+00:00\" \/>\n<meta property=\"og:image\" content=\"https:\/\/kapitalis.com\/tunisie\/wp-content\/uploads\/2022\/05\/kapitalis-logo-fb.png\" \/>\n\t<meta property=\"og:image:width\" content=\"1200\" \/>\n\t<meta property=\"og:image:height\" content=\"630\" \/>\n\t<meta property=\"og:image:type\" content=\"image\/png\" \/>\n<meta name=\"author\" content=\"webmaster kapitalis\" \/>\n<meta name=\"twitter:card\" content=\"summary_large_image\" \/>\n<meta name=\"twitter:creator\" content=\"@KapitalisInfo\" \/>\n<meta name=\"twitter:site\" content=\"@KapitalisInfo\" \/>\n<meta name=\"twitter:label1\" content=\"\u00c9crit par\" \/>\n\t<meta name=\"twitter:data1\" content=\"webmaster kapitalis\" \/>\n\t<meta name=\"twitter:label2\" content=\"Dur\u00e9e de lecture estim\u00e9e\" \/>\n\t<meta name=\"twitter:data2\" content=\"1 minute\" \/>\n<script type=\"application\/ld+json\" class=\"yoast-schema-graph\">{\"@context\":\"https:\/\/schema.org\",\"@graph\":[{\"@type\":\"Article\",\"@id\":\"https:\/\/kapitalis.com\/tunisie\/2018\/08\/05\/volleyball-deux-nouveaux-et-un-retour-a-lesperance-de-tunis\/#article\",\"isPartOf\":{\"@id\":\"https:\/\/kapitalis.com\/tunisie\/2018\/08\/05\/volleyball-deux-nouveaux-et-un-retour-a-lesperance-de-tunis\/\"},\"author\":{\"name\":\"webmaster kapitalis\",\"@id\":\"https:\/\/kapitalis.com\/tunisie\/#\/schema\/person\/d71f33a9ca44f7bad4698210b480c8e9\"},\"headline\":\"Volleyball : deux nouveaux et un retour \u00e0 l\u2019Esp\u00e9rance de Tunis\",\"datePublished\":\"2018-08-05T11:14:36+00:00\",\"dateModified\":\"2018-08-05T11:16:33+00:00\",\"mainEntityOfPage\":{\"@id\":\"https:\/\/kapitalis.com\/tunisie\/2018\/08\/05\/volleyball-deux-nouveaux-et-un-retour-a-lesperance-de-tunis\/\"},\"wordCount\":265,\"commentCount\":0,\"publisher\":{\"@id\":\"https:\/\/kapitalis.com\/tunisie\/#organization\"},\"image\":{\"@id\":\"https:\/\/kapitalis.com\/tunisie\/2018\/08\/05\/volleyball-deux-nouveaux-et-un-retour-a-lesperance-de-tunis\/#primaryimage\"},\"thumbnailUrl\":\"\",\"keywords\":[\"Esp\u00e9rance de Tunis\"],\"articleSection\":[\"SPORT\",\"Tunisie\"],\"inLanguage\":\"fr-FR\",\"potentialAction\":[{\"@type\":\"CommentAction\",\"name\":\"Comment\",\"target\":[\"https:\/\/kapitalis.com\/tunisie\/2018\/08\/05\/volleyball-deux-nouveaux-et-un-retour-a-lesperance-de-tunis\/#respond\"]}]},{\"@type\":\"WebPage\",\"@id\":\"https:\/\/kapitalis.com\/tunisie\/2018\/08\/05\/volleyball-deux-nouveaux-et-un-retour-a-lesperance-de-tunis\/\",\"url\":\"https:\/\/kapitalis.com\/tunisie\/2018\/08\/05\/volleyball-deux-nouveaux-et-un-retour-a-lesperance-de-tunis\/\",\"name\":\"Volleyball : deux nouveaux et un retour \u00e0 l\u2019Esp\u00e9rance de Tunis - Kapitalis\",\"isPartOf\":{\"@id\":\"https:\/\/kapitalis.com\/tunisie\/#website\"},\"primaryImageOfPage\":{\"@id\":\"https:\/\/kapitalis.com\/tunisie\/2018\/08\/05\/volleyball-deux-nouveaux-et-un-retour-a-lesperance-de-tunis\/#primaryimage\"},\"image\":{\"@id\":\"https:\/\/kapitalis.com\/tunisie\/2018\/08\/05\/volleyball-deux-nouveaux-et-un-retour-a-lesperance-de-tunis\/#primaryimage\"},\"thumbnailUrl\":\"\",\"datePublished\":\"2018-08-05T11:14:36+00:00\",\"dateModified\":\"2018-08-05T11:16:33+00:00\",\"breadcrumb\":{\"@id\":\"https:\/\/kapitalis.com\/tunisie\/2018\/08\/05\/volleyball-deux-nouveaux-et-un-retour-a-lesperance-de-tunis\/#breadcrumb\"},\"inLanguage\":\"fr-FR\",\"potentialAction\":[{\"@type\":\"ReadAction\",\"target\":[\"https:\/\/kapitalis.com\/tunisie\/2018\/08\/05\/volleyball-deux-nouveaux-et-un-retour-a-lesperance-de-tunis\/\"]}]},{\"@type\":\"ImageObject\",\"inLanguage\":\"fr-FR\",\"@id\":\"https:\/\/kapitalis.com\/tunisie\/2018\/08\/05\/volleyball-deux-nouveaux-et-un-retour-a-lesperance-de-tunis\/#primaryimage\",\"url\":\"\",\"contentUrl\":\"\"},{\"@type\":\"BreadcrumbList\",\"@id\":\"https:\/\/kapitalis.com\/tunisie\/2018\/08\/05\/volleyball-deux-nouveaux-et-un-retour-a-lesperance-de-tunis\/#breadcrumb\",\"itemListElement\":[{\"@type\":\"ListItem\",\"position\":1,\"name\":\"Accueil\",\"item\":\"https:\/\/kapitalis.com\/tunisie\/\"},{\"@type\":\"ListItem\",\"position\":2,\"name\":\"Volleyball : deux nouveaux et un retour \u00e0 l\u2019Esp\u00e9rance de Tunis\"}]},{\"@type\":\"WebSite\",\"@id\":\"https:\/\/kapitalis.com\/tunisie\/#website\",\"url\":\"https:\/\/kapitalis.com\/tunisie\/\",\"name\":\"Kapitalis\",\"description\":\"L&#039;actualit\u00e9 en Tunisie et dans le monde\",\"publisher\":{\"@id\":\"https:\/\/kapitalis.com\/tunisie\/#organization\"},\"potentialAction\":[{\"@type\":\"SearchAction\",\"target\":{\"@type\":\"EntryPoint\",\"urlTemplate\":\"https:\/\/kapitalis.com\/tunisie\/?s={search_term_string}\"},\"query-input\":{\"@type\":\"PropertyValueSpecification\",\"valueRequired\":true,\"valueName\":\"search_term_string\"}}],\"inLanguage\":\"fr-FR\"},{\"@type\":\"Organization\",\"@id\":\"https:\/\/kapitalis.com\/tunisie\/#organization\",\"name\":\"Kapitalis\",\"url\":\"https:\/\/kapitalis.com\/tunisie\/\",\"logo\":{\"@type\":\"ImageObject\",\"inLanguage\":\"fr-FR\",\"@id\":\"https:\/\/kapitalis.com\/tunisie\/#\/schema\/logo\/image\/\",\"url\":\"https:\/\/kapitalis.com\/tunisie\/wp-content\/uploads\/2022\/05\/Kapitalis-big-size.png\",\"contentUrl\":\"https:\/\/kapitalis.com\/tunisie\/wp-content\/uploads\/2022\/05\/Kapitalis-big-size.png\",\"width\":5000,\"height\":1500,\"caption\":\"Kapitalis\"},\"image\":{\"@id\":\"https:\/\/kapitalis.com\/tunisie\/#\/schema\/logo\/image\/\"},\"sameAs\":[\"https:\/\/www.facebook.com\/KapitalisInfo\/\",\"https:\/\/x.com\/KapitalisInfo\",\"https:\/\/www.youtube.com\/channel\/UC-yDYrHyfFBWWZaOw3FPg9Q\"]},{\"@type\":\"Person\",\"@id\":\"https:\/\/kapitalis.com\/tunisie\/#\/schema\/person\/d71f33a9ca44f7bad4698210b480c8e9\",\"name\":\"webmaster kapitalis\",\"url\":\"https:\/\/kapitalis.com\/tunisie\/author\/webmaster-kapitalis\/\"}]}<\/script>\n<!-- \/ Yoast SEO plugin. -->","yoast_head_json":{"title":"Volleyball : deux nouveaux et un retour \u00e0 l\u2019Esp\u00e9rance de Tunis - Kapitalis","robots":{"index":"index","follow":"follow","max-snippet":"max-snippet:-1","max-image-preview":"max-image-preview:large","max-video-preview":"max-video-preview:-1"},"canonical":"https:\/\/kapitalis.com\/tunisie\/2018\/08\/05\/volleyball-deux-nouveaux-et-un-retour-a-lesperance-de-tunis\/","og_locale":"fr_FR","og_type":"article","og_title":"Volleyball : deux nouveaux et un retour \u00e0 l\u2019Esp\u00e9rance de Tunis - Kapitalis","og_description":"Mehdi Ketata renforce les rangs des \u00ab\u00a0sang et or\u00a0\u00bb. L\u2019Esp\u00e9rance sportive de Tunis (EST) a engag\u00e9 hier, samedi 4 ao\u00fbt 2018, l\u2019international libyen Mohamed El Ghoul pour une saison renouvelable.","og_url":"https:\/\/kapitalis.com\/tunisie\/2018\/08\/05\/volleyball-deux-nouveaux-et-un-retour-a-lesperance-de-tunis\/","og_site_name":"Kapitalis","article_publisher":"https:\/\/www.facebook.com\/KapitalisInfo\/","article_published_time":"2018-08-05T11:14:36+00:00","article_modified_time":"2018-08-05T11:16:33+00:00","og_image":[{"width":1200,"height":630,"url":"https:\/\/kapitalis.com\/tunisie\/wp-content\/uploads\/2022\/05\/kapitalis-logo-fb.png","type":"image\/png"}],"author":"webmaster kapitalis","twitter_card":"summary_large_image","twitter_creator":"@KapitalisInfo","twitter_site":"@KapitalisInfo","twitter_misc":{"\u00c9crit par":"webmaster kapitalis","Dur\u00e9e de lecture estim\u00e9e":"1 minute"},"schema":{"@context":"https:\/\/schema.org","@graph":[{"@type":"Article","@id":"https:\/\/kapitalis.com\/tunisie\/2018\/08\/05\/volleyball-deux-nouveaux-et-un-retour-a-lesperance-de-tunis\/#article","isPartOf":{"@id":"https:\/\/kapitalis.com\/tunisie\/2018\/08\/05\/volleyball-deux-nouveaux-et-un-retour-a-lesperance-de-tunis\/"},"author":{"name":"webmaster kapitalis","@id":"https:\/\/kapitalis.com\/tunisie\/#\/schema\/person\/d71f33a9ca44f7bad4698210b480c8e9"},"headline":"Volleyball : deux nouveaux et un retour \u00e0 l\u2019Esp\u00e9rance de Tunis","datePublished":"2018-08-05T11:14:36+00:00","dateModified":"2018-08-05T11:16:33+00:00","mainEntityOfPage":{"@id":"https:\/\/kapitalis.com\/tunisie\/2018\/08\/05\/volleyball-deux-nouveaux-et-un-retour-a-lesperance-de-tunis\/"},"wordCount":265,"commentCount":0,"publisher":{"@id":"https:\/\/kapitalis.com\/tunisie\/#organization"},"image":{"@id":"https:\/\/kapitalis.com\/tunisie\/2018\/08\/05\/volleyball-deux-nouveaux-et-un-retour-a-lesperance-de-tunis\/#primaryimage"},"thumbnailUrl":"","keywords":["Esp\u00e9rance de Tunis"],"articleSection":["SPORT","Tunisie"],"inLanguage":"fr-FR","potentialAction":[{"@type":"CommentAction","name":"Comment","target":["https:\/\/kapitalis.com\/tunisie\/2018\/08\/05\/volleyball-deux-nouveaux-et-un-retour-a-lesperance-de-tunis\/#respond"]}]},{"@type":"WebPage","@id":"https:\/\/kapitalis.com\/tunisie\/2018\/08\/05\/volleyball-deux-nouveaux-et-un-retour-a-lesperance-de-tunis\/","url":"https:\/\/kapitalis.com\/tunisie\/2018\/08\/05\/volleyball-deux-nouveaux-et-un-retour-a-lesperance-de-tunis\/","name":"Volleyball : deux nouveaux et un retour \u00e0 l\u2019Esp\u00e9rance de Tunis - Kapitalis","isPartOf":{"@id":"https:\/\/kapitalis.com\/tunisie\/#website"},"primaryImageOfPage":{"@id":"https:\/\/kapitalis.com\/tunisie\/2018\/08\/05\/volleyball-deux-nouveaux-et-un-retour-a-lesperance-de-tunis\/#primaryimage"},"image":{"@id":"https:\/\/kapitalis.com\/tunisie\/2018\/08\/05\/volleyball-deux-nouveaux-et-un-retour-a-lesperance-de-tunis\/#primaryimage"},"thumbnailUrl":"","datePublished":"2018-08-05T11:14:36+00:00","dateModified":"2018-08-05T11:16:33+00:00","breadcrumb":{"@id":"https:\/\/kapitalis.com\/tunisie\/2018\/08\/05\/volleyball-deux-nouveaux-et-un-retour-a-lesperance-de-tunis\/#breadcrumb"},"inLanguage":"fr-FR","potentialAction":[{"@type":"ReadAction","target":["https:\/\/kapitalis.com\/tunisie\/2018\/08\/05\/volleyball-deux-nouveaux-et-un-retour-a-lesperance-de-tunis\/"]}]},{"@type":"ImageObject","inLanguage":"fr-FR","@id":"https:\/\/kapitalis.com\/tunisie\/2018\/08\/05\/volleyball-deux-nouveaux-et-un-retour-a-lesperance-de-tunis\/#primaryimage","url":"","contentUrl":""},{"@type":"BreadcrumbList","@id":"https:\/\/kapitalis.com\/tunisie\/2018\/08\/05\/volleyball-deux-nouveaux-et-un-retour-a-lesperance-de-tunis\/#breadcrumb","itemListElement":[{"@type":"ListItem","position":1,"name":"Accueil","item":"https:\/\/kapitalis.com\/tunisie\/"},{"@type":"ListItem","position":2,"name":"Volleyball : deux nouveaux et un retour \u00e0 l\u2019Esp\u00e9rance de Tunis"}]},{"@type":"WebSite","@id":"https:\/\/kapitalis.com\/tunisie\/#website","url":"https:\/\/kapitalis.com\/tunisie\/","name":"Kapitalis","description":"L&#039;actualit\u00e9 en Tunisie et dans le monde","publisher":{"@id":"https:\/\/kapitalis.com\/tunisie\/#organization"},"potentialAction":[{"@type":"SearchAction","target":{"@type":"EntryPoint","urlTemplate":"https:\/\/kapitalis.com\/tunisie\/?s={search_term_string}"},"query-input":{"@type":"PropertyValueSpecification","valueRequired":true,"valueName":"search_term_string"}}],"inLanguage":"fr-FR"},{"@type":"Organization","@id":"https:\/\/kapitalis.com\/tunisie\/#organization","name":"Kapitalis","url":"https:\/\/kapitalis.com\/tunisie\/","logo":{"@type":"ImageObject","inLanguage":"fr-FR","@id":"https:\/\/kapitalis.com\/tunisie\/#\/schema\/logo\/image\/","url":"https:\/\/kapitalis.com\/tunisie\/wp-content\/uploads\/2022\/05\/Kapitalis-big-size.png","contentUrl":"https:\/\/kapitalis.com\/tunisie\/wp-content\/uploads\/2022\/05\/Kapitalis-big-size.png","width":5000,"height":1500,"caption":"Kapitalis"},"image":{"@id":"https:\/\/kapitalis.com\/tunisie\/#\/schema\/logo\/image\/"},"sameAs":["https:\/\/www.facebook.com\/KapitalisInfo\/","https:\/\/x.com\/KapitalisInfo","https:\/\/www.youtube.com\/channel\/UC-yDYrHyfFBWWZaOw3FPg9Q"]},{"@type":"Person","@id":"https:\/\/kapitalis.com\/tunisie\/#\/schema\/person\/d71f33a9ca44f7bad4698210b480c8e9","name":"webmaster kapitalis","url":"https:\/\/kapitalis.com\/tunisie\/author\/webmaster-kapitalis\/"}]}},"_links":{"self":[{"href":"https:\/\/kapitalis.com\/tunisie\/wp-json\/wp\/v2\/posts\/167715","targetHints":{"allow":["GET"]}}],"collection":[{"href":"https:\/\/kapitalis.com\/tunisie\/wp-json\/wp\/v2\/posts"}],"about":[{"href":"https:\/\/kapitalis.com\/tunisie\/wp-json\/wp\/v2\/types\/post"}],"author":[{"embeddable":true,"href":"https:\/\/kapitalis.com\/tunisie\/wp-json\/wp\/v2\/users\/8"}],"replies":[{"embeddable":true,"href":"https:\/\/kapitalis.com\/tunisie\/wp-json\/wp\/v2\/comments?post=167715"}],"version-history":[{"count":0,"href":"https:\/\/kapitalis.com\/tunisie\/wp-json\/wp\/v2\/posts\/167715\/revisions"}],"wp:featuredmedia":[{"embeddable":true,"href":"https:\/\/kapitalis.com\/tunisie\/wp-json\/wp\/v2\/media\/167716"}],"wp:attachment":[{"href":"https:\/\/kapitalis.com\/tunisie\/wp-json\/wp\/v2\/media?parent=167715"}],"wp:term":[{"taxonomy":"category","embeddable":true,"href":"https:\/\/kapitalis.com\/tunisie\/wp-json\/wp\/v2\/categories?post=167715"},{"taxonomy":"post_tag","embeddable":true,"href":"https:\/\/kapitalis.com\/tunisie\/wp-json\/wp\/v2\/tags?post=167715"}],"curies":[{"name":"wp","href":"https:\/\/api.w.org\/{rel}","templated":true}]}}