{"id":167755,"date":"2018-08-06T10:58:00","date_gmt":"2018-08-06T09:58:00","guid":{"rendered":"http:\/\/kapitalis.com\/tunisie\/?p=167755"},"modified":"2018-08-06T10:58:29","modified_gmt":"2018-08-06T09:58:29","slug":"tunisie-probable-retour-de-sami-aidoudi-en-allemagne","status":"publish","type":"post","link":"https:\/\/kapitalis.com\/tunisie\/2018\/08\/06\/tunisie-probable-retour-de-sami-aidoudi-en-allemagne\/","title":{"rendered":"Tunisie : Probable retour de Sami Aidoudi en Allemagne"},"content":{"rendered":"<p style=\"text-align: center;\"><img loading=\"lazy\" decoding=\"async\" class=\"alignnone size-full wp-image-164952\" src=\"http:\/\/kapitalis.com\/tunisie\/wp-content\/uploads\/2018\/07\/Sami-Aidoudi-Ben-Laden.jpg\" alt=\"\" width=\"626\" height=\"380\" \/><\/p>\n<p><em><strong>Sami Aidoudi, pr\u00e9sum\u00e9 ancien garde du corps d&rsquo;Oussama Ben Laden, l&rsquo;ex-chef du groupe terroriste Al-Qa\u00efda, pourrait retourner en Allemagne, o\u00f9 il r\u00e9sidait avant son rapatriement en Tunisie.<\/strong><\/em><!--more--><\/p>\n<p>C&rsquo;est ce qu&rsquo;ont rapport\u00e9 les m\u00e9dias allemands, dimanche 5 ao\u00fbt 2018, en pr\u00e9cisant que le juge d&rsquo;instruction du P\u00f4le judiciaire antiterroriste tunisien a r\u00e9cemment re\u00e7u un appel t\u00e9l\u00e9phonique de l&rsquo;avocat du Tunisien de 42 ans et p\u00e8re de 4 enfants, Seda Basay-Yildiz, lui expliquant qu&rsquo;il n&rsquo;y avait aucune interdiction de voyage \u00e9mis \u00e0 l&rsquo;encontre de son client. Ce dernier, par cons\u00e9quent, peut retrouver sa famille vivant en Allemagne.<\/p>\n<p>L&rsquo;avocate aurait m\u00eame demand\u00e9 \u00e0 la ville de Bochum,\u00a0situ\u00e9e dans la r\u00e9gion de la Ruhr, de verser une indemnit\u00e9 de compensation de 10.000 euros \u00e0 son client qui est toujours en Tunisie.<\/p>\n<p>Toutefois, le laissez-passer tunisien de Sami Aidoudi, qui avait \u00e9t\u00e9 lib\u00e9r\u00e9 par les autorit\u00e9s de son pays \u00e0 la fin du mois dernier, est encore aux mains de la police. Les autorit\u00e9s allemandes comptent, de leur c\u00f4t\u00e9, d\u00e9livrer au Tunisien un passeport afin qu&rsquo;il puisse\u00a0rentrer au plus vite dans son pays d\u2019accueil.<\/p>\n<p>Notons que le juge d&rsquo;instruction n&rsquo;a pas trouv\u00e9 assez d&rsquo;\u00e9l\u00e9ments pouvant inculper Sami Aidoudi et prouvant qu&rsquo;il avait \u00e9t\u00e9 membre d&rsquo;Al-Qa\u00efda.<\/p>\n<p>Sofiene Selliti, porte-parole du P\u00f4le judiciaire antiterroriste tunisien, avait expliqu\u00e9 aux m\u00e9dias que le Tunisien est maintenu en libert\u00e9 en Tunisie pour les besoins de l&rsquo;enqu\u00eate.<\/p>\n<p style=\"text-align: right;\"><strong>E. B. A.<\/strong><\/p>\n<blockquote class=\"wp-embedded-content\" data-secret=\"REc8iLrAnq\"><p><a href=\"https:\/\/kapitalis.com\/tunisie\/2018\/04\/25\/un-tunisien-ancien-garde-du-corps-de-ben-laden-vit-aux-crochets-des-allemands\/\">Un Tunisien, ancien garde-du-corps de Ben Laden, vit aux crochets des Allemands<\/a><\/p><\/blockquote>\n<p><iframe loading=\"lazy\" class=\"wp-embedded-content\" sandbox=\"allow-scripts\" security=\"restricted\" style=\"position: absolute; clip: rect(1px, 1px, 1px, 1px);\" title=\"\u00ab\u00a0Un Tunisien, ancien garde-du-corps de Ben Laden, vit aux crochets des Allemands\u00a0\u00bb &#8212; Kapitalis\" src=\"https:\/\/kapitalis.com\/tunisie\/2018\/04\/25\/un-tunisien-ancien-garde-du-corps-de-ben-laden-vit-aux-crochets-des-allemands\/embed\/#?secret=zttcw6xstA#?secret=REc8iLrAnq\" data-secret=\"REc8iLrAnq\" width=\"600\" height=\"338\" frameborder=\"0\" marginwidth=\"0\" marginheight=\"0\" scrolling=\"no\"><\/iframe><\/p>\n<blockquote class=\"wp-embedded-content\" data-secret=\"rMbtKHt4iM\"><p><a href=\"https:\/\/kapitalis.com\/tunisie\/2018\/07\/27\/tunisie-liberation-de-sami-aidoudi-garde-du-corps-de-ben-laden\/\">Tunisie : Lib\u00e9ration de Sami Aidoudi, garde-du-corps de Ben Laden<\/a><\/p><\/blockquote>\n<p><iframe loading=\"lazy\" class=\"wp-embedded-content\" sandbox=\"allow-scripts\" security=\"restricted\" style=\"position: absolute; clip: rect(1px, 1px, 1px, 1px);\" title=\"\u00ab\u00a0Tunisie : Lib\u00e9ration de Sami Aidoudi, garde-du-corps de Ben Laden\u00a0\u00bb &#8212; Kapitalis\" src=\"https:\/\/kapitalis.com\/tunisie\/2018\/07\/27\/tunisie-liberation-de-sami-aidoudi-garde-du-corps-de-ben-laden\/embed\/#?secret=a1AAnmN8OS#?secret=rMbtKHt4iM\" data-secret=\"rMbtKHt4iM\" width=\"600\" height=\"338\" frameborder=\"0\" marginwidth=\"0\" marginheight=\"0\" scrolling=\"no\"><\/iframe><\/p>\n","protected":false},"excerpt":{"rendered":"<p>Sami Aidoudi, pr\u00e9sum\u00e9 ancien garde du corps d&rsquo;Oussama Ben Laden, l&rsquo;ex-chef du groupe terroriste Al-Qa\u00efda, pourrait retourner en Allemagne, o\u00f9 il r\u00e9sidait avant son rapatriement en Tunisie.<\/p>\n","protected":false},"author":16,"featured_media":0,"comment_status":"open","ping_status":"open","sticky":false,"template":"","format":"standard","meta":{"footnotes":""},"categories":[998,2433],"tags":[2009,19439,48531,7854],"class_list":["post-167755","post","type-post","status-publish","format-standard","hentry","category-societe","category-tunisie","tag-al-qaida","tag-oussama-ben-laden","tag-sami-aidoudi","tag-sofiene-selliti"],"yoast_head":"<!-- This site is optimized with the Yoast SEO plugin v26.6 - https:\/\/yoast.com\/wordpress\/plugins\/seo\/ -->\n<title>Tunisie : Probable retour de Sami Aidoudi en Allemagne - Kapitalis<\/title>\n<meta name=\"robots\" content=\"index, follow, max-snippet:-1, max-image-preview:large, max-video-preview:-1\" \/>\n<link rel=\"canonical\" href=\"https:\/\/kapitalis.com\/tunisie\/2018\/08\/06\/tunisie-probable-retour-de-sami-aidoudi-en-allemagne\/\" \/>\n<meta property=\"og:locale\" content=\"fr_FR\" \/>\n<meta property=\"og:type\" content=\"article\" \/>\n<meta property=\"og:title\" content=\"Tunisie : Probable retour de Sami Aidoudi en Allemagne - Kapitalis\" \/>\n<meta property=\"og:description\" content=\"Sami Aidoudi, pr\u00e9sum\u00e9 ancien garde du corps d&rsquo;Oussama Ben Laden, l&rsquo;ex-chef du groupe terroriste Al-Qa\u00efda, pourrait retourner en Allemagne, o\u00f9 il r\u00e9sidait avant son rapatriement en Tunisie.\" \/>\n<meta property=\"og:url\" content=\"https:\/\/kapitalis.com\/tunisie\/2018\/08\/06\/tunisie-probable-retour-de-sami-aidoudi-en-allemagne\/\" \/>\n<meta property=\"og:site_name\" content=\"Kapitalis\" \/>\n<meta property=\"article:publisher\" content=\"https:\/\/www.facebook.com\/KapitalisInfo\/\" \/>\n<meta property=\"article:published_time\" content=\"2018-08-06T09:58:00+00:00\" \/>\n<meta property=\"article:modified_time\" content=\"2018-08-06T09:58:29+00:00\" \/>\n<meta property=\"og:image\" content=\"http:\/\/kapitalis.com\/tunisie\/wp-content\/uploads\/2018\/07\/Sami-Aidoudi-Ben-Laden.jpg\" \/>\n<meta name=\"author\" content=\"emna benabdallah\" \/>\n<meta name=\"twitter:card\" content=\"summary_large_image\" \/>\n<meta name=\"twitter:creator\" content=\"@KapitalisInfo\" \/>\n<meta name=\"twitter:site\" content=\"@KapitalisInfo\" \/>\n<meta name=\"twitter:label1\" content=\"\u00c9crit par\" \/>\n\t<meta name=\"twitter:data1\" content=\"emna benabdallah\" \/>\n\t<meta name=\"twitter:label2\" content=\"Dur\u00e9e de lecture estim\u00e9e\" \/>\n\t<meta name=\"twitter:data2\" content=\"1 minute\" \/>\n<script type=\"application\/ld+json\" class=\"yoast-schema-graph\">{\"@context\":\"https:\/\/schema.org\",\"@graph\":[{\"@type\":\"Article\",\"@id\":\"https:\/\/kapitalis.com\/tunisie\/2018\/08\/06\/tunisie-probable-retour-de-sami-aidoudi-en-allemagne\/#article\",\"isPartOf\":{\"@id\":\"https:\/\/kapitalis.com\/tunisie\/2018\/08\/06\/tunisie-probable-retour-de-sami-aidoudi-en-allemagne\/\"},\"author\":{\"name\":\"emna benabdallah\",\"@id\":\"https:\/\/kapitalis.com\/tunisie\/#\/schema\/person\/2c6e134b2f3369dffcd1daf5f087d28b\"},\"headline\":\"Tunisie : Probable retour de Sami Aidoudi en Allemagne\",\"datePublished\":\"2018-08-06T09:58:00+00:00\",\"dateModified\":\"2018-08-06T09:58:29+00:00\",\"mainEntityOfPage\":{\"@id\":\"https:\/\/kapitalis.com\/tunisie\/2018\/08\/06\/tunisie-probable-retour-de-sami-aidoudi-en-allemagne\/\"},\"wordCount\":268,\"commentCount\":0,\"publisher\":{\"@id\":\"https:\/\/kapitalis.com\/tunisie\/#organization\"},\"image\":{\"@id\":\"https:\/\/kapitalis.com\/tunisie\/2018\/08\/06\/tunisie-probable-retour-de-sami-aidoudi-en-allemagne\/#primaryimage\"},\"thumbnailUrl\":\"http:\/\/kapitalis.com\/tunisie\/wp-content\/uploads\/2018\/07\/Sami-Aidoudi-Ben-Laden.jpg\",\"keywords\":[\"Al-Qa\u00efda\",\"Oussama Ben Laden\",\"Sami Aidoudi\",\"Sofi\u00e8ne Selliti\"],\"articleSection\":[\"SOCIETE\",\"Tunisie\"],\"inLanguage\":\"fr-FR\",\"potentialAction\":[{\"@type\":\"CommentAction\",\"name\":\"Comment\",\"target\":[\"https:\/\/kapitalis.com\/tunisie\/2018\/08\/06\/tunisie-probable-retour-de-sami-aidoudi-en-allemagne\/#respond\"]}]},{\"@type\":\"WebPage\",\"@id\":\"https:\/\/kapitalis.com\/tunisie\/2018\/08\/06\/tunisie-probable-retour-de-sami-aidoudi-en-allemagne\/\",\"url\":\"https:\/\/kapitalis.com\/tunisie\/2018\/08\/06\/tunisie-probable-retour-de-sami-aidoudi-en-allemagne\/\",\"name\":\"Tunisie : Probable retour de Sami Aidoudi en Allemagne - Kapitalis\",\"isPartOf\":{\"@id\":\"https:\/\/kapitalis.com\/tunisie\/#website\"},\"primaryImageOfPage\":{\"@id\":\"https:\/\/kapitalis.com\/tunisie\/2018\/08\/06\/tunisie-probable-retour-de-sami-aidoudi-en-allemagne\/#primaryimage\"},\"image\":{\"@id\":\"https:\/\/kapitalis.com\/tunisie\/2018\/08\/06\/tunisie-probable-retour-de-sami-aidoudi-en-allemagne\/#primaryimage\"},\"thumbnailUrl\":\"http:\/\/kapitalis.com\/tunisie\/wp-content\/uploads\/2018\/07\/Sami-Aidoudi-Ben-Laden.jpg\",\"datePublished\":\"2018-08-06T09:58:00+00:00\",\"dateModified\":\"2018-08-06T09:58:29+00:00\",\"breadcrumb\":{\"@id\":\"https:\/\/kapitalis.com\/tunisie\/2018\/08\/06\/tunisie-probable-retour-de-sami-aidoudi-en-allemagne\/#breadcrumb\"},\"inLanguage\":\"fr-FR\",\"potentialAction\":[{\"@type\":\"ReadAction\",\"target\":[\"https:\/\/kapitalis.com\/tunisie\/2018\/08\/06\/tunisie-probable-retour-de-sami-aidoudi-en-allemagne\/\"]}]},{\"@type\":\"ImageObject\",\"inLanguage\":\"fr-FR\",\"@id\":\"https:\/\/kapitalis.com\/tunisie\/2018\/08\/06\/tunisie-probable-retour-de-sami-aidoudi-en-allemagne\/#primaryimage\",\"url\":\"http:\/\/kapitalis.com\/tunisie\/wp-content\/uploads\/2018\/07\/Sami-Aidoudi-Ben-Laden.jpg\",\"contentUrl\":\"http:\/\/kapitalis.com\/tunisie\/wp-content\/uploads\/2018\/07\/Sami-Aidoudi-Ben-Laden.jpg\"},{\"@type\":\"BreadcrumbList\",\"@id\":\"https:\/\/kapitalis.com\/tunisie\/2018\/08\/06\/tunisie-probable-retour-de-sami-aidoudi-en-allemagne\/#breadcrumb\",\"itemListElement\":[{\"@type\":\"ListItem\",\"position\":1,\"name\":\"Accueil\",\"item\":\"https:\/\/kapitalis.com\/tunisie\/\"},{\"@type\":\"ListItem\",\"position\":2,\"name\":\"Tunisie : Probable retour de Sami Aidoudi en Allemagne\"}]},{\"@type\":\"WebSite\",\"@id\":\"https:\/\/kapitalis.com\/tunisie\/#website\",\"url\":\"https:\/\/kapitalis.com\/tunisie\/\",\"name\":\"Kapitalis\",\"description\":\"L&#039;actualit\u00e9 en Tunisie et dans le monde\",\"publisher\":{\"@id\":\"https:\/\/kapitalis.com\/tunisie\/#organization\"},\"potentialAction\":[{\"@type\":\"SearchAction\",\"target\":{\"@type\":\"EntryPoint\",\"urlTemplate\":\"https:\/\/kapitalis.com\/tunisie\/?s={search_term_string}\"},\"query-input\":{\"@type\":\"PropertyValueSpecification\",\"valueRequired\":true,\"valueName\":\"search_term_string\"}}],\"inLanguage\":\"fr-FR\"},{\"@type\":\"Organization\",\"@id\":\"https:\/\/kapitalis.com\/tunisie\/#organization\",\"name\":\"Kapitalis\",\"url\":\"https:\/\/kapitalis.com\/tunisie\/\",\"logo\":{\"@type\":\"ImageObject\",\"inLanguage\":\"fr-FR\",\"@id\":\"https:\/\/kapitalis.com\/tunisie\/#\/schema\/logo\/image\/\",\"url\":\"https:\/\/kapitalis.com\/tunisie\/wp-content\/uploads\/2022\/05\/Kapitalis-big-size.png\",\"contentUrl\":\"https:\/\/kapitalis.com\/tunisie\/wp-content\/uploads\/2022\/05\/Kapitalis-big-size.png\",\"width\":5000,\"height\":1500,\"caption\":\"Kapitalis\"},\"image\":{\"@id\":\"https:\/\/kapitalis.com\/tunisie\/#\/schema\/logo\/image\/\"},\"sameAs\":[\"https:\/\/www.facebook.com\/KapitalisInfo\/\",\"https:\/\/x.com\/KapitalisInfo\",\"https:\/\/www.youtube.com\/channel\/UC-yDYrHyfFBWWZaOw3FPg9Q\"]},{\"@type\":\"Person\",\"@id\":\"https:\/\/kapitalis.com\/tunisie\/#\/schema\/person\/2c6e134b2f3369dffcd1daf5f087d28b\",\"name\":\"emna benabdallah\",\"url\":\"https:\/\/kapitalis.com\/tunisie\/author\/emna\/\"}]}<\/script>\n<!-- \/ Yoast SEO plugin. -->","yoast_head_json":{"title":"Tunisie : Probable retour de Sami Aidoudi en Allemagne - Kapitalis","robots":{"index":"index","follow":"follow","max-snippet":"max-snippet:-1","max-image-preview":"max-image-preview:large","max-video-preview":"max-video-preview:-1"},"canonical":"https:\/\/kapitalis.com\/tunisie\/2018\/08\/06\/tunisie-probable-retour-de-sami-aidoudi-en-allemagne\/","og_locale":"fr_FR","og_type":"article","og_title":"Tunisie : Probable retour de Sami Aidoudi en Allemagne - Kapitalis","og_description":"Sami Aidoudi, pr\u00e9sum\u00e9 ancien garde du corps d&rsquo;Oussama Ben Laden, l&rsquo;ex-chef du groupe terroriste Al-Qa\u00efda, pourrait retourner en Allemagne, o\u00f9 il r\u00e9sidait avant son rapatriement en Tunisie.","og_url":"https:\/\/kapitalis.com\/tunisie\/2018\/08\/06\/tunisie-probable-retour-de-sami-aidoudi-en-allemagne\/","og_site_name":"Kapitalis","article_publisher":"https:\/\/www.facebook.com\/KapitalisInfo\/","article_published_time":"2018-08-06T09:58:00+00:00","article_modified_time":"2018-08-06T09:58:29+00:00","og_image":[{"url":"http:\/\/kapitalis.com\/tunisie\/wp-content\/uploads\/2018\/07\/Sami-Aidoudi-Ben-Laden.jpg","type":"","width":"","height":""}],"author":"emna benabdallah","twitter_card":"summary_large_image","twitter_creator":"@KapitalisInfo","twitter_site":"@KapitalisInfo","twitter_misc":{"\u00c9crit par":"emna benabdallah","Dur\u00e9e de lecture estim\u00e9e":"1 minute"},"schema":{"@context":"https:\/\/schema.org","@graph":[{"@type":"Article","@id":"https:\/\/kapitalis.com\/tunisie\/2018\/08\/06\/tunisie-probable-retour-de-sami-aidoudi-en-allemagne\/#article","isPartOf":{"@id":"https:\/\/kapitalis.com\/tunisie\/2018\/08\/06\/tunisie-probable-retour-de-sami-aidoudi-en-allemagne\/"},"author":{"name":"emna benabdallah","@id":"https:\/\/kapitalis.com\/tunisie\/#\/schema\/person\/2c6e134b2f3369dffcd1daf5f087d28b"},"headline":"Tunisie : Probable retour de Sami Aidoudi en Allemagne","datePublished":"2018-08-06T09:58:00+00:00","dateModified":"2018-08-06T09:58:29+00:00","mainEntityOfPage":{"@id":"https:\/\/kapitalis.com\/tunisie\/2018\/08\/06\/tunisie-probable-retour-de-sami-aidoudi-en-allemagne\/"},"wordCount":268,"commentCount":0,"publisher":{"@id":"https:\/\/kapitalis.com\/tunisie\/#organization"},"image":{"@id":"https:\/\/kapitalis.com\/tunisie\/2018\/08\/06\/tunisie-probable-retour-de-sami-aidoudi-en-allemagne\/#primaryimage"},"thumbnailUrl":"http:\/\/kapitalis.com\/tunisie\/wp-content\/uploads\/2018\/07\/Sami-Aidoudi-Ben-Laden.jpg","keywords":["Al-Qa\u00efda","Oussama Ben Laden","Sami Aidoudi","Sofi\u00e8ne Selliti"],"articleSection":["SOCIETE","Tunisie"],"inLanguage":"fr-FR","potentialAction":[{"@type":"CommentAction","name":"Comment","target":["https:\/\/kapitalis.com\/tunisie\/2018\/08\/06\/tunisie-probable-retour-de-sami-aidoudi-en-allemagne\/#respond"]}]},{"@type":"WebPage","@id":"https:\/\/kapitalis.com\/tunisie\/2018\/08\/06\/tunisie-probable-retour-de-sami-aidoudi-en-allemagne\/","url":"https:\/\/kapitalis.com\/tunisie\/2018\/08\/06\/tunisie-probable-retour-de-sami-aidoudi-en-allemagne\/","name":"Tunisie : Probable retour de Sami Aidoudi en Allemagne - Kapitalis","isPartOf":{"@id":"https:\/\/kapitalis.com\/tunisie\/#website"},"primaryImageOfPage":{"@id":"https:\/\/kapitalis.com\/tunisie\/2018\/08\/06\/tunisie-probable-retour-de-sami-aidoudi-en-allemagne\/#primaryimage"},"image":{"@id":"https:\/\/kapitalis.com\/tunisie\/2018\/08\/06\/tunisie-probable-retour-de-sami-aidoudi-en-allemagne\/#primaryimage"},"thumbnailUrl":"http:\/\/kapitalis.com\/tunisie\/wp-content\/uploads\/2018\/07\/Sami-Aidoudi-Ben-Laden.jpg","datePublished":"2018-08-06T09:58:00+00:00","dateModified":"2018-08-06T09:58:29+00:00","breadcrumb":{"@id":"https:\/\/kapitalis.com\/tunisie\/2018\/08\/06\/tunisie-probable-retour-de-sami-aidoudi-en-allemagne\/#breadcrumb"},"inLanguage":"fr-FR","potentialAction":[{"@type":"ReadAction","target":["https:\/\/kapitalis.com\/tunisie\/2018\/08\/06\/tunisie-probable-retour-de-sami-aidoudi-en-allemagne\/"]}]},{"@type":"ImageObject","inLanguage":"fr-FR","@id":"https:\/\/kapitalis.com\/tunisie\/2018\/08\/06\/tunisie-probable-retour-de-sami-aidoudi-en-allemagne\/#primaryimage","url":"http:\/\/kapitalis.com\/tunisie\/wp-content\/uploads\/2018\/07\/Sami-Aidoudi-Ben-Laden.jpg","contentUrl":"http:\/\/kapitalis.com\/tunisie\/wp-content\/uploads\/2018\/07\/Sami-Aidoudi-Ben-Laden.jpg"},{"@type":"BreadcrumbList","@id":"https:\/\/kapitalis.com\/tunisie\/2018\/08\/06\/tunisie-probable-retour-de-sami-aidoudi-en-allemagne\/#breadcrumb","itemListElement":[{"@type":"ListItem","position":1,"name":"Accueil","item":"https:\/\/kapitalis.com\/tunisie\/"},{"@type":"ListItem","position":2,"name":"Tunisie : Probable retour de Sami Aidoudi en Allemagne"}]},{"@type":"WebSite","@id":"https:\/\/kapitalis.com\/tunisie\/#website","url":"https:\/\/kapitalis.com\/tunisie\/","name":"Kapitalis","description":"L&#039;actualit\u00e9 en Tunisie et dans le monde","publisher":{"@id":"https:\/\/kapitalis.com\/tunisie\/#organization"},"potentialAction":[{"@type":"SearchAction","target":{"@type":"EntryPoint","urlTemplate":"https:\/\/kapitalis.com\/tunisie\/?s={search_term_string}"},"query-input":{"@type":"PropertyValueSpecification","valueRequired":true,"valueName":"search_term_string"}}],"inLanguage":"fr-FR"},{"@type":"Organization","@id":"https:\/\/kapitalis.com\/tunisie\/#organization","name":"Kapitalis","url":"https:\/\/kapitalis.com\/tunisie\/","logo":{"@type":"ImageObject","inLanguage":"fr-FR","@id":"https:\/\/kapitalis.com\/tunisie\/#\/schema\/logo\/image\/","url":"https:\/\/kapitalis.com\/tunisie\/wp-content\/uploads\/2022\/05\/Kapitalis-big-size.png","contentUrl":"https:\/\/kapitalis.com\/tunisie\/wp-content\/uploads\/2022\/05\/Kapitalis-big-size.png","width":5000,"height":1500,"caption":"Kapitalis"},"image":{"@id":"https:\/\/kapitalis.com\/tunisie\/#\/schema\/logo\/image\/"},"sameAs":["https:\/\/www.facebook.com\/KapitalisInfo\/","https:\/\/x.com\/KapitalisInfo","https:\/\/www.youtube.com\/channel\/UC-yDYrHyfFBWWZaOw3FPg9Q"]},{"@type":"Person","@id":"https:\/\/kapitalis.com\/tunisie\/#\/schema\/person\/2c6e134b2f3369dffcd1daf5f087d28b","name":"emna benabdallah","url":"https:\/\/kapitalis.com\/tunisie\/author\/emna\/"}]}},"_links":{"self":[{"href":"https:\/\/kapitalis.com\/tunisie\/wp-json\/wp\/v2\/posts\/167755","targetHints":{"allow":["GET"]}}],"collection":[{"href":"https:\/\/kapitalis.com\/tunisie\/wp-json\/wp\/v2\/posts"}],"about":[{"href":"https:\/\/kapitalis.com\/tunisie\/wp-json\/wp\/v2\/types\/post"}],"author":[{"embeddable":true,"href":"https:\/\/kapitalis.com\/tunisie\/wp-json\/wp\/v2\/users\/16"}],"replies":[{"embeddable":true,"href":"https:\/\/kapitalis.com\/tunisie\/wp-json\/wp\/v2\/comments?post=167755"}],"version-history":[{"count":0,"href":"https:\/\/kapitalis.com\/tunisie\/wp-json\/wp\/v2\/posts\/167755\/revisions"}],"wp:attachment":[{"href":"https:\/\/kapitalis.com\/tunisie\/wp-json\/wp\/v2\/media?parent=167755"}],"wp:term":[{"taxonomy":"category","embeddable":true,"href":"https:\/\/kapitalis.com\/tunisie\/wp-json\/wp\/v2\/categories?post=167755"},{"taxonomy":"post_tag","embeddable":true,"href":"https:\/\/kapitalis.com\/tunisie\/wp-json\/wp\/v2\/tags?post=167755"}],"curies":[{"name":"wp","href":"https:\/\/api.w.org\/{rel}","templated":true}]}}