{"id":168008,"date":"2018-08-07T13:59:17","date_gmt":"2018-08-07T12:59:17","guid":{"rendered":"http:\/\/kapitalis.com\/tunisie\/?p=168008"},"modified":"2018-08-07T13:59:36","modified_gmt":"2018-08-07T12:59:36","slug":"arrestation-des-agresseurs-presumes-des-campeurs-de-bizerte","status":"publish","type":"post","link":"https:\/\/kapitalis.com\/tunisie\/2018\/08\/07\/arrestation-des-agresseurs-presumes-des-campeurs-de-bizerte\/","title":{"rendered":"Arrestation des agresseurs pr\u00e9sum\u00e9s des campeurs de Bizerte"},"content":{"rendered":"<p style=\"text-align: center;\"><img loading=\"lazy\" decoding=\"async\" class=\"alignnone size-full wp-image-168017\" src=\"http:\/\/kapitalis.com\/tunisie\/wp-content\/uploads\/2018\/08\/Chatt-El-Houichet.jpg\" alt=\"\" width=\"626\" height=\"380\" \/><\/p>\n<p style=\"text-align: center;\"><em>Chatt El-Houichet.<\/em><\/p>\n<p><em><strong>La police a arr\u00eat\u00e9 aujourd\u2019hui, mardi 7 ao\u00fbt 2018, \u00e0 Bizerte, 6 individus suspect\u00e9s d\u2019avoir agress\u00e9, dimanche dernier, \u00e0 l\u2019arme blanche, et vol\u00e9 un groupe de campeurs \u00e0 Chatt El-Houichet.<\/strong><\/em><!--more--><\/p>\n<p>C\u2019est ce qu\u2019indique le minist\u00e8re de l\u2019Int\u00e9rieur en ajoutant que les 6 suspects \u00e2g\u00e9 de 19 \u00e0 26 ans, habitant \u00e0 Bizerte et dont certains sont connus des services de police. Des t\u00e9l\u00e9phones portables, de l\u2019argent et des effets personnels ont \u00e9t\u00e9 saisis lors de perquisitions men\u00e9es aux domiciles des suspects.<\/p>\n<p>Ces derniers, qui ont \u00e9t\u00e9 maintenus en d\u00e9tention, ont avou\u00e9, selon la m\u00eame source, qu\u2019ils se sont rendus, dimanche dernier, \u00e0 Chatt El-Houichet, o\u00f9 ils ont organis\u00e9 une soir\u00e9e arros\u00e9e, avant d\u2019agresser les campeurs pour les braquer.<\/p>\n<p style=\"text-align: right;\"><strong>Y. N.<\/strong><\/p>\n","protected":false},"excerpt":{"rendered":"<p>Chatt El-Houichet. La police a arr\u00eat\u00e9 aujourd\u2019hui, mardi 7 ao\u00fbt 2018, \u00e0 Bizerte, 6 individus suspect\u00e9s d\u2019avoir agress\u00e9, dimanche dernier, \u00e0 l\u2019arme blanche, et vol\u00e9 un groupe de campeurs \u00e0 Chatt El-Houichet.<\/p>\n","protected":false},"author":6,"featured_media":168017,"comment_status":"open","ping_status":"open","sticky":false,"template":"","format":"standard","meta":{"footnotes":""},"categories":[998,2433],"tags":[45,82,148,960],"class_list":["post-168008","post","type-post","status-publish","format-standard","has-post-thumbnail","hentry","category-societe","category-tunisie","tag-agression","tag-armes-blanches","tag-bizerte","tag-vol"],"yoast_head":"<!-- This site is optimized with the Yoast SEO plugin v26.6 - https:\/\/yoast.com\/wordpress\/plugins\/seo\/ -->\n<title>Arrestation des agresseurs pr\u00e9sum\u00e9s des campeurs de Bizerte - Kapitalis<\/title>\n<meta name=\"robots\" content=\"index, follow, max-snippet:-1, max-image-preview:large, max-video-preview:-1\" \/>\n<link rel=\"canonical\" href=\"https:\/\/kapitalis.com\/tunisie\/2018\/08\/07\/arrestation-des-agresseurs-presumes-des-campeurs-de-bizerte\/\" \/>\n<meta property=\"og:locale\" content=\"fr_FR\" \/>\n<meta property=\"og:type\" content=\"article\" \/>\n<meta property=\"og:title\" content=\"Arrestation des agresseurs pr\u00e9sum\u00e9s des campeurs de Bizerte - Kapitalis\" \/>\n<meta property=\"og:description\" content=\"Chatt El-Houichet. La police a arr\u00eat\u00e9 aujourd\u2019hui, mardi 7 ao\u00fbt 2018, \u00e0 Bizerte, 6 individus suspect\u00e9s d\u2019avoir agress\u00e9, dimanche dernier, \u00e0 l\u2019arme blanche, et vol\u00e9 un groupe de campeurs \u00e0 Chatt El-Houichet.\" \/>\n<meta property=\"og:url\" content=\"https:\/\/kapitalis.com\/tunisie\/2018\/08\/07\/arrestation-des-agresseurs-presumes-des-campeurs-de-bizerte\/\" \/>\n<meta property=\"og:site_name\" content=\"Kapitalis\" \/>\n<meta property=\"article:publisher\" content=\"https:\/\/www.facebook.com\/KapitalisInfo\/\" \/>\n<meta property=\"article:published_time\" content=\"2018-08-07T12:59:17+00:00\" \/>\n<meta property=\"article:modified_time\" content=\"2018-08-07T12:59:36+00:00\" \/>\n<meta property=\"og:image\" content=\"https:\/\/kapitalis.com\/tunisie\/wp-content\/uploads\/2022\/05\/kapitalis-logo-fb.png\" \/>\n\t<meta property=\"og:image:width\" content=\"1200\" \/>\n\t<meta property=\"og:image:height\" content=\"630\" \/>\n\t<meta property=\"og:image:type\" content=\"image\/png\" \/>\n<meta name=\"author\" content=\"Yusra NY\" \/>\n<meta name=\"twitter:card\" content=\"summary_large_image\" \/>\n<meta name=\"twitter:creator\" content=\"@KapitalisInfo\" \/>\n<meta name=\"twitter:site\" content=\"@KapitalisInfo\" \/>\n<meta name=\"twitter:label1\" content=\"\u00c9crit par\" \/>\n\t<meta name=\"twitter:data1\" content=\"Yusra NY\" \/>\n\t<meta name=\"twitter:label2\" content=\"Dur\u00e9e de lecture estim\u00e9e\" \/>\n\t<meta name=\"twitter:data2\" content=\"1 minute\" \/>\n<script type=\"application\/ld+json\" class=\"yoast-schema-graph\">{\"@context\":\"https:\/\/schema.org\",\"@graph\":[{\"@type\":\"Article\",\"@id\":\"https:\/\/kapitalis.com\/tunisie\/2018\/08\/07\/arrestation-des-agresseurs-presumes-des-campeurs-de-bizerte\/#article\",\"isPartOf\":{\"@id\":\"https:\/\/kapitalis.com\/tunisie\/2018\/08\/07\/arrestation-des-agresseurs-presumes-des-campeurs-de-bizerte\/\"},\"author\":{\"name\":\"Yusra NY\",\"@id\":\"https:\/\/kapitalis.com\/tunisie\/#\/schema\/person\/74bbde0154d49d790a92aaeac5bc01d5\"},\"headline\":\"Arrestation des agresseurs pr\u00e9sum\u00e9s des campeurs de Bizerte\",\"datePublished\":\"2018-08-07T12:59:17+00:00\",\"dateModified\":\"2018-08-07T12:59:36+00:00\",\"mainEntityOfPage\":{\"@id\":\"https:\/\/kapitalis.com\/tunisie\/2018\/08\/07\/arrestation-des-agresseurs-presumes-des-campeurs-de-bizerte\/\"},\"wordCount\":141,\"commentCount\":1,\"publisher\":{\"@id\":\"https:\/\/kapitalis.com\/tunisie\/#organization\"},\"image\":{\"@id\":\"https:\/\/kapitalis.com\/tunisie\/2018\/08\/07\/arrestation-des-agresseurs-presumes-des-campeurs-de-bizerte\/#primaryimage\"},\"thumbnailUrl\":\"\",\"keywords\":[\"agression\",\"armes blanches\",\"Bizerte\",\"vol\"],\"articleSection\":[\"SOCIETE\",\"Tunisie\"],\"inLanguage\":\"fr-FR\",\"potentialAction\":[{\"@type\":\"CommentAction\",\"name\":\"Comment\",\"target\":[\"https:\/\/kapitalis.com\/tunisie\/2018\/08\/07\/arrestation-des-agresseurs-presumes-des-campeurs-de-bizerte\/#respond\"]}]},{\"@type\":\"WebPage\",\"@id\":\"https:\/\/kapitalis.com\/tunisie\/2018\/08\/07\/arrestation-des-agresseurs-presumes-des-campeurs-de-bizerte\/\",\"url\":\"https:\/\/kapitalis.com\/tunisie\/2018\/08\/07\/arrestation-des-agresseurs-presumes-des-campeurs-de-bizerte\/\",\"name\":\"Arrestation des agresseurs pr\u00e9sum\u00e9s des campeurs de Bizerte - Kapitalis\",\"isPartOf\":{\"@id\":\"https:\/\/kapitalis.com\/tunisie\/#website\"},\"primaryImageOfPage\":{\"@id\":\"https:\/\/kapitalis.com\/tunisie\/2018\/08\/07\/arrestation-des-agresseurs-presumes-des-campeurs-de-bizerte\/#primaryimage\"},\"image\":{\"@id\":\"https:\/\/kapitalis.com\/tunisie\/2018\/08\/07\/arrestation-des-agresseurs-presumes-des-campeurs-de-bizerte\/#primaryimage\"},\"thumbnailUrl\":\"\",\"datePublished\":\"2018-08-07T12:59:17+00:00\",\"dateModified\":\"2018-08-07T12:59:36+00:00\",\"breadcrumb\":{\"@id\":\"https:\/\/kapitalis.com\/tunisie\/2018\/08\/07\/arrestation-des-agresseurs-presumes-des-campeurs-de-bizerte\/#breadcrumb\"},\"inLanguage\":\"fr-FR\",\"potentialAction\":[{\"@type\":\"ReadAction\",\"target\":[\"https:\/\/kapitalis.com\/tunisie\/2018\/08\/07\/arrestation-des-agresseurs-presumes-des-campeurs-de-bizerte\/\"]}]},{\"@type\":\"ImageObject\",\"inLanguage\":\"fr-FR\",\"@id\":\"https:\/\/kapitalis.com\/tunisie\/2018\/08\/07\/arrestation-des-agresseurs-presumes-des-campeurs-de-bizerte\/#primaryimage\",\"url\":\"\",\"contentUrl\":\"\"},{\"@type\":\"BreadcrumbList\",\"@id\":\"https:\/\/kapitalis.com\/tunisie\/2018\/08\/07\/arrestation-des-agresseurs-presumes-des-campeurs-de-bizerte\/#breadcrumb\",\"itemListElement\":[{\"@type\":\"ListItem\",\"position\":1,\"name\":\"Accueil\",\"item\":\"https:\/\/kapitalis.com\/tunisie\/\"},{\"@type\":\"ListItem\",\"position\":2,\"name\":\"Arrestation des agresseurs pr\u00e9sum\u00e9s des campeurs de Bizerte\"}]},{\"@type\":\"WebSite\",\"@id\":\"https:\/\/kapitalis.com\/tunisie\/#website\",\"url\":\"https:\/\/kapitalis.com\/tunisie\/\",\"name\":\"Kapitalis\",\"description\":\"L&#039;actualit\u00e9 en Tunisie et dans le monde\",\"publisher\":{\"@id\":\"https:\/\/kapitalis.com\/tunisie\/#organization\"},\"potentialAction\":[{\"@type\":\"SearchAction\",\"target\":{\"@type\":\"EntryPoint\",\"urlTemplate\":\"https:\/\/kapitalis.com\/tunisie\/?s={search_term_string}\"},\"query-input\":{\"@type\":\"PropertyValueSpecification\",\"valueRequired\":true,\"valueName\":\"search_term_string\"}}],\"inLanguage\":\"fr-FR\"},{\"@type\":\"Organization\",\"@id\":\"https:\/\/kapitalis.com\/tunisie\/#organization\",\"name\":\"Kapitalis\",\"url\":\"https:\/\/kapitalis.com\/tunisie\/\",\"logo\":{\"@type\":\"ImageObject\",\"inLanguage\":\"fr-FR\",\"@id\":\"https:\/\/kapitalis.com\/tunisie\/#\/schema\/logo\/image\/\",\"url\":\"https:\/\/kapitalis.com\/tunisie\/wp-content\/uploads\/2022\/05\/Kapitalis-big-size.png\",\"contentUrl\":\"https:\/\/kapitalis.com\/tunisie\/wp-content\/uploads\/2022\/05\/Kapitalis-big-size.png\",\"width\":5000,\"height\":1500,\"caption\":\"Kapitalis\"},\"image\":{\"@id\":\"https:\/\/kapitalis.com\/tunisie\/#\/schema\/logo\/image\/\"},\"sameAs\":[\"https:\/\/www.facebook.com\/KapitalisInfo\/\",\"https:\/\/x.com\/KapitalisInfo\",\"https:\/\/www.youtube.com\/channel\/UC-yDYrHyfFBWWZaOw3FPg9Q\"]},{\"@type\":\"Person\",\"@id\":\"https:\/\/kapitalis.com\/tunisie\/#\/schema\/person\/74bbde0154d49d790a92aaeac5bc01d5\",\"name\":\"Yusra NY\",\"url\":\"https:\/\/kapitalis.com\/tunisie\/author\/yuza_adam\/\"}]}<\/script>\n<!-- \/ Yoast SEO plugin. -->","yoast_head_json":{"title":"Arrestation des agresseurs pr\u00e9sum\u00e9s des campeurs de Bizerte - Kapitalis","robots":{"index":"index","follow":"follow","max-snippet":"max-snippet:-1","max-image-preview":"max-image-preview:large","max-video-preview":"max-video-preview:-1"},"canonical":"https:\/\/kapitalis.com\/tunisie\/2018\/08\/07\/arrestation-des-agresseurs-presumes-des-campeurs-de-bizerte\/","og_locale":"fr_FR","og_type":"article","og_title":"Arrestation des agresseurs pr\u00e9sum\u00e9s des campeurs de Bizerte - Kapitalis","og_description":"Chatt El-Houichet. La police a arr\u00eat\u00e9 aujourd\u2019hui, mardi 7 ao\u00fbt 2018, \u00e0 Bizerte, 6 individus suspect\u00e9s d\u2019avoir agress\u00e9, dimanche dernier, \u00e0 l\u2019arme blanche, et vol\u00e9 un groupe de campeurs \u00e0 Chatt El-Houichet.","og_url":"https:\/\/kapitalis.com\/tunisie\/2018\/08\/07\/arrestation-des-agresseurs-presumes-des-campeurs-de-bizerte\/","og_site_name":"Kapitalis","article_publisher":"https:\/\/www.facebook.com\/KapitalisInfo\/","article_published_time":"2018-08-07T12:59:17+00:00","article_modified_time":"2018-08-07T12:59:36+00:00","og_image":[{"width":1200,"height":630,"url":"https:\/\/kapitalis.com\/tunisie\/wp-content\/uploads\/2022\/05\/kapitalis-logo-fb.png","type":"image\/png"}],"author":"Yusra NY","twitter_card":"summary_large_image","twitter_creator":"@KapitalisInfo","twitter_site":"@KapitalisInfo","twitter_misc":{"\u00c9crit par":"Yusra NY","Dur\u00e9e de lecture estim\u00e9e":"1 minute"},"schema":{"@context":"https:\/\/schema.org","@graph":[{"@type":"Article","@id":"https:\/\/kapitalis.com\/tunisie\/2018\/08\/07\/arrestation-des-agresseurs-presumes-des-campeurs-de-bizerte\/#article","isPartOf":{"@id":"https:\/\/kapitalis.com\/tunisie\/2018\/08\/07\/arrestation-des-agresseurs-presumes-des-campeurs-de-bizerte\/"},"author":{"name":"Yusra NY","@id":"https:\/\/kapitalis.com\/tunisie\/#\/schema\/person\/74bbde0154d49d790a92aaeac5bc01d5"},"headline":"Arrestation des agresseurs pr\u00e9sum\u00e9s des campeurs de Bizerte","datePublished":"2018-08-07T12:59:17+00:00","dateModified":"2018-08-07T12:59:36+00:00","mainEntityOfPage":{"@id":"https:\/\/kapitalis.com\/tunisie\/2018\/08\/07\/arrestation-des-agresseurs-presumes-des-campeurs-de-bizerte\/"},"wordCount":141,"commentCount":1,"publisher":{"@id":"https:\/\/kapitalis.com\/tunisie\/#organization"},"image":{"@id":"https:\/\/kapitalis.com\/tunisie\/2018\/08\/07\/arrestation-des-agresseurs-presumes-des-campeurs-de-bizerte\/#primaryimage"},"thumbnailUrl":"","keywords":["agression","armes blanches","Bizerte","vol"],"articleSection":["SOCIETE","Tunisie"],"inLanguage":"fr-FR","potentialAction":[{"@type":"CommentAction","name":"Comment","target":["https:\/\/kapitalis.com\/tunisie\/2018\/08\/07\/arrestation-des-agresseurs-presumes-des-campeurs-de-bizerte\/#respond"]}]},{"@type":"WebPage","@id":"https:\/\/kapitalis.com\/tunisie\/2018\/08\/07\/arrestation-des-agresseurs-presumes-des-campeurs-de-bizerte\/","url":"https:\/\/kapitalis.com\/tunisie\/2018\/08\/07\/arrestation-des-agresseurs-presumes-des-campeurs-de-bizerte\/","name":"Arrestation des agresseurs pr\u00e9sum\u00e9s des campeurs de Bizerte - Kapitalis","isPartOf":{"@id":"https:\/\/kapitalis.com\/tunisie\/#website"},"primaryImageOfPage":{"@id":"https:\/\/kapitalis.com\/tunisie\/2018\/08\/07\/arrestation-des-agresseurs-presumes-des-campeurs-de-bizerte\/#primaryimage"},"image":{"@id":"https:\/\/kapitalis.com\/tunisie\/2018\/08\/07\/arrestation-des-agresseurs-presumes-des-campeurs-de-bizerte\/#primaryimage"},"thumbnailUrl":"","datePublished":"2018-08-07T12:59:17+00:00","dateModified":"2018-08-07T12:59:36+00:00","breadcrumb":{"@id":"https:\/\/kapitalis.com\/tunisie\/2018\/08\/07\/arrestation-des-agresseurs-presumes-des-campeurs-de-bizerte\/#breadcrumb"},"inLanguage":"fr-FR","potentialAction":[{"@type":"ReadAction","target":["https:\/\/kapitalis.com\/tunisie\/2018\/08\/07\/arrestation-des-agresseurs-presumes-des-campeurs-de-bizerte\/"]}]},{"@type":"ImageObject","inLanguage":"fr-FR","@id":"https:\/\/kapitalis.com\/tunisie\/2018\/08\/07\/arrestation-des-agresseurs-presumes-des-campeurs-de-bizerte\/#primaryimage","url":"","contentUrl":""},{"@type":"BreadcrumbList","@id":"https:\/\/kapitalis.com\/tunisie\/2018\/08\/07\/arrestation-des-agresseurs-presumes-des-campeurs-de-bizerte\/#breadcrumb","itemListElement":[{"@type":"ListItem","position":1,"name":"Accueil","item":"https:\/\/kapitalis.com\/tunisie\/"},{"@type":"ListItem","position":2,"name":"Arrestation des agresseurs pr\u00e9sum\u00e9s des campeurs de Bizerte"}]},{"@type":"WebSite","@id":"https:\/\/kapitalis.com\/tunisie\/#website","url":"https:\/\/kapitalis.com\/tunisie\/","name":"Kapitalis","description":"L&#039;actualit\u00e9 en Tunisie et dans le monde","publisher":{"@id":"https:\/\/kapitalis.com\/tunisie\/#organization"},"potentialAction":[{"@type":"SearchAction","target":{"@type":"EntryPoint","urlTemplate":"https:\/\/kapitalis.com\/tunisie\/?s={search_term_string}"},"query-input":{"@type":"PropertyValueSpecification","valueRequired":true,"valueName":"search_term_string"}}],"inLanguage":"fr-FR"},{"@type":"Organization","@id":"https:\/\/kapitalis.com\/tunisie\/#organization","name":"Kapitalis","url":"https:\/\/kapitalis.com\/tunisie\/","logo":{"@type":"ImageObject","inLanguage":"fr-FR","@id":"https:\/\/kapitalis.com\/tunisie\/#\/schema\/logo\/image\/","url":"https:\/\/kapitalis.com\/tunisie\/wp-content\/uploads\/2022\/05\/Kapitalis-big-size.png","contentUrl":"https:\/\/kapitalis.com\/tunisie\/wp-content\/uploads\/2022\/05\/Kapitalis-big-size.png","width":5000,"height":1500,"caption":"Kapitalis"},"image":{"@id":"https:\/\/kapitalis.com\/tunisie\/#\/schema\/logo\/image\/"},"sameAs":["https:\/\/www.facebook.com\/KapitalisInfo\/","https:\/\/x.com\/KapitalisInfo","https:\/\/www.youtube.com\/channel\/UC-yDYrHyfFBWWZaOw3FPg9Q"]},{"@type":"Person","@id":"https:\/\/kapitalis.com\/tunisie\/#\/schema\/person\/74bbde0154d49d790a92aaeac5bc01d5","name":"Yusra NY","url":"https:\/\/kapitalis.com\/tunisie\/author\/yuza_adam\/"}]}},"_links":{"self":[{"href":"https:\/\/kapitalis.com\/tunisie\/wp-json\/wp\/v2\/posts\/168008","targetHints":{"allow":["GET"]}}],"collection":[{"href":"https:\/\/kapitalis.com\/tunisie\/wp-json\/wp\/v2\/posts"}],"about":[{"href":"https:\/\/kapitalis.com\/tunisie\/wp-json\/wp\/v2\/types\/post"}],"author":[{"embeddable":true,"href":"https:\/\/kapitalis.com\/tunisie\/wp-json\/wp\/v2\/users\/6"}],"replies":[{"embeddable":true,"href":"https:\/\/kapitalis.com\/tunisie\/wp-json\/wp\/v2\/comments?post=168008"}],"version-history":[{"count":0,"href":"https:\/\/kapitalis.com\/tunisie\/wp-json\/wp\/v2\/posts\/168008\/revisions"}],"wp:featuredmedia":[{"embeddable":true,"href":"https:\/\/kapitalis.com\/tunisie\/wp-json\/wp\/v2\/media\/168017"}],"wp:attachment":[{"href":"https:\/\/kapitalis.com\/tunisie\/wp-json\/wp\/v2\/media?parent=168008"}],"wp:term":[{"taxonomy":"category","embeddable":true,"href":"https:\/\/kapitalis.com\/tunisie\/wp-json\/wp\/v2\/categories?post=168008"},{"taxonomy":"post_tag","embeddable":true,"href":"https:\/\/kapitalis.com\/tunisie\/wp-json\/wp\/v2\/tags?post=168008"}],"curies":[{"name":"wp","href":"https:\/\/api.w.org\/{rel}","templated":true}]}}