{"id":168011,"date":"2018-08-07T12:52:09","date_gmt":"2018-08-07T11:52:09","guid":{"rendered":"http:\/\/kapitalis.com\/tunisie\/?p=168011"},"modified":"2018-08-07T12:54:00","modified_gmt":"2018-08-07T11:54:00","slug":"ites-focus-sur-le-secteur-des-medicaments-en-tunisie","status":"publish","type":"post","link":"https:\/\/kapitalis.com\/tunisie\/2018\/08\/07\/ites-focus-sur-le-secteur-des-medicaments-en-tunisie\/","title":{"rendered":"Ites : Focus sur le secteur des m\u00e9dicaments en Tunisie"},"content":{"rendered":"<p style=\"text-align: center;\"><img loading=\"lazy\" decoding=\"async\" class=\"alignnone size-full wp-image-168012\" src=\"http:\/\/kapitalis.com\/tunisie\/wp-content\/uploads\/2018\/08\/Pharmacie-Centrale-Ites.jpg\" alt=\"\" width=\"626\" height=\"380\" \/><\/p>\n<p><em><strong>Dans le cycle des \u00abRendez-vous d\u2019Amilcar\u00bb, l\u2019Institut tunisien des \u00e9tudes strat\u00e9giques (Ites) organise, le 8 ao\u00fbt 2018, \u00e0 son si\u00e8ge \u00e0 Dar El Hana I (150, avenue Habib Bourguiba, Carthage Amilcar), une table-ronde sur le th\u00e8me: \u00abLe secteur des m\u00e9dicaments en Tunisie\u00bb<\/strong> <\/em><\/p>\n<p><!--more--><\/p>\n<p>Depuis quelques mois, consommateurs et professionnels de la sant\u00e9 pointent du doigt la raret\u00e9 voire l\u2019absence totale de certains m\u00e9dicaments, principalement import\u00e9s, des pharmacies et des h\u00f4pitaux et ce, \u00e0 l\u2019\u00e9chelle nationale. La Pharmacie centrale de Tunisie (PCT), qui centralise les importations de m\u00e9dicaments en Tunisie et une partie de la distribution, n\u2019admet pas l\u2019existence d\u2019une telle p\u00e9nurie. Les syndicalistes des officines et de la Pharmacie centrale ne cessent d\u2019alerter sur la baisse constante du stock strat\u00e9gique des m\u00e9dicaments et de l\u2019absence, bien r\u00e9elle, de certains m\u00e9dicaments du march\u00e9.<\/p>\n<p>La centralisation des importations par la PCT a, pendant de tr\u00e8s longues ann\u00e9es, assur\u00e9 la stabilit\u00e9 du secteur en garantissant la disponibilit\u00e9 des m\u00e9dicaments, leur contr\u00f4le, et la ma\u00eetrise de l\u2019augmentation des prix gr\u00e2ce au syst\u00e8me de compensation, qui a permis un maintien de prix relativement bas des m\u00e9dicaments vitaux import\u00e9s. Cependant, il semblerait que ce syst\u00e8me touche aujourd\u2019hui ses limites.<\/p>\n<p>En effet, la demande accrue sur le march\u00e9 local depuis 2011 et suite \u00e0 la crise en Libye, la contrebande et le vol de m\u00e9dicaments dans les \u00e9tablissements de sant\u00e9 publique sont des facteurs qui ont mis \u00e0 mal ce syst\u00e8me en augmentant drastiquement la part du budget du minist\u00e8re de la Sant\u00e9 consacr\u00e9e \u00e0 l\u2019importation mais \u00e9galement \u00e0 la compensation. Cette derni\u00e8re profite de plus en plus aux contrebandiers qui exportent illicitement des m\u00e9dicaments subventionn\u00e9s \u00e0 des pays voisins.<\/p>\n<p>L\u2019augmentation de la demande est, toutefois, loin d\u2019\u00eatre le seul facteur pouvant expliquer cette crise. La crise du dinar tunisien qui ne cesse de chuter face \u00e0 l\u2019euro et au dollar, la r\u00e9gression du stock en devises et la crise des caisses sociales et des institutions publiques en g\u00e9n\u00e9ral sont autant de facteurs qui ont contribu\u00e9 \u00e0 accentuer la p\u00e9nurie des m\u00e9dicaments en Tunisie.<\/p>\n<p>Ainsi, les h\u00f4pitaux et les caisses sociales, qui ont failli \u00e0 leurs engagements de paiement envers la PCT, se trouvant elle-m\u00eame dans l\u2019incapacit\u00e9 de payer ces dettes envers les fournisseurs internationaux, sont aujourd\u2019hui point\u00e9s du doigt comme \u00e9tant parmi les principaux responsables de la crise.<\/p>\n<p>Pourtant, la Tunisie est l\u2019un des premiers pays africains \u00e0 s\u2019\u00eatre dot\u00e9 d\u2019une industrie pharmaceutique, lorsque, d\u00e8s la fin des ann\u00e9es 1980, l\u2019Etat a mis en place un cadre juridique r\u00e9glementaire ad\u00e9quat au d\u00e9veloppement du secteur, \u00e0 sa privatisation et au d\u00e9veloppement de l\u2019investissement \u00e9tranger, notamment en autorisant la d\u00e9tention de 100% du capital des soci\u00e9t\u00e9s pharmaceutiques par des \u00e9trangers. Ainsi, au d\u00e9but des ann\u00e9es 1990, la Tunisie comptait d\u00e9j\u00e0 trois unit\u00e9s de production publiques qui sont la Siphat, la Sovetex, et Institut Pasteur.<\/p>\n<p>Actuellement, le secteur de l\u2019industrie pharmaceutique en Tunisie regroupe 56 unit\u00e9s qui emploient pr\u00e8s de 6000 personnes. Des 56 unit\u00e9s, 28 sont des unit\u00e9s de production des m\u00e9dicaments \u00e0 usage humain, 6 sont des unit\u00e9s de m\u00e9dicaments \u00e0 usage v\u00e9t\u00e9rinaire et 22 sont des entreprises de dispositifs m\u00e9dicaux dont 50% sont totalement exportatrices.<\/p>\n<p>Cependant, le fait que l\u2019industrie pharmaceutique tunisienne soit limit\u00e9e \u00e0 la fabrication de m\u00e9dicaments g\u00e9n\u00e9riques principalement et de quelques m\u00e9dicaments sous licence et le manque de flexibilit\u00e9 du cadre r\u00e9glementaire, qui interdit \u00e0 un pharmacien de substituer un m\u00e9dicament prescrit \u00e0 un patient par un de ses g\u00e9n\u00e9riques, sont des entraves \u00e0 l\u2019ambition d\u2019augmenter le taux de couverture de la consommation de m\u00e9dicaments par la production locale.<\/p>\n<p>Face \u00e0 cette situation de <em>\u00abmanque de certains m\u00e9dicaments\u00bb<\/em>, cette table-ronde vise \u00e0 examiner de pr\u00e8s les causes de la raret\u00e9 ou de l\u2019absence totale de certains m\u00e9dicaments du march\u00e9 et d\u2019\u00e9tudier les solutions possibles. Cette rencontre donnera la parole aux principaux acteurs \u00e9tatiques et priv\u00e9s afin d\u2019apporter leurs \u00e9clairages sur l\u2019une des questions d\u2019actualit\u00e9 les plus controvers\u00e9es depuis quelques mois.<\/p>\n<p><em><strong>Source<\/strong><\/em> : communiqu\u00e9.<\/p>\n<blockquote class=\"wp-embedded-content\" data-secret=\"bQWEuVBoSN\"><p><a href=\"https:\/\/kapitalis.com\/tunisie\/2018\/08\/01\/penurie-de-medicaments-des-operations-a-coeur-ouvert-ont-ete-reportees\/\">P\u00e9nurie de m\u00e9dicaments : Des op\u00e9rations \u00e0 c\u0153ur ouvert ont \u00e9t\u00e9 report\u00e9es<\/a><\/p><\/blockquote>\n<p><iframe loading=\"lazy\" class=\"wp-embedded-content\" sandbox=\"allow-scripts\" security=\"restricted\" style=\"position: absolute; clip: rect(1px, 1px, 1px, 1px);\" title=\"\u00ab\u00a0P\u00e9nurie de m\u00e9dicaments : Des op\u00e9rations \u00e0 c\u0153ur ouvert ont \u00e9t\u00e9 report\u00e9es\u00a0\u00bb &#8212; Kapitalis\" src=\"https:\/\/kapitalis.com\/tunisie\/2018\/08\/01\/penurie-de-medicaments-des-operations-a-coeur-ouvert-ont-ete-reportees\/embed\/#?secret=XzrwE1WlK0#?secret=bQWEuVBoSN\" data-secret=\"bQWEuVBoSN\" width=\"600\" height=\"338\" frameborder=\"0\" marginwidth=\"0\" marginheight=\"0\" scrolling=\"no\"><\/iframe><\/p>\n<blockquote class=\"wp-embedded-content\" data-secret=\"11aIH2UyBz\"><p><a href=\"https:\/\/kapitalis.com\/tunisie\/2018\/07\/30\/penurie-de-medicaments-lordre-des-medecins-tire-la-sonnette-dalarme\/\">P\u00e9nurie de m\u00e9dicaments : L&rsquo;Ordre des m\u00e9decins tire la sonnette d&rsquo;alarme<\/a><\/p><\/blockquote>\n<p><iframe loading=\"lazy\" class=\"wp-embedded-content\" sandbox=\"allow-scripts\" security=\"restricted\" style=\"position: absolute; clip: rect(1px, 1px, 1px, 1px);\" title=\"\u00ab\u00a0P\u00e9nurie de m\u00e9dicaments : L&rsquo;Ordre des m\u00e9decins tire la sonnette d&rsquo;alarme\u00a0\u00bb &#8212; Kapitalis\" src=\"https:\/\/kapitalis.com\/tunisie\/2018\/07\/30\/penurie-de-medicaments-lordre-des-medecins-tire-la-sonnette-dalarme\/embed\/#?secret=dqcIPxAw0A#?secret=11aIH2UyBz\" data-secret=\"11aIH2UyBz\" width=\"600\" height=\"338\" frameborder=\"0\" marginwidth=\"0\" marginheight=\"0\" scrolling=\"no\"><\/iframe><\/p>\n<blockquote class=\"wp-embedded-content\" data-secret=\"JcB2k2A5Lt\"><p><a href=\"https:\/\/kapitalis.com\/tunisie\/2018\/07\/28\/sousse-arrestation-dun-employe-de-pharmacie-pour-vol-de-medicaments\/\">Sousse : Arrestation d&rsquo;un employ\u00e9 de pharmacie pour vol de m\u00e9dicaments<\/a><\/p><\/blockquote>\n<p><iframe loading=\"lazy\" class=\"wp-embedded-content\" sandbox=\"allow-scripts\" security=\"restricted\" style=\"position: absolute; clip: rect(1px, 1px, 1px, 1px);\" title=\"\u00ab\u00a0Sousse : Arrestation d&rsquo;un employ\u00e9 de pharmacie pour vol de m\u00e9dicaments\u00a0\u00bb &#8212; Kapitalis\" src=\"https:\/\/kapitalis.com\/tunisie\/2018\/07\/28\/sousse-arrestation-dun-employe-de-pharmacie-pour-vol-de-medicaments\/embed\/#?secret=VJAtpnMyjg#?secret=JcB2k2A5Lt\" data-secret=\"JcB2k2A5Lt\" width=\"600\" height=\"338\" frameborder=\"0\" marginwidth=\"0\" marginheight=\"0\" scrolling=\"no\"><\/iframe><\/p>\n","protected":false},"excerpt":{"rendered":"<p>Dans le cycle des \u00abRendez-vous d\u2019Amilcar\u00bb, l\u2019Institut tunisien des \u00e9tudes strat\u00e9giques (Ites) organise, le 8 ao\u00fbt 2018, \u00e0 son si\u00e8ge \u00e0 Dar El Hana I (150, avenue Habib Bourguiba, Carthage Amilcar), une table-ronde sur le th\u00e8me: \u00abLe secteur des m\u00e9dicaments en Tunisie\u00bb<\/p>\n","protected":false},"author":8,"featured_media":168012,"comment_status":"open","ping_status":"open","sticky":false,"template":"","format":"standard","meta":{"footnotes":""},"categories":[995,998,2433],"tags":[7330,3034,16023,1443,15871,2539],"class_list":["post-168011","post","type-post","status-publish","format-standard","has-post-thumbnail","hentry","category-economie","category-societe","category-tunisie","tag-caisses-sociales","tag-industrie-pharmaceutique","tag-institut-tunisien-des-etudes-strategiques","tag-medicaments","tag-pharmacie-centrale-de-tunisie","tag-pharmacies"],"yoast_head":"<!-- This site is optimized with the Yoast SEO plugin v26.6 - https:\/\/yoast.com\/wordpress\/plugins\/seo\/ -->\n<title>Ites : Focus sur le secteur des m\u00e9dicaments en Tunisie - Kapitalis<\/title>\n<meta name=\"robots\" content=\"index, follow, max-snippet:-1, max-image-preview:large, max-video-preview:-1\" \/>\n<link rel=\"canonical\" href=\"https:\/\/kapitalis.com\/tunisie\/2018\/08\/07\/ites-focus-sur-le-secteur-des-medicaments-en-tunisie\/\" \/>\n<meta property=\"og:locale\" content=\"fr_FR\" \/>\n<meta property=\"og:type\" content=\"article\" \/>\n<meta property=\"og:title\" content=\"Ites : Focus sur le secteur des m\u00e9dicaments en Tunisie - Kapitalis\" \/>\n<meta property=\"og:description\" content=\"Dans le cycle des \u00abRendez-vous d\u2019Amilcar\u00bb, l\u2019Institut tunisien des \u00e9tudes strat\u00e9giques (Ites) organise, le 8 ao\u00fbt 2018, \u00e0 son si\u00e8ge \u00e0 Dar El Hana I (150, avenue Habib Bourguiba, Carthage Amilcar), une table-ronde sur le th\u00e8me: \u00abLe secteur des m\u00e9dicaments en Tunisie\u00bb\" \/>\n<meta property=\"og:url\" content=\"https:\/\/kapitalis.com\/tunisie\/2018\/08\/07\/ites-focus-sur-le-secteur-des-medicaments-en-tunisie\/\" \/>\n<meta property=\"og:site_name\" content=\"Kapitalis\" \/>\n<meta property=\"article:publisher\" content=\"https:\/\/www.facebook.com\/KapitalisInfo\/\" \/>\n<meta property=\"article:published_time\" content=\"2018-08-07T11:52:09+00:00\" \/>\n<meta property=\"article:modified_time\" content=\"2018-08-07T11:54:00+00:00\" \/>\n<meta property=\"og:image\" content=\"https:\/\/kapitalis.com\/tunisie\/wp-content\/uploads\/2022\/05\/kapitalis-logo-fb.png\" \/>\n\t<meta property=\"og:image:width\" content=\"1200\" \/>\n\t<meta property=\"og:image:height\" content=\"630\" \/>\n\t<meta property=\"og:image:type\" content=\"image\/png\" \/>\n<meta name=\"author\" content=\"webmaster kapitalis\" \/>\n<meta name=\"twitter:card\" content=\"summary_large_image\" \/>\n<meta name=\"twitter:creator\" content=\"@KapitalisInfo\" \/>\n<meta name=\"twitter:site\" content=\"@KapitalisInfo\" \/>\n<meta name=\"twitter:label1\" content=\"\u00c9crit par\" \/>\n\t<meta name=\"twitter:data1\" content=\"webmaster kapitalis\" \/>\n\t<meta name=\"twitter:label2\" content=\"Dur\u00e9e de lecture estim\u00e9e\" \/>\n\t<meta name=\"twitter:data2\" content=\"4 minutes\" \/>\n<script type=\"application\/ld+json\" class=\"yoast-schema-graph\">{\"@context\":\"https:\/\/schema.org\",\"@graph\":[{\"@type\":\"Article\",\"@id\":\"https:\/\/kapitalis.com\/tunisie\/2018\/08\/07\/ites-focus-sur-le-secteur-des-medicaments-en-tunisie\/#article\",\"isPartOf\":{\"@id\":\"https:\/\/kapitalis.com\/tunisie\/2018\/08\/07\/ites-focus-sur-le-secteur-des-medicaments-en-tunisie\/\"},\"author\":{\"name\":\"webmaster kapitalis\",\"@id\":\"https:\/\/kapitalis.com\/tunisie\/#\/schema\/person\/d71f33a9ca44f7bad4698210b480c8e9\"},\"headline\":\"Ites : Focus sur le secteur des m\u00e9dicaments en Tunisie\",\"datePublished\":\"2018-08-07T11:52:09+00:00\",\"dateModified\":\"2018-08-07T11:54:00+00:00\",\"mainEntityOfPage\":{\"@id\":\"https:\/\/kapitalis.com\/tunisie\/2018\/08\/07\/ites-focus-sur-le-secteur-des-medicaments-en-tunisie\/\"},\"wordCount\":746,\"commentCount\":0,\"publisher\":{\"@id\":\"https:\/\/kapitalis.com\/tunisie\/#organization\"},\"image\":{\"@id\":\"https:\/\/kapitalis.com\/tunisie\/2018\/08\/07\/ites-focus-sur-le-secteur-des-medicaments-en-tunisie\/#primaryimage\"},\"thumbnailUrl\":\"\",\"keywords\":[\"caisses sociales\",\"industrie pharmaceutique\",\"Institut tunisien des \u00e9tudes strat\u00e9giques\",\"m\u00e9dicaments\",\"Pharmacie centrale de Tunisie\",\"pharmacies\"],\"articleSection\":[\"ECONOMIE\",\"SOCIETE\",\"Tunisie\"],\"inLanguage\":\"fr-FR\",\"potentialAction\":[{\"@type\":\"CommentAction\",\"name\":\"Comment\",\"target\":[\"https:\/\/kapitalis.com\/tunisie\/2018\/08\/07\/ites-focus-sur-le-secteur-des-medicaments-en-tunisie\/#respond\"]}]},{\"@type\":\"WebPage\",\"@id\":\"https:\/\/kapitalis.com\/tunisie\/2018\/08\/07\/ites-focus-sur-le-secteur-des-medicaments-en-tunisie\/\",\"url\":\"https:\/\/kapitalis.com\/tunisie\/2018\/08\/07\/ites-focus-sur-le-secteur-des-medicaments-en-tunisie\/\",\"name\":\"Ites : Focus sur le secteur des m\u00e9dicaments en Tunisie - Kapitalis\",\"isPartOf\":{\"@id\":\"https:\/\/kapitalis.com\/tunisie\/#website\"},\"primaryImageOfPage\":{\"@id\":\"https:\/\/kapitalis.com\/tunisie\/2018\/08\/07\/ites-focus-sur-le-secteur-des-medicaments-en-tunisie\/#primaryimage\"},\"image\":{\"@id\":\"https:\/\/kapitalis.com\/tunisie\/2018\/08\/07\/ites-focus-sur-le-secteur-des-medicaments-en-tunisie\/#primaryimage\"},\"thumbnailUrl\":\"\",\"datePublished\":\"2018-08-07T11:52:09+00:00\",\"dateModified\":\"2018-08-07T11:54:00+00:00\",\"breadcrumb\":{\"@id\":\"https:\/\/kapitalis.com\/tunisie\/2018\/08\/07\/ites-focus-sur-le-secteur-des-medicaments-en-tunisie\/#breadcrumb\"},\"inLanguage\":\"fr-FR\",\"potentialAction\":[{\"@type\":\"ReadAction\",\"target\":[\"https:\/\/kapitalis.com\/tunisie\/2018\/08\/07\/ites-focus-sur-le-secteur-des-medicaments-en-tunisie\/\"]}]},{\"@type\":\"ImageObject\",\"inLanguage\":\"fr-FR\",\"@id\":\"https:\/\/kapitalis.com\/tunisie\/2018\/08\/07\/ites-focus-sur-le-secteur-des-medicaments-en-tunisie\/#primaryimage\",\"url\":\"\",\"contentUrl\":\"\"},{\"@type\":\"BreadcrumbList\",\"@id\":\"https:\/\/kapitalis.com\/tunisie\/2018\/08\/07\/ites-focus-sur-le-secteur-des-medicaments-en-tunisie\/#breadcrumb\",\"itemListElement\":[{\"@type\":\"ListItem\",\"position\":1,\"name\":\"Accueil\",\"item\":\"https:\/\/kapitalis.com\/tunisie\/\"},{\"@type\":\"ListItem\",\"position\":2,\"name\":\"Ites : Focus sur le secteur des m\u00e9dicaments en Tunisie\"}]},{\"@type\":\"WebSite\",\"@id\":\"https:\/\/kapitalis.com\/tunisie\/#website\",\"url\":\"https:\/\/kapitalis.com\/tunisie\/\",\"name\":\"Kapitalis\",\"description\":\"L&#039;actualit\u00e9 en Tunisie et dans le monde\",\"publisher\":{\"@id\":\"https:\/\/kapitalis.com\/tunisie\/#organization\"},\"potentialAction\":[{\"@type\":\"SearchAction\",\"target\":{\"@type\":\"EntryPoint\",\"urlTemplate\":\"https:\/\/kapitalis.com\/tunisie\/?s={search_term_string}\"},\"query-input\":{\"@type\":\"PropertyValueSpecification\",\"valueRequired\":true,\"valueName\":\"search_term_string\"}}],\"inLanguage\":\"fr-FR\"},{\"@type\":\"Organization\",\"@id\":\"https:\/\/kapitalis.com\/tunisie\/#organization\",\"name\":\"Kapitalis\",\"url\":\"https:\/\/kapitalis.com\/tunisie\/\",\"logo\":{\"@type\":\"ImageObject\",\"inLanguage\":\"fr-FR\",\"@id\":\"https:\/\/kapitalis.com\/tunisie\/#\/schema\/logo\/image\/\",\"url\":\"https:\/\/kapitalis.com\/tunisie\/wp-content\/uploads\/2022\/05\/Kapitalis-big-size.png\",\"contentUrl\":\"https:\/\/kapitalis.com\/tunisie\/wp-content\/uploads\/2022\/05\/Kapitalis-big-size.png\",\"width\":5000,\"height\":1500,\"caption\":\"Kapitalis\"},\"image\":{\"@id\":\"https:\/\/kapitalis.com\/tunisie\/#\/schema\/logo\/image\/\"},\"sameAs\":[\"https:\/\/www.facebook.com\/KapitalisInfo\/\",\"https:\/\/x.com\/KapitalisInfo\",\"https:\/\/www.youtube.com\/channel\/UC-yDYrHyfFBWWZaOw3FPg9Q\"]},{\"@type\":\"Person\",\"@id\":\"https:\/\/kapitalis.com\/tunisie\/#\/schema\/person\/d71f33a9ca44f7bad4698210b480c8e9\",\"name\":\"webmaster kapitalis\",\"url\":\"https:\/\/kapitalis.com\/tunisie\/author\/webmaster-kapitalis\/\"}]}<\/script>\n<!-- \/ Yoast SEO plugin. -->","yoast_head_json":{"title":"Ites : Focus sur le secteur des m\u00e9dicaments en Tunisie - Kapitalis","robots":{"index":"index","follow":"follow","max-snippet":"max-snippet:-1","max-image-preview":"max-image-preview:large","max-video-preview":"max-video-preview:-1"},"canonical":"https:\/\/kapitalis.com\/tunisie\/2018\/08\/07\/ites-focus-sur-le-secteur-des-medicaments-en-tunisie\/","og_locale":"fr_FR","og_type":"article","og_title":"Ites : Focus sur le secteur des m\u00e9dicaments en Tunisie - Kapitalis","og_description":"Dans le cycle des \u00abRendez-vous d\u2019Amilcar\u00bb, l\u2019Institut tunisien des \u00e9tudes strat\u00e9giques (Ites) organise, le 8 ao\u00fbt 2018, \u00e0 son si\u00e8ge \u00e0 Dar El Hana I (150, avenue Habib Bourguiba, Carthage Amilcar), une table-ronde sur le th\u00e8me: \u00abLe secteur des m\u00e9dicaments en Tunisie\u00bb","og_url":"https:\/\/kapitalis.com\/tunisie\/2018\/08\/07\/ites-focus-sur-le-secteur-des-medicaments-en-tunisie\/","og_site_name":"Kapitalis","article_publisher":"https:\/\/www.facebook.com\/KapitalisInfo\/","article_published_time":"2018-08-07T11:52:09+00:00","article_modified_time":"2018-08-07T11:54:00+00:00","og_image":[{"width":1200,"height":630,"url":"https:\/\/kapitalis.com\/tunisie\/wp-content\/uploads\/2022\/05\/kapitalis-logo-fb.png","type":"image\/png"}],"author":"webmaster kapitalis","twitter_card":"summary_large_image","twitter_creator":"@KapitalisInfo","twitter_site":"@KapitalisInfo","twitter_misc":{"\u00c9crit par":"webmaster kapitalis","Dur\u00e9e de lecture estim\u00e9e":"4 minutes"},"schema":{"@context":"https:\/\/schema.org","@graph":[{"@type":"Article","@id":"https:\/\/kapitalis.com\/tunisie\/2018\/08\/07\/ites-focus-sur-le-secteur-des-medicaments-en-tunisie\/#article","isPartOf":{"@id":"https:\/\/kapitalis.com\/tunisie\/2018\/08\/07\/ites-focus-sur-le-secteur-des-medicaments-en-tunisie\/"},"author":{"name":"webmaster kapitalis","@id":"https:\/\/kapitalis.com\/tunisie\/#\/schema\/person\/d71f33a9ca44f7bad4698210b480c8e9"},"headline":"Ites : Focus sur le secteur des m\u00e9dicaments en Tunisie","datePublished":"2018-08-07T11:52:09+00:00","dateModified":"2018-08-07T11:54:00+00:00","mainEntityOfPage":{"@id":"https:\/\/kapitalis.com\/tunisie\/2018\/08\/07\/ites-focus-sur-le-secteur-des-medicaments-en-tunisie\/"},"wordCount":746,"commentCount":0,"publisher":{"@id":"https:\/\/kapitalis.com\/tunisie\/#organization"},"image":{"@id":"https:\/\/kapitalis.com\/tunisie\/2018\/08\/07\/ites-focus-sur-le-secteur-des-medicaments-en-tunisie\/#primaryimage"},"thumbnailUrl":"","keywords":["caisses sociales","industrie pharmaceutique","Institut tunisien des \u00e9tudes strat\u00e9giques","m\u00e9dicaments","Pharmacie centrale de Tunisie","pharmacies"],"articleSection":["ECONOMIE","SOCIETE","Tunisie"],"inLanguage":"fr-FR","potentialAction":[{"@type":"CommentAction","name":"Comment","target":["https:\/\/kapitalis.com\/tunisie\/2018\/08\/07\/ites-focus-sur-le-secteur-des-medicaments-en-tunisie\/#respond"]}]},{"@type":"WebPage","@id":"https:\/\/kapitalis.com\/tunisie\/2018\/08\/07\/ites-focus-sur-le-secteur-des-medicaments-en-tunisie\/","url":"https:\/\/kapitalis.com\/tunisie\/2018\/08\/07\/ites-focus-sur-le-secteur-des-medicaments-en-tunisie\/","name":"Ites : Focus sur le secteur des m\u00e9dicaments en Tunisie - Kapitalis","isPartOf":{"@id":"https:\/\/kapitalis.com\/tunisie\/#website"},"primaryImageOfPage":{"@id":"https:\/\/kapitalis.com\/tunisie\/2018\/08\/07\/ites-focus-sur-le-secteur-des-medicaments-en-tunisie\/#primaryimage"},"image":{"@id":"https:\/\/kapitalis.com\/tunisie\/2018\/08\/07\/ites-focus-sur-le-secteur-des-medicaments-en-tunisie\/#primaryimage"},"thumbnailUrl":"","datePublished":"2018-08-07T11:52:09+00:00","dateModified":"2018-08-07T11:54:00+00:00","breadcrumb":{"@id":"https:\/\/kapitalis.com\/tunisie\/2018\/08\/07\/ites-focus-sur-le-secteur-des-medicaments-en-tunisie\/#breadcrumb"},"inLanguage":"fr-FR","potentialAction":[{"@type":"ReadAction","target":["https:\/\/kapitalis.com\/tunisie\/2018\/08\/07\/ites-focus-sur-le-secteur-des-medicaments-en-tunisie\/"]}]},{"@type":"ImageObject","inLanguage":"fr-FR","@id":"https:\/\/kapitalis.com\/tunisie\/2018\/08\/07\/ites-focus-sur-le-secteur-des-medicaments-en-tunisie\/#primaryimage","url":"","contentUrl":""},{"@type":"BreadcrumbList","@id":"https:\/\/kapitalis.com\/tunisie\/2018\/08\/07\/ites-focus-sur-le-secteur-des-medicaments-en-tunisie\/#breadcrumb","itemListElement":[{"@type":"ListItem","position":1,"name":"Accueil","item":"https:\/\/kapitalis.com\/tunisie\/"},{"@type":"ListItem","position":2,"name":"Ites : Focus sur le secteur des m\u00e9dicaments en Tunisie"}]},{"@type":"WebSite","@id":"https:\/\/kapitalis.com\/tunisie\/#website","url":"https:\/\/kapitalis.com\/tunisie\/","name":"Kapitalis","description":"L&#039;actualit\u00e9 en Tunisie et dans le monde","publisher":{"@id":"https:\/\/kapitalis.com\/tunisie\/#organization"},"potentialAction":[{"@type":"SearchAction","target":{"@type":"EntryPoint","urlTemplate":"https:\/\/kapitalis.com\/tunisie\/?s={search_term_string}"},"query-input":{"@type":"PropertyValueSpecification","valueRequired":true,"valueName":"search_term_string"}}],"inLanguage":"fr-FR"},{"@type":"Organization","@id":"https:\/\/kapitalis.com\/tunisie\/#organization","name":"Kapitalis","url":"https:\/\/kapitalis.com\/tunisie\/","logo":{"@type":"ImageObject","inLanguage":"fr-FR","@id":"https:\/\/kapitalis.com\/tunisie\/#\/schema\/logo\/image\/","url":"https:\/\/kapitalis.com\/tunisie\/wp-content\/uploads\/2022\/05\/Kapitalis-big-size.png","contentUrl":"https:\/\/kapitalis.com\/tunisie\/wp-content\/uploads\/2022\/05\/Kapitalis-big-size.png","width":5000,"height":1500,"caption":"Kapitalis"},"image":{"@id":"https:\/\/kapitalis.com\/tunisie\/#\/schema\/logo\/image\/"},"sameAs":["https:\/\/www.facebook.com\/KapitalisInfo\/","https:\/\/x.com\/KapitalisInfo","https:\/\/www.youtube.com\/channel\/UC-yDYrHyfFBWWZaOw3FPg9Q"]},{"@type":"Person","@id":"https:\/\/kapitalis.com\/tunisie\/#\/schema\/person\/d71f33a9ca44f7bad4698210b480c8e9","name":"webmaster kapitalis","url":"https:\/\/kapitalis.com\/tunisie\/author\/webmaster-kapitalis\/"}]}},"_links":{"self":[{"href":"https:\/\/kapitalis.com\/tunisie\/wp-json\/wp\/v2\/posts\/168011","targetHints":{"allow":["GET"]}}],"collection":[{"href":"https:\/\/kapitalis.com\/tunisie\/wp-json\/wp\/v2\/posts"}],"about":[{"href":"https:\/\/kapitalis.com\/tunisie\/wp-json\/wp\/v2\/types\/post"}],"author":[{"embeddable":true,"href":"https:\/\/kapitalis.com\/tunisie\/wp-json\/wp\/v2\/users\/8"}],"replies":[{"embeddable":true,"href":"https:\/\/kapitalis.com\/tunisie\/wp-json\/wp\/v2\/comments?post=168011"}],"version-history":[{"count":0,"href":"https:\/\/kapitalis.com\/tunisie\/wp-json\/wp\/v2\/posts\/168011\/revisions"}],"wp:featuredmedia":[{"embeddable":true,"href":"https:\/\/kapitalis.com\/tunisie\/wp-json\/wp\/v2\/media\/168012"}],"wp:attachment":[{"href":"https:\/\/kapitalis.com\/tunisie\/wp-json\/wp\/v2\/media?parent=168011"}],"wp:term":[{"taxonomy":"category","embeddable":true,"href":"https:\/\/kapitalis.com\/tunisie\/wp-json\/wp\/v2\/categories?post=168011"},{"taxonomy":"post_tag","embeddable":true,"href":"https:\/\/kapitalis.com\/tunisie\/wp-json\/wp\/v2\/tags?post=168011"}],"curies":[{"name":"wp","href":"https:\/\/api.w.org\/{rel}","templated":true}]}}