{"id":168400,"date":"2018-08-09T16:03:37","date_gmt":"2018-08-09T15:03:37","guid":{"rendered":"http:\/\/kapitalis.com\/tunisie\/?p=168400"},"modified":"2018-08-09T16:07:18","modified_gmt":"2018-08-09T15:07:18","slug":"jelassi-chahed-sera-un-redoutable-adversaire-pour-ennahdha","status":"publish","type":"post","link":"https:\/\/kapitalis.com\/tunisie\/2018\/08\/09\/jelassi-chahed-sera-un-redoutable-adversaire-pour-ennahdha\/","title":{"rendered":"Jelassi : Chahed sera un redoutable adversaire pour Ennahdha"},"content":{"rendered":"<p style=\"text-align: center;\"><img loading=\"lazy\" decoding=\"async\" class=\"alignnone size-full wp-image-158309\" src=\"http:\/\/kapitalis.com\/tunisie\/wp-content\/uploads\/2018\/06\/Youssef-Chahed-1.jpg\" alt=\"\" width=\"626\" height=\"380\" \/><\/p>\n<p><em><strong>Selon Abdehamid Jelassi, dirigeant d&rsquo;Ennahdha, le chef du gouvernement, Youssef Chahed, sera \u00e0 l&rsquo;avenir un redoutable adversaire pour le mouvement islamiste.<\/strong><\/em><!--more--><\/p>\n<p>De passage \u00e0 \u00ab\u00a0<em>Politika<\/em>\u00a0\u00bb sur Jawhara FM aujourd&rsquo;hui, jeudi 9 ao\u00fbt 2018, M. Jelassi a d\u00e9clar\u00e9\u00a0que le chef du gouvernement n&rsquo;est pas devenu membre du mouvement pr\u00e9sid\u00e9 par Rached Ghannouchi, comme l&rsquo;affirment certains.<\/p>\n<p>\u00ab<em>Youssef Chahed sera demain l&rsquo;un des adversaires les plus redoutables du mouvement Ennahdha. Il a des ambitions politiques et ne peut \u00eatre membre de notre parti. Il porte plut\u00f4t un projet moderniste<\/em>\u00bb, a-t-il d\u00e9clar\u00e9.<\/p>\n<p>Rappelons, \u00e0 ce propos, que des dirigeants islamistes ont demand\u00e9, \u00e0 maintes reprises, au chef du gouvernement de ne pas se pr\u00e9senter \u00e0 la pr\u00e9sidentielle de 2019, car leur chef, Rached Ghannouchi, semble vouloir pr\u00e9senter sa candidature \u00e0 cette \u00e9lection pour devenir le 5e pr\u00e9sident de la r\u00e9publique.<\/p>\n<p>Interrog\u00e9 sur la crise\u00a0actuelle au sein\u00a0de Nidaa Tounes, l&rsquo;alli\u00e9 d&rsquo;Ennahdha dans le gouvernement d&rsquo;union nationale, le dirigeant islamiste a appel\u00e9 tous les Nida\u00efstes \u00e0 s&rsquo;unir et \u00e0 r\u00e9gler leurs conflits internes au plus vite, et ce pour l&rsquo;int\u00e9r\u00eat du pays.<\/p>\n<p style=\"text-align: right;\"><strong>E. B. A.<\/strong><\/p>\n<blockquote class=\"wp-embedded-content\" data-secret=\"mii4BewSFK\"><p><a href=\"https:\/\/kapitalis.com\/tunisie\/2018\/07\/17\/ennahdha-appelle-chahed-a-ne-pas-se-presenter-aux-presidentielles-2019\/\">Ennahdha appelle Chahed \u00e0 ne pas se pr\u00e9senter aux pr\u00e9sidentielles 2019<\/a><\/p><\/blockquote>\n<p><iframe loading=\"lazy\" class=\"wp-embedded-content\" sandbox=\"allow-scripts\" security=\"restricted\" style=\"position: absolute; clip: rect(1px, 1px, 1px, 1px);\" title=\"\u00ab\u00a0Ennahdha appelle Chahed \u00e0 ne pas se pr\u00e9senter aux pr\u00e9sidentielles 2019\u00a0\u00bb &#8212; Kapitalis\" src=\"https:\/\/kapitalis.com\/tunisie\/2018\/07\/17\/ennahdha-appelle-chahed-a-ne-pas-se-presenter-aux-presidentielles-2019\/embed\/#?secret=4u0kELVDhY#?secret=mii4BewSFK\" data-secret=\"mii4BewSFK\" width=\"600\" height=\"338\" frameborder=\"0\" marginwidth=\"0\" marginheight=\"0\" scrolling=\"no\"><\/iframe><\/p>\n","protected":false},"excerpt":{"rendered":"<p>Selon Abdehamid Jelassi, dirigeant d&rsquo;Ennahdha, le chef du gouvernement, Youssef Chahed, sera \u00e0 l&rsquo;avenir un redoutable adversaire pour le mouvement islamiste.<\/p>\n","protected":false},"author":16,"featured_media":0,"comment_status":"open","ping_status":"open","sticky":false,"template":"","format":"standard","meta":{"footnotes":""},"categories":[997,2433],"tags":[8554],"class_list":["post-168400","post","type-post","status-publish","format-standard","hentry","category-politique","category-tunisie","tag-ennadha"],"yoast_head":"<!-- This site is optimized with the Yoast SEO plugin v26.6 - https:\/\/yoast.com\/wordpress\/plugins\/seo\/ -->\n<title>Jelassi : Chahed sera un redoutable adversaire pour Ennahdha - Kapitalis<\/title>\n<meta name=\"robots\" content=\"index, follow, max-snippet:-1, max-image-preview:large, max-video-preview:-1\" \/>\n<link rel=\"canonical\" href=\"https:\/\/kapitalis.com\/tunisie\/2018\/08\/09\/jelassi-chahed-sera-un-redoutable-adversaire-pour-ennahdha\/\" \/>\n<meta property=\"og:locale\" content=\"fr_FR\" \/>\n<meta property=\"og:type\" content=\"article\" \/>\n<meta property=\"og:title\" content=\"Jelassi : Chahed sera un redoutable adversaire pour Ennahdha - Kapitalis\" \/>\n<meta property=\"og:description\" content=\"Selon Abdehamid Jelassi, dirigeant d&rsquo;Ennahdha, le chef du gouvernement, Youssef Chahed, sera \u00e0 l&rsquo;avenir un redoutable adversaire pour le mouvement islamiste.\" \/>\n<meta property=\"og:url\" content=\"https:\/\/kapitalis.com\/tunisie\/2018\/08\/09\/jelassi-chahed-sera-un-redoutable-adversaire-pour-ennahdha\/\" \/>\n<meta property=\"og:site_name\" content=\"Kapitalis\" \/>\n<meta property=\"article:publisher\" content=\"https:\/\/www.facebook.com\/KapitalisInfo\/\" \/>\n<meta property=\"article:published_time\" content=\"2018-08-09T15:03:37+00:00\" \/>\n<meta property=\"article:modified_time\" content=\"2018-08-09T15:07:18+00:00\" \/>\n<meta property=\"og:image\" content=\"http:\/\/kapitalis.com\/tunisie\/wp-content\/uploads\/2018\/06\/Youssef-Chahed-1.jpg\" \/>\n<meta name=\"author\" content=\"emna benabdallah\" \/>\n<meta name=\"twitter:card\" content=\"summary_large_image\" \/>\n<meta name=\"twitter:creator\" content=\"@KapitalisInfo\" \/>\n<meta name=\"twitter:site\" content=\"@KapitalisInfo\" \/>\n<meta name=\"twitter:label1\" content=\"\u00c9crit par\" \/>\n\t<meta name=\"twitter:data1\" content=\"emna benabdallah\" \/>\n\t<meta name=\"twitter:label2\" content=\"Dur\u00e9e de lecture estim\u00e9e\" \/>\n\t<meta name=\"twitter:data2\" content=\"1 minute\" \/>\n<script type=\"application\/ld+json\" class=\"yoast-schema-graph\">{\"@context\":\"https:\/\/schema.org\",\"@graph\":[{\"@type\":\"Article\",\"@id\":\"https:\/\/kapitalis.com\/tunisie\/2018\/08\/09\/jelassi-chahed-sera-un-redoutable-adversaire-pour-ennahdha\/#article\",\"isPartOf\":{\"@id\":\"https:\/\/kapitalis.com\/tunisie\/2018\/08\/09\/jelassi-chahed-sera-un-redoutable-adversaire-pour-ennahdha\/\"},\"author\":{\"name\":\"emna benabdallah\",\"@id\":\"https:\/\/kapitalis.com\/tunisie\/#\/schema\/person\/2c6e134b2f3369dffcd1daf5f087d28b\"},\"headline\":\"Jelassi : Chahed sera un redoutable adversaire pour Ennahdha\",\"datePublished\":\"2018-08-09T15:03:37+00:00\",\"dateModified\":\"2018-08-09T15:07:18+00:00\",\"mainEntityOfPage\":{\"@id\":\"https:\/\/kapitalis.com\/tunisie\/2018\/08\/09\/jelassi-chahed-sera-un-redoutable-adversaire-pour-ennahdha\/\"},\"wordCount\":198,\"commentCount\":2,\"publisher\":{\"@id\":\"https:\/\/kapitalis.com\/tunisie\/#organization\"},\"image\":{\"@id\":\"https:\/\/kapitalis.com\/tunisie\/2018\/08\/09\/jelassi-chahed-sera-un-redoutable-adversaire-pour-ennahdha\/#primaryimage\"},\"thumbnailUrl\":\"http:\/\/kapitalis.com\/tunisie\/wp-content\/uploads\/2018\/06\/Youssef-Chahed-1.jpg\",\"keywords\":[\"Ennadha\"],\"articleSection\":[\"POLITIQUE\",\"Tunisie\"],\"inLanguage\":\"fr-FR\",\"potentialAction\":[{\"@type\":\"CommentAction\",\"name\":\"Comment\",\"target\":[\"https:\/\/kapitalis.com\/tunisie\/2018\/08\/09\/jelassi-chahed-sera-un-redoutable-adversaire-pour-ennahdha\/#respond\"]}]},{\"@type\":\"WebPage\",\"@id\":\"https:\/\/kapitalis.com\/tunisie\/2018\/08\/09\/jelassi-chahed-sera-un-redoutable-adversaire-pour-ennahdha\/\",\"url\":\"https:\/\/kapitalis.com\/tunisie\/2018\/08\/09\/jelassi-chahed-sera-un-redoutable-adversaire-pour-ennahdha\/\",\"name\":\"Jelassi : Chahed sera un redoutable adversaire pour Ennahdha - Kapitalis\",\"isPartOf\":{\"@id\":\"https:\/\/kapitalis.com\/tunisie\/#website\"},\"primaryImageOfPage\":{\"@id\":\"https:\/\/kapitalis.com\/tunisie\/2018\/08\/09\/jelassi-chahed-sera-un-redoutable-adversaire-pour-ennahdha\/#primaryimage\"},\"image\":{\"@id\":\"https:\/\/kapitalis.com\/tunisie\/2018\/08\/09\/jelassi-chahed-sera-un-redoutable-adversaire-pour-ennahdha\/#primaryimage\"},\"thumbnailUrl\":\"http:\/\/kapitalis.com\/tunisie\/wp-content\/uploads\/2018\/06\/Youssef-Chahed-1.jpg\",\"datePublished\":\"2018-08-09T15:03:37+00:00\",\"dateModified\":\"2018-08-09T15:07:18+00:00\",\"breadcrumb\":{\"@id\":\"https:\/\/kapitalis.com\/tunisie\/2018\/08\/09\/jelassi-chahed-sera-un-redoutable-adversaire-pour-ennahdha\/#breadcrumb\"},\"inLanguage\":\"fr-FR\",\"potentialAction\":[{\"@type\":\"ReadAction\",\"target\":[\"https:\/\/kapitalis.com\/tunisie\/2018\/08\/09\/jelassi-chahed-sera-un-redoutable-adversaire-pour-ennahdha\/\"]}]},{\"@type\":\"ImageObject\",\"inLanguage\":\"fr-FR\",\"@id\":\"https:\/\/kapitalis.com\/tunisie\/2018\/08\/09\/jelassi-chahed-sera-un-redoutable-adversaire-pour-ennahdha\/#primaryimage\",\"url\":\"http:\/\/kapitalis.com\/tunisie\/wp-content\/uploads\/2018\/06\/Youssef-Chahed-1.jpg\",\"contentUrl\":\"http:\/\/kapitalis.com\/tunisie\/wp-content\/uploads\/2018\/06\/Youssef-Chahed-1.jpg\"},{\"@type\":\"BreadcrumbList\",\"@id\":\"https:\/\/kapitalis.com\/tunisie\/2018\/08\/09\/jelassi-chahed-sera-un-redoutable-adversaire-pour-ennahdha\/#breadcrumb\",\"itemListElement\":[{\"@type\":\"ListItem\",\"position\":1,\"name\":\"Accueil\",\"item\":\"https:\/\/kapitalis.com\/tunisie\/\"},{\"@type\":\"ListItem\",\"position\":2,\"name\":\"Jelassi : Chahed sera un redoutable adversaire pour Ennahdha\"}]},{\"@type\":\"WebSite\",\"@id\":\"https:\/\/kapitalis.com\/tunisie\/#website\",\"url\":\"https:\/\/kapitalis.com\/tunisie\/\",\"name\":\"Kapitalis\",\"description\":\"L&#039;actualit\u00e9 en Tunisie et dans le monde\",\"publisher\":{\"@id\":\"https:\/\/kapitalis.com\/tunisie\/#organization\"},\"potentialAction\":[{\"@type\":\"SearchAction\",\"target\":{\"@type\":\"EntryPoint\",\"urlTemplate\":\"https:\/\/kapitalis.com\/tunisie\/?s={search_term_string}\"},\"query-input\":{\"@type\":\"PropertyValueSpecification\",\"valueRequired\":true,\"valueName\":\"search_term_string\"}}],\"inLanguage\":\"fr-FR\"},{\"@type\":\"Organization\",\"@id\":\"https:\/\/kapitalis.com\/tunisie\/#organization\",\"name\":\"Kapitalis\",\"url\":\"https:\/\/kapitalis.com\/tunisie\/\",\"logo\":{\"@type\":\"ImageObject\",\"inLanguage\":\"fr-FR\",\"@id\":\"https:\/\/kapitalis.com\/tunisie\/#\/schema\/logo\/image\/\",\"url\":\"https:\/\/kapitalis.com\/tunisie\/wp-content\/uploads\/2022\/05\/Kapitalis-big-size.png\",\"contentUrl\":\"https:\/\/kapitalis.com\/tunisie\/wp-content\/uploads\/2022\/05\/Kapitalis-big-size.png\",\"width\":5000,\"height\":1500,\"caption\":\"Kapitalis\"},\"image\":{\"@id\":\"https:\/\/kapitalis.com\/tunisie\/#\/schema\/logo\/image\/\"},\"sameAs\":[\"https:\/\/www.facebook.com\/KapitalisInfo\/\",\"https:\/\/x.com\/KapitalisInfo\",\"https:\/\/www.youtube.com\/channel\/UC-yDYrHyfFBWWZaOw3FPg9Q\"]},{\"@type\":\"Person\",\"@id\":\"https:\/\/kapitalis.com\/tunisie\/#\/schema\/person\/2c6e134b2f3369dffcd1daf5f087d28b\",\"name\":\"emna benabdallah\",\"url\":\"https:\/\/kapitalis.com\/tunisie\/author\/emna\/\"}]}<\/script>\n<!-- \/ Yoast SEO plugin. -->","yoast_head_json":{"title":"Jelassi : Chahed sera un redoutable adversaire pour Ennahdha - Kapitalis","robots":{"index":"index","follow":"follow","max-snippet":"max-snippet:-1","max-image-preview":"max-image-preview:large","max-video-preview":"max-video-preview:-1"},"canonical":"https:\/\/kapitalis.com\/tunisie\/2018\/08\/09\/jelassi-chahed-sera-un-redoutable-adversaire-pour-ennahdha\/","og_locale":"fr_FR","og_type":"article","og_title":"Jelassi : Chahed sera un redoutable adversaire pour Ennahdha - Kapitalis","og_description":"Selon Abdehamid Jelassi, dirigeant d&rsquo;Ennahdha, le chef du gouvernement, Youssef Chahed, sera \u00e0 l&rsquo;avenir un redoutable adversaire pour le mouvement islamiste.","og_url":"https:\/\/kapitalis.com\/tunisie\/2018\/08\/09\/jelassi-chahed-sera-un-redoutable-adversaire-pour-ennahdha\/","og_site_name":"Kapitalis","article_publisher":"https:\/\/www.facebook.com\/KapitalisInfo\/","article_published_time":"2018-08-09T15:03:37+00:00","article_modified_time":"2018-08-09T15:07:18+00:00","og_image":[{"url":"http:\/\/kapitalis.com\/tunisie\/wp-content\/uploads\/2018\/06\/Youssef-Chahed-1.jpg","type":"","width":"","height":""}],"author":"emna benabdallah","twitter_card":"summary_large_image","twitter_creator":"@KapitalisInfo","twitter_site":"@KapitalisInfo","twitter_misc":{"\u00c9crit par":"emna benabdallah","Dur\u00e9e de lecture estim\u00e9e":"1 minute"},"schema":{"@context":"https:\/\/schema.org","@graph":[{"@type":"Article","@id":"https:\/\/kapitalis.com\/tunisie\/2018\/08\/09\/jelassi-chahed-sera-un-redoutable-adversaire-pour-ennahdha\/#article","isPartOf":{"@id":"https:\/\/kapitalis.com\/tunisie\/2018\/08\/09\/jelassi-chahed-sera-un-redoutable-adversaire-pour-ennahdha\/"},"author":{"name":"emna benabdallah","@id":"https:\/\/kapitalis.com\/tunisie\/#\/schema\/person\/2c6e134b2f3369dffcd1daf5f087d28b"},"headline":"Jelassi : Chahed sera un redoutable adversaire pour Ennahdha","datePublished":"2018-08-09T15:03:37+00:00","dateModified":"2018-08-09T15:07:18+00:00","mainEntityOfPage":{"@id":"https:\/\/kapitalis.com\/tunisie\/2018\/08\/09\/jelassi-chahed-sera-un-redoutable-adversaire-pour-ennahdha\/"},"wordCount":198,"commentCount":2,"publisher":{"@id":"https:\/\/kapitalis.com\/tunisie\/#organization"},"image":{"@id":"https:\/\/kapitalis.com\/tunisie\/2018\/08\/09\/jelassi-chahed-sera-un-redoutable-adversaire-pour-ennahdha\/#primaryimage"},"thumbnailUrl":"http:\/\/kapitalis.com\/tunisie\/wp-content\/uploads\/2018\/06\/Youssef-Chahed-1.jpg","keywords":["Ennadha"],"articleSection":["POLITIQUE","Tunisie"],"inLanguage":"fr-FR","potentialAction":[{"@type":"CommentAction","name":"Comment","target":["https:\/\/kapitalis.com\/tunisie\/2018\/08\/09\/jelassi-chahed-sera-un-redoutable-adversaire-pour-ennahdha\/#respond"]}]},{"@type":"WebPage","@id":"https:\/\/kapitalis.com\/tunisie\/2018\/08\/09\/jelassi-chahed-sera-un-redoutable-adversaire-pour-ennahdha\/","url":"https:\/\/kapitalis.com\/tunisie\/2018\/08\/09\/jelassi-chahed-sera-un-redoutable-adversaire-pour-ennahdha\/","name":"Jelassi : Chahed sera un redoutable adversaire pour Ennahdha - Kapitalis","isPartOf":{"@id":"https:\/\/kapitalis.com\/tunisie\/#website"},"primaryImageOfPage":{"@id":"https:\/\/kapitalis.com\/tunisie\/2018\/08\/09\/jelassi-chahed-sera-un-redoutable-adversaire-pour-ennahdha\/#primaryimage"},"image":{"@id":"https:\/\/kapitalis.com\/tunisie\/2018\/08\/09\/jelassi-chahed-sera-un-redoutable-adversaire-pour-ennahdha\/#primaryimage"},"thumbnailUrl":"http:\/\/kapitalis.com\/tunisie\/wp-content\/uploads\/2018\/06\/Youssef-Chahed-1.jpg","datePublished":"2018-08-09T15:03:37+00:00","dateModified":"2018-08-09T15:07:18+00:00","breadcrumb":{"@id":"https:\/\/kapitalis.com\/tunisie\/2018\/08\/09\/jelassi-chahed-sera-un-redoutable-adversaire-pour-ennahdha\/#breadcrumb"},"inLanguage":"fr-FR","potentialAction":[{"@type":"ReadAction","target":["https:\/\/kapitalis.com\/tunisie\/2018\/08\/09\/jelassi-chahed-sera-un-redoutable-adversaire-pour-ennahdha\/"]}]},{"@type":"ImageObject","inLanguage":"fr-FR","@id":"https:\/\/kapitalis.com\/tunisie\/2018\/08\/09\/jelassi-chahed-sera-un-redoutable-adversaire-pour-ennahdha\/#primaryimage","url":"http:\/\/kapitalis.com\/tunisie\/wp-content\/uploads\/2018\/06\/Youssef-Chahed-1.jpg","contentUrl":"http:\/\/kapitalis.com\/tunisie\/wp-content\/uploads\/2018\/06\/Youssef-Chahed-1.jpg"},{"@type":"BreadcrumbList","@id":"https:\/\/kapitalis.com\/tunisie\/2018\/08\/09\/jelassi-chahed-sera-un-redoutable-adversaire-pour-ennahdha\/#breadcrumb","itemListElement":[{"@type":"ListItem","position":1,"name":"Accueil","item":"https:\/\/kapitalis.com\/tunisie\/"},{"@type":"ListItem","position":2,"name":"Jelassi : Chahed sera un redoutable adversaire pour Ennahdha"}]},{"@type":"WebSite","@id":"https:\/\/kapitalis.com\/tunisie\/#website","url":"https:\/\/kapitalis.com\/tunisie\/","name":"Kapitalis","description":"L&#039;actualit\u00e9 en Tunisie et dans le monde","publisher":{"@id":"https:\/\/kapitalis.com\/tunisie\/#organization"},"potentialAction":[{"@type":"SearchAction","target":{"@type":"EntryPoint","urlTemplate":"https:\/\/kapitalis.com\/tunisie\/?s={search_term_string}"},"query-input":{"@type":"PropertyValueSpecification","valueRequired":true,"valueName":"search_term_string"}}],"inLanguage":"fr-FR"},{"@type":"Organization","@id":"https:\/\/kapitalis.com\/tunisie\/#organization","name":"Kapitalis","url":"https:\/\/kapitalis.com\/tunisie\/","logo":{"@type":"ImageObject","inLanguage":"fr-FR","@id":"https:\/\/kapitalis.com\/tunisie\/#\/schema\/logo\/image\/","url":"https:\/\/kapitalis.com\/tunisie\/wp-content\/uploads\/2022\/05\/Kapitalis-big-size.png","contentUrl":"https:\/\/kapitalis.com\/tunisie\/wp-content\/uploads\/2022\/05\/Kapitalis-big-size.png","width":5000,"height":1500,"caption":"Kapitalis"},"image":{"@id":"https:\/\/kapitalis.com\/tunisie\/#\/schema\/logo\/image\/"},"sameAs":["https:\/\/www.facebook.com\/KapitalisInfo\/","https:\/\/x.com\/KapitalisInfo","https:\/\/www.youtube.com\/channel\/UC-yDYrHyfFBWWZaOw3FPg9Q"]},{"@type":"Person","@id":"https:\/\/kapitalis.com\/tunisie\/#\/schema\/person\/2c6e134b2f3369dffcd1daf5f087d28b","name":"emna benabdallah","url":"https:\/\/kapitalis.com\/tunisie\/author\/emna\/"}]}},"_links":{"self":[{"href":"https:\/\/kapitalis.com\/tunisie\/wp-json\/wp\/v2\/posts\/168400","targetHints":{"allow":["GET"]}}],"collection":[{"href":"https:\/\/kapitalis.com\/tunisie\/wp-json\/wp\/v2\/posts"}],"about":[{"href":"https:\/\/kapitalis.com\/tunisie\/wp-json\/wp\/v2\/types\/post"}],"author":[{"embeddable":true,"href":"https:\/\/kapitalis.com\/tunisie\/wp-json\/wp\/v2\/users\/16"}],"replies":[{"embeddable":true,"href":"https:\/\/kapitalis.com\/tunisie\/wp-json\/wp\/v2\/comments?post=168400"}],"version-history":[{"count":0,"href":"https:\/\/kapitalis.com\/tunisie\/wp-json\/wp\/v2\/posts\/168400\/revisions"}],"wp:attachment":[{"href":"https:\/\/kapitalis.com\/tunisie\/wp-json\/wp\/v2\/media?parent=168400"}],"wp:term":[{"taxonomy":"category","embeddable":true,"href":"https:\/\/kapitalis.com\/tunisie\/wp-json\/wp\/v2\/categories?post=168400"},{"taxonomy":"post_tag","embeddable":true,"href":"https:\/\/kapitalis.com\/tunisie\/wp-json\/wp\/v2\/tags?post=168400"}],"curies":[{"name":"wp","href":"https:\/\/api.w.org\/{rel}","templated":true}]}}