{"id":1684562,"date":"2022-06-23T08:02:30","date_gmt":"2022-06-23T07:02:30","guid":{"rendered":"https:\/\/kapitalis.com\/tunisie\/?p=1684562"},"modified":"2022-06-23T08:02:31","modified_gmt":"2022-06-23T07:02:31","slug":"tunisie-le-programme-pacs-de-la-berd-a-beneficie-a-600-entreprises","status":"publish","type":"post","link":"https:\/\/kapitalis.com\/tunisie\/2022\/06\/23\/tunisie-le-programme-pacs-de-la-berd-a-beneficie-a-600-entreprises\/","title":{"rendered":"Tunisie\u00a0: le programme Pacs de la Berd a b\u00e9n\u00e9fici\u00e9 \u00e0 600 entreprises"},"content":{"rendered":"\n<p><strong><em>Plus de 600 entreprises tunisiennes ont b\u00e9n\u00e9fici\u00e9 du Programme d&rsquo;appui \u00e0 la comp\u00e9titivit\u00e9 du secteur des services (Pacs), dans le cadre de la coop\u00e9ration technique et financi\u00e8re entre la Tunisie et l&rsquo;Union europ\u00e9enne (UE), a indiqu\u00e9 Anis El-Fahem, directeur du programme \u00abAppui aux PME\u00bb de la Banque europ\u00e9enne pour la reconstruction et le d\u00e9veloppement (Berd). <\/em><\/strong><\/p>\n\n\n\n<!--more-->\n\n\n\n<p>Ce programme vise \u00e0 contribuer \u00e0 l&rsquo;am\u00e9lioration des performances du secteur avec un financement total de 20 millions d&rsquo;euros (pr\u00e8s de 64 480 millions de dinars) r\u00e9partis \u00e0 parts \u00e9gales entre l&rsquo;UE et la Berd, charg\u00e9e de la mise en \u0153uvre du programme, a d\u00e9clar\u00e9 M. El-Fahem lors de la cl\u00f4ture du programme Pacs mercredi 22 juin 2022 \u00e0 Tunis.<\/p>\n\n\n\n<p>Les entreprises impliqu\u00e9es ont b\u00e9n\u00e9fici\u00e9 de services de conseil offerts par des experts locaux et internationaux dans plusieurs secteurs, \u00e0 savoir les transports, les TIC, le tourisme alternatif, l&rsquo;artisanat et les m\u00e9tiers li\u00e9s \u00e0 l&rsquo;industrie. L&rsquo;objectif est d&rsquo;am\u00e9liorer la qualit\u00e9 des produits de ces entreprises et leur management, pour leur permettre de conqu\u00e9rir les march\u00e9s \u00e9trangers.<\/p>\n\n\n\n<p>Le programme a \u00e9galement permis de toucher les tr\u00e8s petites entreprises, en d\u00e9veloppant l&rsquo;approche cluster qui a concern\u00e9 15 projets group\u00e9s au profit de plus de 116 entreprises.<\/p>\n\n\n\n<p>Il a permis la formation de plus de 600 femmes entrepreneures, \u00e0 travers le programme <em>\u00abWomen in Business\u00bb<\/em>, leur offrant un coaching en leadership, marketing digital et gestion financi\u00e8re.<\/p>\n\n\n\n<p>Le financement accord\u00e9 sous forme de prestations de conseil vaut entre 5&nbsp;000 et 10&nbsp;000 euros (entre 16&nbsp;000 et 32&nbsp;000 dinars). <\/p>\n\n\n\n<p>Selon les r\u00e9sultats de la fin du projet, 72% des entreprises ont r\u00e9ussi \u00e0 augmenter leur chiffre d&rsquo;affaires, 57% ont pu am\u00e9liorer leur productivit\u00e9 en moyenne de 53%, et 58% ont pu cr\u00e9er des emplois apr\u00e8s avoir re\u00e7u l&rsquo;accompagnement de la Berd.<\/p>\n\n\n\n<p>En outre, 27 % des b\u00e9n\u00e9ficiaires ont pu acc\u00e9der \u00e0 des financements ext\u00e9rieurs aupr\u00e8s des partenaires financiers de la Berd, a encore pr\u00e9cis\u00e9 M. El-Fahem, ajoutant que la Berd met actuellement en \u0153uvre un programme de d\u00e9veloppement des exportations pour les PME.<\/p>\n\n\n\n<p>Il s&rsquo;agit d&rsquo;un programme financ\u00e9 par l&rsquo;UE \u00e0 hauteur de 23 millions de dinars, dont l&rsquo;objectif est de permettre aux entreprises b\u00e9n\u00e9ficiaires de conqu\u00e9rir les march\u00e9s \u00e9trangers, notamment en Afrique subsaharienne et sur les march\u00e9s traditionnels d&rsquo;Europe et d&rsquo;Am\u00e9rique du Nord.<\/p>\n\n\n\n<p><strong><em>D&rsquo;apr\u00e8s Tap.<\/em><\/strong><\/p>\n","protected":false},"excerpt":{"rendered":"<p>Plus de 600 entreprises tunisiennes ont b\u00e9n\u00e9fici\u00e9 du Programme d&rsquo;appui \u00e0 la comp\u00e9titivit\u00e9 du secteur des services (Pacs), dans le cadre de la coop\u00e9ration technique et financi\u00e8re entre la Tunisie et l&rsquo;Union europ\u00e9enne (UE).<\/p>\n","protected":false},"author":8,"featured_media":1684706,"comment_status":"open","ping_status":"open","sticky":false,"template":"","format":"standard","meta":{"footnotes":""},"categories":[995,2433],"tags":[100851,1952,62643,937,100852],"class_list":["post-1684562","post","type-post","status-publish","format-standard","has-post-thumbnail","hentry","category-economie","category-tunisie","tag-anis-el-fahem","tag-berd","tag-tunisie","tag-union-europeenne","tag-women-in-business"],"yoast_head":"<!-- This site is optimized with the Yoast SEO plugin v26.6 - https:\/\/yoast.com\/wordpress\/plugins\/seo\/ -->\n<title>Tunisie\u00a0: le programme Pacs de la Berd a b\u00e9n\u00e9fici\u00e9 \u00e0 600 entreprises - Kapitalis<\/title>\n<meta name=\"robots\" content=\"index, follow, max-snippet:-1, max-image-preview:large, max-video-preview:-1\" \/>\n<link rel=\"canonical\" href=\"https:\/\/kapitalis.com\/tunisie\/2022\/06\/23\/tunisie-le-programme-pacs-de-la-berd-a-beneficie-a-600-entreprises\/\" \/>\n<meta property=\"og:locale\" content=\"fr_FR\" \/>\n<meta property=\"og:type\" content=\"article\" \/>\n<meta property=\"og:title\" content=\"Tunisie\u00a0: le programme Pacs de la Berd a b\u00e9n\u00e9fici\u00e9 \u00e0 600 entreprises - Kapitalis\" \/>\n<meta property=\"og:description\" content=\"Plus de 600 entreprises tunisiennes ont b\u00e9n\u00e9fici\u00e9 du Programme d&#039;appui \u00e0 la comp\u00e9titivit\u00e9 du secteur des services (Pacs), dans le cadre de la coop\u00e9ration technique et financi\u00e8re entre la Tunisie et l&#039;Union europ\u00e9enne (UE).\" \/>\n<meta property=\"og:url\" content=\"https:\/\/kapitalis.com\/tunisie\/2022\/06\/23\/tunisie-le-programme-pacs-de-la-berd-a-beneficie-a-600-entreprises\/\" \/>\n<meta property=\"og:site_name\" content=\"Kapitalis\" \/>\n<meta property=\"article:publisher\" content=\"https:\/\/www.facebook.com\/KapitalisInfo\/\" \/>\n<meta property=\"article:published_time\" content=\"2022-06-23T07:02:30+00:00\" \/>\n<meta property=\"article:modified_time\" content=\"2022-06-23T07:02:31+00:00\" \/>\n<meta property=\"og:image\" content=\"https:\/\/kapitalis.com\/tunisie\/wp-content\/uploads\/2022\/06\/Programme-Pacs.jpg\" \/>\n\t<meta property=\"og:image:width\" content=\"1200\" \/>\n\t<meta property=\"og:image:height\" content=\"630\" \/>\n\t<meta property=\"og:image:type\" content=\"image\/jpeg\" \/>\n<meta name=\"author\" content=\"webmaster kapitalis\" \/>\n<meta name=\"twitter:card\" content=\"summary_large_image\" \/>\n<meta name=\"twitter:creator\" content=\"@KapitalisInfo\" \/>\n<meta name=\"twitter:site\" content=\"@KapitalisInfo\" \/>\n<meta name=\"twitter:label1\" content=\"\u00c9crit par\" \/>\n\t<meta name=\"twitter:data1\" content=\"webmaster kapitalis\" \/>\n\t<meta name=\"twitter:label2\" content=\"Dur\u00e9e de lecture estim\u00e9e\" \/>\n\t<meta name=\"twitter:data2\" content=\"2 minutes\" \/>\n<script type=\"application\/ld+json\" class=\"yoast-schema-graph\">{\"@context\":\"https:\/\/schema.org\",\"@graph\":[{\"@type\":\"Article\",\"@id\":\"https:\/\/kapitalis.com\/tunisie\/2022\/06\/23\/tunisie-le-programme-pacs-de-la-berd-a-beneficie-a-600-entreprises\/#article\",\"isPartOf\":{\"@id\":\"https:\/\/kapitalis.com\/tunisie\/2022\/06\/23\/tunisie-le-programme-pacs-de-la-berd-a-beneficie-a-600-entreprises\/\"},\"author\":{\"name\":\"webmaster kapitalis\",\"@id\":\"https:\/\/kapitalis.com\/tunisie\/#\/schema\/person\/d71f33a9ca44f7bad4698210b480c8e9\"},\"headline\":\"Tunisie\u00a0: le programme Pacs de la Berd a b\u00e9n\u00e9fici\u00e9 \u00e0 600 entreprises\",\"datePublished\":\"2022-06-23T07:02:30+00:00\",\"dateModified\":\"2022-06-23T07:02:31+00:00\",\"mainEntityOfPage\":{\"@id\":\"https:\/\/kapitalis.com\/tunisie\/2022\/06\/23\/tunisie-le-programme-pacs-de-la-berd-a-beneficie-a-600-entreprises\/\"},\"wordCount\":406,\"commentCount\":0,\"publisher\":{\"@id\":\"https:\/\/kapitalis.com\/tunisie\/#organization\"},\"image\":{\"@id\":\"https:\/\/kapitalis.com\/tunisie\/2022\/06\/23\/tunisie-le-programme-pacs-de-la-berd-a-beneficie-a-600-entreprises\/#primaryimage\"},\"thumbnailUrl\":\"https:\/\/kapitalis.com\/tunisie\/wp-content\/uploads\/2022\/06\/Programme-Pacs.jpg\",\"keywords\":[\"Anis El-Fahem\",\"Berd\",\"Tunisie\",\"Union europ\u00e9enne\",\"Women in Business\"],\"articleSection\":[\"ECONOMIE\",\"Tunisie\"],\"inLanguage\":\"fr-FR\",\"potentialAction\":[{\"@type\":\"CommentAction\",\"name\":\"Comment\",\"target\":[\"https:\/\/kapitalis.com\/tunisie\/2022\/06\/23\/tunisie-le-programme-pacs-de-la-berd-a-beneficie-a-600-entreprises\/#respond\"]}]},{\"@type\":\"WebPage\",\"@id\":\"https:\/\/kapitalis.com\/tunisie\/2022\/06\/23\/tunisie-le-programme-pacs-de-la-berd-a-beneficie-a-600-entreprises\/\",\"url\":\"https:\/\/kapitalis.com\/tunisie\/2022\/06\/23\/tunisie-le-programme-pacs-de-la-berd-a-beneficie-a-600-entreprises\/\",\"name\":\"Tunisie\u00a0: le programme Pacs de la Berd a b\u00e9n\u00e9fici\u00e9 \u00e0 600 entreprises - Kapitalis\",\"isPartOf\":{\"@id\":\"https:\/\/kapitalis.com\/tunisie\/#website\"},\"primaryImageOfPage\":{\"@id\":\"https:\/\/kapitalis.com\/tunisie\/2022\/06\/23\/tunisie-le-programme-pacs-de-la-berd-a-beneficie-a-600-entreprises\/#primaryimage\"},\"image\":{\"@id\":\"https:\/\/kapitalis.com\/tunisie\/2022\/06\/23\/tunisie-le-programme-pacs-de-la-berd-a-beneficie-a-600-entreprises\/#primaryimage\"},\"thumbnailUrl\":\"https:\/\/kapitalis.com\/tunisie\/wp-content\/uploads\/2022\/06\/Programme-Pacs.jpg\",\"datePublished\":\"2022-06-23T07:02:30+00:00\",\"dateModified\":\"2022-06-23T07:02:31+00:00\",\"breadcrumb\":{\"@id\":\"https:\/\/kapitalis.com\/tunisie\/2022\/06\/23\/tunisie-le-programme-pacs-de-la-berd-a-beneficie-a-600-entreprises\/#breadcrumb\"},\"inLanguage\":\"fr-FR\",\"potentialAction\":[{\"@type\":\"ReadAction\",\"target\":[\"https:\/\/kapitalis.com\/tunisie\/2022\/06\/23\/tunisie-le-programme-pacs-de-la-berd-a-beneficie-a-600-entreprises\/\"]}]},{\"@type\":\"ImageObject\",\"inLanguage\":\"fr-FR\",\"@id\":\"https:\/\/kapitalis.com\/tunisie\/2022\/06\/23\/tunisie-le-programme-pacs-de-la-berd-a-beneficie-a-600-entreprises\/#primaryimage\",\"url\":\"https:\/\/kapitalis.com\/tunisie\/wp-content\/uploads\/2022\/06\/Programme-Pacs.jpg\",\"contentUrl\":\"https:\/\/kapitalis.com\/tunisie\/wp-content\/uploads\/2022\/06\/Programme-Pacs.jpg\",\"width\":1200,\"height\":630},{\"@type\":\"BreadcrumbList\",\"@id\":\"https:\/\/kapitalis.com\/tunisie\/2022\/06\/23\/tunisie-le-programme-pacs-de-la-berd-a-beneficie-a-600-entreprises\/#breadcrumb\",\"itemListElement\":[{\"@type\":\"ListItem\",\"position\":1,\"name\":\"Accueil\",\"item\":\"https:\/\/kapitalis.com\/tunisie\/\"},{\"@type\":\"ListItem\",\"position\":2,\"name\":\"Tunisie\u00a0: le programme Pacs de la Berd a b\u00e9n\u00e9fici\u00e9 \u00e0 600 entreprises\"}]},{\"@type\":\"WebSite\",\"@id\":\"https:\/\/kapitalis.com\/tunisie\/#website\",\"url\":\"https:\/\/kapitalis.com\/tunisie\/\",\"name\":\"Kapitalis\",\"description\":\"L&#039;actualit\u00e9 en Tunisie et dans le monde\",\"publisher\":{\"@id\":\"https:\/\/kapitalis.com\/tunisie\/#organization\"},\"potentialAction\":[{\"@type\":\"SearchAction\",\"target\":{\"@type\":\"EntryPoint\",\"urlTemplate\":\"https:\/\/kapitalis.com\/tunisie\/?s={search_term_string}\"},\"query-input\":{\"@type\":\"PropertyValueSpecification\",\"valueRequired\":true,\"valueName\":\"search_term_string\"}}],\"inLanguage\":\"fr-FR\"},{\"@type\":\"Organization\",\"@id\":\"https:\/\/kapitalis.com\/tunisie\/#organization\",\"name\":\"Kapitalis\",\"url\":\"https:\/\/kapitalis.com\/tunisie\/\",\"logo\":{\"@type\":\"ImageObject\",\"inLanguage\":\"fr-FR\",\"@id\":\"https:\/\/kapitalis.com\/tunisie\/#\/schema\/logo\/image\/\",\"url\":\"https:\/\/kapitalis.com\/tunisie\/wp-content\/uploads\/2022\/05\/Kapitalis-big-size.png\",\"contentUrl\":\"https:\/\/kapitalis.com\/tunisie\/wp-content\/uploads\/2022\/05\/Kapitalis-big-size.png\",\"width\":5000,\"height\":1500,\"caption\":\"Kapitalis\"},\"image\":{\"@id\":\"https:\/\/kapitalis.com\/tunisie\/#\/schema\/logo\/image\/\"},\"sameAs\":[\"https:\/\/www.facebook.com\/KapitalisInfo\/\",\"https:\/\/x.com\/KapitalisInfo\",\"https:\/\/www.youtube.com\/channel\/UC-yDYrHyfFBWWZaOw3FPg9Q\"]},{\"@type\":\"Person\",\"@id\":\"https:\/\/kapitalis.com\/tunisie\/#\/schema\/person\/d71f33a9ca44f7bad4698210b480c8e9\",\"name\":\"webmaster kapitalis\",\"url\":\"https:\/\/kapitalis.com\/tunisie\/author\/webmaster-kapitalis\/\"}]}<\/script>\n<!-- \/ Yoast SEO plugin. -->","yoast_head_json":{"title":"Tunisie\u00a0: le programme Pacs de la Berd a b\u00e9n\u00e9fici\u00e9 \u00e0 600 entreprises - Kapitalis","robots":{"index":"index","follow":"follow","max-snippet":"max-snippet:-1","max-image-preview":"max-image-preview:large","max-video-preview":"max-video-preview:-1"},"canonical":"https:\/\/kapitalis.com\/tunisie\/2022\/06\/23\/tunisie-le-programme-pacs-de-la-berd-a-beneficie-a-600-entreprises\/","og_locale":"fr_FR","og_type":"article","og_title":"Tunisie\u00a0: le programme Pacs de la Berd a b\u00e9n\u00e9fici\u00e9 \u00e0 600 entreprises - Kapitalis","og_description":"Plus de 600 entreprises tunisiennes ont b\u00e9n\u00e9fici\u00e9 du Programme d'appui \u00e0 la comp\u00e9titivit\u00e9 du secteur des services (Pacs), dans le cadre de la coop\u00e9ration technique et financi\u00e8re entre la Tunisie et l'Union europ\u00e9enne (UE).","og_url":"https:\/\/kapitalis.com\/tunisie\/2022\/06\/23\/tunisie-le-programme-pacs-de-la-berd-a-beneficie-a-600-entreprises\/","og_site_name":"Kapitalis","article_publisher":"https:\/\/www.facebook.com\/KapitalisInfo\/","article_published_time":"2022-06-23T07:02:30+00:00","article_modified_time":"2022-06-23T07:02:31+00:00","og_image":[{"width":1200,"height":630,"url":"https:\/\/kapitalis.com\/tunisie\/wp-content\/uploads\/2022\/06\/Programme-Pacs.jpg","type":"image\/jpeg"}],"author":"webmaster kapitalis","twitter_card":"summary_large_image","twitter_creator":"@KapitalisInfo","twitter_site":"@KapitalisInfo","twitter_misc":{"\u00c9crit par":"webmaster kapitalis","Dur\u00e9e de lecture estim\u00e9e":"2 minutes"},"schema":{"@context":"https:\/\/schema.org","@graph":[{"@type":"Article","@id":"https:\/\/kapitalis.com\/tunisie\/2022\/06\/23\/tunisie-le-programme-pacs-de-la-berd-a-beneficie-a-600-entreprises\/#article","isPartOf":{"@id":"https:\/\/kapitalis.com\/tunisie\/2022\/06\/23\/tunisie-le-programme-pacs-de-la-berd-a-beneficie-a-600-entreprises\/"},"author":{"name":"webmaster kapitalis","@id":"https:\/\/kapitalis.com\/tunisie\/#\/schema\/person\/d71f33a9ca44f7bad4698210b480c8e9"},"headline":"Tunisie\u00a0: le programme Pacs de la Berd a b\u00e9n\u00e9fici\u00e9 \u00e0 600 entreprises","datePublished":"2022-06-23T07:02:30+00:00","dateModified":"2022-06-23T07:02:31+00:00","mainEntityOfPage":{"@id":"https:\/\/kapitalis.com\/tunisie\/2022\/06\/23\/tunisie-le-programme-pacs-de-la-berd-a-beneficie-a-600-entreprises\/"},"wordCount":406,"commentCount":0,"publisher":{"@id":"https:\/\/kapitalis.com\/tunisie\/#organization"},"image":{"@id":"https:\/\/kapitalis.com\/tunisie\/2022\/06\/23\/tunisie-le-programme-pacs-de-la-berd-a-beneficie-a-600-entreprises\/#primaryimage"},"thumbnailUrl":"https:\/\/kapitalis.com\/tunisie\/wp-content\/uploads\/2022\/06\/Programme-Pacs.jpg","keywords":["Anis El-Fahem","Berd","Tunisie","Union europ\u00e9enne","Women in Business"],"articleSection":["ECONOMIE","Tunisie"],"inLanguage":"fr-FR","potentialAction":[{"@type":"CommentAction","name":"Comment","target":["https:\/\/kapitalis.com\/tunisie\/2022\/06\/23\/tunisie-le-programme-pacs-de-la-berd-a-beneficie-a-600-entreprises\/#respond"]}]},{"@type":"WebPage","@id":"https:\/\/kapitalis.com\/tunisie\/2022\/06\/23\/tunisie-le-programme-pacs-de-la-berd-a-beneficie-a-600-entreprises\/","url":"https:\/\/kapitalis.com\/tunisie\/2022\/06\/23\/tunisie-le-programme-pacs-de-la-berd-a-beneficie-a-600-entreprises\/","name":"Tunisie\u00a0: le programme Pacs de la Berd a b\u00e9n\u00e9fici\u00e9 \u00e0 600 entreprises - Kapitalis","isPartOf":{"@id":"https:\/\/kapitalis.com\/tunisie\/#website"},"primaryImageOfPage":{"@id":"https:\/\/kapitalis.com\/tunisie\/2022\/06\/23\/tunisie-le-programme-pacs-de-la-berd-a-beneficie-a-600-entreprises\/#primaryimage"},"image":{"@id":"https:\/\/kapitalis.com\/tunisie\/2022\/06\/23\/tunisie-le-programme-pacs-de-la-berd-a-beneficie-a-600-entreprises\/#primaryimage"},"thumbnailUrl":"https:\/\/kapitalis.com\/tunisie\/wp-content\/uploads\/2022\/06\/Programme-Pacs.jpg","datePublished":"2022-06-23T07:02:30+00:00","dateModified":"2022-06-23T07:02:31+00:00","breadcrumb":{"@id":"https:\/\/kapitalis.com\/tunisie\/2022\/06\/23\/tunisie-le-programme-pacs-de-la-berd-a-beneficie-a-600-entreprises\/#breadcrumb"},"inLanguage":"fr-FR","potentialAction":[{"@type":"ReadAction","target":["https:\/\/kapitalis.com\/tunisie\/2022\/06\/23\/tunisie-le-programme-pacs-de-la-berd-a-beneficie-a-600-entreprises\/"]}]},{"@type":"ImageObject","inLanguage":"fr-FR","@id":"https:\/\/kapitalis.com\/tunisie\/2022\/06\/23\/tunisie-le-programme-pacs-de-la-berd-a-beneficie-a-600-entreprises\/#primaryimage","url":"https:\/\/kapitalis.com\/tunisie\/wp-content\/uploads\/2022\/06\/Programme-Pacs.jpg","contentUrl":"https:\/\/kapitalis.com\/tunisie\/wp-content\/uploads\/2022\/06\/Programme-Pacs.jpg","width":1200,"height":630},{"@type":"BreadcrumbList","@id":"https:\/\/kapitalis.com\/tunisie\/2022\/06\/23\/tunisie-le-programme-pacs-de-la-berd-a-beneficie-a-600-entreprises\/#breadcrumb","itemListElement":[{"@type":"ListItem","position":1,"name":"Accueil","item":"https:\/\/kapitalis.com\/tunisie\/"},{"@type":"ListItem","position":2,"name":"Tunisie\u00a0: le programme Pacs de la Berd a b\u00e9n\u00e9fici\u00e9 \u00e0 600 entreprises"}]},{"@type":"WebSite","@id":"https:\/\/kapitalis.com\/tunisie\/#website","url":"https:\/\/kapitalis.com\/tunisie\/","name":"Kapitalis","description":"L&#039;actualit\u00e9 en Tunisie et dans le monde","publisher":{"@id":"https:\/\/kapitalis.com\/tunisie\/#organization"},"potentialAction":[{"@type":"SearchAction","target":{"@type":"EntryPoint","urlTemplate":"https:\/\/kapitalis.com\/tunisie\/?s={search_term_string}"},"query-input":{"@type":"PropertyValueSpecification","valueRequired":true,"valueName":"search_term_string"}}],"inLanguage":"fr-FR"},{"@type":"Organization","@id":"https:\/\/kapitalis.com\/tunisie\/#organization","name":"Kapitalis","url":"https:\/\/kapitalis.com\/tunisie\/","logo":{"@type":"ImageObject","inLanguage":"fr-FR","@id":"https:\/\/kapitalis.com\/tunisie\/#\/schema\/logo\/image\/","url":"https:\/\/kapitalis.com\/tunisie\/wp-content\/uploads\/2022\/05\/Kapitalis-big-size.png","contentUrl":"https:\/\/kapitalis.com\/tunisie\/wp-content\/uploads\/2022\/05\/Kapitalis-big-size.png","width":5000,"height":1500,"caption":"Kapitalis"},"image":{"@id":"https:\/\/kapitalis.com\/tunisie\/#\/schema\/logo\/image\/"},"sameAs":["https:\/\/www.facebook.com\/KapitalisInfo\/","https:\/\/x.com\/KapitalisInfo","https:\/\/www.youtube.com\/channel\/UC-yDYrHyfFBWWZaOw3FPg9Q"]},{"@type":"Person","@id":"https:\/\/kapitalis.com\/tunisie\/#\/schema\/person\/d71f33a9ca44f7bad4698210b480c8e9","name":"webmaster kapitalis","url":"https:\/\/kapitalis.com\/tunisie\/author\/webmaster-kapitalis\/"}]}},"_links":{"self":[{"href":"https:\/\/kapitalis.com\/tunisie\/wp-json\/wp\/v2\/posts\/1684562","targetHints":{"allow":["GET"]}}],"collection":[{"href":"https:\/\/kapitalis.com\/tunisie\/wp-json\/wp\/v2\/posts"}],"about":[{"href":"https:\/\/kapitalis.com\/tunisie\/wp-json\/wp\/v2\/types\/post"}],"author":[{"embeddable":true,"href":"https:\/\/kapitalis.com\/tunisie\/wp-json\/wp\/v2\/users\/8"}],"replies":[{"embeddable":true,"href":"https:\/\/kapitalis.com\/tunisie\/wp-json\/wp\/v2\/comments?post=1684562"}],"version-history":[{"count":0,"href":"https:\/\/kapitalis.com\/tunisie\/wp-json\/wp\/v2\/posts\/1684562\/revisions"}],"wp:featuredmedia":[{"embeddable":true,"href":"https:\/\/kapitalis.com\/tunisie\/wp-json\/wp\/v2\/media\/1684706"}],"wp:attachment":[{"href":"https:\/\/kapitalis.com\/tunisie\/wp-json\/wp\/v2\/media?parent=1684562"}],"wp:term":[{"taxonomy":"category","embeddable":true,"href":"https:\/\/kapitalis.com\/tunisie\/wp-json\/wp\/v2\/categories?post=1684562"},{"taxonomy":"post_tag","embeddable":true,"href":"https:\/\/kapitalis.com\/tunisie\/wp-json\/wp\/v2\/tags?post=1684562"}],"curies":[{"name":"wp","href":"https:\/\/api.w.org\/{rel}","templated":true}]}}