{"id":168460,"date":"2018-08-09T17:24:44","date_gmt":"2018-08-09T16:24:44","guid":{"rendered":"http:\/\/kapitalis.com\/tunisie\/?p=168460"},"modified":"2018-08-09T19:24:48","modified_gmt":"2018-08-09T18:24:48","slug":"la-tete-baissee-khamassi-retourne-dans-le-giron-des-caid-essebsi","status":"publish","type":"post","link":"https:\/\/kapitalis.com\/tunisie\/2018\/08\/09\/la-tete-baissee-khamassi-retourne-dans-le-giron-des-caid-essebsi\/","title":{"rendered":"La t\u00eate baiss\u00e9e, Khamassi retourne dans le giron des Ca\u00efd Essebsi"},"content":{"rendered":"<p style=\"text-align: center;\"><img loading=\"lazy\" decoding=\"async\" class=\"alignnone size-full wp-image-168461\" src=\"http:\/\/kapitalis.com\/tunisie\/wp-content\/uploads\/2018\/08\/Raouf-Khammassi-Nabil-Karoui.jpg\" alt=\"\" width=\"626\" height=\"380\" \/><\/p>\n<p><em><strong>Finalement l\u2019opposition de Khamassi au clan de la famille Ca\u00efd Essebsi n\u2019a dur\u00e9 que quelques jours. C\u2019\u00e9tait trop beau pour \u00eatre vrai. L\u2019amoureux du pouvoir, celui qui a toujours \u00e9volu\u00e9 dans le sillage du pouvoir, de Ben Ali \u00e0 Ca\u00efd Essebsi, n\u2019a jamais pu s\u2019\u00e9manciper de la tutelle du d\u00e9tenteur du pouvoir. Qui a orchestr\u00e9 son retour?<\/strong><\/em><\/p>\n<p>Par <strong>Imed Bahri<\/strong><\/p>\n<p><!--more--><\/p>\n<p>Au cours du mois de juillet \u2013 exactement le 10 juillet \u2013 et \u00e0 la surprise g\u00e9n\u00e9rale, Raouf Khamassi s\u2019en prend ouvertement \u00e0 Hafedh Ca\u00efd Essebsi, le l\u00e2che et proclame son soutien \u00e0 Youssef Chahed. Quelle mouche a piqu\u00e9 Khamassi? Lui qui s\u2019est toujours align\u00e9 aveuglement sur les positions du pouvoir en place en Tunisie et qui ne peut pas supporter ne pas \u00eatre parmi la cour du pr\u00e9sident, et ce depuis Zine El Abidine Ben Ali, avait surpris ceux qui le connaissent en l\u00e2chant Hafedh. Khamassi est-il devenu courageux? Comment ce courage s\u2019est-il abattu sur Raouf? Comment? C\u2019\u00e9tait du jamais vu. Mais tr\u00e8s vite, les na\u00effs et les candides qui y ont cru ont du d\u00e9chanter.<\/p>\n<h3>Les m\u00e9tamorphoses rapides de Raouf<\/h3>\n<p>Le retournement de veste de M. Khamassi intervenu le 10 juillet en faveur de Youssef Chahed fut stopp\u00e9 net par l\u2019intervention t\u00e9l\u00e9vis\u00e9e de B\u00e9ji Ca\u00efd Essebsi sur Nessma, la cha\u00eene du tr\u00e8s vertueux Nabil Karoui, un homme ayant un sens tr\u00e8s d\u00e9velopp\u00e9 et tr\u00e8s aigu de la morale. C\u2019est pour cela que notre pr\u00e9sident a choisi de s\u2019exprimer sur sa cha\u00eene. Au cours de cette interview tr\u00e8s neutre, tr\u00e8s professionnelle et tr\u00e8s objective de Nessma, M. Ca\u00efd Essebsi a publiquement d\u00e9savou\u00e9 le chef du gouvernement Youssef Chahed et a publiquement soutenu son fils et le clan de sa famille ce qui a procur\u00e9 un grand soulagement au tr\u00e8s vertueux M. Karoui dont la cha\u00eene s\u2019acharne depuis des mois sur le m\u00e9chant jeune chef du gouvernement.<\/p>\n<p>Ne supportant pas \u00eatre loin du pouvoir et du pr\u00e9sident, M. Khamassi a senti qu\u2019il allait tomber en disgr\u00e2ce et s\u2019est jet\u00e9 sur son clavier pour \u00e9crire un beau statut Facebook, le 18 juillet, o\u00f9 il annon\u00e7a sa flamme au pr\u00e9sident de la R\u00e9publique et o\u00f9 il d\u00e9clara que sa relation avec ce dernier est une ligne rouge, le mot de Khamassi. Nous sommes revenus sur cet \u00e9pisode dans notre article <a href=\"http:\/\/kapitalis.com\/tunisie\/2018\/07\/18\/nidaa-tounes-raouf-khammassi-et-ons-hattab-ne-savent-plus-qui-soutenir\/\" target=\"_blank\" rel=\"noopener\"><em>\u00abRaouf Khamassi et Ons Hattab ne savent plus qui soutenir\u00bb<\/em><\/a> en date du 18 juillet dernier.<\/p>\n<p>Raouf Khamassi est vite revenu dans le giron des Ca\u00efd Essebsi et de Hafedh avec qui entretient une relation quasi-filiale, dont il a toujours soutenu et justifi\u00e9 le hold up sur Nidaa Tounes depuis novembre 2015. On l\u2019a vu au Bardo le samedi 28 janvier ne quittant pas Hafedh d\u2019une semelle lors de la r\u00e9union pr\u00e9c\u00e9dant la s\u00e9ance pl\u00e9ni\u00e8re pour accorder la confiance au nouveau ministre de l\u2019Int\u00e9rieur Hichem Fourati. En polo, dans le couloir discutant avec Hafedh et dans la salle lors de la r\u00e9union attabl\u00e9 \u00e0 ses c\u00f4t\u00e9s, on ne dirait pas l\u2019homme qui a r\u00e9dig\u00e9 sur son compte Facebook le texte \u00e0 charge contre Hafedh le 10 juillet dernier.<\/p>\n<p style=\"text-align: center;\"><img loading=\"lazy\" decoding=\"async\" class=\"alignnone wp-image-168462\" src=\"http:\/\/kapitalis.com\/tunisie\/wp-content\/uploads\/2018\/08\/unnamed.jpg\" alt=\"\" width=\"500\" height=\"524\" \/><\/p>\n<p style=\"text-align: center;\"><em>Les deux hommes d&rsquo;Etat, M. Karoui et M. Khamassi discutent des grandes id\u00e9es.<\/em><\/p>\n<h3>Le plus germanophile et le plus vertueux<\/h3>\n<p>Certainement, Raouf a chang\u00e9 d\u2019avis apr\u00e8s avoir entendu le pr\u00e9sident soutenant aveuglement son fils lors de l\u2019interview de Nessma et surtout craignant qu\u2019une position anti-Hafedh ne l\u2019\u00e9jecte d\u00e9finitivement du cercle de B\u00e9ji Ca\u00efd Essebsi, Raouf se r\u00e9tracta.<\/p>\n<p>Mais comment le retour dans le giron des Ca\u00efd Essebsi s\u2019est-il produit? Comment? Certainement via la m\u00e9diation du tr\u00e8s vertueux Nabil Karoui, pi\u00e8ce ma\u00eetresse du clan de la famille Ca\u00efd Essebsi et son relais m\u00e9diatique car la relation entre M. Karoui et M. Khamassi est bien profonde.<\/p>\n<p>Lorsque M. Karoui a <em>\u00abd\u00e9missionn\u00e9\u00bb<\/em> le 10 janvier 2016 de la direction de Nessma mais tout en continuant \u00e0 la diriger et \u00e0 la t\u00e9l\u00e9guider, il s\u2019est lanc\u00e9 dans une carri\u00e8re politique \u00e0 Nidaa Tounes et tout \u00e9tait planifi\u00e9 avec M. Khamassi. Ils \u00e9taient tr\u00e8s complices et apparaissaient tr\u00e8s souvent ensemble \u00e0 cette \u00e9poque que ce soit \u00e0 Tunis ou \u00e0 Monastir par exemple. M. Karoui et M. Khamassi au cours de leur lune de miel ont m\u00eame cr\u00e9\u00e9 au sein du parti leur propre mouvement, le Forum de la famille destourienne (FFD), comptant notamment parmi ses membres Khaled Chaouket et un des hommes de Nabil Karoui, Oussama Khlifi.<\/p>\n<p>Oussama Khlifi est \u00e0 Nabil Karoui ce que Noureddine Ben Ticha est \u00e0 Kamel Elta\u00efef. D\u2019ailleurs il ressemble beaucoup \u00e0 Ben Ticha m\u00eame dans la mani\u00e8re de porter les chemises, chemises blanches avec les deux premiers boutons d\u00e9boutonn\u00e9s \u00e0 la BHL.<\/p>\n<p>Aujourd\u2019hui Oussama Khlifi est conseiller aupr\u00e8s de la direction de Nessma. N\u2019oublions pas qu\u2019\u00e0 l\u2019\u00e9poque, le tr\u00e8s vertueux Nabil Karoui \u0153uvrait et man\u0153uvrait afin de faire tomber le gouvernement Habib Essid pour lui prendre sa place. M. Karoui ne se cachait pas et faisait savoir dans les m\u00e9dias qu\u2019il voulait devenir le prochain chef de gouvernement. Il ne faisait pas myst\u00e8re de vouloir avoir un destin berlusconien. Il est all\u00e9 jusqu\u2019\u00e0 proposer de faire d\u00e9m\u00e9nager le Palais du Gouvernement de la Kasbah \u00e0 l\u2019immeuble du RCD de l\u2019avenue Mohammed V. L\u2019attachement du tr\u00e8s vertueux M. Karoui \u00e0 l\u2019avenue Mohammed V est un attachement visc\u00e9ral. Le si\u00e8ge de Karoui&amp;Karoui y est, le bureau de M. Karoui y est, cette avenue lui a port\u00e9 bonheur dans les affaires, il voulait que \u00e7a soit de m\u00eame pour la politique. La baraka de l\u2019avenue Mohammed V n\u2019a malheureusement pas \u00e9t\u00e9 au rendez-vous avec M. Karoui en politique.<\/p>\n<p>En tout cas, la relation entre M. Khamassi, le plus germanophile des Rc\u00e9distes et M. Karoui, l\u2019homme le plus vertueux de Tunisie, ne date pas d\u2019hier, elles est ancr\u00e9e et M. Karoui dont la g\u00e9n\u00e9rosit\u00e9 est une marque de fabrique et, en sa qualit\u00e9 de gentil bienfaiteur de l\u2019Humanit\u00e9, il n\u2019a forcement pas d\u00e9clin\u00e9 la demande de Raouf Khamassi de le faire revenir dans le giron de la famille Ca\u00efd Essebsi car M. Khammassi risquait de vivre tr\u00e8s mal son \u00e9loignement du pr\u00e9sident et de sa famille. Ce n\u2019est pas donc un hasard si M. Khamassi a refait son all\u00e9geance en direct sur Nessma, la cha\u00eene de M. Karoui o\u00f9 il a somm\u00e9, mardi 7 ao\u00fbt 2018, le chef du gouvernement \u00e0 respecter l\u2019ultimatum de Hafedh Ca\u00efd Essebsi de soumettre son gouvernement \u00e0 un nouveau vote de confiance \u00e0 l&rsquo;ARP. Mardi est l\u2019avant dernier jour de l\u2019ultimatum de dix jours qui a commenc\u00e9 le samedi 28 juillet et pris fin hier, mercredi 8 ao\u00fbt. Il semble donc que M. Chahed a envoy\u00e9 balader le clan Ca\u00efd Essebsi ainsi que M. Khamassi.<\/p>\n<p><a href=\"https:\/\/www.facebook.com\/nessmatv.tv\/videos\/10156196196482795\/\" target=\"_blank\" rel=\"noopener\"><em><strong>Vid\u00e9o<\/strong><\/em><\/a><\/p>\n<blockquote class=\"wp-embedded-content\" data-secret=\"fAa1PsQG8p\"><p><a href=\"https:\/\/kapitalis.com\/tunisie\/2018\/07\/18\/nidaa-tounes-raouf-khammassi-et-ons-hattab-ne-savent-plus-qui-soutenir\/\">Nidaa Tounes : Raouf Khammassi et Ons Hattab ne savent plus qui soutenir<\/a><\/p><\/blockquote>\n<p><iframe loading=\"lazy\" class=\"wp-embedded-content\" sandbox=\"allow-scripts\" security=\"restricted\" style=\"position: absolute; clip: rect(1px, 1px, 1px, 1px);\" title=\"\u00ab\u00a0Nidaa Tounes : Raouf Khammassi et Ons Hattab ne savent plus qui soutenir\u00a0\u00bb &#8212; Kapitalis\" src=\"https:\/\/kapitalis.com\/tunisie\/2018\/07\/18\/nidaa-tounes-raouf-khammassi-et-ons-hattab-ne-savent-plus-qui-soutenir\/embed\/#?secret=9eXu01SUc2#?secret=fAa1PsQG8p\" data-secret=\"fAa1PsQG8p\" width=\"600\" height=\"338\" frameborder=\"0\" marginwidth=\"0\" marginheight=\"0\" scrolling=\"no\"><\/iframe><\/p>\n<blockquote class=\"wp-embedded-content\" data-secret=\"lZaPxxUgh6\"><p><a href=\"https:\/\/kapitalis.com\/tunisie\/2018\/07\/10\/nidaa-khammassi-soutient-chahed-contre-caid-essebsi-jr\/\">Nidaa : Khammassi soutient Chahed contre Ca\u00efd Essebsi Jr.<\/a><\/p><\/blockquote>\n<p><iframe loading=\"lazy\" class=\"wp-embedded-content\" sandbox=\"allow-scripts\" security=\"restricted\" style=\"position: absolute; clip: rect(1px, 1px, 1px, 1px);\" title=\"\u00ab\u00a0Nidaa : Khammassi soutient Chahed contre Ca\u00efd Essebsi Jr.\u00a0\u00bb &#8212; Kapitalis\" src=\"https:\/\/kapitalis.com\/tunisie\/2018\/07\/10\/nidaa-khammassi-soutient-chahed-contre-caid-essebsi-jr\/embed\/#?secret=szXZeN86UA#?secret=lZaPxxUgh6\" data-secret=\"lZaPxxUgh6\" width=\"600\" height=\"338\" frameborder=\"0\" marginwidth=\"0\" marginheight=\"0\" scrolling=\"no\"><\/iframe><\/p>\n<blockquote class=\"wp-embedded-content\" data-secret=\"c2Tbq8iLxS\"><p><a href=\"https:\/\/kapitalis.com\/tunisie\/2017\/04\/26\/apres-jalloul-khamassi-exhorte-beji-caid-essebsi-a-rempiler\/\">Apr\u00e8s Jalloul, Khamassi exhorte B\u00e9ji Ca\u00efd Essebsi \u00e0 rempiler<\/a><\/p><\/blockquote>\n<p><iframe loading=\"lazy\" class=\"wp-embedded-content\" sandbox=\"allow-scripts\" security=\"restricted\" style=\"position: absolute; clip: rect(1px, 1px, 1px, 1px);\" title=\"\u00ab\u00a0Apr\u00e8s Jalloul, Khamassi exhorte B\u00e9ji Ca\u00efd Essebsi \u00e0 rempiler\u00a0\u00bb &#8212; Kapitalis\" src=\"https:\/\/kapitalis.com\/tunisie\/2017\/04\/26\/apres-jalloul-khamassi-exhorte-beji-caid-essebsi-a-rempiler\/embed\/#?secret=ElHkc4IsgZ#?secret=c2Tbq8iLxS\" data-secret=\"c2Tbq8iLxS\" width=\"600\" height=\"338\" frameborder=\"0\" marginwidth=\"0\" marginheight=\"0\" scrolling=\"no\"><\/iframe><\/p>\n","protected":false},"excerpt":{"rendered":"<p>Finalement l\u2019opposition de Khamassi au clan de la famille Ca\u00efd Essebsi n\u2019a dur\u00e9 que quelques jours. C\u2019\u00e9tait trop beau pour \u00eatre vrai. L\u2019amoureux du pouvoir, celui qui a toujours \u00e9volu\u00e9 dans le sillage du pouvoir, de Ben Ali \u00e0 Ca\u00efd Essebsi, n\u2019a jamais pu s\u2019\u00e9manciper de la tutelle du d\u00e9tenteur du pouvoir. Qui a orchestr\u00e9&#8230;<\/p>\n","protected":false},"author":8,"featured_media":168461,"comment_status":"open","ping_status":"open","sticky":false,"template":"","format":"standard","meta":{"footnotes":""},"categories":[992,997,2433],"tags":[651,3437,12805],"class_list":["post-168460","post","type-post","status-publish","format-standard","has-post-thumbnail","hentry","category-a-la-une","category-politique","category-tunisie","tag-nabil-karoui","tag-nessma","tag-raouf-khammassi"],"yoast_head":"<!-- This site is optimized with the Yoast SEO plugin v26.6 - https:\/\/yoast.com\/wordpress\/plugins\/seo\/ -->\n<title>La t\u00eate baiss\u00e9e, Khamassi retourne dans le giron des Ca\u00efd Essebsi - Kapitalis<\/title>\n<meta name=\"robots\" content=\"index, follow, max-snippet:-1, max-image-preview:large, max-video-preview:-1\" \/>\n<link rel=\"canonical\" href=\"https:\/\/kapitalis.com\/tunisie\/2018\/08\/09\/la-tete-baissee-khamassi-retourne-dans-le-giron-des-caid-essebsi\/\" \/>\n<meta property=\"og:locale\" content=\"fr_FR\" \/>\n<meta property=\"og:type\" content=\"article\" \/>\n<meta property=\"og:title\" content=\"La t\u00eate baiss\u00e9e, Khamassi retourne dans le giron des Ca\u00efd Essebsi - Kapitalis\" \/>\n<meta property=\"og:description\" content=\"Finalement l\u2019opposition de Khamassi au clan de la famille Ca\u00efd Essebsi n\u2019a dur\u00e9 que quelques jours. C\u2019\u00e9tait trop beau pour \u00eatre vrai. L\u2019amoureux du pouvoir, celui qui a toujours \u00e9volu\u00e9 dans le sillage du pouvoir, de Ben Ali \u00e0 Ca\u00efd Essebsi, n\u2019a jamais pu s\u2019\u00e9manciper de la tutelle du d\u00e9tenteur du pouvoir. Qui a orchestr\u00e9...\" \/>\n<meta property=\"og:url\" content=\"https:\/\/kapitalis.com\/tunisie\/2018\/08\/09\/la-tete-baissee-khamassi-retourne-dans-le-giron-des-caid-essebsi\/\" \/>\n<meta property=\"og:site_name\" content=\"Kapitalis\" \/>\n<meta property=\"article:publisher\" content=\"https:\/\/www.facebook.com\/KapitalisInfo\/\" \/>\n<meta property=\"article:published_time\" content=\"2018-08-09T16:24:44+00:00\" \/>\n<meta property=\"article:modified_time\" content=\"2018-08-09T18:24:48+00:00\" \/>\n<meta property=\"og:image\" content=\"https:\/\/kapitalis.com\/tunisie\/wp-content\/uploads\/2022\/05\/kapitalis-logo-fb.png\" \/>\n\t<meta property=\"og:image:width\" content=\"1200\" \/>\n\t<meta property=\"og:image:height\" content=\"630\" \/>\n\t<meta property=\"og:image:type\" content=\"image\/png\" \/>\n<meta name=\"author\" content=\"webmaster kapitalis\" \/>\n<meta name=\"twitter:card\" content=\"summary_large_image\" \/>\n<meta name=\"twitter:creator\" content=\"@KapitalisInfo\" \/>\n<meta name=\"twitter:site\" content=\"@KapitalisInfo\" \/>\n<meta name=\"twitter:label1\" content=\"\u00c9crit par\" \/>\n\t<meta name=\"twitter:data1\" content=\"webmaster kapitalis\" \/>\n\t<meta name=\"twitter:label2\" content=\"Dur\u00e9e de lecture estim\u00e9e\" \/>\n\t<meta name=\"twitter:data2\" content=\"6 minutes\" \/>\n<script type=\"application\/ld+json\" class=\"yoast-schema-graph\">{\"@context\":\"https:\/\/schema.org\",\"@graph\":[{\"@type\":\"Article\",\"@id\":\"https:\/\/kapitalis.com\/tunisie\/2018\/08\/09\/la-tete-baissee-khamassi-retourne-dans-le-giron-des-caid-essebsi\/#article\",\"isPartOf\":{\"@id\":\"https:\/\/kapitalis.com\/tunisie\/2018\/08\/09\/la-tete-baissee-khamassi-retourne-dans-le-giron-des-caid-essebsi\/\"},\"author\":{\"name\":\"webmaster kapitalis\",\"@id\":\"https:\/\/kapitalis.com\/tunisie\/#\/schema\/person\/d71f33a9ca44f7bad4698210b480c8e9\"},\"headline\":\"La t\u00eate baiss\u00e9e, Khamassi retourne dans le giron des Ca\u00efd Essebsi\",\"datePublished\":\"2018-08-09T16:24:44+00:00\",\"dateModified\":\"2018-08-09T18:24:48+00:00\",\"mainEntityOfPage\":{\"@id\":\"https:\/\/kapitalis.com\/tunisie\/2018\/08\/09\/la-tete-baissee-khamassi-retourne-dans-le-giron-des-caid-essebsi\/\"},\"wordCount\":1238,\"commentCount\":7,\"publisher\":{\"@id\":\"https:\/\/kapitalis.com\/tunisie\/#organization\"},\"image\":{\"@id\":\"https:\/\/kapitalis.com\/tunisie\/2018\/08\/09\/la-tete-baissee-khamassi-retourne-dans-le-giron-des-caid-essebsi\/#primaryimage\"},\"thumbnailUrl\":\"\",\"keywords\":[\"Nabil Karoui\",\"Nessma\",\"Raouf Khammassi\"],\"articleSection\":[\"A LA UNE\",\"POLITIQUE\",\"Tunisie\"],\"inLanguage\":\"fr-FR\",\"potentialAction\":[{\"@type\":\"CommentAction\",\"name\":\"Comment\",\"target\":[\"https:\/\/kapitalis.com\/tunisie\/2018\/08\/09\/la-tete-baissee-khamassi-retourne-dans-le-giron-des-caid-essebsi\/#respond\"]}]},{\"@type\":\"WebPage\",\"@id\":\"https:\/\/kapitalis.com\/tunisie\/2018\/08\/09\/la-tete-baissee-khamassi-retourne-dans-le-giron-des-caid-essebsi\/\",\"url\":\"https:\/\/kapitalis.com\/tunisie\/2018\/08\/09\/la-tete-baissee-khamassi-retourne-dans-le-giron-des-caid-essebsi\/\",\"name\":\"La t\u00eate baiss\u00e9e, Khamassi retourne dans le giron des Ca\u00efd Essebsi - Kapitalis\",\"isPartOf\":{\"@id\":\"https:\/\/kapitalis.com\/tunisie\/#website\"},\"primaryImageOfPage\":{\"@id\":\"https:\/\/kapitalis.com\/tunisie\/2018\/08\/09\/la-tete-baissee-khamassi-retourne-dans-le-giron-des-caid-essebsi\/#primaryimage\"},\"image\":{\"@id\":\"https:\/\/kapitalis.com\/tunisie\/2018\/08\/09\/la-tete-baissee-khamassi-retourne-dans-le-giron-des-caid-essebsi\/#primaryimage\"},\"thumbnailUrl\":\"\",\"datePublished\":\"2018-08-09T16:24:44+00:00\",\"dateModified\":\"2018-08-09T18:24:48+00:00\",\"breadcrumb\":{\"@id\":\"https:\/\/kapitalis.com\/tunisie\/2018\/08\/09\/la-tete-baissee-khamassi-retourne-dans-le-giron-des-caid-essebsi\/#breadcrumb\"},\"inLanguage\":\"fr-FR\",\"potentialAction\":[{\"@type\":\"ReadAction\",\"target\":[\"https:\/\/kapitalis.com\/tunisie\/2018\/08\/09\/la-tete-baissee-khamassi-retourne-dans-le-giron-des-caid-essebsi\/\"]}]},{\"@type\":\"ImageObject\",\"inLanguage\":\"fr-FR\",\"@id\":\"https:\/\/kapitalis.com\/tunisie\/2018\/08\/09\/la-tete-baissee-khamassi-retourne-dans-le-giron-des-caid-essebsi\/#primaryimage\",\"url\":\"\",\"contentUrl\":\"\"},{\"@type\":\"BreadcrumbList\",\"@id\":\"https:\/\/kapitalis.com\/tunisie\/2018\/08\/09\/la-tete-baissee-khamassi-retourne-dans-le-giron-des-caid-essebsi\/#breadcrumb\",\"itemListElement\":[{\"@type\":\"ListItem\",\"position\":1,\"name\":\"Accueil\",\"item\":\"https:\/\/kapitalis.com\/tunisie\/\"},{\"@type\":\"ListItem\",\"position\":2,\"name\":\"La t\u00eate baiss\u00e9e, Khamassi retourne dans le giron des Ca\u00efd Essebsi\"}]},{\"@type\":\"WebSite\",\"@id\":\"https:\/\/kapitalis.com\/tunisie\/#website\",\"url\":\"https:\/\/kapitalis.com\/tunisie\/\",\"name\":\"Kapitalis\",\"description\":\"L&#039;actualit\u00e9 en Tunisie et dans le monde\",\"publisher\":{\"@id\":\"https:\/\/kapitalis.com\/tunisie\/#organization\"},\"potentialAction\":[{\"@type\":\"SearchAction\",\"target\":{\"@type\":\"EntryPoint\",\"urlTemplate\":\"https:\/\/kapitalis.com\/tunisie\/?s={search_term_string}\"},\"query-input\":{\"@type\":\"PropertyValueSpecification\",\"valueRequired\":true,\"valueName\":\"search_term_string\"}}],\"inLanguage\":\"fr-FR\"},{\"@type\":\"Organization\",\"@id\":\"https:\/\/kapitalis.com\/tunisie\/#organization\",\"name\":\"Kapitalis\",\"url\":\"https:\/\/kapitalis.com\/tunisie\/\",\"logo\":{\"@type\":\"ImageObject\",\"inLanguage\":\"fr-FR\",\"@id\":\"https:\/\/kapitalis.com\/tunisie\/#\/schema\/logo\/image\/\",\"url\":\"https:\/\/kapitalis.com\/tunisie\/wp-content\/uploads\/2022\/05\/Kapitalis-big-size.png\",\"contentUrl\":\"https:\/\/kapitalis.com\/tunisie\/wp-content\/uploads\/2022\/05\/Kapitalis-big-size.png\",\"width\":5000,\"height\":1500,\"caption\":\"Kapitalis\"},\"image\":{\"@id\":\"https:\/\/kapitalis.com\/tunisie\/#\/schema\/logo\/image\/\"},\"sameAs\":[\"https:\/\/www.facebook.com\/KapitalisInfo\/\",\"https:\/\/x.com\/KapitalisInfo\",\"https:\/\/www.youtube.com\/channel\/UC-yDYrHyfFBWWZaOw3FPg9Q\"]},{\"@type\":\"Person\",\"@id\":\"https:\/\/kapitalis.com\/tunisie\/#\/schema\/person\/d71f33a9ca44f7bad4698210b480c8e9\",\"name\":\"webmaster kapitalis\",\"url\":\"https:\/\/kapitalis.com\/tunisie\/author\/webmaster-kapitalis\/\"}]}<\/script>\n<!-- \/ Yoast SEO plugin. -->","yoast_head_json":{"title":"La t\u00eate baiss\u00e9e, Khamassi retourne dans le giron des Ca\u00efd Essebsi - Kapitalis","robots":{"index":"index","follow":"follow","max-snippet":"max-snippet:-1","max-image-preview":"max-image-preview:large","max-video-preview":"max-video-preview:-1"},"canonical":"https:\/\/kapitalis.com\/tunisie\/2018\/08\/09\/la-tete-baissee-khamassi-retourne-dans-le-giron-des-caid-essebsi\/","og_locale":"fr_FR","og_type":"article","og_title":"La t\u00eate baiss\u00e9e, Khamassi retourne dans le giron des Ca\u00efd Essebsi - Kapitalis","og_description":"Finalement l\u2019opposition de Khamassi au clan de la famille Ca\u00efd Essebsi n\u2019a dur\u00e9 que quelques jours. C\u2019\u00e9tait trop beau pour \u00eatre vrai. L\u2019amoureux du pouvoir, celui qui a toujours \u00e9volu\u00e9 dans le sillage du pouvoir, de Ben Ali \u00e0 Ca\u00efd Essebsi, n\u2019a jamais pu s\u2019\u00e9manciper de la tutelle du d\u00e9tenteur du pouvoir. Qui a orchestr\u00e9...","og_url":"https:\/\/kapitalis.com\/tunisie\/2018\/08\/09\/la-tete-baissee-khamassi-retourne-dans-le-giron-des-caid-essebsi\/","og_site_name":"Kapitalis","article_publisher":"https:\/\/www.facebook.com\/KapitalisInfo\/","article_published_time":"2018-08-09T16:24:44+00:00","article_modified_time":"2018-08-09T18:24:48+00:00","og_image":[{"width":1200,"height":630,"url":"https:\/\/kapitalis.com\/tunisie\/wp-content\/uploads\/2022\/05\/kapitalis-logo-fb.png","type":"image\/png"}],"author":"webmaster kapitalis","twitter_card":"summary_large_image","twitter_creator":"@KapitalisInfo","twitter_site":"@KapitalisInfo","twitter_misc":{"\u00c9crit par":"webmaster kapitalis","Dur\u00e9e de lecture estim\u00e9e":"6 minutes"},"schema":{"@context":"https:\/\/schema.org","@graph":[{"@type":"Article","@id":"https:\/\/kapitalis.com\/tunisie\/2018\/08\/09\/la-tete-baissee-khamassi-retourne-dans-le-giron-des-caid-essebsi\/#article","isPartOf":{"@id":"https:\/\/kapitalis.com\/tunisie\/2018\/08\/09\/la-tete-baissee-khamassi-retourne-dans-le-giron-des-caid-essebsi\/"},"author":{"name":"webmaster kapitalis","@id":"https:\/\/kapitalis.com\/tunisie\/#\/schema\/person\/d71f33a9ca44f7bad4698210b480c8e9"},"headline":"La t\u00eate baiss\u00e9e, Khamassi retourne dans le giron des Ca\u00efd Essebsi","datePublished":"2018-08-09T16:24:44+00:00","dateModified":"2018-08-09T18:24:48+00:00","mainEntityOfPage":{"@id":"https:\/\/kapitalis.com\/tunisie\/2018\/08\/09\/la-tete-baissee-khamassi-retourne-dans-le-giron-des-caid-essebsi\/"},"wordCount":1238,"commentCount":7,"publisher":{"@id":"https:\/\/kapitalis.com\/tunisie\/#organization"},"image":{"@id":"https:\/\/kapitalis.com\/tunisie\/2018\/08\/09\/la-tete-baissee-khamassi-retourne-dans-le-giron-des-caid-essebsi\/#primaryimage"},"thumbnailUrl":"","keywords":["Nabil Karoui","Nessma","Raouf Khammassi"],"articleSection":["A LA UNE","POLITIQUE","Tunisie"],"inLanguage":"fr-FR","potentialAction":[{"@type":"CommentAction","name":"Comment","target":["https:\/\/kapitalis.com\/tunisie\/2018\/08\/09\/la-tete-baissee-khamassi-retourne-dans-le-giron-des-caid-essebsi\/#respond"]}]},{"@type":"WebPage","@id":"https:\/\/kapitalis.com\/tunisie\/2018\/08\/09\/la-tete-baissee-khamassi-retourne-dans-le-giron-des-caid-essebsi\/","url":"https:\/\/kapitalis.com\/tunisie\/2018\/08\/09\/la-tete-baissee-khamassi-retourne-dans-le-giron-des-caid-essebsi\/","name":"La t\u00eate baiss\u00e9e, Khamassi retourne dans le giron des Ca\u00efd Essebsi - Kapitalis","isPartOf":{"@id":"https:\/\/kapitalis.com\/tunisie\/#website"},"primaryImageOfPage":{"@id":"https:\/\/kapitalis.com\/tunisie\/2018\/08\/09\/la-tete-baissee-khamassi-retourne-dans-le-giron-des-caid-essebsi\/#primaryimage"},"image":{"@id":"https:\/\/kapitalis.com\/tunisie\/2018\/08\/09\/la-tete-baissee-khamassi-retourne-dans-le-giron-des-caid-essebsi\/#primaryimage"},"thumbnailUrl":"","datePublished":"2018-08-09T16:24:44+00:00","dateModified":"2018-08-09T18:24:48+00:00","breadcrumb":{"@id":"https:\/\/kapitalis.com\/tunisie\/2018\/08\/09\/la-tete-baissee-khamassi-retourne-dans-le-giron-des-caid-essebsi\/#breadcrumb"},"inLanguage":"fr-FR","potentialAction":[{"@type":"ReadAction","target":["https:\/\/kapitalis.com\/tunisie\/2018\/08\/09\/la-tete-baissee-khamassi-retourne-dans-le-giron-des-caid-essebsi\/"]}]},{"@type":"ImageObject","inLanguage":"fr-FR","@id":"https:\/\/kapitalis.com\/tunisie\/2018\/08\/09\/la-tete-baissee-khamassi-retourne-dans-le-giron-des-caid-essebsi\/#primaryimage","url":"","contentUrl":""},{"@type":"BreadcrumbList","@id":"https:\/\/kapitalis.com\/tunisie\/2018\/08\/09\/la-tete-baissee-khamassi-retourne-dans-le-giron-des-caid-essebsi\/#breadcrumb","itemListElement":[{"@type":"ListItem","position":1,"name":"Accueil","item":"https:\/\/kapitalis.com\/tunisie\/"},{"@type":"ListItem","position":2,"name":"La t\u00eate baiss\u00e9e, Khamassi retourne dans le giron des Ca\u00efd Essebsi"}]},{"@type":"WebSite","@id":"https:\/\/kapitalis.com\/tunisie\/#website","url":"https:\/\/kapitalis.com\/tunisie\/","name":"Kapitalis","description":"L&#039;actualit\u00e9 en Tunisie et dans le monde","publisher":{"@id":"https:\/\/kapitalis.com\/tunisie\/#organization"},"potentialAction":[{"@type":"SearchAction","target":{"@type":"EntryPoint","urlTemplate":"https:\/\/kapitalis.com\/tunisie\/?s={search_term_string}"},"query-input":{"@type":"PropertyValueSpecification","valueRequired":true,"valueName":"search_term_string"}}],"inLanguage":"fr-FR"},{"@type":"Organization","@id":"https:\/\/kapitalis.com\/tunisie\/#organization","name":"Kapitalis","url":"https:\/\/kapitalis.com\/tunisie\/","logo":{"@type":"ImageObject","inLanguage":"fr-FR","@id":"https:\/\/kapitalis.com\/tunisie\/#\/schema\/logo\/image\/","url":"https:\/\/kapitalis.com\/tunisie\/wp-content\/uploads\/2022\/05\/Kapitalis-big-size.png","contentUrl":"https:\/\/kapitalis.com\/tunisie\/wp-content\/uploads\/2022\/05\/Kapitalis-big-size.png","width":5000,"height":1500,"caption":"Kapitalis"},"image":{"@id":"https:\/\/kapitalis.com\/tunisie\/#\/schema\/logo\/image\/"},"sameAs":["https:\/\/www.facebook.com\/KapitalisInfo\/","https:\/\/x.com\/KapitalisInfo","https:\/\/www.youtube.com\/channel\/UC-yDYrHyfFBWWZaOw3FPg9Q"]},{"@type":"Person","@id":"https:\/\/kapitalis.com\/tunisie\/#\/schema\/person\/d71f33a9ca44f7bad4698210b480c8e9","name":"webmaster kapitalis","url":"https:\/\/kapitalis.com\/tunisie\/author\/webmaster-kapitalis\/"}]}},"_links":{"self":[{"href":"https:\/\/kapitalis.com\/tunisie\/wp-json\/wp\/v2\/posts\/168460","targetHints":{"allow":["GET"]}}],"collection":[{"href":"https:\/\/kapitalis.com\/tunisie\/wp-json\/wp\/v2\/posts"}],"about":[{"href":"https:\/\/kapitalis.com\/tunisie\/wp-json\/wp\/v2\/types\/post"}],"author":[{"embeddable":true,"href":"https:\/\/kapitalis.com\/tunisie\/wp-json\/wp\/v2\/users\/8"}],"replies":[{"embeddable":true,"href":"https:\/\/kapitalis.com\/tunisie\/wp-json\/wp\/v2\/comments?post=168460"}],"version-history":[{"count":0,"href":"https:\/\/kapitalis.com\/tunisie\/wp-json\/wp\/v2\/posts\/168460\/revisions"}],"wp:featuredmedia":[{"embeddable":true,"href":"https:\/\/kapitalis.com\/tunisie\/wp-json\/wp\/v2\/media\/168461"}],"wp:attachment":[{"href":"https:\/\/kapitalis.com\/tunisie\/wp-json\/wp\/v2\/media?parent=168460"}],"wp:term":[{"taxonomy":"category","embeddable":true,"href":"https:\/\/kapitalis.com\/tunisie\/wp-json\/wp\/v2\/categories?post=168460"},{"taxonomy":"post_tag","embeddable":true,"href":"https:\/\/kapitalis.com\/tunisie\/wp-json\/wp\/v2\/tags?post=168460"}],"curies":[{"name":"wp","href":"https:\/\/api.w.org\/{rel}","templated":true}]}}