{"id":168490,"date":"2018-08-09T20:18:45","date_gmt":"2018-08-09T19:18:45","guid":{"rendered":"http:\/\/kapitalis.com\/tunisie\/?p=168490"},"modified":"2018-08-09T20:18:45","modified_gmt":"2018-08-09T19:18:45","slug":"excuse-nous-adem-zaag","status":"publish","type":"post","link":"https:\/\/kapitalis.com\/tunisie\/2018\/08\/09\/excuse-nous-adem-zaag\/","title":{"rendered":"Excuse-nous Adem Zaag !"},"content":{"rendered":"<p style=\"text-align: center;\"><img loading=\"lazy\" decoding=\"async\" class=\"alignnone size-full wp-image-168491\" src=\"http:\/\/kapitalis.com\/tunisie\/wp-content\/uploads\/2018\/08\/Adem-Zaag-1.jpg\" alt=\"\" width=\"626\" height=\"380\" \/><\/p>\n<p><em><strong>Dans ce post Facebook, l\u2019auteur, r\u00e9agit comme un p\u00e8re et un citoyen r\u00e9volt\u00e9, apr\u00e8s par la mort accidentelle, \u00e9lectrocut\u00e9 de l\u2019enfant Adem Zaag, sur une plage pr\u00e8s de Bekalta, \u00e0 Monastir.<\/strong> <\/em><\/p>\n<p>Par<strong>\u00a0Dr Mohamed Douagi<\/strong> *<\/p>\n<p><!--more--><\/p>\n<p><img loading=\"lazy\" decoding=\"async\" class=\"alignnone size-full wp-image-168492 alignleft\" src=\"http:\/\/kapitalis.com\/tunisie\/wp-content\/uploads\/2018\/08\/Dr-Mohamed-Douagi.jpg\" alt=\"\" width=\"200\" height=\"200\" \/>Perdre un \u00eatre qu\u2019on aime est douloureux.<\/p>\n<p>Perdre un fils ou une fille est une \u00e9preuve des plus dures et des plus insoutenables.<\/p>\n<p>Perdre un fils, une fille ou quelqu\u2019un qu\u2019on aime par la faute d\u2019autrui est douloureux, insoutenable et r\u00e9voltant.<\/p>\n<p>Le petit Adem est parti au moment o\u00f9 il s\u2019amusait par la faute de criminels qui ne pensent qu\u2019\u00e0 amasser de l\u2019argent faisant fi de toutes les r\u00e8gles \u00e9l\u00e9mentaires de s\u00e9curit\u00e9 sous couvert d\u2019\u00eatre des <em>\u00abzwawla\u00bb<\/em> \u0632\u0648\u0627\u0648\u0644\u0629 (gens modestes) laissant une douleur pour la vie pour ses parents, ses fr\u00e8res et tous ceux qui l\u2019ont connu.<\/p>\n<p>Cet accident est en fait un HOMICIDE VOLONTAIRE car le propri\u00e9taire de ce kiosque ne pouvait ne pas savoir les risques auxquels il exposait les citoyens.<\/p>\n<p>Mais il n\u2019est pas le seul qui doit payer. Tous ceux qui ont tol\u00e9r\u00e9, ferm\u00e9 les yeux, donn\u00e9 une autorisation sans respect des r\u00e8gles d\u2019hygi\u00e8ne et de s\u00e9curit\u00e9 doivent payer devant la justice.<\/p>\n<p>Adem n\u2019est pas une victime isol\u00e9e; il y en a eu et il y en aura d\u2019autres non m\u00e9diatis\u00e9s; tout \u00e7a parce qu\u2019on ne veut pas appliquer la loi et parce que l\u2019on pense que \u00e7a n\u2019arrive qu\u2019aux autres.<\/p>\n<p>Finalement nous sommes tous responsables.<\/p>\n<p>Repose en paix petit Adem (je ne te connais pas mais j\u2019ai lu sur ton court parcours d\u2019enfant innocent et de futur grand gardien de but), toi qui d\u00e9gageais de la joie et que dieu donne de la force \u00e0 tes parents et fr\u00e8res de surmonter cette dure \u00e9preuve.<\/p>\n<p>Quand \u00e0 nous, regardons-nous dans la glace et posons-nous la question : comment pourrons-nous aider \u00e0 \u00e9viter de telles catastrophes suite \u00e0 un accident b\u00eate d\u00fb aux comportements criminels de ceux qui bafouent la loi, exposent le citoyen et surtout les enfants au danger les privant de leur droit de s\u2019amuser, jouer, courir ou tout simplement marcher sur un trottoir et non \u00eatre rejet\u00e9 sur la chauss\u00e9e.<\/p>\n<p>Un citoyen, un p\u00e8re r\u00e9volt\u00e9.<\/p>\n<p><em>* M\u00e9decin \u00e0 l\u2019h\u00f4pital militaire de Tunis.<\/em><\/p>\n","protected":false},"excerpt":{"rendered":"<p>Dans ce post Facebook, l\u2019auteur, r\u00e9agit comme un p\u00e8re et un citoyen r\u00e9volt\u00e9, apr\u00e8s par la mort accidentelle, \u00e9lectrocut\u00e9 de l\u2019enfant Adem Zaag, sur une plage pr\u00e8s de Bekalta, \u00e0 Monastir. Par\u00a0Dr Mohamed Douagi *<\/p>\n","protected":false},"author":8,"featured_media":168491,"comment_status":"open","ping_status":"open","sticky":false,"template":"","format":"standard","meta":{"footnotes":""},"categories":[992,998,1000,2433],"tags":[],"class_list":["post-168490","post","type-post","status-publish","format-standard","has-post-thumbnail","hentry","category-a-la-une","category-societe","category-tribune","category-tunisie"],"yoast_head":"<!-- This site is optimized with the Yoast SEO plugin v26.6 - https:\/\/yoast.com\/wordpress\/plugins\/seo\/ -->\n<title>Excuse-nous Adem Zaag ! - Kapitalis<\/title>\n<meta name=\"robots\" content=\"index, follow, max-snippet:-1, max-image-preview:large, max-video-preview:-1\" \/>\n<link rel=\"canonical\" href=\"https:\/\/kapitalis.com\/tunisie\/2018\/08\/09\/excuse-nous-adem-zaag\/\" \/>\n<meta property=\"og:locale\" content=\"fr_FR\" \/>\n<meta property=\"og:type\" content=\"article\" \/>\n<meta property=\"og:title\" content=\"Excuse-nous Adem Zaag ! - Kapitalis\" \/>\n<meta property=\"og:description\" content=\"Dans ce post Facebook, l\u2019auteur, r\u00e9agit comme un p\u00e8re et un citoyen r\u00e9volt\u00e9, apr\u00e8s par la mort accidentelle, \u00e9lectrocut\u00e9 de l\u2019enfant Adem Zaag, sur une plage pr\u00e8s de Bekalta, \u00e0 Monastir. Par\u00a0Dr Mohamed Douagi *\" \/>\n<meta property=\"og:url\" content=\"https:\/\/kapitalis.com\/tunisie\/2018\/08\/09\/excuse-nous-adem-zaag\/\" \/>\n<meta property=\"og:site_name\" content=\"Kapitalis\" \/>\n<meta property=\"article:publisher\" content=\"https:\/\/www.facebook.com\/KapitalisInfo\/\" \/>\n<meta property=\"article:published_time\" content=\"2018-08-09T19:18:45+00:00\" \/>\n<meta property=\"og:image\" content=\"https:\/\/kapitalis.com\/tunisie\/wp-content\/uploads\/2022\/05\/kapitalis-logo-fb.png\" \/>\n\t<meta property=\"og:image:width\" content=\"1200\" \/>\n\t<meta property=\"og:image:height\" content=\"630\" \/>\n\t<meta property=\"og:image:type\" content=\"image\/png\" \/>\n<meta name=\"author\" content=\"webmaster kapitalis\" \/>\n<meta name=\"twitter:card\" content=\"summary_large_image\" \/>\n<meta name=\"twitter:creator\" content=\"@KapitalisInfo\" \/>\n<meta name=\"twitter:site\" content=\"@KapitalisInfo\" \/>\n<meta name=\"twitter:label1\" content=\"\u00c9crit par\" \/>\n\t<meta name=\"twitter:data1\" content=\"webmaster kapitalis\" \/>\n\t<meta name=\"twitter:label2\" content=\"Dur\u00e9e de lecture estim\u00e9e\" \/>\n\t<meta name=\"twitter:data2\" content=\"2 minutes\" \/>\n<script type=\"application\/ld+json\" class=\"yoast-schema-graph\">{\"@context\":\"https:\/\/schema.org\",\"@graph\":[{\"@type\":\"Article\",\"@id\":\"https:\/\/kapitalis.com\/tunisie\/2018\/08\/09\/excuse-nous-adem-zaag\/#article\",\"isPartOf\":{\"@id\":\"https:\/\/kapitalis.com\/tunisie\/2018\/08\/09\/excuse-nous-adem-zaag\/\"},\"author\":{\"name\":\"webmaster kapitalis\",\"@id\":\"https:\/\/kapitalis.com\/tunisie\/#\/schema\/person\/d71f33a9ca44f7bad4698210b480c8e9\"},\"headline\":\"Excuse-nous Adem Zaag !\",\"datePublished\":\"2018-08-09T19:18:45+00:00\",\"mainEntityOfPage\":{\"@id\":\"https:\/\/kapitalis.com\/tunisie\/2018\/08\/09\/excuse-nous-adem-zaag\/\"},\"wordCount\":405,\"commentCount\":13,\"publisher\":{\"@id\":\"https:\/\/kapitalis.com\/tunisie\/#organization\"},\"image\":{\"@id\":\"https:\/\/kapitalis.com\/tunisie\/2018\/08\/09\/excuse-nous-adem-zaag\/#primaryimage\"},\"thumbnailUrl\":\"\",\"articleSection\":[\"A LA UNE\",\"SOCIETE\",\"TRIBUNE\",\"Tunisie\"],\"inLanguage\":\"fr-FR\",\"potentialAction\":[{\"@type\":\"CommentAction\",\"name\":\"Comment\",\"target\":[\"https:\/\/kapitalis.com\/tunisie\/2018\/08\/09\/excuse-nous-adem-zaag\/#respond\"]}]},{\"@type\":\"WebPage\",\"@id\":\"https:\/\/kapitalis.com\/tunisie\/2018\/08\/09\/excuse-nous-adem-zaag\/\",\"url\":\"https:\/\/kapitalis.com\/tunisie\/2018\/08\/09\/excuse-nous-adem-zaag\/\",\"name\":\"Excuse-nous Adem Zaag ! - Kapitalis\",\"isPartOf\":{\"@id\":\"https:\/\/kapitalis.com\/tunisie\/#website\"},\"primaryImageOfPage\":{\"@id\":\"https:\/\/kapitalis.com\/tunisie\/2018\/08\/09\/excuse-nous-adem-zaag\/#primaryimage\"},\"image\":{\"@id\":\"https:\/\/kapitalis.com\/tunisie\/2018\/08\/09\/excuse-nous-adem-zaag\/#primaryimage\"},\"thumbnailUrl\":\"\",\"datePublished\":\"2018-08-09T19:18:45+00:00\",\"breadcrumb\":{\"@id\":\"https:\/\/kapitalis.com\/tunisie\/2018\/08\/09\/excuse-nous-adem-zaag\/#breadcrumb\"},\"inLanguage\":\"fr-FR\",\"potentialAction\":[{\"@type\":\"ReadAction\",\"target\":[\"https:\/\/kapitalis.com\/tunisie\/2018\/08\/09\/excuse-nous-adem-zaag\/\"]}]},{\"@type\":\"ImageObject\",\"inLanguage\":\"fr-FR\",\"@id\":\"https:\/\/kapitalis.com\/tunisie\/2018\/08\/09\/excuse-nous-adem-zaag\/#primaryimage\",\"url\":\"\",\"contentUrl\":\"\"},{\"@type\":\"BreadcrumbList\",\"@id\":\"https:\/\/kapitalis.com\/tunisie\/2018\/08\/09\/excuse-nous-adem-zaag\/#breadcrumb\",\"itemListElement\":[{\"@type\":\"ListItem\",\"position\":1,\"name\":\"Accueil\",\"item\":\"https:\/\/kapitalis.com\/tunisie\/\"},{\"@type\":\"ListItem\",\"position\":2,\"name\":\"Excuse-nous Adem Zaag !\"}]},{\"@type\":\"WebSite\",\"@id\":\"https:\/\/kapitalis.com\/tunisie\/#website\",\"url\":\"https:\/\/kapitalis.com\/tunisie\/\",\"name\":\"Kapitalis\",\"description\":\"L&#039;actualit\u00e9 en Tunisie et dans le monde\",\"publisher\":{\"@id\":\"https:\/\/kapitalis.com\/tunisie\/#organization\"},\"potentialAction\":[{\"@type\":\"SearchAction\",\"target\":{\"@type\":\"EntryPoint\",\"urlTemplate\":\"https:\/\/kapitalis.com\/tunisie\/?s={search_term_string}\"},\"query-input\":{\"@type\":\"PropertyValueSpecification\",\"valueRequired\":true,\"valueName\":\"search_term_string\"}}],\"inLanguage\":\"fr-FR\"},{\"@type\":\"Organization\",\"@id\":\"https:\/\/kapitalis.com\/tunisie\/#organization\",\"name\":\"Kapitalis\",\"url\":\"https:\/\/kapitalis.com\/tunisie\/\",\"logo\":{\"@type\":\"ImageObject\",\"inLanguage\":\"fr-FR\",\"@id\":\"https:\/\/kapitalis.com\/tunisie\/#\/schema\/logo\/image\/\",\"url\":\"https:\/\/kapitalis.com\/tunisie\/wp-content\/uploads\/2022\/05\/Kapitalis-big-size.png\",\"contentUrl\":\"https:\/\/kapitalis.com\/tunisie\/wp-content\/uploads\/2022\/05\/Kapitalis-big-size.png\",\"width\":5000,\"height\":1500,\"caption\":\"Kapitalis\"},\"image\":{\"@id\":\"https:\/\/kapitalis.com\/tunisie\/#\/schema\/logo\/image\/\"},\"sameAs\":[\"https:\/\/www.facebook.com\/KapitalisInfo\/\",\"https:\/\/x.com\/KapitalisInfo\",\"https:\/\/www.youtube.com\/channel\/UC-yDYrHyfFBWWZaOw3FPg9Q\"]},{\"@type\":\"Person\",\"@id\":\"https:\/\/kapitalis.com\/tunisie\/#\/schema\/person\/d71f33a9ca44f7bad4698210b480c8e9\",\"name\":\"webmaster kapitalis\",\"url\":\"https:\/\/kapitalis.com\/tunisie\/author\/webmaster-kapitalis\/\"}]}<\/script>\n<!-- \/ Yoast SEO plugin. -->","yoast_head_json":{"title":"Excuse-nous Adem Zaag ! - Kapitalis","robots":{"index":"index","follow":"follow","max-snippet":"max-snippet:-1","max-image-preview":"max-image-preview:large","max-video-preview":"max-video-preview:-1"},"canonical":"https:\/\/kapitalis.com\/tunisie\/2018\/08\/09\/excuse-nous-adem-zaag\/","og_locale":"fr_FR","og_type":"article","og_title":"Excuse-nous Adem Zaag ! - Kapitalis","og_description":"Dans ce post Facebook, l\u2019auteur, r\u00e9agit comme un p\u00e8re et un citoyen r\u00e9volt\u00e9, apr\u00e8s par la mort accidentelle, \u00e9lectrocut\u00e9 de l\u2019enfant Adem Zaag, sur une plage pr\u00e8s de Bekalta, \u00e0 Monastir. Par\u00a0Dr Mohamed Douagi *","og_url":"https:\/\/kapitalis.com\/tunisie\/2018\/08\/09\/excuse-nous-adem-zaag\/","og_site_name":"Kapitalis","article_publisher":"https:\/\/www.facebook.com\/KapitalisInfo\/","article_published_time":"2018-08-09T19:18:45+00:00","og_image":[{"width":1200,"height":630,"url":"https:\/\/kapitalis.com\/tunisie\/wp-content\/uploads\/2022\/05\/kapitalis-logo-fb.png","type":"image\/png"}],"author":"webmaster kapitalis","twitter_card":"summary_large_image","twitter_creator":"@KapitalisInfo","twitter_site":"@KapitalisInfo","twitter_misc":{"\u00c9crit par":"webmaster kapitalis","Dur\u00e9e de lecture estim\u00e9e":"2 minutes"},"schema":{"@context":"https:\/\/schema.org","@graph":[{"@type":"Article","@id":"https:\/\/kapitalis.com\/tunisie\/2018\/08\/09\/excuse-nous-adem-zaag\/#article","isPartOf":{"@id":"https:\/\/kapitalis.com\/tunisie\/2018\/08\/09\/excuse-nous-adem-zaag\/"},"author":{"name":"webmaster kapitalis","@id":"https:\/\/kapitalis.com\/tunisie\/#\/schema\/person\/d71f33a9ca44f7bad4698210b480c8e9"},"headline":"Excuse-nous Adem Zaag !","datePublished":"2018-08-09T19:18:45+00:00","mainEntityOfPage":{"@id":"https:\/\/kapitalis.com\/tunisie\/2018\/08\/09\/excuse-nous-adem-zaag\/"},"wordCount":405,"commentCount":13,"publisher":{"@id":"https:\/\/kapitalis.com\/tunisie\/#organization"},"image":{"@id":"https:\/\/kapitalis.com\/tunisie\/2018\/08\/09\/excuse-nous-adem-zaag\/#primaryimage"},"thumbnailUrl":"","articleSection":["A LA UNE","SOCIETE","TRIBUNE","Tunisie"],"inLanguage":"fr-FR","potentialAction":[{"@type":"CommentAction","name":"Comment","target":["https:\/\/kapitalis.com\/tunisie\/2018\/08\/09\/excuse-nous-adem-zaag\/#respond"]}]},{"@type":"WebPage","@id":"https:\/\/kapitalis.com\/tunisie\/2018\/08\/09\/excuse-nous-adem-zaag\/","url":"https:\/\/kapitalis.com\/tunisie\/2018\/08\/09\/excuse-nous-adem-zaag\/","name":"Excuse-nous Adem Zaag ! - Kapitalis","isPartOf":{"@id":"https:\/\/kapitalis.com\/tunisie\/#website"},"primaryImageOfPage":{"@id":"https:\/\/kapitalis.com\/tunisie\/2018\/08\/09\/excuse-nous-adem-zaag\/#primaryimage"},"image":{"@id":"https:\/\/kapitalis.com\/tunisie\/2018\/08\/09\/excuse-nous-adem-zaag\/#primaryimage"},"thumbnailUrl":"","datePublished":"2018-08-09T19:18:45+00:00","breadcrumb":{"@id":"https:\/\/kapitalis.com\/tunisie\/2018\/08\/09\/excuse-nous-adem-zaag\/#breadcrumb"},"inLanguage":"fr-FR","potentialAction":[{"@type":"ReadAction","target":["https:\/\/kapitalis.com\/tunisie\/2018\/08\/09\/excuse-nous-adem-zaag\/"]}]},{"@type":"ImageObject","inLanguage":"fr-FR","@id":"https:\/\/kapitalis.com\/tunisie\/2018\/08\/09\/excuse-nous-adem-zaag\/#primaryimage","url":"","contentUrl":""},{"@type":"BreadcrumbList","@id":"https:\/\/kapitalis.com\/tunisie\/2018\/08\/09\/excuse-nous-adem-zaag\/#breadcrumb","itemListElement":[{"@type":"ListItem","position":1,"name":"Accueil","item":"https:\/\/kapitalis.com\/tunisie\/"},{"@type":"ListItem","position":2,"name":"Excuse-nous Adem Zaag !"}]},{"@type":"WebSite","@id":"https:\/\/kapitalis.com\/tunisie\/#website","url":"https:\/\/kapitalis.com\/tunisie\/","name":"Kapitalis","description":"L&#039;actualit\u00e9 en Tunisie et dans le monde","publisher":{"@id":"https:\/\/kapitalis.com\/tunisie\/#organization"},"potentialAction":[{"@type":"SearchAction","target":{"@type":"EntryPoint","urlTemplate":"https:\/\/kapitalis.com\/tunisie\/?s={search_term_string}"},"query-input":{"@type":"PropertyValueSpecification","valueRequired":true,"valueName":"search_term_string"}}],"inLanguage":"fr-FR"},{"@type":"Organization","@id":"https:\/\/kapitalis.com\/tunisie\/#organization","name":"Kapitalis","url":"https:\/\/kapitalis.com\/tunisie\/","logo":{"@type":"ImageObject","inLanguage":"fr-FR","@id":"https:\/\/kapitalis.com\/tunisie\/#\/schema\/logo\/image\/","url":"https:\/\/kapitalis.com\/tunisie\/wp-content\/uploads\/2022\/05\/Kapitalis-big-size.png","contentUrl":"https:\/\/kapitalis.com\/tunisie\/wp-content\/uploads\/2022\/05\/Kapitalis-big-size.png","width":5000,"height":1500,"caption":"Kapitalis"},"image":{"@id":"https:\/\/kapitalis.com\/tunisie\/#\/schema\/logo\/image\/"},"sameAs":["https:\/\/www.facebook.com\/KapitalisInfo\/","https:\/\/x.com\/KapitalisInfo","https:\/\/www.youtube.com\/channel\/UC-yDYrHyfFBWWZaOw3FPg9Q"]},{"@type":"Person","@id":"https:\/\/kapitalis.com\/tunisie\/#\/schema\/person\/d71f33a9ca44f7bad4698210b480c8e9","name":"webmaster kapitalis","url":"https:\/\/kapitalis.com\/tunisie\/author\/webmaster-kapitalis\/"}]}},"_links":{"self":[{"href":"https:\/\/kapitalis.com\/tunisie\/wp-json\/wp\/v2\/posts\/168490","targetHints":{"allow":["GET"]}}],"collection":[{"href":"https:\/\/kapitalis.com\/tunisie\/wp-json\/wp\/v2\/posts"}],"about":[{"href":"https:\/\/kapitalis.com\/tunisie\/wp-json\/wp\/v2\/types\/post"}],"author":[{"embeddable":true,"href":"https:\/\/kapitalis.com\/tunisie\/wp-json\/wp\/v2\/users\/8"}],"replies":[{"embeddable":true,"href":"https:\/\/kapitalis.com\/tunisie\/wp-json\/wp\/v2\/comments?post=168490"}],"version-history":[{"count":0,"href":"https:\/\/kapitalis.com\/tunisie\/wp-json\/wp\/v2\/posts\/168490\/revisions"}],"wp:featuredmedia":[{"embeddable":true,"href":"https:\/\/kapitalis.com\/tunisie\/wp-json\/wp\/v2\/media\/168491"}],"wp:attachment":[{"href":"https:\/\/kapitalis.com\/tunisie\/wp-json\/wp\/v2\/media?parent=168490"}],"wp:term":[{"taxonomy":"category","embeddable":true,"href":"https:\/\/kapitalis.com\/tunisie\/wp-json\/wp\/v2\/categories?post=168490"},{"taxonomy":"post_tag","embeddable":true,"href":"https:\/\/kapitalis.com\/tunisie\/wp-json\/wp\/v2\/tags?post=168490"}],"curies":[{"name":"wp","href":"https:\/\/api.w.org\/{rel}","templated":true}]}}