{"id":168718,"date":"2018-08-11T10:30:37","date_gmt":"2018-08-11T09:30:37","guid":{"rendered":"http:\/\/kapitalis.com\/tunisie\/?p=168718"},"modified":"2018-08-11T10:31:16","modified_gmt":"2018-08-11T09:31:16","slug":"belvedere-arbres-detruits-pour-des-constructions-illegales","status":"publish","type":"post","link":"https:\/\/kapitalis.com\/tunisie\/2018\/08\/11\/belvedere-arbres-detruits-pour-des-constructions-illegales\/","title":{"rendered":"Belv\u00e9d\u00e8re : arbres d\u00e9truits pour des constructions ill\u00e9gales"},"content":{"rendered":"<p style=\"text-align: center;\"><img loading=\"lazy\" decoding=\"async\" class=\"alignnone size-full wp-image-168722\" src=\"http:\/\/kapitalis.com\/tunisie\/wp-content\/uploads\/2018\/08\/Belvedere-maisons-illegales.jpg\" alt=\"\" width=\"626\" height=\"380\" \/><\/p>\n<p style=\"text-align: center;\"><em>Ph. Raja Gmir.<\/em><\/p>\n<p style=\"text-align: left;\"><em><b>Les Amis du Belv\u00e9d\u00e8re tirent la sonnette d\u2019alarme sur des constructions ill\u00e9gales au c\u0153ur\u00a0de ce parc situ\u00e9 \u00e0 la lisi\u00e8re du centre-ville de Tunis, o\u00f9 des priv\u00e9s d\u00e9truisent des arbres pour s\u2019accaparer des terrains et b\u00e2tir des maisons.<\/b><\/em><!--more--><\/p>\n<p>Dans une alerte intitul\u00e9e \u00ab<em>Le grignotage du parc du Belv\u00e9d\u00e8re continue\u00bb<\/em>, \u00a0lanc\u00e9e hier soir, vendredi 10 ao\u00fbt 2018, les Amis du Belv\u00e9d\u00e8re\u00a0se sont interrog\u00e9s sur le silence des autorit\u00e9s, en se demandant s\u2019il n\u2019y a pas une affaire de corruption derri\u00e8re ces op\u00e9rations ill\u00e9gales.<\/p>\n<p>\u00ab<em>La technique est tr\u00e8s simple\u00a0: on met une cl\u00f4ture ou on dresse un mur puis on coupe un \u00e0 un tous les arbres qui sont \u00ab\u00a0\u00e0 l&rsquo;int\u00e9rieur\u00a0\u00bb. Cette parcelle du parc devient propri\u00e9t\u00e9 priv\u00e9e devant le silence assourdissant des autorit\u00e9s<\/em>\u00bb, d\u00e9noncent les membres de l\u2019association, en pr\u00e9cisant que des photos ont \u00e9t\u00e9 prises, vendredi matin, et que cette alerte est un cri d&rsquo;alarme pour que ce massacre cesse.<\/p>\n<p>La municipalit\u00e9 de Tunis (n&rsquo;est-ce pas madame la maire Souad Abderrahim?) est appel\u00e9e \u00e0 mener son enqu\u00eate et \u00e0 mettre fin \u00e0 ces pratiques ill\u00e9gales, qui portent atteinte \u00e0 l&rsquo;environnement.<\/p>\n<p style=\"text-align: right;\"><strong>Y. N.<\/strong><\/p>\n","protected":false},"excerpt":{"rendered":"<p>Ph. Raja Gmir. Les Amis du Belv\u00e9d\u00e8re tirent la sonnette d\u2019alarme sur des constructions ill\u00e9gales au c\u0153ur\u00a0de ce parc situ\u00e9 \u00e0 la lisi\u00e8re du centre-ville de Tunis, o\u00f9 des priv\u00e9s d\u00e9truisent des arbres pour s\u2019accaparer des terrains et b\u00e2tir des maisons.<\/p>\n","protected":false},"author":6,"featured_media":168722,"comment_status":"open","ping_status":"open","sticky":false,"template":"","format":"standard","meta":{"footnotes":""},"categories":[998,2433],"tags":[5543,335,15117],"class_list":["post-168718","post","type-post","status-publish","format-standard","has-post-thumbnail","hentry","category-societe","category-tunisie","tag-belvedere","tag-environnement","tag-parc"],"yoast_head":"<!-- This site is optimized with the Yoast SEO plugin v26.6 - https:\/\/yoast.com\/wordpress\/plugins\/seo\/ -->\n<title>Belv\u00e9d\u00e8re : arbres d\u00e9truits pour des constructions ill\u00e9gales - Kapitalis<\/title>\n<meta name=\"robots\" content=\"index, follow, max-snippet:-1, max-image-preview:large, max-video-preview:-1\" \/>\n<link rel=\"canonical\" href=\"https:\/\/kapitalis.com\/tunisie\/2018\/08\/11\/belvedere-arbres-detruits-pour-des-constructions-illegales\/\" \/>\n<meta property=\"og:locale\" content=\"fr_FR\" \/>\n<meta property=\"og:type\" content=\"article\" \/>\n<meta property=\"og:title\" content=\"Belv\u00e9d\u00e8re : arbres d\u00e9truits pour des constructions ill\u00e9gales - Kapitalis\" \/>\n<meta property=\"og:description\" content=\"Ph. Raja Gmir. Les Amis du Belv\u00e9d\u00e8re tirent la sonnette d\u2019alarme sur des constructions ill\u00e9gales au c\u0153ur\u00a0de ce parc situ\u00e9 \u00e0 la lisi\u00e8re du centre-ville de Tunis, o\u00f9 des priv\u00e9s d\u00e9truisent des arbres pour s\u2019accaparer des terrains et b\u00e2tir des maisons.\" \/>\n<meta property=\"og:url\" content=\"https:\/\/kapitalis.com\/tunisie\/2018\/08\/11\/belvedere-arbres-detruits-pour-des-constructions-illegales\/\" \/>\n<meta property=\"og:site_name\" content=\"Kapitalis\" \/>\n<meta property=\"article:publisher\" content=\"https:\/\/www.facebook.com\/KapitalisInfo\/\" \/>\n<meta property=\"article:published_time\" content=\"2018-08-11T09:30:37+00:00\" \/>\n<meta property=\"article:modified_time\" content=\"2018-08-11T09:31:16+00:00\" \/>\n<meta property=\"og:image\" content=\"https:\/\/kapitalis.com\/tunisie\/wp-content\/uploads\/2022\/05\/kapitalis-logo-fb.png\" \/>\n\t<meta property=\"og:image:width\" content=\"1200\" \/>\n\t<meta property=\"og:image:height\" content=\"630\" \/>\n\t<meta property=\"og:image:type\" content=\"image\/png\" \/>\n<meta name=\"author\" content=\"Yusra NY\" \/>\n<meta name=\"twitter:card\" content=\"summary_large_image\" \/>\n<meta name=\"twitter:creator\" content=\"@KapitalisInfo\" \/>\n<meta name=\"twitter:site\" content=\"@KapitalisInfo\" \/>\n<meta name=\"twitter:label1\" content=\"\u00c9crit par\" \/>\n\t<meta name=\"twitter:data1\" content=\"Yusra NY\" \/>\n\t<meta name=\"twitter:label2\" content=\"Dur\u00e9e de lecture estim\u00e9e\" \/>\n\t<meta name=\"twitter:data2\" content=\"1 minute\" \/>\n<script type=\"application\/ld+json\" class=\"yoast-schema-graph\">{\"@context\":\"https:\/\/schema.org\",\"@graph\":[{\"@type\":\"Article\",\"@id\":\"https:\/\/kapitalis.com\/tunisie\/2018\/08\/11\/belvedere-arbres-detruits-pour-des-constructions-illegales\/#article\",\"isPartOf\":{\"@id\":\"https:\/\/kapitalis.com\/tunisie\/2018\/08\/11\/belvedere-arbres-detruits-pour-des-constructions-illegales\/\"},\"author\":{\"name\":\"Yusra NY\",\"@id\":\"https:\/\/kapitalis.com\/tunisie\/#\/schema\/person\/74bbde0154d49d790a92aaeac5bc01d5\"},\"headline\":\"Belv\u00e9d\u00e8re : arbres d\u00e9truits pour des constructions ill\u00e9gales\",\"datePublished\":\"2018-08-11T09:30:37+00:00\",\"dateModified\":\"2018-08-11T09:31:16+00:00\",\"mainEntityOfPage\":{\"@id\":\"https:\/\/kapitalis.com\/tunisie\/2018\/08\/11\/belvedere-arbres-detruits-pour-des-constructions-illegales\/\"},\"wordCount\":225,\"commentCount\":4,\"publisher\":{\"@id\":\"https:\/\/kapitalis.com\/tunisie\/#organization\"},\"image\":{\"@id\":\"https:\/\/kapitalis.com\/tunisie\/2018\/08\/11\/belvedere-arbres-detruits-pour-des-constructions-illegales\/#primaryimage\"},\"thumbnailUrl\":\"\",\"keywords\":[\"Belv\u00e9d\u00e8re\",\"environnement\",\"parc\"],\"articleSection\":[\"SOCIETE\",\"Tunisie\"],\"inLanguage\":\"fr-FR\",\"potentialAction\":[{\"@type\":\"CommentAction\",\"name\":\"Comment\",\"target\":[\"https:\/\/kapitalis.com\/tunisie\/2018\/08\/11\/belvedere-arbres-detruits-pour-des-constructions-illegales\/#respond\"]}]},{\"@type\":\"WebPage\",\"@id\":\"https:\/\/kapitalis.com\/tunisie\/2018\/08\/11\/belvedere-arbres-detruits-pour-des-constructions-illegales\/\",\"url\":\"https:\/\/kapitalis.com\/tunisie\/2018\/08\/11\/belvedere-arbres-detruits-pour-des-constructions-illegales\/\",\"name\":\"Belv\u00e9d\u00e8re : arbres d\u00e9truits pour des constructions ill\u00e9gales - Kapitalis\",\"isPartOf\":{\"@id\":\"https:\/\/kapitalis.com\/tunisie\/#website\"},\"primaryImageOfPage\":{\"@id\":\"https:\/\/kapitalis.com\/tunisie\/2018\/08\/11\/belvedere-arbres-detruits-pour-des-constructions-illegales\/#primaryimage\"},\"image\":{\"@id\":\"https:\/\/kapitalis.com\/tunisie\/2018\/08\/11\/belvedere-arbres-detruits-pour-des-constructions-illegales\/#primaryimage\"},\"thumbnailUrl\":\"\",\"datePublished\":\"2018-08-11T09:30:37+00:00\",\"dateModified\":\"2018-08-11T09:31:16+00:00\",\"breadcrumb\":{\"@id\":\"https:\/\/kapitalis.com\/tunisie\/2018\/08\/11\/belvedere-arbres-detruits-pour-des-constructions-illegales\/#breadcrumb\"},\"inLanguage\":\"fr-FR\",\"potentialAction\":[{\"@type\":\"ReadAction\",\"target\":[\"https:\/\/kapitalis.com\/tunisie\/2018\/08\/11\/belvedere-arbres-detruits-pour-des-constructions-illegales\/\"]}]},{\"@type\":\"ImageObject\",\"inLanguage\":\"fr-FR\",\"@id\":\"https:\/\/kapitalis.com\/tunisie\/2018\/08\/11\/belvedere-arbres-detruits-pour-des-constructions-illegales\/#primaryimage\",\"url\":\"\",\"contentUrl\":\"\"},{\"@type\":\"BreadcrumbList\",\"@id\":\"https:\/\/kapitalis.com\/tunisie\/2018\/08\/11\/belvedere-arbres-detruits-pour-des-constructions-illegales\/#breadcrumb\",\"itemListElement\":[{\"@type\":\"ListItem\",\"position\":1,\"name\":\"Accueil\",\"item\":\"https:\/\/kapitalis.com\/tunisie\/\"},{\"@type\":\"ListItem\",\"position\":2,\"name\":\"Belv\u00e9d\u00e8re : arbres d\u00e9truits pour des constructions ill\u00e9gales\"}]},{\"@type\":\"WebSite\",\"@id\":\"https:\/\/kapitalis.com\/tunisie\/#website\",\"url\":\"https:\/\/kapitalis.com\/tunisie\/\",\"name\":\"Kapitalis\",\"description\":\"L&#039;actualit\u00e9 en Tunisie et dans le monde\",\"publisher\":{\"@id\":\"https:\/\/kapitalis.com\/tunisie\/#organization\"},\"potentialAction\":[{\"@type\":\"SearchAction\",\"target\":{\"@type\":\"EntryPoint\",\"urlTemplate\":\"https:\/\/kapitalis.com\/tunisie\/?s={search_term_string}\"},\"query-input\":{\"@type\":\"PropertyValueSpecification\",\"valueRequired\":true,\"valueName\":\"search_term_string\"}}],\"inLanguage\":\"fr-FR\"},{\"@type\":\"Organization\",\"@id\":\"https:\/\/kapitalis.com\/tunisie\/#organization\",\"name\":\"Kapitalis\",\"url\":\"https:\/\/kapitalis.com\/tunisie\/\",\"logo\":{\"@type\":\"ImageObject\",\"inLanguage\":\"fr-FR\",\"@id\":\"https:\/\/kapitalis.com\/tunisie\/#\/schema\/logo\/image\/\",\"url\":\"https:\/\/kapitalis.com\/tunisie\/wp-content\/uploads\/2022\/05\/Kapitalis-big-size.png\",\"contentUrl\":\"https:\/\/kapitalis.com\/tunisie\/wp-content\/uploads\/2022\/05\/Kapitalis-big-size.png\",\"width\":5000,\"height\":1500,\"caption\":\"Kapitalis\"},\"image\":{\"@id\":\"https:\/\/kapitalis.com\/tunisie\/#\/schema\/logo\/image\/\"},\"sameAs\":[\"https:\/\/www.facebook.com\/KapitalisInfo\/\",\"https:\/\/x.com\/KapitalisInfo\",\"https:\/\/www.youtube.com\/channel\/UC-yDYrHyfFBWWZaOw3FPg9Q\"]},{\"@type\":\"Person\",\"@id\":\"https:\/\/kapitalis.com\/tunisie\/#\/schema\/person\/74bbde0154d49d790a92aaeac5bc01d5\",\"name\":\"Yusra NY\",\"url\":\"https:\/\/kapitalis.com\/tunisie\/author\/yuza_adam\/\"}]}<\/script>\n<!-- \/ Yoast SEO plugin. -->","yoast_head_json":{"title":"Belv\u00e9d\u00e8re : arbres d\u00e9truits pour des constructions ill\u00e9gales - Kapitalis","robots":{"index":"index","follow":"follow","max-snippet":"max-snippet:-1","max-image-preview":"max-image-preview:large","max-video-preview":"max-video-preview:-1"},"canonical":"https:\/\/kapitalis.com\/tunisie\/2018\/08\/11\/belvedere-arbres-detruits-pour-des-constructions-illegales\/","og_locale":"fr_FR","og_type":"article","og_title":"Belv\u00e9d\u00e8re : arbres d\u00e9truits pour des constructions ill\u00e9gales - Kapitalis","og_description":"Ph. Raja Gmir. Les Amis du Belv\u00e9d\u00e8re tirent la sonnette d\u2019alarme sur des constructions ill\u00e9gales au c\u0153ur\u00a0de ce parc situ\u00e9 \u00e0 la lisi\u00e8re du centre-ville de Tunis, o\u00f9 des priv\u00e9s d\u00e9truisent des arbres pour s\u2019accaparer des terrains et b\u00e2tir des maisons.","og_url":"https:\/\/kapitalis.com\/tunisie\/2018\/08\/11\/belvedere-arbres-detruits-pour-des-constructions-illegales\/","og_site_name":"Kapitalis","article_publisher":"https:\/\/www.facebook.com\/KapitalisInfo\/","article_published_time":"2018-08-11T09:30:37+00:00","article_modified_time":"2018-08-11T09:31:16+00:00","og_image":[{"width":1200,"height":630,"url":"https:\/\/kapitalis.com\/tunisie\/wp-content\/uploads\/2022\/05\/kapitalis-logo-fb.png","type":"image\/png"}],"author":"Yusra NY","twitter_card":"summary_large_image","twitter_creator":"@KapitalisInfo","twitter_site":"@KapitalisInfo","twitter_misc":{"\u00c9crit par":"Yusra NY","Dur\u00e9e de lecture estim\u00e9e":"1 minute"},"schema":{"@context":"https:\/\/schema.org","@graph":[{"@type":"Article","@id":"https:\/\/kapitalis.com\/tunisie\/2018\/08\/11\/belvedere-arbres-detruits-pour-des-constructions-illegales\/#article","isPartOf":{"@id":"https:\/\/kapitalis.com\/tunisie\/2018\/08\/11\/belvedere-arbres-detruits-pour-des-constructions-illegales\/"},"author":{"name":"Yusra NY","@id":"https:\/\/kapitalis.com\/tunisie\/#\/schema\/person\/74bbde0154d49d790a92aaeac5bc01d5"},"headline":"Belv\u00e9d\u00e8re : arbres d\u00e9truits pour des constructions ill\u00e9gales","datePublished":"2018-08-11T09:30:37+00:00","dateModified":"2018-08-11T09:31:16+00:00","mainEntityOfPage":{"@id":"https:\/\/kapitalis.com\/tunisie\/2018\/08\/11\/belvedere-arbres-detruits-pour-des-constructions-illegales\/"},"wordCount":225,"commentCount":4,"publisher":{"@id":"https:\/\/kapitalis.com\/tunisie\/#organization"},"image":{"@id":"https:\/\/kapitalis.com\/tunisie\/2018\/08\/11\/belvedere-arbres-detruits-pour-des-constructions-illegales\/#primaryimage"},"thumbnailUrl":"","keywords":["Belv\u00e9d\u00e8re","environnement","parc"],"articleSection":["SOCIETE","Tunisie"],"inLanguage":"fr-FR","potentialAction":[{"@type":"CommentAction","name":"Comment","target":["https:\/\/kapitalis.com\/tunisie\/2018\/08\/11\/belvedere-arbres-detruits-pour-des-constructions-illegales\/#respond"]}]},{"@type":"WebPage","@id":"https:\/\/kapitalis.com\/tunisie\/2018\/08\/11\/belvedere-arbres-detruits-pour-des-constructions-illegales\/","url":"https:\/\/kapitalis.com\/tunisie\/2018\/08\/11\/belvedere-arbres-detruits-pour-des-constructions-illegales\/","name":"Belv\u00e9d\u00e8re : arbres d\u00e9truits pour des constructions ill\u00e9gales - Kapitalis","isPartOf":{"@id":"https:\/\/kapitalis.com\/tunisie\/#website"},"primaryImageOfPage":{"@id":"https:\/\/kapitalis.com\/tunisie\/2018\/08\/11\/belvedere-arbres-detruits-pour-des-constructions-illegales\/#primaryimage"},"image":{"@id":"https:\/\/kapitalis.com\/tunisie\/2018\/08\/11\/belvedere-arbres-detruits-pour-des-constructions-illegales\/#primaryimage"},"thumbnailUrl":"","datePublished":"2018-08-11T09:30:37+00:00","dateModified":"2018-08-11T09:31:16+00:00","breadcrumb":{"@id":"https:\/\/kapitalis.com\/tunisie\/2018\/08\/11\/belvedere-arbres-detruits-pour-des-constructions-illegales\/#breadcrumb"},"inLanguage":"fr-FR","potentialAction":[{"@type":"ReadAction","target":["https:\/\/kapitalis.com\/tunisie\/2018\/08\/11\/belvedere-arbres-detruits-pour-des-constructions-illegales\/"]}]},{"@type":"ImageObject","inLanguage":"fr-FR","@id":"https:\/\/kapitalis.com\/tunisie\/2018\/08\/11\/belvedere-arbres-detruits-pour-des-constructions-illegales\/#primaryimage","url":"","contentUrl":""},{"@type":"BreadcrumbList","@id":"https:\/\/kapitalis.com\/tunisie\/2018\/08\/11\/belvedere-arbres-detruits-pour-des-constructions-illegales\/#breadcrumb","itemListElement":[{"@type":"ListItem","position":1,"name":"Accueil","item":"https:\/\/kapitalis.com\/tunisie\/"},{"@type":"ListItem","position":2,"name":"Belv\u00e9d\u00e8re : arbres d\u00e9truits pour des constructions ill\u00e9gales"}]},{"@type":"WebSite","@id":"https:\/\/kapitalis.com\/tunisie\/#website","url":"https:\/\/kapitalis.com\/tunisie\/","name":"Kapitalis","description":"L&#039;actualit\u00e9 en Tunisie et dans le monde","publisher":{"@id":"https:\/\/kapitalis.com\/tunisie\/#organization"},"potentialAction":[{"@type":"SearchAction","target":{"@type":"EntryPoint","urlTemplate":"https:\/\/kapitalis.com\/tunisie\/?s={search_term_string}"},"query-input":{"@type":"PropertyValueSpecification","valueRequired":true,"valueName":"search_term_string"}}],"inLanguage":"fr-FR"},{"@type":"Organization","@id":"https:\/\/kapitalis.com\/tunisie\/#organization","name":"Kapitalis","url":"https:\/\/kapitalis.com\/tunisie\/","logo":{"@type":"ImageObject","inLanguage":"fr-FR","@id":"https:\/\/kapitalis.com\/tunisie\/#\/schema\/logo\/image\/","url":"https:\/\/kapitalis.com\/tunisie\/wp-content\/uploads\/2022\/05\/Kapitalis-big-size.png","contentUrl":"https:\/\/kapitalis.com\/tunisie\/wp-content\/uploads\/2022\/05\/Kapitalis-big-size.png","width":5000,"height":1500,"caption":"Kapitalis"},"image":{"@id":"https:\/\/kapitalis.com\/tunisie\/#\/schema\/logo\/image\/"},"sameAs":["https:\/\/www.facebook.com\/KapitalisInfo\/","https:\/\/x.com\/KapitalisInfo","https:\/\/www.youtube.com\/channel\/UC-yDYrHyfFBWWZaOw3FPg9Q"]},{"@type":"Person","@id":"https:\/\/kapitalis.com\/tunisie\/#\/schema\/person\/74bbde0154d49d790a92aaeac5bc01d5","name":"Yusra NY","url":"https:\/\/kapitalis.com\/tunisie\/author\/yuza_adam\/"}]}},"_links":{"self":[{"href":"https:\/\/kapitalis.com\/tunisie\/wp-json\/wp\/v2\/posts\/168718","targetHints":{"allow":["GET"]}}],"collection":[{"href":"https:\/\/kapitalis.com\/tunisie\/wp-json\/wp\/v2\/posts"}],"about":[{"href":"https:\/\/kapitalis.com\/tunisie\/wp-json\/wp\/v2\/types\/post"}],"author":[{"embeddable":true,"href":"https:\/\/kapitalis.com\/tunisie\/wp-json\/wp\/v2\/users\/6"}],"replies":[{"embeddable":true,"href":"https:\/\/kapitalis.com\/tunisie\/wp-json\/wp\/v2\/comments?post=168718"}],"version-history":[{"count":0,"href":"https:\/\/kapitalis.com\/tunisie\/wp-json\/wp\/v2\/posts\/168718\/revisions"}],"wp:featuredmedia":[{"embeddable":true,"href":"https:\/\/kapitalis.com\/tunisie\/wp-json\/wp\/v2\/media\/168722"}],"wp:attachment":[{"href":"https:\/\/kapitalis.com\/tunisie\/wp-json\/wp\/v2\/media?parent=168718"}],"wp:term":[{"taxonomy":"category","embeddable":true,"href":"https:\/\/kapitalis.com\/tunisie\/wp-json\/wp\/v2\/categories?post=168718"},{"taxonomy":"post_tag","embeddable":true,"href":"https:\/\/kapitalis.com\/tunisie\/wp-json\/wp\/v2\/tags?post=168718"}],"curies":[{"name":"wp","href":"https:\/\/api.w.org\/{rel}","templated":true}]}}