{"id":168731,"date":"2018-08-11T11:34:02","date_gmt":"2018-08-11T10:34:02","guid":{"rendered":"http:\/\/kapitalis.com\/tunisie\/?p=168731"},"modified":"2018-08-11T11:39:45","modified_gmt":"2018-08-11T10:39:45","slug":"bardo-des-islamistes-manifestent-contre-le-rapport-de-la-colibe","status":"publish","type":"post","link":"https:\/\/kapitalis.com\/tunisie\/2018\/08\/11\/bardo-des-islamistes-manifestent-contre-le-rapport-de-la-colibe\/","title":{"rendered":"Bardo : Des islamistes manifestent contre le rapport de la Colibe"},"content":{"rendered":"<p style=\"text-align: center;\"><img loading=\"lazy\" decoding=\"async\" class=\"alignnone size-full wp-image-168733\" src=\"http:\/\/kapitalis.com\/tunisie\/wp-content\/uploads\/2018\/08\/Manifestation-islamistes_Bardo.jpg\" alt=\"\" width=\"626\" height=\"380\" \/><\/p>\n<p><em><strong>Des islamistes de tous bords, et notamment du parti Ennahdha, ont laiss\u00e9 \u00e9clater leur col\u00e8re contre les propositions, trop lib\u00e9rales \u00e0 leur go\u00fbt, du rapport de la Commission des libert\u00e9s individuelles et de l&rsquo;\u00e9galit\u00e9 (Colibe).\u00a0<\/strong><\/em><!--more--><\/p>\n<p>Des imams, des hommes et des femmes se sont rassembl\u00e9s aujourd&rsquo;hui, samedi 11 ao\u00fbt 2018, devant le si\u00e8ge de l&rsquo;Assembl\u00e9e des repr\u00e9sentants du peuple (ARP) au Bardo (Tunis), pour protester contre les propositions de la Colibe relatives aux libert\u00e9s individuelles, \u00e0 l&rsquo;\u00e9galit\u00e9 successorale entre les deux sexes, \u00e0 la d\u00e9p\u00e9nalisation de l&rsquo;homosexualit\u00e9 et \u00e0 l&rsquo;abolition de la peine de mort, qui sont selon eux contraires aux pr\u00e9ceptes de la charia, la loi islamique, et\u00a0risquent, si elles sont inscrites dans la pratique,\u00a0de d\u00e9stabiliser la famille et la soci\u00e9t\u00e9 (pas moins!)<\/p>\n<p>Cette marche de protestation a \u00e9t\u00e9 organis\u00e9e\u00a0\u00e0 l&rsquo;initiative de la Coordination nationale du Coran, de la Constitution et du D\u00e9veloppement \u00e9quitable (CNCCDE), pr\u00e9sid\u00e9e par Noureddine Khademi, ancien ministre des Affaires religieuses au gouvernement islamiste de Hamadi Jebali (2012-2013).<\/p>\n<p>Les manifestants ont\u00a0scand\u00e9 des slogans hostiles \u00e0\u00a0Bochra Belhaj Hmida,\u00a0d\u00e9put\u00e9e du bloc National\u00a0 et\u00a0pr\u00e9sidente de la Colibe, et \u00e0\u00a0ses coll\u00e8gues. Ils criaient\u00a0\u00ab<em>Allahou Akbar<\/em>\u00bb et r\u00e9citaient\u00a0des versets coraniques, comme s&rsquo;ils \u00e9taient des musulmans en guerre contre des m\u00e9cr\u00e9ants.<\/p>\n<p><iframe loading=\"lazy\" style=\"border: none; overflow: hidden;\" src=\"https:\/\/www.facebook.com\/plugins\/video.php?href=https%3A%2F%2Fwww.facebook.com%2Fkhadminoureddine%2Fvideos%2F1801158139965382%2F&amp;show_text=0&amp;width=267\" width=\"267\" height=\"476\" frameborder=\"0\" scrolling=\"no\" allowfullscreen=\"allowfullscreen\"><\/iframe><br \/>\nNotons que les d\u00e9tracteurs de la Colibe n&rsquo;ont cess\u00e9 de faire circuler\u00a0sur les r\u00e9seaux sociaux des rumeurs infond\u00e9es voire des mensonges\u00a0sur les propositions de la Colibe, affirmant que son\u00a0rapport incite \u00e0 la d\u00e9bauche et contient des propositions contraires \u00e0 la morale, au Coran et \u00e0 la charia, la loi islamique, dont ils estiment \u00eatre les d\u00e9positaires.<\/p>\n<p>Au-del\u00e0 des d\u00e9guisements habituels, Ennahdha continue de jouer un double jeu: le parti islamiste garde un pied dans le gouvernement pour poursuivre le processus d&rsquo;islamisation rampante de l&rsquo;administration publique et de la soci\u00e9t\u00e9, et un autre pied\u00a0dans l&rsquo;opposition radicale au nom d&rsquo;un islam moyen\u00e2geux, qui n&rsquo;a rien \u00e0 voir avec les choix des Tunisiens contenus dans la constitution de 2014, laquelle garantit les libert\u00e9s individuelles et\u00a0stipule l&rsquo;\u00e9galit\u00e9 entre l&rsquo;homme et la femme.<\/p>\n<p>Parions que le jour o\u00f9 il aura la totalit\u00e9 du pouvoir, le parti Ennahdha fera abroger cette constitution pour la conformer au texte de la charia!<\/p>\n<p style=\"text-align: right;\"><strong>E. B. A.<\/strong><\/p>\n<blockquote class=\"wp-embedded-content\" data-secret=\"cXIgI2e1HA\"><p><a href=\"https:\/\/kapitalis.com\/tunisie\/2018\/08\/09\/tunis-les-islamistes-manifesteront-samedi-contre-les-libertes-et-legalite\/\">Tunis : Les islamistes manifesteront, samedi, contre les libert\u00e9s et l\u2019\u00e9galit\u00e9<\/a><\/p><\/blockquote>\n<p><iframe loading=\"lazy\" class=\"wp-embedded-content\" sandbox=\"allow-scripts\" security=\"restricted\" style=\"position: absolute; clip: rect(1px, 1px, 1px, 1px);\" title=\"\u00ab\u00a0Tunis : Les islamistes manifesteront, samedi, contre les libert\u00e9s et l\u2019\u00e9galit\u00e9\u00a0\u00bb &#8212; Kapitalis\" src=\"https:\/\/kapitalis.com\/tunisie\/2018\/08\/09\/tunis-les-islamistes-manifesteront-samedi-contre-les-libertes-et-legalite\/embed\/#?secret=egVJi5pFJ3#?secret=cXIgI2e1HA\" data-secret=\"cXIgI2e1HA\" width=\"600\" height=\"338\" frameborder=\"0\" marginwidth=\"0\" marginheight=\"0\" scrolling=\"no\"><\/iframe><\/p>\n","protected":false},"excerpt":{"rendered":"<p>Des islamistes de tous bords, et notamment du parti Ennahdha, ont laiss\u00e9 \u00e9clater leur col\u00e8re contre les propositions, trop lib\u00e9rales \u00e0 leur go\u00fbt, du rapport de la Commission des libert\u00e9s individuelles et de l&rsquo;\u00e9galit\u00e9 (Colibe).\u00a0<\/p>\n","protected":false},"author":16,"featured_media":168733,"comment_status":"open","ping_status":"open","sticky":false,"template":"","format":"standard","meta":{"footnotes":""},"categories":[998,2433,4806],"tags":[132,40868,1927,1648,4274],"class_list":["post-168731","post","type-post","status-publish","format-standard","has-post-thumbnail","hentry","category-societe","category-tunisie","category-videos","tag-bardo","tag-colibe","tag-imams","tag-islamistes","tag-noureddine-khademi"],"yoast_head":"<!-- This site is optimized with the Yoast SEO plugin v26.6 - https:\/\/yoast.com\/wordpress\/plugins\/seo\/ -->\n<title>Bardo : Des islamistes manifestent contre le rapport de la Colibe - Kapitalis<\/title>\n<meta name=\"robots\" content=\"index, follow, max-snippet:-1, max-image-preview:large, max-video-preview:-1\" \/>\n<link rel=\"canonical\" href=\"https:\/\/kapitalis.com\/tunisie\/2018\/08\/11\/bardo-des-islamistes-manifestent-contre-le-rapport-de-la-colibe\/\" \/>\n<meta property=\"og:locale\" content=\"fr_FR\" \/>\n<meta property=\"og:type\" content=\"article\" \/>\n<meta property=\"og:title\" content=\"Bardo : Des islamistes manifestent contre le rapport de la Colibe - Kapitalis\" \/>\n<meta property=\"og:description\" content=\"Des islamistes de tous bords, et notamment du parti Ennahdha, ont laiss\u00e9 \u00e9clater leur col\u00e8re contre les propositions, trop lib\u00e9rales \u00e0 leur go\u00fbt, du rapport de la Commission des libert\u00e9s individuelles et de l&rsquo;\u00e9galit\u00e9 (Colibe).\u00a0\" \/>\n<meta property=\"og:url\" content=\"https:\/\/kapitalis.com\/tunisie\/2018\/08\/11\/bardo-des-islamistes-manifestent-contre-le-rapport-de-la-colibe\/\" \/>\n<meta property=\"og:site_name\" content=\"Kapitalis\" \/>\n<meta property=\"article:publisher\" content=\"https:\/\/www.facebook.com\/KapitalisInfo\/\" \/>\n<meta property=\"article:published_time\" content=\"2018-08-11T10:34:02+00:00\" \/>\n<meta property=\"article:modified_time\" content=\"2018-08-11T10:39:45+00:00\" \/>\n<meta property=\"og:image\" content=\"https:\/\/kapitalis.com\/tunisie\/wp-content\/uploads\/2022\/05\/kapitalis-logo-fb.png\" \/>\n\t<meta property=\"og:image:width\" content=\"1200\" \/>\n\t<meta property=\"og:image:height\" content=\"630\" \/>\n\t<meta property=\"og:image:type\" content=\"image\/png\" \/>\n<meta name=\"author\" content=\"emna benabdallah\" \/>\n<meta name=\"twitter:card\" content=\"summary_large_image\" \/>\n<meta name=\"twitter:creator\" content=\"@KapitalisInfo\" \/>\n<meta name=\"twitter:site\" content=\"@KapitalisInfo\" \/>\n<meta name=\"twitter:label1\" content=\"\u00c9crit par\" \/>\n\t<meta name=\"twitter:data1\" content=\"emna benabdallah\" \/>\n\t<meta name=\"twitter:label2\" content=\"Dur\u00e9e de lecture estim\u00e9e\" \/>\n\t<meta name=\"twitter:data2\" content=\"2 minutes\" \/>\n<script type=\"application\/ld+json\" class=\"yoast-schema-graph\">{\"@context\":\"https:\/\/schema.org\",\"@graph\":[{\"@type\":\"Article\",\"@id\":\"https:\/\/kapitalis.com\/tunisie\/2018\/08\/11\/bardo-des-islamistes-manifestent-contre-le-rapport-de-la-colibe\/#article\",\"isPartOf\":{\"@id\":\"https:\/\/kapitalis.com\/tunisie\/2018\/08\/11\/bardo-des-islamistes-manifestent-contre-le-rapport-de-la-colibe\/\"},\"author\":{\"name\":\"emna benabdallah\",\"@id\":\"https:\/\/kapitalis.com\/tunisie\/#\/schema\/person\/2c6e134b2f3369dffcd1daf5f087d28b\"},\"headline\":\"Bardo : Des islamistes manifestent contre le rapport de la Colibe\",\"datePublished\":\"2018-08-11T10:34:02+00:00\",\"dateModified\":\"2018-08-11T10:39:45+00:00\",\"mainEntityOfPage\":{\"@id\":\"https:\/\/kapitalis.com\/tunisie\/2018\/08\/11\/bardo-des-islamistes-manifestent-contre-le-rapport-de-la-colibe\/\"},\"wordCount\":409,\"commentCount\":10,\"publisher\":{\"@id\":\"https:\/\/kapitalis.com\/tunisie\/#organization\"},\"image\":{\"@id\":\"https:\/\/kapitalis.com\/tunisie\/2018\/08\/11\/bardo-des-islamistes-manifestent-contre-le-rapport-de-la-colibe\/#primaryimage\"},\"thumbnailUrl\":\"\",\"keywords\":[\"Bardo\",\"Colibe\",\"imams\",\"islamistes\",\"Noureddine Khademi\"],\"articleSection\":[\"SOCIETE\",\"Tunisie\",\"VIDEOS\"],\"inLanguage\":\"fr-FR\",\"potentialAction\":[{\"@type\":\"CommentAction\",\"name\":\"Comment\",\"target\":[\"https:\/\/kapitalis.com\/tunisie\/2018\/08\/11\/bardo-des-islamistes-manifestent-contre-le-rapport-de-la-colibe\/#respond\"]}]},{\"@type\":\"WebPage\",\"@id\":\"https:\/\/kapitalis.com\/tunisie\/2018\/08\/11\/bardo-des-islamistes-manifestent-contre-le-rapport-de-la-colibe\/\",\"url\":\"https:\/\/kapitalis.com\/tunisie\/2018\/08\/11\/bardo-des-islamistes-manifestent-contre-le-rapport-de-la-colibe\/\",\"name\":\"Bardo : Des islamistes manifestent contre le rapport de la Colibe - Kapitalis\",\"isPartOf\":{\"@id\":\"https:\/\/kapitalis.com\/tunisie\/#website\"},\"primaryImageOfPage\":{\"@id\":\"https:\/\/kapitalis.com\/tunisie\/2018\/08\/11\/bardo-des-islamistes-manifestent-contre-le-rapport-de-la-colibe\/#primaryimage\"},\"image\":{\"@id\":\"https:\/\/kapitalis.com\/tunisie\/2018\/08\/11\/bardo-des-islamistes-manifestent-contre-le-rapport-de-la-colibe\/#primaryimage\"},\"thumbnailUrl\":\"\",\"datePublished\":\"2018-08-11T10:34:02+00:00\",\"dateModified\":\"2018-08-11T10:39:45+00:00\",\"breadcrumb\":{\"@id\":\"https:\/\/kapitalis.com\/tunisie\/2018\/08\/11\/bardo-des-islamistes-manifestent-contre-le-rapport-de-la-colibe\/#breadcrumb\"},\"inLanguage\":\"fr-FR\",\"potentialAction\":[{\"@type\":\"ReadAction\",\"target\":[\"https:\/\/kapitalis.com\/tunisie\/2018\/08\/11\/bardo-des-islamistes-manifestent-contre-le-rapport-de-la-colibe\/\"]}]},{\"@type\":\"ImageObject\",\"inLanguage\":\"fr-FR\",\"@id\":\"https:\/\/kapitalis.com\/tunisie\/2018\/08\/11\/bardo-des-islamistes-manifestent-contre-le-rapport-de-la-colibe\/#primaryimage\",\"url\":\"\",\"contentUrl\":\"\"},{\"@type\":\"BreadcrumbList\",\"@id\":\"https:\/\/kapitalis.com\/tunisie\/2018\/08\/11\/bardo-des-islamistes-manifestent-contre-le-rapport-de-la-colibe\/#breadcrumb\",\"itemListElement\":[{\"@type\":\"ListItem\",\"position\":1,\"name\":\"Accueil\",\"item\":\"https:\/\/kapitalis.com\/tunisie\/\"},{\"@type\":\"ListItem\",\"position\":2,\"name\":\"Bardo : Des islamistes manifestent contre le rapport de la Colibe\"}]},{\"@type\":\"WebSite\",\"@id\":\"https:\/\/kapitalis.com\/tunisie\/#website\",\"url\":\"https:\/\/kapitalis.com\/tunisie\/\",\"name\":\"Kapitalis\",\"description\":\"L&#039;actualit\u00e9 en Tunisie et dans le monde\",\"publisher\":{\"@id\":\"https:\/\/kapitalis.com\/tunisie\/#organization\"},\"potentialAction\":[{\"@type\":\"SearchAction\",\"target\":{\"@type\":\"EntryPoint\",\"urlTemplate\":\"https:\/\/kapitalis.com\/tunisie\/?s={search_term_string}\"},\"query-input\":{\"@type\":\"PropertyValueSpecification\",\"valueRequired\":true,\"valueName\":\"search_term_string\"}}],\"inLanguage\":\"fr-FR\"},{\"@type\":\"Organization\",\"@id\":\"https:\/\/kapitalis.com\/tunisie\/#organization\",\"name\":\"Kapitalis\",\"url\":\"https:\/\/kapitalis.com\/tunisie\/\",\"logo\":{\"@type\":\"ImageObject\",\"inLanguage\":\"fr-FR\",\"@id\":\"https:\/\/kapitalis.com\/tunisie\/#\/schema\/logo\/image\/\",\"url\":\"https:\/\/kapitalis.com\/tunisie\/wp-content\/uploads\/2022\/05\/Kapitalis-big-size.png\",\"contentUrl\":\"https:\/\/kapitalis.com\/tunisie\/wp-content\/uploads\/2022\/05\/Kapitalis-big-size.png\",\"width\":5000,\"height\":1500,\"caption\":\"Kapitalis\"},\"image\":{\"@id\":\"https:\/\/kapitalis.com\/tunisie\/#\/schema\/logo\/image\/\"},\"sameAs\":[\"https:\/\/www.facebook.com\/KapitalisInfo\/\",\"https:\/\/x.com\/KapitalisInfo\",\"https:\/\/www.youtube.com\/channel\/UC-yDYrHyfFBWWZaOw3FPg9Q\"]},{\"@type\":\"Person\",\"@id\":\"https:\/\/kapitalis.com\/tunisie\/#\/schema\/person\/2c6e134b2f3369dffcd1daf5f087d28b\",\"name\":\"emna benabdallah\",\"url\":\"https:\/\/kapitalis.com\/tunisie\/author\/emna\/\"}]}<\/script>\n<!-- \/ Yoast SEO plugin. -->","yoast_head_json":{"title":"Bardo : Des islamistes manifestent contre le rapport de la Colibe - Kapitalis","robots":{"index":"index","follow":"follow","max-snippet":"max-snippet:-1","max-image-preview":"max-image-preview:large","max-video-preview":"max-video-preview:-1"},"canonical":"https:\/\/kapitalis.com\/tunisie\/2018\/08\/11\/bardo-des-islamistes-manifestent-contre-le-rapport-de-la-colibe\/","og_locale":"fr_FR","og_type":"article","og_title":"Bardo : Des islamistes manifestent contre le rapport de la Colibe - Kapitalis","og_description":"Des islamistes de tous bords, et notamment du parti Ennahdha, ont laiss\u00e9 \u00e9clater leur col\u00e8re contre les propositions, trop lib\u00e9rales \u00e0 leur go\u00fbt, du rapport de la Commission des libert\u00e9s individuelles et de l&rsquo;\u00e9galit\u00e9 (Colibe).\u00a0","og_url":"https:\/\/kapitalis.com\/tunisie\/2018\/08\/11\/bardo-des-islamistes-manifestent-contre-le-rapport-de-la-colibe\/","og_site_name":"Kapitalis","article_publisher":"https:\/\/www.facebook.com\/KapitalisInfo\/","article_published_time":"2018-08-11T10:34:02+00:00","article_modified_time":"2018-08-11T10:39:45+00:00","og_image":[{"width":1200,"height":630,"url":"https:\/\/kapitalis.com\/tunisie\/wp-content\/uploads\/2022\/05\/kapitalis-logo-fb.png","type":"image\/png"}],"author":"emna benabdallah","twitter_card":"summary_large_image","twitter_creator":"@KapitalisInfo","twitter_site":"@KapitalisInfo","twitter_misc":{"\u00c9crit par":"emna benabdallah","Dur\u00e9e de lecture estim\u00e9e":"2 minutes"},"schema":{"@context":"https:\/\/schema.org","@graph":[{"@type":"Article","@id":"https:\/\/kapitalis.com\/tunisie\/2018\/08\/11\/bardo-des-islamistes-manifestent-contre-le-rapport-de-la-colibe\/#article","isPartOf":{"@id":"https:\/\/kapitalis.com\/tunisie\/2018\/08\/11\/bardo-des-islamistes-manifestent-contre-le-rapport-de-la-colibe\/"},"author":{"name":"emna benabdallah","@id":"https:\/\/kapitalis.com\/tunisie\/#\/schema\/person\/2c6e134b2f3369dffcd1daf5f087d28b"},"headline":"Bardo : Des islamistes manifestent contre le rapport de la Colibe","datePublished":"2018-08-11T10:34:02+00:00","dateModified":"2018-08-11T10:39:45+00:00","mainEntityOfPage":{"@id":"https:\/\/kapitalis.com\/tunisie\/2018\/08\/11\/bardo-des-islamistes-manifestent-contre-le-rapport-de-la-colibe\/"},"wordCount":409,"commentCount":10,"publisher":{"@id":"https:\/\/kapitalis.com\/tunisie\/#organization"},"image":{"@id":"https:\/\/kapitalis.com\/tunisie\/2018\/08\/11\/bardo-des-islamistes-manifestent-contre-le-rapport-de-la-colibe\/#primaryimage"},"thumbnailUrl":"","keywords":["Bardo","Colibe","imams","islamistes","Noureddine Khademi"],"articleSection":["SOCIETE","Tunisie","VIDEOS"],"inLanguage":"fr-FR","potentialAction":[{"@type":"CommentAction","name":"Comment","target":["https:\/\/kapitalis.com\/tunisie\/2018\/08\/11\/bardo-des-islamistes-manifestent-contre-le-rapport-de-la-colibe\/#respond"]}]},{"@type":"WebPage","@id":"https:\/\/kapitalis.com\/tunisie\/2018\/08\/11\/bardo-des-islamistes-manifestent-contre-le-rapport-de-la-colibe\/","url":"https:\/\/kapitalis.com\/tunisie\/2018\/08\/11\/bardo-des-islamistes-manifestent-contre-le-rapport-de-la-colibe\/","name":"Bardo : Des islamistes manifestent contre le rapport de la Colibe - Kapitalis","isPartOf":{"@id":"https:\/\/kapitalis.com\/tunisie\/#website"},"primaryImageOfPage":{"@id":"https:\/\/kapitalis.com\/tunisie\/2018\/08\/11\/bardo-des-islamistes-manifestent-contre-le-rapport-de-la-colibe\/#primaryimage"},"image":{"@id":"https:\/\/kapitalis.com\/tunisie\/2018\/08\/11\/bardo-des-islamistes-manifestent-contre-le-rapport-de-la-colibe\/#primaryimage"},"thumbnailUrl":"","datePublished":"2018-08-11T10:34:02+00:00","dateModified":"2018-08-11T10:39:45+00:00","breadcrumb":{"@id":"https:\/\/kapitalis.com\/tunisie\/2018\/08\/11\/bardo-des-islamistes-manifestent-contre-le-rapport-de-la-colibe\/#breadcrumb"},"inLanguage":"fr-FR","potentialAction":[{"@type":"ReadAction","target":["https:\/\/kapitalis.com\/tunisie\/2018\/08\/11\/bardo-des-islamistes-manifestent-contre-le-rapport-de-la-colibe\/"]}]},{"@type":"ImageObject","inLanguage":"fr-FR","@id":"https:\/\/kapitalis.com\/tunisie\/2018\/08\/11\/bardo-des-islamistes-manifestent-contre-le-rapport-de-la-colibe\/#primaryimage","url":"","contentUrl":""},{"@type":"BreadcrumbList","@id":"https:\/\/kapitalis.com\/tunisie\/2018\/08\/11\/bardo-des-islamistes-manifestent-contre-le-rapport-de-la-colibe\/#breadcrumb","itemListElement":[{"@type":"ListItem","position":1,"name":"Accueil","item":"https:\/\/kapitalis.com\/tunisie\/"},{"@type":"ListItem","position":2,"name":"Bardo : Des islamistes manifestent contre le rapport de la Colibe"}]},{"@type":"WebSite","@id":"https:\/\/kapitalis.com\/tunisie\/#website","url":"https:\/\/kapitalis.com\/tunisie\/","name":"Kapitalis","description":"L&#039;actualit\u00e9 en Tunisie et dans le monde","publisher":{"@id":"https:\/\/kapitalis.com\/tunisie\/#organization"},"potentialAction":[{"@type":"SearchAction","target":{"@type":"EntryPoint","urlTemplate":"https:\/\/kapitalis.com\/tunisie\/?s={search_term_string}"},"query-input":{"@type":"PropertyValueSpecification","valueRequired":true,"valueName":"search_term_string"}}],"inLanguage":"fr-FR"},{"@type":"Organization","@id":"https:\/\/kapitalis.com\/tunisie\/#organization","name":"Kapitalis","url":"https:\/\/kapitalis.com\/tunisie\/","logo":{"@type":"ImageObject","inLanguage":"fr-FR","@id":"https:\/\/kapitalis.com\/tunisie\/#\/schema\/logo\/image\/","url":"https:\/\/kapitalis.com\/tunisie\/wp-content\/uploads\/2022\/05\/Kapitalis-big-size.png","contentUrl":"https:\/\/kapitalis.com\/tunisie\/wp-content\/uploads\/2022\/05\/Kapitalis-big-size.png","width":5000,"height":1500,"caption":"Kapitalis"},"image":{"@id":"https:\/\/kapitalis.com\/tunisie\/#\/schema\/logo\/image\/"},"sameAs":["https:\/\/www.facebook.com\/KapitalisInfo\/","https:\/\/x.com\/KapitalisInfo","https:\/\/www.youtube.com\/channel\/UC-yDYrHyfFBWWZaOw3FPg9Q"]},{"@type":"Person","@id":"https:\/\/kapitalis.com\/tunisie\/#\/schema\/person\/2c6e134b2f3369dffcd1daf5f087d28b","name":"emna benabdallah","url":"https:\/\/kapitalis.com\/tunisie\/author\/emna\/"}]}},"_links":{"self":[{"href":"https:\/\/kapitalis.com\/tunisie\/wp-json\/wp\/v2\/posts\/168731","targetHints":{"allow":["GET"]}}],"collection":[{"href":"https:\/\/kapitalis.com\/tunisie\/wp-json\/wp\/v2\/posts"}],"about":[{"href":"https:\/\/kapitalis.com\/tunisie\/wp-json\/wp\/v2\/types\/post"}],"author":[{"embeddable":true,"href":"https:\/\/kapitalis.com\/tunisie\/wp-json\/wp\/v2\/users\/16"}],"replies":[{"embeddable":true,"href":"https:\/\/kapitalis.com\/tunisie\/wp-json\/wp\/v2\/comments?post=168731"}],"version-history":[{"count":0,"href":"https:\/\/kapitalis.com\/tunisie\/wp-json\/wp\/v2\/posts\/168731\/revisions"}],"wp:featuredmedia":[{"embeddable":true,"href":"https:\/\/kapitalis.com\/tunisie\/wp-json\/wp\/v2\/media\/168733"}],"wp:attachment":[{"href":"https:\/\/kapitalis.com\/tunisie\/wp-json\/wp\/v2\/media?parent=168731"}],"wp:term":[{"taxonomy":"category","embeddable":true,"href":"https:\/\/kapitalis.com\/tunisie\/wp-json\/wp\/v2\/categories?post=168731"},{"taxonomy":"post_tag","embeddable":true,"href":"https:\/\/kapitalis.com\/tunisie\/wp-json\/wp\/v2\/tags?post=168731"}],"curies":[{"name":"wp","href":"https:\/\/api.w.org\/{rel}","templated":true}]}}