{"id":1688568,"date":"2022-06-23T13:52:56","date_gmt":"2022-06-23T12:52:56","guid":{"rendered":"https:\/\/kapitalis.com\/tunisie\/?p=1688568"},"modified":"2022-06-23T13:52:59","modified_gmt":"2022-06-23T12:52:59","slug":"envirofest-des-projections-de-sensibilisation-a-lenvironnement-sur-la-plage-de-la-marsa","status":"publish","type":"post","link":"https:\/\/kapitalis.com\/tunisie\/2022\/06\/23\/envirofest-des-projections-de-sensibilisation-a-lenvironnement-sur-la-plage-de-la-marsa\/","title":{"rendered":"Envirofest\u00a0: Des projections de sensibilisation \u00e0 l\u2019environnement sur la plage de la Marsa"},"content":{"rendered":"\n<p><em><strong>Le Festival du Film environnemental de Tunisie (Envirofest) est de retour sur la plage de La Marsa \u00e0 partir d\u2019aujourd\u2019hui, jeudi 23 juin, et jusqu\u2019au samedi. Des projections gratuites, des d\u00e9bats et une exposition sont au programme de cette nouvelle \u00e9dition pour sensibiliser le public sur les probl\u00e8mes li\u00e9s \u00e0 l\u2019environnement.<\/strong><\/em><\/p>\n\n\n\n<!--more-->\n\n\n\n<p>EnviroFest Tunisia est organis\u00e9 par l&rsquo;association culturelle \u00ab&nbsp;Tunisia Cinema Foundation&nbsp;\u00bb, il s\u2019agit d\u2019un \u00e9v\u00e9nement cin\u00e9matographique annuel qui offre une plate-forme de compr\u00e9hension et de d\u00e9bats sur les questions environnementales.<\/p>\n\n\n\n<p>Le festival est itin\u00e9rant, il s\u2019organise depuis sa cr\u00e9ation \u00e0 Tunis notamment \u00e0 la Cin\u00e9math\u00e8que tunisienne, mais aussi dans de nombreuses villes \u00e0 travers le pays.<\/p>\n\n\n\n<p>C\u2019est la plage de la Marsa qui accueillera cette nouvelle \u00e9dition o\u00f9 seront propos\u00e9s des films internationaux de grande qualit\u00e9 autour de diff\u00e9rentes th\u00e9matiques li\u00e9es \u00e0 l\u2019\u00e9cologie&nbsp;: La protection des oc\u00e9ans, le r\u00e9chauffement climatique, la d\u00e9fense de la nature et des animaux \u2026<\/p>\n\n\n\n<p>En plus des projections gratuites, le festival propose des d\u00e9bats entre le public, les cin\u00e9astes et les d\u00e9fenseurs de l\u2019environnement. Cette ann\u00e9e, sera \u00e9galement organis\u00e9e une exposition g\u00e9ante autour du Palais Essaada, ainsi qu\u2019un \u00e9co-village o\u00f9 seront r\u00e9unies des associations, des artisans et des artistes qui militent pour l\u2019environnement.<\/p>\n\n\n\n<p>Le programme :<\/p>\n\n\n\n<ul class=\"wp-block-list\"><li>Jeudi 23 juin : \u00ab\u00a0M\u00e9diterran\u00e9e, l&rsquo;odyss\u00e9e pour la vie\u00a0\u00bb,<\/li><li>Vendredi 24 juin : \u00ab\u00a0Marcher sur l&rsquo;eau\u00a0\u00bb,<\/li><li>Samedi 25 juin : \u00ab\u00a0La panth\u00e8re des neiges\u00a0\u00bb.<\/li><\/ul>\n\n\n\n<p><em>Toutes les projections commencent \u00e0 19h30.<\/em><\/p>\n\n\n\n<p class=\"has-text-align-right\"><strong>F.B<\/strong><\/p>\n","protected":false},"excerpt":{"rendered":"<p>Le Festival du Film environnemental de Tunisie (Envirofest) est de retour sur la plage de La Marsa \u00e0 partir d\u2019aujourd\u2019hui, jeudi 23 juin, et jusqu\u2019au samedi. Des projections gratuites, des d\u00e9bats et une exposition sont au programme de cette nouvelle \u00e9dition pour sensibiliser le public sur les probl\u00e8mes li\u00e9s \u00e0 l\u2019environnement.<\/p>\n","protected":false},"author":26,"featured_media":1688981,"comment_status":"open","ping_status":"open","sticky":false,"template":"","format":"standard","meta":{"footnotes":""},"categories":[994,2433],"tags":[80173,99828,85337,2991,62643],"class_list":["post-1688568","post","type-post","status-publish","format-standard","has-post-thumbnail","hentry","category-culture","category-tunisie","tag-cinema-environnemental","tag-envirofest-2022","tag-festival-du-film-environnemental","tag-la-marsa","tag-tunisie"],"yoast_head":"<!-- This site is optimized with the Yoast SEO plugin v26.6 - https:\/\/yoast.com\/wordpress\/plugins\/seo\/ -->\n<title>Envirofest\u00a0: Des projections de sensibilisation \u00e0 l\u2019environnement sur la plage de la Marsa - Kapitalis<\/title>\n<meta name=\"robots\" content=\"index, follow, max-snippet:-1, max-image-preview:large, max-video-preview:-1\" \/>\n<link rel=\"canonical\" href=\"https:\/\/kapitalis.com\/tunisie\/2022\/06\/23\/envirofest-des-projections-de-sensibilisation-a-lenvironnement-sur-la-plage-de-la-marsa\/\" \/>\n<meta property=\"og:locale\" content=\"fr_FR\" \/>\n<meta property=\"og:type\" content=\"article\" \/>\n<meta property=\"og:title\" content=\"Envirofest\u00a0: Des projections de sensibilisation \u00e0 l\u2019environnement sur la plage de la Marsa - Kapitalis\" \/>\n<meta property=\"og:description\" content=\"Le Festival du Film environnemental de Tunisie (Envirofest) est de retour sur la plage de La Marsa \u00e0 partir d\u2019aujourd\u2019hui, jeudi 23 juin, et jusqu\u2019au samedi. Des projections gratuites, des d\u00e9bats et une exposition sont au programme de cette nouvelle \u00e9dition pour sensibiliser le public sur les probl\u00e8mes li\u00e9s \u00e0 l\u2019environnement.\" \/>\n<meta property=\"og:url\" content=\"https:\/\/kapitalis.com\/tunisie\/2022\/06\/23\/envirofest-des-projections-de-sensibilisation-a-lenvironnement-sur-la-plage-de-la-marsa\/\" \/>\n<meta property=\"og:site_name\" content=\"Kapitalis\" \/>\n<meta property=\"article:publisher\" content=\"https:\/\/www.facebook.com\/KapitalisInfo\/\" \/>\n<meta property=\"article:published_time\" content=\"2022-06-23T12:52:56+00:00\" \/>\n<meta property=\"article:modified_time\" content=\"2022-06-23T12:52:59+00:00\" \/>\n<meta property=\"og:image\" content=\"https:\/\/kapitalis.com\/tunisie\/wp-content\/uploads\/2022\/06\/Envirofest-La-Marsa-2022.jpg\" \/>\n\t<meta property=\"og:image:width\" content=\"1200\" \/>\n\t<meta property=\"og:image:height\" content=\"630\" \/>\n\t<meta property=\"og:image:type\" content=\"image\/jpeg\" \/>\n<meta name=\"author\" content=\"Fawz BenAli\" \/>\n<meta name=\"twitter:card\" content=\"summary_large_image\" \/>\n<meta name=\"twitter:creator\" content=\"@KapitalisInfo\" \/>\n<meta name=\"twitter:site\" content=\"@KapitalisInfo\" \/>\n<meta name=\"twitter:label1\" content=\"\u00c9crit par\" \/>\n\t<meta name=\"twitter:data1\" content=\"Fawz BenAli\" \/>\n\t<meta name=\"twitter:label2\" content=\"Dur\u00e9e de lecture estim\u00e9e\" \/>\n\t<meta name=\"twitter:data2\" content=\"2 minutes\" \/>\n<script type=\"application\/ld+json\" class=\"yoast-schema-graph\">{\"@context\":\"https:\/\/schema.org\",\"@graph\":[{\"@type\":\"Article\",\"@id\":\"https:\/\/kapitalis.com\/tunisie\/2022\/06\/23\/envirofest-des-projections-de-sensibilisation-a-lenvironnement-sur-la-plage-de-la-marsa\/#article\",\"isPartOf\":{\"@id\":\"https:\/\/kapitalis.com\/tunisie\/2022\/06\/23\/envirofest-des-projections-de-sensibilisation-a-lenvironnement-sur-la-plage-de-la-marsa\/\"},\"author\":{\"name\":\"Fawz BenAli\",\"@id\":\"https:\/\/kapitalis.com\/tunisie\/#\/schema\/person\/73a5ecc1f6ae540c6ed91342eadca948\"},\"headline\":\"Envirofest\u00a0: Des projections de sensibilisation \u00e0 l\u2019environnement sur la plage de la Marsa\",\"datePublished\":\"2022-06-23T12:52:56+00:00\",\"dateModified\":\"2022-06-23T12:52:59+00:00\",\"mainEntityOfPage\":{\"@id\":\"https:\/\/kapitalis.com\/tunisie\/2022\/06\/23\/envirofest-des-projections-de-sensibilisation-a-lenvironnement-sur-la-plage-de-la-marsa\/\"},\"wordCount\":274,\"commentCount\":0,\"publisher\":{\"@id\":\"https:\/\/kapitalis.com\/tunisie\/#organization\"},\"image\":{\"@id\":\"https:\/\/kapitalis.com\/tunisie\/2022\/06\/23\/envirofest-des-projections-de-sensibilisation-a-lenvironnement-sur-la-plage-de-la-marsa\/#primaryimage\"},\"thumbnailUrl\":\"https:\/\/kapitalis.com\/tunisie\/wp-content\/uploads\/2022\/06\/Envirofest-La-Marsa-2022.jpg\",\"keywords\":[\"cin\u00e9ma environnemental\",\"Envirofest 2022\",\"Festival du film environnemental\",\"La Marsa\",\"Tunisie\"],\"articleSection\":[\"CULTURE\",\"Tunisie\"],\"inLanguage\":\"fr-FR\",\"potentialAction\":[{\"@type\":\"CommentAction\",\"name\":\"Comment\",\"target\":[\"https:\/\/kapitalis.com\/tunisie\/2022\/06\/23\/envirofest-des-projections-de-sensibilisation-a-lenvironnement-sur-la-plage-de-la-marsa\/#respond\"]}]},{\"@type\":\"WebPage\",\"@id\":\"https:\/\/kapitalis.com\/tunisie\/2022\/06\/23\/envirofest-des-projections-de-sensibilisation-a-lenvironnement-sur-la-plage-de-la-marsa\/\",\"url\":\"https:\/\/kapitalis.com\/tunisie\/2022\/06\/23\/envirofest-des-projections-de-sensibilisation-a-lenvironnement-sur-la-plage-de-la-marsa\/\",\"name\":\"Envirofest\u00a0: Des projections de sensibilisation \u00e0 l\u2019environnement sur la plage de la Marsa - Kapitalis\",\"isPartOf\":{\"@id\":\"https:\/\/kapitalis.com\/tunisie\/#website\"},\"primaryImageOfPage\":{\"@id\":\"https:\/\/kapitalis.com\/tunisie\/2022\/06\/23\/envirofest-des-projections-de-sensibilisation-a-lenvironnement-sur-la-plage-de-la-marsa\/#primaryimage\"},\"image\":{\"@id\":\"https:\/\/kapitalis.com\/tunisie\/2022\/06\/23\/envirofest-des-projections-de-sensibilisation-a-lenvironnement-sur-la-plage-de-la-marsa\/#primaryimage\"},\"thumbnailUrl\":\"https:\/\/kapitalis.com\/tunisie\/wp-content\/uploads\/2022\/06\/Envirofest-La-Marsa-2022.jpg\",\"datePublished\":\"2022-06-23T12:52:56+00:00\",\"dateModified\":\"2022-06-23T12:52:59+00:00\",\"breadcrumb\":{\"@id\":\"https:\/\/kapitalis.com\/tunisie\/2022\/06\/23\/envirofest-des-projections-de-sensibilisation-a-lenvironnement-sur-la-plage-de-la-marsa\/#breadcrumb\"},\"inLanguage\":\"fr-FR\",\"potentialAction\":[{\"@type\":\"ReadAction\",\"target\":[\"https:\/\/kapitalis.com\/tunisie\/2022\/06\/23\/envirofest-des-projections-de-sensibilisation-a-lenvironnement-sur-la-plage-de-la-marsa\/\"]}]},{\"@type\":\"ImageObject\",\"inLanguage\":\"fr-FR\",\"@id\":\"https:\/\/kapitalis.com\/tunisie\/2022\/06\/23\/envirofest-des-projections-de-sensibilisation-a-lenvironnement-sur-la-plage-de-la-marsa\/#primaryimage\",\"url\":\"https:\/\/kapitalis.com\/tunisie\/wp-content\/uploads\/2022\/06\/Envirofest-La-Marsa-2022.jpg\",\"contentUrl\":\"https:\/\/kapitalis.com\/tunisie\/wp-content\/uploads\/2022\/06\/Envirofest-La-Marsa-2022.jpg\",\"width\":1200,\"height\":630},{\"@type\":\"BreadcrumbList\",\"@id\":\"https:\/\/kapitalis.com\/tunisie\/2022\/06\/23\/envirofest-des-projections-de-sensibilisation-a-lenvironnement-sur-la-plage-de-la-marsa\/#breadcrumb\",\"itemListElement\":[{\"@type\":\"ListItem\",\"position\":1,\"name\":\"Accueil\",\"item\":\"https:\/\/kapitalis.com\/tunisie\/\"},{\"@type\":\"ListItem\",\"position\":2,\"name\":\"Envirofest\u00a0: Des projections de sensibilisation \u00e0 l\u2019environnement sur la plage de la Marsa\"}]},{\"@type\":\"WebSite\",\"@id\":\"https:\/\/kapitalis.com\/tunisie\/#website\",\"url\":\"https:\/\/kapitalis.com\/tunisie\/\",\"name\":\"Kapitalis\",\"description\":\"L&#039;actualit\u00e9 en Tunisie et dans le monde\",\"publisher\":{\"@id\":\"https:\/\/kapitalis.com\/tunisie\/#organization\"},\"potentialAction\":[{\"@type\":\"SearchAction\",\"target\":{\"@type\":\"EntryPoint\",\"urlTemplate\":\"https:\/\/kapitalis.com\/tunisie\/?s={search_term_string}\"},\"query-input\":{\"@type\":\"PropertyValueSpecification\",\"valueRequired\":true,\"valueName\":\"search_term_string\"}}],\"inLanguage\":\"fr-FR\"},{\"@type\":\"Organization\",\"@id\":\"https:\/\/kapitalis.com\/tunisie\/#organization\",\"name\":\"Kapitalis\",\"url\":\"https:\/\/kapitalis.com\/tunisie\/\",\"logo\":{\"@type\":\"ImageObject\",\"inLanguage\":\"fr-FR\",\"@id\":\"https:\/\/kapitalis.com\/tunisie\/#\/schema\/logo\/image\/\",\"url\":\"https:\/\/kapitalis.com\/tunisie\/wp-content\/uploads\/2022\/05\/Kapitalis-big-size.png\",\"contentUrl\":\"https:\/\/kapitalis.com\/tunisie\/wp-content\/uploads\/2022\/05\/Kapitalis-big-size.png\",\"width\":5000,\"height\":1500,\"caption\":\"Kapitalis\"},\"image\":{\"@id\":\"https:\/\/kapitalis.com\/tunisie\/#\/schema\/logo\/image\/\"},\"sameAs\":[\"https:\/\/www.facebook.com\/KapitalisInfo\/\",\"https:\/\/x.com\/KapitalisInfo\",\"https:\/\/www.youtube.com\/channel\/UC-yDYrHyfFBWWZaOw3FPg9Q\"]},{\"@type\":\"Person\",\"@id\":\"https:\/\/kapitalis.com\/tunisie\/#\/schema\/person\/73a5ecc1f6ae540c6ed91342eadca948\",\"name\":\"Fawz BenAli\",\"url\":\"https:\/\/kapitalis.com\/tunisie\/author\/fawz\/\"}]}<\/script>\n<!-- \/ Yoast SEO plugin. -->","yoast_head_json":{"title":"Envirofest\u00a0: Des projections de sensibilisation \u00e0 l\u2019environnement sur la plage de la Marsa - Kapitalis","robots":{"index":"index","follow":"follow","max-snippet":"max-snippet:-1","max-image-preview":"max-image-preview:large","max-video-preview":"max-video-preview:-1"},"canonical":"https:\/\/kapitalis.com\/tunisie\/2022\/06\/23\/envirofest-des-projections-de-sensibilisation-a-lenvironnement-sur-la-plage-de-la-marsa\/","og_locale":"fr_FR","og_type":"article","og_title":"Envirofest\u00a0: Des projections de sensibilisation \u00e0 l\u2019environnement sur la plage de la Marsa - Kapitalis","og_description":"Le Festival du Film environnemental de Tunisie (Envirofest) est de retour sur la plage de La Marsa \u00e0 partir d\u2019aujourd\u2019hui, jeudi 23 juin, et jusqu\u2019au samedi. Des projections gratuites, des d\u00e9bats et une exposition sont au programme de cette nouvelle \u00e9dition pour sensibiliser le public sur les probl\u00e8mes li\u00e9s \u00e0 l\u2019environnement.","og_url":"https:\/\/kapitalis.com\/tunisie\/2022\/06\/23\/envirofest-des-projections-de-sensibilisation-a-lenvironnement-sur-la-plage-de-la-marsa\/","og_site_name":"Kapitalis","article_publisher":"https:\/\/www.facebook.com\/KapitalisInfo\/","article_published_time":"2022-06-23T12:52:56+00:00","article_modified_time":"2022-06-23T12:52:59+00:00","og_image":[{"width":1200,"height":630,"url":"https:\/\/kapitalis.com\/tunisie\/wp-content\/uploads\/2022\/06\/Envirofest-La-Marsa-2022.jpg","type":"image\/jpeg"}],"author":"Fawz BenAli","twitter_card":"summary_large_image","twitter_creator":"@KapitalisInfo","twitter_site":"@KapitalisInfo","twitter_misc":{"\u00c9crit par":"Fawz BenAli","Dur\u00e9e de lecture estim\u00e9e":"2 minutes"},"schema":{"@context":"https:\/\/schema.org","@graph":[{"@type":"Article","@id":"https:\/\/kapitalis.com\/tunisie\/2022\/06\/23\/envirofest-des-projections-de-sensibilisation-a-lenvironnement-sur-la-plage-de-la-marsa\/#article","isPartOf":{"@id":"https:\/\/kapitalis.com\/tunisie\/2022\/06\/23\/envirofest-des-projections-de-sensibilisation-a-lenvironnement-sur-la-plage-de-la-marsa\/"},"author":{"name":"Fawz BenAli","@id":"https:\/\/kapitalis.com\/tunisie\/#\/schema\/person\/73a5ecc1f6ae540c6ed91342eadca948"},"headline":"Envirofest\u00a0: Des projections de sensibilisation \u00e0 l\u2019environnement sur la plage de la Marsa","datePublished":"2022-06-23T12:52:56+00:00","dateModified":"2022-06-23T12:52:59+00:00","mainEntityOfPage":{"@id":"https:\/\/kapitalis.com\/tunisie\/2022\/06\/23\/envirofest-des-projections-de-sensibilisation-a-lenvironnement-sur-la-plage-de-la-marsa\/"},"wordCount":274,"commentCount":0,"publisher":{"@id":"https:\/\/kapitalis.com\/tunisie\/#organization"},"image":{"@id":"https:\/\/kapitalis.com\/tunisie\/2022\/06\/23\/envirofest-des-projections-de-sensibilisation-a-lenvironnement-sur-la-plage-de-la-marsa\/#primaryimage"},"thumbnailUrl":"https:\/\/kapitalis.com\/tunisie\/wp-content\/uploads\/2022\/06\/Envirofest-La-Marsa-2022.jpg","keywords":["cin\u00e9ma environnemental","Envirofest 2022","Festival du film environnemental","La Marsa","Tunisie"],"articleSection":["CULTURE","Tunisie"],"inLanguage":"fr-FR","potentialAction":[{"@type":"CommentAction","name":"Comment","target":["https:\/\/kapitalis.com\/tunisie\/2022\/06\/23\/envirofest-des-projections-de-sensibilisation-a-lenvironnement-sur-la-plage-de-la-marsa\/#respond"]}]},{"@type":"WebPage","@id":"https:\/\/kapitalis.com\/tunisie\/2022\/06\/23\/envirofest-des-projections-de-sensibilisation-a-lenvironnement-sur-la-plage-de-la-marsa\/","url":"https:\/\/kapitalis.com\/tunisie\/2022\/06\/23\/envirofest-des-projections-de-sensibilisation-a-lenvironnement-sur-la-plage-de-la-marsa\/","name":"Envirofest\u00a0: Des projections de sensibilisation \u00e0 l\u2019environnement sur la plage de la Marsa - Kapitalis","isPartOf":{"@id":"https:\/\/kapitalis.com\/tunisie\/#website"},"primaryImageOfPage":{"@id":"https:\/\/kapitalis.com\/tunisie\/2022\/06\/23\/envirofest-des-projections-de-sensibilisation-a-lenvironnement-sur-la-plage-de-la-marsa\/#primaryimage"},"image":{"@id":"https:\/\/kapitalis.com\/tunisie\/2022\/06\/23\/envirofest-des-projections-de-sensibilisation-a-lenvironnement-sur-la-plage-de-la-marsa\/#primaryimage"},"thumbnailUrl":"https:\/\/kapitalis.com\/tunisie\/wp-content\/uploads\/2022\/06\/Envirofest-La-Marsa-2022.jpg","datePublished":"2022-06-23T12:52:56+00:00","dateModified":"2022-06-23T12:52:59+00:00","breadcrumb":{"@id":"https:\/\/kapitalis.com\/tunisie\/2022\/06\/23\/envirofest-des-projections-de-sensibilisation-a-lenvironnement-sur-la-plage-de-la-marsa\/#breadcrumb"},"inLanguage":"fr-FR","potentialAction":[{"@type":"ReadAction","target":["https:\/\/kapitalis.com\/tunisie\/2022\/06\/23\/envirofest-des-projections-de-sensibilisation-a-lenvironnement-sur-la-plage-de-la-marsa\/"]}]},{"@type":"ImageObject","inLanguage":"fr-FR","@id":"https:\/\/kapitalis.com\/tunisie\/2022\/06\/23\/envirofest-des-projections-de-sensibilisation-a-lenvironnement-sur-la-plage-de-la-marsa\/#primaryimage","url":"https:\/\/kapitalis.com\/tunisie\/wp-content\/uploads\/2022\/06\/Envirofest-La-Marsa-2022.jpg","contentUrl":"https:\/\/kapitalis.com\/tunisie\/wp-content\/uploads\/2022\/06\/Envirofest-La-Marsa-2022.jpg","width":1200,"height":630},{"@type":"BreadcrumbList","@id":"https:\/\/kapitalis.com\/tunisie\/2022\/06\/23\/envirofest-des-projections-de-sensibilisation-a-lenvironnement-sur-la-plage-de-la-marsa\/#breadcrumb","itemListElement":[{"@type":"ListItem","position":1,"name":"Accueil","item":"https:\/\/kapitalis.com\/tunisie\/"},{"@type":"ListItem","position":2,"name":"Envirofest\u00a0: Des projections de sensibilisation \u00e0 l\u2019environnement sur la plage de la Marsa"}]},{"@type":"WebSite","@id":"https:\/\/kapitalis.com\/tunisie\/#website","url":"https:\/\/kapitalis.com\/tunisie\/","name":"Kapitalis","description":"L&#039;actualit\u00e9 en Tunisie et dans le monde","publisher":{"@id":"https:\/\/kapitalis.com\/tunisie\/#organization"},"potentialAction":[{"@type":"SearchAction","target":{"@type":"EntryPoint","urlTemplate":"https:\/\/kapitalis.com\/tunisie\/?s={search_term_string}"},"query-input":{"@type":"PropertyValueSpecification","valueRequired":true,"valueName":"search_term_string"}}],"inLanguage":"fr-FR"},{"@type":"Organization","@id":"https:\/\/kapitalis.com\/tunisie\/#organization","name":"Kapitalis","url":"https:\/\/kapitalis.com\/tunisie\/","logo":{"@type":"ImageObject","inLanguage":"fr-FR","@id":"https:\/\/kapitalis.com\/tunisie\/#\/schema\/logo\/image\/","url":"https:\/\/kapitalis.com\/tunisie\/wp-content\/uploads\/2022\/05\/Kapitalis-big-size.png","contentUrl":"https:\/\/kapitalis.com\/tunisie\/wp-content\/uploads\/2022\/05\/Kapitalis-big-size.png","width":5000,"height":1500,"caption":"Kapitalis"},"image":{"@id":"https:\/\/kapitalis.com\/tunisie\/#\/schema\/logo\/image\/"},"sameAs":["https:\/\/www.facebook.com\/KapitalisInfo\/","https:\/\/x.com\/KapitalisInfo","https:\/\/www.youtube.com\/channel\/UC-yDYrHyfFBWWZaOw3FPg9Q"]},{"@type":"Person","@id":"https:\/\/kapitalis.com\/tunisie\/#\/schema\/person\/73a5ecc1f6ae540c6ed91342eadca948","name":"Fawz BenAli","url":"https:\/\/kapitalis.com\/tunisie\/author\/fawz\/"}]}},"_links":{"self":[{"href":"https:\/\/kapitalis.com\/tunisie\/wp-json\/wp\/v2\/posts\/1688568","targetHints":{"allow":["GET"]}}],"collection":[{"href":"https:\/\/kapitalis.com\/tunisie\/wp-json\/wp\/v2\/posts"}],"about":[{"href":"https:\/\/kapitalis.com\/tunisie\/wp-json\/wp\/v2\/types\/post"}],"author":[{"embeddable":true,"href":"https:\/\/kapitalis.com\/tunisie\/wp-json\/wp\/v2\/users\/26"}],"replies":[{"embeddable":true,"href":"https:\/\/kapitalis.com\/tunisie\/wp-json\/wp\/v2\/comments?post=1688568"}],"version-history":[{"count":0,"href":"https:\/\/kapitalis.com\/tunisie\/wp-json\/wp\/v2\/posts\/1688568\/revisions"}],"wp:featuredmedia":[{"embeddable":true,"href":"https:\/\/kapitalis.com\/tunisie\/wp-json\/wp\/v2\/media\/1688981"}],"wp:attachment":[{"href":"https:\/\/kapitalis.com\/tunisie\/wp-json\/wp\/v2\/media?parent=1688568"}],"wp:term":[{"taxonomy":"category","embeddable":true,"href":"https:\/\/kapitalis.com\/tunisie\/wp-json\/wp\/v2\/categories?post=1688568"},{"taxonomy":"post_tag","embeddable":true,"href":"https:\/\/kapitalis.com\/tunisie\/wp-json\/wp\/v2\/tags?post=1688568"}],"curies":[{"name":"wp","href":"https:\/\/api.w.org\/{rel}","templated":true}]}}