{"id":169147,"date":"2018-08-14T11:51:01","date_gmt":"2018-08-14T10:51:01","guid":{"rendered":"http:\/\/kapitalis.com\/tunisie\/?p=169147"},"modified":"2018-08-16T13:08:32","modified_gmt":"2018-08-16T12:08:32","slug":"accuse-de-viol-un-tuniso-americain-bientot-extrade-aux-etats-unis","status":"publish","type":"post","link":"https:\/\/kapitalis.com\/tunisie\/2018\/08\/14\/accuse-de-viol-un-tuniso-americain-bientot-extrade-aux-etats-unis\/","title":{"rendered":"Accus\u00e9 de viol, un Tuniso-am\u00e9ricain bient\u00f4t extrad\u00e9 aux Etats-Unis"},"content":{"rendered":"<p style=\"text-align: center;\"><img loading=\"lazy\" decoding=\"async\" class=\"alignnone size-full wp-image-169171\" src=\"http:\/\/kapitalis.com\/tunisie\/wp-content\/uploads\/2018\/08\/Mohamed-Ben-Azaza-1.jpg\" alt=\"\" width=\"626\" height=\"380\" \/><\/p>\n<p style=\"text-align: center;\"><em>CP : TVA Nouvelles.<\/em><\/p>\n<p><em><strong>La police canadienne a arr\u00eat\u00e9 hier, lundi 13 ao\u00fbt 2018, le Tuniso-am\u00e9ricain Mohamed Ben Azaza, soup\u00e7onn\u00e9 d&rsquo;avoir viol\u00e9 une jeune fille de 19 ans. Il va \u00eatre extrad\u00e9 aux Etats-Unis.<\/strong><\/em><!--more--><\/p>\n<p>Ce d\u00e9lit remonte \u00e0 l&rsquo;automne 2017, lorsque le suspect, chauffeur aupr\u00e8s de l&rsquo;entreprise am\u00e9ricaine Uber \u00e2g\u00e9 de 38 ans, avait \u00e9t\u00e9 charg\u00e9 de conduire la jeune fille chez elle, \u00e0 San Francisco.<\/p>\n<p>La victime, qui \u00e9tait saoule, s&rsquo;est retrouv\u00e9e myst\u00e9rieusement, le lendemain, dans la maison de Mohamed Ben Azaza, couch\u00e9e \u00e0 c\u00f4t\u00e9 de lui. Il lui aurait \u00e9galement compt\u00e9 150$ de frais suppl\u00e9mentaires car elle aurait vomi dans sa voiture.<\/p>\n<p>\u00ab<em>Rapidement, la jeune femme a envoy\u00e9 sa g\u00e9olocalisation \u00e0 sa s\u0153ur qui est venue la chercher. Elle a vite \u00e9t\u00e9 conduite \u00e0 l\u2019h\u00f4pital pour subir des tests, qui ont confirm\u00e9 qu\u2019elle avait eu une relation sexuelle compl\u00e8te pendant la nuit. Ses effets personnels ont plus tard \u00e9t\u00e9 retrouv\u00e9s devant chez elle, l\u00e0 o\u00f9 le chauffeur devait la reconduire la veille<\/em>\u00bb, a rapport\u00e9 le journal canadien \u00ab\u00a0<a href=\"https:\/\/www.tvanouvelles.ca\/2018\/08\/14\/un-americain-recherche-pour-viol-arrete-a-montreal-1\"><em>TVA Nouvelles<\/em><\/a>\u00ab\u00a0, aujourd&rsquo;hui, mardi 14 ao\u00fbt 2018.<\/p>\n<p>Mohamed Ben Azaza a, de son c\u00f4t\u00e9, ni\u00e9 avoir eu une relation sexuelle avec la victime et accept\u00e9 de subir un test ADN pour prouver la v\u00e9racit\u00e9 de ses dires. Or, il ne s&rsquo;est jamais pr\u00e9sent\u00e9 et a pr\u00e9f\u00e9r\u00e9 fuir vers le Canada pour s&rsquo;y r\u00e9fugier.<\/p>\n<p>Il a \u00e9t\u00e9 arr\u00eat\u00e9 par la police canadienne et est aujourd&rsquo;hui d\u00e9tenu\u00a0par l\u2019Agence des services frontaliers (ASF).<\/p>\n<p>Les autorit\u00e9s am\u00e9ricaines attendent son extradition pour \u00eatre jug\u00e9 par la justice am\u00e9ricaine. Une demande en ce sens sera pr\u00e9sent\u00e9e en septembre prochain.<\/p>\n<p style=\"text-align: right;\"><strong>E. B. A.<\/strong><\/p>\n","protected":false},"excerpt":{"rendered":"<p>CP : TVA Nouvelles. La police canadienne a arr\u00eat\u00e9 hier, lundi 13 ao\u00fbt 2018, le Tuniso-am\u00e9ricain Mohamed Ben Azaza, soup\u00e7onn\u00e9 d&rsquo;avoir viol\u00e9 une jeune fille de 19 ans. Il va \u00eatre extrad\u00e9 aux Etats-Unis.<\/p>\n","protected":false},"author":16,"featured_media":169148,"comment_status":"open","ping_status":"open","sticky":false,"template":"","format":"standard","meta":{"footnotes":""},"categories":[998,2433],"tags":[950],"class_list":["post-169147","post","type-post","status-publish","format-standard","has-post-thumbnail","hentry","category-societe","category-tunisie","tag-viol"],"yoast_head":"<!-- This site is optimized with the Yoast SEO plugin v26.6 - https:\/\/yoast.com\/wordpress\/plugins\/seo\/ -->\n<title>Accus\u00e9 de viol, un Tuniso-am\u00e9ricain bient\u00f4t extrad\u00e9 aux Etats-Unis - Kapitalis<\/title>\n<meta name=\"robots\" content=\"index, follow, max-snippet:-1, max-image-preview:large, max-video-preview:-1\" \/>\n<link rel=\"canonical\" href=\"https:\/\/kapitalis.com\/tunisie\/2018\/08\/14\/accuse-de-viol-un-tuniso-americain-bientot-extrade-aux-etats-unis\/\" \/>\n<meta property=\"og:locale\" content=\"fr_FR\" \/>\n<meta property=\"og:type\" content=\"article\" \/>\n<meta property=\"og:title\" content=\"Accus\u00e9 de viol, un Tuniso-am\u00e9ricain bient\u00f4t extrad\u00e9 aux Etats-Unis - Kapitalis\" \/>\n<meta property=\"og:description\" content=\"CP : TVA Nouvelles. La police canadienne a arr\u00eat\u00e9 hier, lundi 13 ao\u00fbt 2018, le Tuniso-am\u00e9ricain Mohamed Ben Azaza, soup\u00e7onn\u00e9 d&rsquo;avoir viol\u00e9 une jeune fille de 19 ans. Il va \u00eatre extrad\u00e9 aux Etats-Unis.\" \/>\n<meta property=\"og:url\" content=\"https:\/\/kapitalis.com\/tunisie\/2018\/08\/14\/accuse-de-viol-un-tuniso-americain-bientot-extrade-aux-etats-unis\/\" \/>\n<meta property=\"og:site_name\" content=\"Kapitalis\" \/>\n<meta property=\"article:publisher\" content=\"https:\/\/www.facebook.com\/KapitalisInfo\/\" \/>\n<meta property=\"article:published_time\" content=\"2018-08-14T10:51:01+00:00\" \/>\n<meta property=\"article:modified_time\" content=\"2018-08-16T12:08:32+00:00\" \/>\n<meta property=\"og:image\" content=\"https:\/\/kapitalis.com\/tunisie\/wp-content\/uploads\/2022\/05\/kapitalis-logo-fb.png\" \/>\n\t<meta property=\"og:image:width\" content=\"1200\" \/>\n\t<meta property=\"og:image:height\" content=\"630\" \/>\n\t<meta property=\"og:image:type\" content=\"image\/png\" \/>\n<meta name=\"author\" content=\"emna benabdallah\" \/>\n<meta name=\"twitter:card\" content=\"summary_large_image\" \/>\n<meta name=\"twitter:creator\" content=\"@KapitalisInfo\" \/>\n<meta name=\"twitter:site\" content=\"@KapitalisInfo\" \/>\n<meta name=\"twitter:label1\" content=\"\u00c9crit par\" \/>\n\t<meta name=\"twitter:data1\" content=\"emna benabdallah\" \/>\n\t<meta name=\"twitter:label2\" content=\"Dur\u00e9e de lecture estim\u00e9e\" \/>\n\t<meta name=\"twitter:data2\" content=\"1 minute\" \/>\n<script type=\"application\/ld+json\" class=\"yoast-schema-graph\">{\"@context\":\"https:\/\/schema.org\",\"@graph\":[{\"@type\":\"Article\",\"@id\":\"https:\/\/kapitalis.com\/tunisie\/2018\/08\/14\/accuse-de-viol-un-tuniso-americain-bientot-extrade-aux-etats-unis\/#article\",\"isPartOf\":{\"@id\":\"https:\/\/kapitalis.com\/tunisie\/2018\/08\/14\/accuse-de-viol-un-tuniso-americain-bientot-extrade-aux-etats-unis\/\"},\"author\":{\"name\":\"emna benabdallah\",\"@id\":\"https:\/\/kapitalis.com\/tunisie\/#\/schema\/person\/2c6e134b2f3369dffcd1daf5f087d28b\"},\"headline\":\"Accus\u00e9 de viol, un Tuniso-am\u00e9ricain bient\u00f4t extrad\u00e9 aux Etats-Unis\",\"datePublished\":\"2018-08-14T10:51:01+00:00\",\"dateModified\":\"2018-08-16T12:08:32+00:00\",\"mainEntityOfPage\":{\"@id\":\"https:\/\/kapitalis.com\/tunisie\/2018\/08\/14\/accuse-de-viol-un-tuniso-americain-bientot-extrade-aux-etats-unis\/\"},\"wordCount\":297,\"commentCount\":4,\"publisher\":{\"@id\":\"https:\/\/kapitalis.com\/tunisie\/#organization\"},\"image\":{\"@id\":\"https:\/\/kapitalis.com\/tunisie\/2018\/08\/14\/accuse-de-viol-un-tuniso-americain-bientot-extrade-aux-etats-unis\/#primaryimage\"},\"thumbnailUrl\":\"\",\"keywords\":[\"viol\"],\"articleSection\":[\"SOCIETE\",\"Tunisie\"],\"inLanguage\":\"fr-FR\",\"potentialAction\":[{\"@type\":\"CommentAction\",\"name\":\"Comment\",\"target\":[\"https:\/\/kapitalis.com\/tunisie\/2018\/08\/14\/accuse-de-viol-un-tuniso-americain-bientot-extrade-aux-etats-unis\/#respond\"]}]},{\"@type\":\"WebPage\",\"@id\":\"https:\/\/kapitalis.com\/tunisie\/2018\/08\/14\/accuse-de-viol-un-tuniso-americain-bientot-extrade-aux-etats-unis\/\",\"url\":\"https:\/\/kapitalis.com\/tunisie\/2018\/08\/14\/accuse-de-viol-un-tuniso-americain-bientot-extrade-aux-etats-unis\/\",\"name\":\"Accus\u00e9 de viol, un Tuniso-am\u00e9ricain bient\u00f4t extrad\u00e9 aux Etats-Unis - Kapitalis\",\"isPartOf\":{\"@id\":\"https:\/\/kapitalis.com\/tunisie\/#website\"},\"primaryImageOfPage\":{\"@id\":\"https:\/\/kapitalis.com\/tunisie\/2018\/08\/14\/accuse-de-viol-un-tuniso-americain-bientot-extrade-aux-etats-unis\/#primaryimage\"},\"image\":{\"@id\":\"https:\/\/kapitalis.com\/tunisie\/2018\/08\/14\/accuse-de-viol-un-tuniso-americain-bientot-extrade-aux-etats-unis\/#primaryimage\"},\"thumbnailUrl\":\"\",\"datePublished\":\"2018-08-14T10:51:01+00:00\",\"dateModified\":\"2018-08-16T12:08:32+00:00\",\"breadcrumb\":{\"@id\":\"https:\/\/kapitalis.com\/tunisie\/2018\/08\/14\/accuse-de-viol-un-tuniso-americain-bientot-extrade-aux-etats-unis\/#breadcrumb\"},\"inLanguage\":\"fr-FR\",\"potentialAction\":[{\"@type\":\"ReadAction\",\"target\":[\"https:\/\/kapitalis.com\/tunisie\/2018\/08\/14\/accuse-de-viol-un-tuniso-americain-bientot-extrade-aux-etats-unis\/\"]}]},{\"@type\":\"ImageObject\",\"inLanguage\":\"fr-FR\",\"@id\":\"https:\/\/kapitalis.com\/tunisie\/2018\/08\/14\/accuse-de-viol-un-tuniso-americain-bientot-extrade-aux-etats-unis\/#primaryimage\",\"url\":\"\",\"contentUrl\":\"\"},{\"@type\":\"BreadcrumbList\",\"@id\":\"https:\/\/kapitalis.com\/tunisie\/2018\/08\/14\/accuse-de-viol-un-tuniso-americain-bientot-extrade-aux-etats-unis\/#breadcrumb\",\"itemListElement\":[{\"@type\":\"ListItem\",\"position\":1,\"name\":\"Accueil\",\"item\":\"https:\/\/kapitalis.com\/tunisie\/\"},{\"@type\":\"ListItem\",\"position\":2,\"name\":\"Accus\u00e9 de viol, un Tuniso-am\u00e9ricain bient\u00f4t extrad\u00e9 aux Etats-Unis\"}]},{\"@type\":\"WebSite\",\"@id\":\"https:\/\/kapitalis.com\/tunisie\/#website\",\"url\":\"https:\/\/kapitalis.com\/tunisie\/\",\"name\":\"Kapitalis\",\"description\":\"L&#039;actualit\u00e9 en Tunisie et dans le monde\",\"publisher\":{\"@id\":\"https:\/\/kapitalis.com\/tunisie\/#organization\"},\"potentialAction\":[{\"@type\":\"SearchAction\",\"target\":{\"@type\":\"EntryPoint\",\"urlTemplate\":\"https:\/\/kapitalis.com\/tunisie\/?s={search_term_string}\"},\"query-input\":{\"@type\":\"PropertyValueSpecification\",\"valueRequired\":true,\"valueName\":\"search_term_string\"}}],\"inLanguage\":\"fr-FR\"},{\"@type\":\"Organization\",\"@id\":\"https:\/\/kapitalis.com\/tunisie\/#organization\",\"name\":\"Kapitalis\",\"url\":\"https:\/\/kapitalis.com\/tunisie\/\",\"logo\":{\"@type\":\"ImageObject\",\"inLanguage\":\"fr-FR\",\"@id\":\"https:\/\/kapitalis.com\/tunisie\/#\/schema\/logo\/image\/\",\"url\":\"https:\/\/kapitalis.com\/tunisie\/wp-content\/uploads\/2022\/05\/Kapitalis-big-size.png\",\"contentUrl\":\"https:\/\/kapitalis.com\/tunisie\/wp-content\/uploads\/2022\/05\/Kapitalis-big-size.png\",\"width\":5000,\"height\":1500,\"caption\":\"Kapitalis\"},\"image\":{\"@id\":\"https:\/\/kapitalis.com\/tunisie\/#\/schema\/logo\/image\/\"},\"sameAs\":[\"https:\/\/www.facebook.com\/KapitalisInfo\/\",\"https:\/\/x.com\/KapitalisInfo\",\"https:\/\/www.youtube.com\/channel\/UC-yDYrHyfFBWWZaOw3FPg9Q\"]},{\"@type\":\"Person\",\"@id\":\"https:\/\/kapitalis.com\/tunisie\/#\/schema\/person\/2c6e134b2f3369dffcd1daf5f087d28b\",\"name\":\"emna benabdallah\",\"url\":\"https:\/\/kapitalis.com\/tunisie\/author\/emna\/\"}]}<\/script>\n<!-- \/ Yoast SEO plugin. -->","yoast_head_json":{"title":"Accus\u00e9 de viol, un Tuniso-am\u00e9ricain bient\u00f4t extrad\u00e9 aux Etats-Unis - Kapitalis","robots":{"index":"index","follow":"follow","max-snippet":"max-snippet:-1","max-image-preview":"max-image-preview:large","max-video-preview":"max-video-preview:-1"},"canonical":"https:\/\/kapitalis.com\/tunisie\/2018\/08\/14\/accuse-de-viol-un-tuniso-americain-bientot-extrade-aux-etats-unis\/","og_locale":"fr_FR","og_type":"article","og_title":"Accus\u00e9 de viol, un Tuniso-am\u00e9ricain bient\u00f4t extrad\u00e9 aux Etats-Unis - Kapitalis","og_description":"CP : TVA Nouvelles. La police canadienne a arr\u00eat\u00e9 hier, lundi 13 ao\u00fbt 2018, le Tuniso-am\u00e9ricain Mohamed Ben Azaza, soup\u00e7onn\u00e9 d&rsquo;avoir viol\u00e9 une jeune fille de 19 ans. Il va \u00eatre extrad\u00e9 aux Etats-Unis.","og_url":"https:\/\/kapitalis.com\/tunisie\/2018\/08\/14\/accuse-de-viol-un-tuniso-americain-bientot-extrade-aux-etats-unis\/","og_site_name":"Kapitalis","article_publisher":"https:\/\/www.facebook.com\/KapitalisInfo\/","article_published_time":"2018-08-14T10:51:01+00:00","article_modified_time":"2018-08-16T12:08:32+00:00","og_image":[{"width":1200,"height":630,"url":"https:\/\/kapitalis.com\/tunisie\/wp-content\/uploads\/2022\/05\/kapitalis-logo-fb.png","type":"image\/png"}],"author":"emna benabdallah","twitter_card":"summary_large_image","twitter_creator":"@KapitalisInfo","twitter_site":"@KapitalisInfo","twitter_misc":{"\u00c9crit par":"emna benabdallah","Dur\u00e9e de lecture estim\u00e9e":"1 minute"},"schema":{"@context":"https:\/\/schema.org","@graph":[{"@type":"Article","@id":"https:\/\/kapitalis.com\/tunisie\/2018\/08\/14\/accuse-de-viol-un-tuniso-americain-bientot-extrade-aux-etats-unis\/#article","isPartOf":{"@id":"https:\/\/kapitalis.com\/tunisie\/2018\/08\/14\/accuse-de-viol-un-tuniso-americain-bientot-extrade-aux-etats-unis\/"},"author":{"name":"emna benabdallah","@id":"https:\/\/kapitalis.com\/tunisie\/#\/schema\/person\/2c6e134b2f3369dffcd1daf5f087d28b"},"headline":"Accus\u00e9 de viol, un Tuniso-am\u00e9ricain bient\u00f4t extrad\u00e9 aux Etats-Unis","datePublished":"2018-08-14T10:51:01+00:00","dateModified":"2018-08-16T12:08:32+00:00","mainEntityOfPage":{"@id":"https:\/\/kapitalis.com\/tunisie\/2018\/08\/14\/accuse-de-viol-un-tuniso-americain-bientot-extrade-aux-etats-unis\/"},"wordCount":297,"commentCount":4,"publisher":{"@id":"https:\/\/kapitalis.com\/tunisie\/#organization"},"image":{"@id":"https:\/\/kapitalis.com\/tunisie\/2018\/08\/14\/accuse-de-viol-un-tuniso-americain-bientot-extrade-aux-etats-unis\/#primaryimage"},"thumbnailUrl":"","keywords":["viol"],"articleSection":["SOCIETE","Tunisie"],"inLanguage":"fr-FR","potentialAction":[{"@type":"CommentAction","name":"Comment","target":["https:\/\/kapitalis.com\/tunisie\/2018\/08\/14\/accuse-de-viol-un-tuniso-americain-bientot-extrade-aux-etats-unis\/#respond"]}]},{"@type":"WebPage","@id":"https:\/\/kapitalis.com\/tunisie\/2018\/08\/14\/accuse-de-viol-un-tuniso-americain-bientot-extrade-aux-etats-unis\/","url":"https:\/\/kapitalis.com\/tunisie\/2018\/08\/14\/accuse-de-viol-un-tuniso-americain-bientot-extrade-aux-etats-unis\/","name":"Accus\u00e9 de viol, un Tuniso-am\u00e9ricain bient\u00f4t extrad\u00e9 aux Etats-Unis - Kapitalis","isPartOf":{"@id":"https:\/\/kapitalis.com\/tunisie\/#website"},"primaryImageOfPage":{"@id":"https:\/\/kapitalis.com\/tunisie\/2018\/08\/14\/accuse-de-viol-un-tuniso-americain-bientot-extrade-aux-etats-unis\/#primaryimage"},"image":{"@id":"https:\/\/kapitalis.com\/tunisie\/2018\/08\/14\/accuse-de-viol-un-tuniso-americain-bientot-extrade-aux-etats-unis\/#primaryimage"},"thumbnailUrl":"","datePublished":"2018-08-14T10:51:01+00:00","dateModified":"2018-08-16T12:08:32+00:00","breadcrumb":{"@id":"https:\/\/kapitalis.com\/tunisie\/2018\/08\/14\/accuse-de-viol-un-tuniso-americain-bientot-extrade-aux-etats-unis\/#breadcrumb"},"inLanguage":"fr-FR","potentialAction":[{"@type":"ReadAction","target":["https:\/\/kapitalis.com\/tunisie\/2018\/08\/14\/accuse-de-viol-un-tuniso-americain-bientot-extrade-aux-etats-unis\/"]}]},{"@type":"ImageObject","inLanguage":"fr-FR","@id":"https:\/\/kapitalis.com\/tunisie\/2018\/08\/14\/accuse-de-viol-un-tuniso-americain-bientot-extrade-aux-etats-unis\/#primaryimage","url":"","contentUrl":""},{"@type":"BreadcrumbList","@id":"https:\/\/kapitalis.com\/tunisie\/2018\/08\/14\/accuse-de-viol-un-tuniso-americain-bientot-extrade-aux-etats-unis\/#breadcrumb","itemListElement":[{"@type":"ListItem","position":1,"name":"Accueil","item":"https:\/\/kapitalis.com\/tunisie\/"},{"@type":"ListItem","position":2,"name":"Accus\u00e9 de viol, un Tuniso-am\u00e9ricain bient\u00f4t extrad\u00e9 aux Etats-Unis"}]},{"@type":"WebSite","@id":"https:\/\/kapitalis.com\/tunisie\/#website","url":"https:\/\/kapitalis.com\/tunisie\/","name":"Kapitalis","description":"L&#039;actualit\u00e9 en Tunisie et dans le monde","publisher":{"@id":"https:\/\/kapitalis.com\/tunisie\/#organization"},"potentialAction":[{"@type":"SearchAction","target":{"@type":"EntryPoint","urlTemplate":"https:\/\/kapitalis.com\/tunisie\/?s={search_term_string}"},"query-input":{"@type":"PropertyValueSpecification","valueRequired":true,"valueName":"search_term_string"}}],"inLanguage":"fr-FR"},{"@type":"Organization","@id":"https:\/\/kapitalis.com\/tunisie\/#organization","name":"Kapitalis","url":"https:\/\/kapitalis.com\/tunisie\/","logo":{"@type":"ImageObject","inLanguage":"fr-FR","@id":"https:\/\/kapitalis.com\/tunisie\/#\/schema\/logo\/image\/","url":"https:\/\/kapitalis.com\/tunisie\/wp-content\/uploads\/2022\/05\/Kapitalis-big-size.png","contentUrl":"https:\/\/kapitalis.com\/tunisie\/wp-content\/uploads\/2022\/05\/Kapitalis-big-size.png","width":5000,"height":1500,"caption":"Kapitalis"},"image":{"@id":"https:\/\/kapitalis.com\/tunisie\/#\/schema\/logo\/image\/"},"sameAs":["https:\/\/www.facebook.com\/KapitalisInfo\/","https:\/\/x.com\/KapitalisInfo","https:\/\/www.youtube.com\/channel\/UC-yDYrHyfFBWWZaOw3FPg9Q"]},{"@type":"Person","@id":"https:\/\/kapitalis.com\/tunisie\/#\/schema\/person\/2c6e134b2f3369dffcd1daf5f087d28b","name":"emna benabdallah","url":"https:\/\/kapitalis.com\/tunisie\/author\/emna\/"}]}},"_links":{"self":[{"href":"https:\/\/kapitalis.com\/tunisie\/wp-json\/wp\/v2\/posts\/169147","targetHints":{"allow":["GET"]}}],"collection":[{"href":"https:\/\/kapitalis.com\/tunisie\/wp-json\/wp\/v2\/posts"}],"about":[{"href":"https:\/\/kapitalis.com\/tunisie\/wp-json\/wp\/v2\/types\/post"}],"author":[{"embeddable":true,"href":"https:\/\/kapitalis.com\/tunisie\/wp-json\/wp\/v2\/users\/16"}],"replies":[{"embeddable":true,"href":"https:\/\/kapitalis.com\/tunisie\/wp-json\/wp\/v2\/comments?post=169147"}],"version-history":[{"count":0,"href":"https:\/\/kapitalis.com\/tunisie\/wp-json\/wp\/v2\/posts\/169147\/revisions"}],"wp:featuredmedia":[{"embeddable":true,"href":"https:\/\/kapitalis.com\/tunisie\/wp-json\/wp\/v2\/media\/169148"}],"wp:attachment":[{"href":"https:\/\/kapitalis.com\/tunisie\/wp-json\/wp\/v2\/media?parent=169147"}],"wp:term":[{"taxonomy":"category","embeddable":true,"href":"https:\/\/kapitalis.com\/tunisie\/wp-json\/wp\/v2\/categories?post=169147"},{"taxonomy":"post_tag","embeddable":true,"href":"https:\/\/kapitalis.com\/tunisie\/wp-json\/wp\/v2\/tags?post=169147"}],"curies":[{"name":"wp","href":"https:\/\/api.w.org\/{rel}","templated":true}]}}