{"id":169445,"date":"2018-08-15T17:20:48","date_gmt":"2018-08-15T16:20:48","guid":{"rendered":"http:\/\/kapitalis.com\/tunisie\/?p=169445"},"modified":"2018-08-15T17:20:48","modified_gmt":"2018-08-15T16:20:48","slug":"conect-une-decision-de-tarak-cherif-suscite-une-forte-contestation","status":"publish","type":"post","link":"https:\/\/kapitalis.com\/tunisie\/2018\/08\/15\/conect-une-decision-de-tarak-cherif-suscite-une-forte-contestation\/","title":{"rendered":"Conect : Une d\u00e9cision de Tarak Cherif suscite une forte contestation"},"content":{"rendered":"<p style=\"text-align: center;\"><img loading=\"lazy\" decoding=\"async\" class=\"alignnone size-full wp-image-169447\" src=\"http:\/\/kapitalis.com\/tunisie\/wp-content\/uploads\/2018\/08\/Conect-Tarak-Cherif.jpg\" alt=\"\" width=\"626\" height=\"380\" \/><\/p>\n<p><em><strong>La Conf\u00e9d\u00e9ration des entreprises citoyenne de Tunisie (Conect) fait face \u00e0 sa premi\u00e8re crise suite \u00e0 la contestation d\u2019une d\u00e9cision de son pr\u00e9sident Tarak Cherif de geler l\u2019adh\u00e9sion de deux membres dirigeants. C\u2019est l\u2019objet du communiqu\u00e9 publi\u00e9 ci-dessous.<\/strong> <\/em><\/p>\n<p><!--more--><\/p>\n<p>Suite \u00e0 la d\u00e9cision du bureau ex\u00e9cutif de la Conect dirig\u00e9 par Tarak Cherif de geler l\u2019adh\u00e9sion de Adnen Bouassida et Hassen Affes respectivement pr\u00e9sident et tr\u00e9sorier de Conect Ariana en raison des r\u00e9serves qu\u2019ils ont exprim\u00e9 au sujet <em>\u00abla d\u00e9marche de s\u00e9lection d\u2019une entreprise de communication\u00bb<\/em> pour l\u2019\u00e9v\u00e9nement Futurallia dont l\u2019organisation est pr\u00e9vue en Tunisie ainsi que de leur demande d\u2019ouvrir une enqu\u00eate ind\u00e9pendante et la d\u00e9signation d\u2019une commission ind\u00e9pendante \u00e0 cet effet.<\/p>\n<p>Tous les signataires ci-dessous expriment ce qui suit :<\/p>\n<p>&#8211; leur soutien absolu pour leurs coll\u00e8gues Adnen Bouassida et Hassen Affes dans leur requ\u00eate de r\u00e9examiner les volets financiers de la manifestation Futurallia afin d\u2019\u00e9viter toute confusion pouvant mettre en p\u00e9ril les principes de base de la Conect ou sa responsabilit\u00e9 morale et sociale dans son soutien aussi bien \u00e0 la transparence qu\u2019\u00e0 la bonne gouvernance et sa d\u00e9termination \u00e0 la lutte contre la corruption comme l\u2019exige son statut syndical en fonction de la loi;<\/p>\n<p>&#8211; leur appui inconditionnel \u00e0 Adnen Bouassida et Hassen Affes contre cette d\u00e9cision unilat\u00e9rale, injuste et ill\u00e9gale suite \u00e0 leur demande de v\u00e9rifier via une d\u00e9marche ind\u00e9pendante leurs soup\u00e7ons de corruption dans l\u2019affaire Futurallia et pour le pr\u00e9judice que cela leur porte. Ils consid\u00e8rent que la d\u00e9cision du gel de l\u2019adh\u00e9sion de leurs camarades est subjective et vise \u00e0 camoufler les faits, et d\u00e9clarent continuer \u00e0 collaborer avec leurs camarades en leur qualit\u00e9 initiale;<\/p>\n<p>&#8211; leur d\u00e9termination sur la n\u00e9cessit\u00e9 d\u2019ouvrir une enqu\u00eate pour lever tout soup\u00e7on de corruption ou de mauvaise gestion r\u00e9v\u00e9l\u00e9e en marge de cette affaire, notamment les retards r\u00e9p\u00e9t\u00e9s et ill\u00e9gaux des conseils administratifs, des violations de la loi et en particulier la pr\u00e9sence d\u2019un \u00e9tranger au bureau ex\u00e9cutif sans qu\u2019il ait les autorisations n\u00e9cessaire aupr\u00e8s du ministre des Affaires sociales conform\u00e9ment aux dispositions du code de travail.<\/p>\n<p>Ils appellent le bureau ex\u00e9cutif actuel \u00e0 la n\u00e9cessit\u00e9 de mettre fin \u00e0 cette situation ill\u00e9gale le plus t\u00f4t possible afin d\u2019\u00e9pargner aux adh\u00e9rents l\u2019obligation de recours \u00e0 la justice et au syndicat de voir son image de marque se ternir par des r\u00e9percussions n\u00e9gatives.<\/p>\n<p>Ils exhortent le bureau de la Conect \u00e0 cesser de retarder ses r\u00e9ponses relatives \u00e0 la pr\u00e9sentation des documents comptables et des rapports des commissaires aux comptes ainsi que des proc\u00e8s-verbaux des diverses r\u00e9unions comme l\u2019a toujours demand\u00e9 Adnen Bouassida soutenu par tous les membres du bureau ex\u00e9cutif de Conect Ariana.<\/p>\n<p><em><strong>Signataires<\/strong><\/em> : <em>Bureau Conect Ariana ; Bureau Conect Mannouba ; Bureau Conect Kasserine ; Bureau Conect Kairouan ; Bureau Conect Gafsa ; Groupement professionnel BTP ; Groupement professionnel boulangerie ; Groupement professionnel impression num\u00e9rique ; Groupement professionnel Intec.<\/em><\/p>\n<p><em><strong>Source<\/strong><\/em> : communiqu\u00e9.<\/p>\n<blockquote class=\"wp-embedded-content\" data-secret=\"4nBetp76Jt\"><p><a href=\"https:\/\/kapitalis.com\/tunisie\/2018\/06\/21\/forum-daffaires-futurallia-a-tunis-du-14-au-16-novembre-2018\/\">Forum d\u2019affaires : Futurallia \u00e0 Tunis du 14 au 16 novembre 2018<\/a><\/p><\/blockquote>\n<p><iframe loading=\"lazy\" class=\"wp-embedded-content\" sandbox=\"allow-scripts\" security=\"restricted\" style=\"position: absolute; clip: rect(1px, 1px, 1px, 1px);\" title=\"\u00ab\u00a0Forum d\u2019affaires : Futurallia \u00e0 Tunis du 14 au 16 novembre 2018\u00a0\u00bb &#8212; Kapitalis\" src=\"https:\/\/kapitalis.com\/tunisie\/2018\/06\/21\/forum-daffaires-futurallia-a-tunis-du-14-au-16-novembre-2018\/embed\/#?secret=P06DAd0sqo#?secret=4nBetp76Jt\" data-secret=\"4nBetp76Jt\" width=\"600\" height=\"338\" frameborder=\"0\" marginwidth=\"0\" marginheight=\"0\" scrolling=\"no\"><\/iframe><\/p>\n<blockquote class=\"wp-embedded-content\" data-secret=\"zyyNX6Ka36\"><p><a href=\"https:\/\/kapitalis.com\/tunisie\/2018\/04\/19\/forum-daffaires-le-22e-futurallia-en-novembre-2018-a-tunis\/\">Forum d\u2019affaires : Le 22e Futurallia en novembre 2018 \u00e0 Tunis<\/a><\/p><\/blockquote>\n<p><iframe loading=\"lazy\" class=\"wp-embedded-content\" sandbox=\"allow-scripts\" security=\"restricted\" style=\"position: absolute; clip: rect(1px, 1px, 1px, 1px);\" title=\"\u00ab\u00a0Forum d\u2019affaires : Le 22e Futurallia en novembre 2018 \u00e0 Tunis\u00a0\u00bb &#8212; Kapitalis\" src=\"https:\/\/kapitalis.com\/tunisie\/2018\/04\/19\/forum-daffaires-le-22e-futurallia-en-novembre-2018-a-tunis\/embed\/#?secret=7Zif7StZzQ#?secret=zyyNX6Ka36\" data-secret=\"zyyNX6Ka36\" width=\"600\" height=\"338\" frameborder=\"0\" marginwidth=\"0\" marginheight=\"0\" scrolling=\"no\"><\/iframe><\/p>\n","protected":false},"excerpt":{"rendered":"<p>La Conf\u00e9d\u00e9ration des entreprises citoyenne de Tunisie (Conect) fait face \u00e0 sa premi\u00e8re crise suite \u00e0 la contestation d\u2019une d\u00e9cision de son pr\u00e9sident Tarak Cherif de geler l\u2019adh\u00e9sion de deux membres dirigeants. C\u2019est l\u2019objet du communiqu\u00e9 publi\u00e9 ci-dessous.<\/p>\n","protected":false},"author":8,"featured_media":169447,"comment_status":"open","ping_status":"open","sticky":false,"template":"","format":"standard","meta":{"footnotes":""},"categories":[995,2433],"tags":[29352,2144,3558],"class_list":["post-169445","post","type-post","status-publish","format-standard","has-post-thumbnail","hentry","category-economie","category-tunisie","tag-adnen-bouassida","tag-conect","tag-tarak-cherif"],"yoast_head":"<!-- This site is optimized with the Yoast SEO plugin v26.6 - https:\/\/yoast.com\/wordpress\/plugins\/seo\/ -->\n<title>Conect : Une d\u00e9cision de Tarak Cherif suscite une forte contestation - Kapitalis<\/title>\n<meta name=\"robots\" content=\"index, follow, max-snippet:-1, max-image-preview:large, max-video-preview:-1\" \/>\n<link rel=\"canonical\" href=\"https:\/\/kapitalis.com\/tunisie\/2018\/08\/15\/conect-une-decision-de-tarak-cherif-suscite-une-forte-contestation\/\" \/>\n<meta property=\"og:locale\" content=\"fr_FR\" \/>\n<meta property=\"og:type\" content=\"article\" \/>\n<meta property=\"og:title\" content=\"Conect : Une d\u00e9cision de Tarak Cherif suscite une forte contestation - Kapitalis\" \/>\n<meta property=\"og:description\" content=\"La Conf\u00e9d\u00e9ration des entreprises citoyenne de Tunisie (Conect) fait face \u00e0 sa premi\u00e8re crise suite \u00e0 la contestation d\u2019une d\u00e9cision de son pr\u00e9sident Tarak Cherif de geler l\u2019adh\u00e9sion de deux membres dirigeants. C\u2019est l\u2019objet du communiqu\u00e9 publi\u00e9 ci-dessous.\" \/>\n<meta property=\"og:url\" content=\"https:\/\/kapitalis.com\/tunisie\/2018\/08\/15\/conect-une-decision-de-tarak-cherif-suscite-une-forte-contestation\/\" \/>\n<meta property=\"og:site_name\" content=\"Kapitalis\" \/>\n<meta property=\"article:publisher\" content=\"https:\/\/www.facebook.com\/KapitalisInfo\/\" \/>\n<meta property=\"article:published_time\" content=\"2018-08-15T16:20:48+00:00\" \/>\n<meta property=\"og:image\" content=\"https:\/\/kapitalis.com\/tunisie\/wp-content\/uploads\/2022\/05\/kapitalis-logo-fb.png\" \/>\n\t<meta property=\"og:image:width\" content=\"1200\" \/>\n\t<meta property=\"og:image:height\" content=\"630\" \/>\n\t<meta property=\"og:image:type\" content=\"image\/png\" \/>\n<meta name=\"author\" content=\"webmaster kapitalis\" \/>\n<meta name=\"twitter:card\" content=\"summary_large_image\" \/>\n<meta name=\"twitter:creator\" content=\"@KapitalisInfo\" \/>\n<meta name=\"twitter:site\" content=\"@KapitalisInfo\" \/>\n<meta name=\"twitter:label1\" content=\"\u00c9crit par\" \/>\n\t<meta name=\"twitter:data1\" content=\"webmaster kapitalis\" \/>\n\t<meta name=\"twitter:label2\" content=\"Dur\u00e9e de lecture estim\u00e9e\" \/>\n\t<meta name=\"twitter:data2\" content=\"3 minutes\" \/>\n<script type=\"application\/ld+json\" class=\"yoast-schema-graph\">{\"@context\":\"https:\/\/schema.org\",\"@graph\":[{\"@type\":\"Article\",\"@id\":\"https:\/\/kapitalis.com\/tunisie\/2018\/08\/15\/conect-une-decision-de-tarak-cherif-suscite-une-forte-contestation\/#article\",\"isPartOf\":{\"@id\":\"https:\/\/kapitalis.com\/tunisie\/2018\/08\/15\/conect-une-decision-de-tarak-cherif-suscite-une-forte-contestation\/\"},\"author\":{\"name\":\"webmaster kapitalis\",\"@id\":\"https:\/\/kapitalis.com\/tunisie\/#\/schema\/person\/d71f33a9ca44f7bad4698210b480c8e9\"},\"headline\":\"Conect : Une d\u00e9cision de Tarak Cherif suscite une forte contestation\",\"datePublished\":\"2018-08-15T16:20:48+00:00\",\"mainEntityOfPage\":{\"@id\":\"https:\/\/kapitalis.com\/tunisie\/2018\/08\/15\/conect-une-decision-de-tarak-cherif-suscite-une-forte-contestation\/\"},\"wordCount\":562,\"commentCount\":0,\"publisher\":{\"@id\":\"https:\/\/kapitalis.com\/tunisie\/#organization\"},\"image\":{\"@id\":\"https:\/\/kapitalis.com\/tunisie\/2018\/08\/15\/conect-une-decision-de-tarak-cherif-suscite-une-forte-contestation\/#primaryimage\"},\"thumbnailUrl\":\"\",\"keywords\":[\"Adnen Bouassida\",\"Conect\",\"Tarak Cherif\"],\"articleSection\":[\"ECONOMIE\",\"Tunisie\"],\"inLanguage\":\"fr-FR\",\"potentialAction\":[{\"@type\":\"CommentAction\",\"name\":\"Comment\",\"target\":[\"https:\/\/kapitalis.com\/tunisie\/2018\/08\/15\/conect-une-decision-de-tarak-cherif-suscite-une-forte-contestation\/#respond\"]}]},{\"@type\":\"WebPage\",\"@id\":\"https:\/\/kapitalis.com\/tunisie\/2018\/08\/15\/conect-une-decision-de-tarak-cherif-suscite-une-forte-contestation\/\",\"url\":\"https:\/\/kapitalis.com\/tunisie\/2018\/08\/15\/conect-une-decision-de-tarak-cherif-suscite-une-forte-contestation\/\",\"name\":\"Conect : Une d\u00e9cision de Tarak Cherif suscite une forte contestation - Kapitalis\",\"isPartOf\":{\"@id\":\"https:\/\/kapitalis.com\/tunisie\/#website\"},\"primaryImageOfPage\":{\"@id\":\"https:\/\/kapitalis.com\/tunisie\/2018\/08\/15\/conect-une-decision-de-tarak-cherif-suscite-une-forte-contestation\/#primaryimage\"},\"image\":{\"@id\":\"https:\/\/kapitalis.com\/tunisie\/2018\/08\/15\/conect-une-decision-de-tarak-cherif-suscite-une-forte-contestation\/#primaryimage\"},\"thumbnailUrl\":\"\",\"datePublished\":\"2018-08-15T16:20:48+00:00\",\"breadcrumb\":{\"@id\":\"https:\/\/kapitalis.com\/tunisie\/2018\/08\/15\/conect-une-decision-de-tarak-cherif-suscite-une-forte-contestation\/#breadcrumb\"},\"inLanguage\":\"fr-FR\",\"potentialAction\":[{\"@type\":\"ReadAction\",\"target\":[\"https:\/\/kapitalis.com\/tunisie\/2018\/08\/15\/conect-une-decision-de-tarak-cherif-suscite-une-forte-contestation\/\"]}]},{\"@type\":\"ImageObject\",\"inLanguage\":\"fr-FR\",\"@id\":\"https:\/\/kapitalis.com\/tunisie\/2018\/08\/15\/conect-une-decision-de-tarak-cherif-suscite-une-forte-contestation\/#primaryimage\",\"url\":\"\",\"contentUrl\":\"\"},{\"@type\":\"BreadcrumbList\",\"@id\":\"https:\/\/kapitalis.com\/tunisie\/2018\/08\/15\/conect-une-decision-de-tarak-cherif-suscite-une-forte-contestation\/#breadcrumb\",\"itemListElement\":[{\"@type\":\"ListItem\",\"position\":1,\"name\":\"Accueil\",\"item\":\"https:\/\/kapitalis.com\/tunisie\/\"},{\"@type\":\"ListItem\",\"position\":2,\"name\":\"Conect : Une d\u00e9cision de Tarak Cherif suscite une forte contestation\"}]},{\"@type\":\"WebSite\",\"@id\":\"https:\/\/kapitalis.com\/tunisie\/#website\",\"url\":\"https:\/\/kapitalis.com\/tunisie\/\",\"name\":\"Kapitalis\",\"description\":\"L&#039;actualit\u00e9 en Tunisie et dans le monde\",\"publisher\":{\"@id\":\"https:\/\/kapitalis.com\/tunisie\/#organization\"},\"potentialAction\":[{\"@type\":\"SearchAction\",\"target\":{\"@type\":\"EntryPoint\",\"urlTemplate\":\"https:\/\/kapitalis.com\/tunisie\/?s={search_term_string}\"},\"query-input\":{\"@type\":\"PropertyValueSpecification\",\"valueRequired\":true,\"valueName\":\"search_term_string\"}}],\"inLanguage\":\"fr-FR\"},{\"@type\":\"Organization\",\"@id\":\"https:\/\/kapitalis.com\/tunisie\/#organization\",\"name\":\"Kapitalis\",\"url\":\"https:\/\/kapitalis.com\/tunisie\/\",\"logo\":{\"@type\":\"ImageObject\",\"inLanguage\":\"fr-FR\",\"@id\":\"https:\/\/kapitalis.com\/tunisie\/#\/schema\/logo\/image\/\",\"url\":\"https:\/\/kapitalis.com\/tunisie\/wp-content\/uploads\/2022\/05\/Kapitalis-big-size.png\",\"contentUrl\":\"https:\/\/kapitalis.com\/tunisie\/wp-content\/uploads\/2022\/05\/Kapitalis-big-size.png\",\"width\":5000,\"height\":1500,\"caption\":\"Kapitalis\"},\"image\":{\"@id\":\"https:\/\/kapitalis.com\/tunisie\/#\/schema\/logo\/image\/\"},\"sameAs\":[\"https:\/\/www.facebook.com\/KapitalisInfo\/\",\"https:\/\/x.com\/KapitalisInfo\",\"https:\/\/www.youtube.com\/channel\/UC-yDYrHyfFBWWZaOw3FPg9Q\"]},{\"@type\":\"Person\",\"@id\":\"https:\/\/kapitalis.com\/tunisie\/#\/schema\/person\/d71f33a9ca44f7bad4698210b480c8e9\",\"name\":\"webmaster kapitalis\",\"url\":\"https:\/\/kapitalis.com\/tunisie\/author\/webmaster-kapitalis\/\"}]}<\/script>\n<!-- \/ Yoast SEO plugin. -->","yoast_head_json":{"title":"Conect : Une d\u00e9cision de Tarak Cherif suscite une forte contestation - Kapitalis","robots":{"index":"index","follow":"follow","max-snippet":"max-snippet:-1","max-image-preview":"max-image-preview:large","max-video-preview":"max-video-preview:-1"},"canonical":"https:\/\/kapitalis.com\/tunisie\/2018\/08\/15\/conect-une-decision-de-tarak-cherif-suscite-une-forte-contestation\/","og_locale":"fr_FR","og_type":"article","og_title":"Conect : Une d\u00e9cision de Tarak Cherif suscite une forte contestation - Kapitalis","og_description":"La Conf\u00e9d\u00e9ration des entreprises citoyenne de Tunisie (Conect) fait face \u00e0 sa premi\u00e8re crise suite \u00e0 la contestation d\u2019une d\u00e9cision de son pr\u00e9sident Tarak Cherif de geler l\u2019adh\u00e9sion de deux membres dirigeants. C\u2019est l\u2019objet du communiqu\u00e9 publi\u00e9 ci-dessous.","og_url":"https:\/\/kapitalis.com\/tunisie\/2018\/08\/15\/conect-une-decision-de-tarak-cherif-suscite-une-forte-contestation\/","og_site_name":"Kapitalis","article_publisher":"https:\/\/www.facebook.com\/KapitalisInfo\/","article_published_time":"2018-08-15T16:20:48+00:00","og_image":[{"width":1200,"height":630,"url":"https:\/\/kapitalis.com\/tunisie\/wp-content\/uploads\/2022\/05\/kapitalis-logo-fb.png","type":"image\/png"}],"author":"webmaster kapitalis","twitter_card":"summary_large_image","twitter_creator":"@KapitalisInfo","twitter_site":"@KapitalisInfo","twitter_misc":{"\u00c9crit par":"webmaster kapitalis","Dur\u00e9e de lecture estim\u00e9e":"3 minutes"},"schema":{"@context":"https:\/\/schema.org","@graph":[{"@type":"Article","@id":"https:\/\/kapitalis.com\/tunisie\/2018\/08\/15\/conect-une-decision-de-tarak-cherif-suscite-une-forte-contestation\/#article","isPartOf":{"@id":"https:\/\/kapitalis.com\/tunisie\/2018\/08\/15\/conect-une-decision-de-tarak-cherif-suscite-une-forte-contestation\/"},"author":{"name":"webmaster kapitalis","@id":"https:\/\/kapitalis.com\/tunisie\/#\/schema\/person\/d71f33a9ca44f7bad4698210b480c8e9"},"headline":"Conect : Une d\u00e9cision de Tarak Cherif suscite une forte contestation","datePublished":"2018-08-15T16:20:48+00:00","mainEntityOfPage":{"@id":"https:\/\/kapitalis.com\/tunisie\/2018\/08\/15\/conect-une-decision-de-tarak-cherif-suscite-une-forte-contestation\/"},"wordCount":562,"commentCount":0,"publisher":{"@id":"https:\/\/kapitalis.com\/tunisie\/#organization"},"image":{"@id":"https:\/\/kapitalis.com\/tunisie\/2018\/08\/15\/conect-une-decision-de-tarak-cherif-suscite-une-forte-contestation\/#primaryimage"},"thumbnailUrl":"","keywords":["Adnen Bouassida","Conect","Tarak Cherif"],"articleSection":["ECONOMIE","Tunisie"],"inLanguage":"fr-FR","potentialAction":[{"@type":"CommentAction","name":"Comment","target":["https:\/\/kapitalis.com\/tunisie\/2018\/08\/15\/conect-une-decision-de-tarak-cherif-suscite-une-forte-contestation\/#respond"]}]},{"@type":"WebPage","@id":"https:\/\/kapitalis.com\/tunisie\/2018\/08\/15\/conect-une-decision-de-tarak-cherif-suscite-une-forte-contestation\/","url":"https:\/\/kapitalis.com\/tunisie\/2018\/08\/15\/conect-une-decision-de-tarak-cherif-suscite-une-forte-contestation\/","name":"Conect : Une d\u00e9cision de Tarak Cherif suscite une forte contestation - Kapitalis","isPartOf":{"@id":"https:\/\/kapitalis.com\/tunisie\/#website"},"primaryImageOfPage":{"@id":"https:\/\/kapitalis.com\/tunisie\/2018\/08\/15\/conect-une-decision-de-tarak-cherif-suscite-une-forte-contestation\/#primaryimage"},"image":{"@id":"https:\/\/kapitalis.com\/tunisie\/2018\/08\/15\/conect-une-decision-de-tarak-cherif-suscite-une-forte-contestation\/#primaryimage"},"thumbnailUrl":"","datePublished":"2018-08-15T16:20:48+00:00","breadcrumb":{"@id":"https:\/\/kapitalis.com\/tunisie\/2018\/08\/15\/conect-une-decision-de-tarak-cherif-suscite-une-forte-contestation\/#breadcrumb"},"inLanguage":"fr-FR","potentialAction":[{"@type":"ReadAction","target":["https:\/\/kapitalis.com\/tunisie\/2018\/08\/15\/conect-une-decision-de-tarak-cherif-suscite-une-forte-contestation\/"]}]},{"@type":"ImageObject","inLanguage":"fr-FR","@id":"https:\/\/kapitalis.com\/tunisie\/2018\/08\/15\/conect-une-decision-de-tarak-cherif-suscite-une-forte-contestation\/#primaryimage","url":"","contentUrl":""},{"@type":"BreadcrumbList","@id":"https:\/\/kapitalis.com\/tunisie\/2018\/08\/15\/conect-une-decision-de-tarak-cherif-suscite-une-forte-contestation\/#breadcrumb","itemListElement":[{"@type":"ListItem","position":1,"name":"Accueil","item":"https:\/\/kapitalis.com\/tunisie\/"},{"@type":"ListItem","position":2,"name":"Conect : Une d\u00e9cision de Tarak Cherif suscite une forte contestation"}]},{"@type":"WebSite","@id":"https:\/\/kapitalis.com\/tunisie\/#website","url":"https:\/\/kapitalis.com\/tunisie\/","name":"Kapitalis","description":"L&#039;actualit\u00e9 en Tunisie et dans le monde","publisher":{"@id":"https:\/\/kapitalis.com\/tunisie\/#organization"},"potentialAction":[{"@type":"SearchAction","target":{"@type":"EntryPoint","urlTemplate":"https:\/\/kapitalis.com\/tunisie\/?s={search_term_string}"},"query-input":{"@type":"PropertyValueSpecification","valueRequired":true,"valueName":"search_term_string"}}],"inLanguage":"fr-FR"},{"@type":"Organization","@id":"https:\/\/kapitalis.com\/tunisie\/#organization","name":"Kapitalis","url":"https:\/\/kapitalis.com\/tunisie\/","logo":{"@type":"ImageObject","inLanguage":"fr-FR","@id":"https:\/\/kapitalis.com\/tunisie\/#\/schema\/logo\/image\/","url":"https:\/\/kapitalis.com\/tunisie\/wp-content\/uploads\/2022\/05\/Kapitalis-big-size.png","contentUrl":"https:\/\/kapitalis.com\/tunisie\/wp-content\/uploads\/2022\/05\/Kapitalis-big-size.png","width":5000,"height":1500,"caption":"Kapitalis"},"image":{"@id":"https:\/\/kapitalis.com\/tunisie\/#\/schema\/logo\/image\/"},"sameAs":["https:\/\/www.facebook.com\/KapitalisInfo\/","https:\/\/x.com\/KapitalisInfo","https:\/\/www.youtube.com\/channel\/UC-yDYrHyfFBWWZaOw3FPg9Q"]},{"@type":"Person","@id":"https:\/\/kapitalis.com\/tunisie\/#\/schema\/person\/d71f33a9ca44f7bad4698210b480c8e9","name":"webmaster kapitalis","url":"https:\/\/kapitalis.com\/tunisie\/author\/webmaster-kapitalis\/"}]}},"_links":{"self":[{"href":"https:\/\/kapitalis.com\/tunisie\/wp-json\/wp\/v2\/posts\/169445","targetHints":{"allow":["GET"]}}],"collection":[{"href":"https:\/\/kapitalis.com\/tunisie\/wp-json\/wp\/v2\/posts"}],"about":[{"href":"https:\/\/kapitalis.com\/tunisie\/wp-json\/wp\/v2\/types\/post"}],"author":[{"embeddable":true,"href":"https:\/\/kapitalis.com\/tunisie\/wp-json\/wp\/v2\/users\/8"}],"replies":[{"embeddable":true,"href":"https:\/\/kapitalis.com\/tunisie\/wp-json\/wp\/v2\/comments?post=169445"}],"version-history":[{"count":0,"href":"https:\/\/kapitalis.com\/tunisie\/wp-json\/wp\/v2\/posts\/169445\/revisions"}],"wp:featuredmedia":[{"embeddable":true,"href":"https:\/\/kapitalis.com\/tunisie\/wp-json\/wp\/v2\/media\/169447"}],"wp:attachment":[{"href":"https:\/\/kapitalis.com\/tunisie\/wp-json\/wp\/v2\/media?parent=169445"}],"wp:term":[{"taxonomy":"category","embeddable":true,"href":"https:\/\/kapitalis.com\/tunisie\/wp-json\/wp\/v2\/categories?post=169445"},{"taxonomy":"post_tag","embeddable":true,"href":"https:\/\/kapitalis.com\/tunisie\/wp-json\/wp\/v2\/tags?post=169445"}],"curies":[{"name":"wp","href":"https:\/\/api.w.org\/{rel}","templated":true}]}}