{"id":16951506,"date":"2025-07-04T12:22:40","date_gmt":"2025-07-04T11:22:40","guid":{"rendered":"https:\/\/kapitalis.com\/tunisie\/?p=16951506"},"modified":"2025-07-04T12:22:41","modified_gmt":"2025-07-04T11:22:41","slug":"said-saiagh","status":"publish","type":"post","link":"https:\/\/kapitalis.com\/tunisie\/2025\/07\/04\/said-saiagh\/","title":{"rendered":"Vient de para\u00eetre l \u2018\u2018De l\u2019ombre\u2019\u2019 de Sa\u00efd Sayagh"},"content":{"rendered":"\n<p><strong><em>Sa\u00efd Sayagh, n\u00e9 \u00e0 Mekn\u00e8s, Maroc, est docteur en Histoire, agr\u00e9g\u00e9 d\u2019arabe, \u00e9crivain, po\u00e8te, traducteur, calligraphe, c\u2019est dire qu\u2019il a plusieurs cordes \u00e0 son arc. Il se traduit lui-m\u00eame dans une \u00e9dition bilingue, parue aux Ed. Mars-A.<\/em><\/strong><\/p>\n\n\n\n<!--more-->\n\n\n\n<p><em>\u2018\u2018De l\u2019ombre\u2019\u2019<\/em> est un recueil qui rassemble, non sans \u00e9motion, des po\u00e8mes dict\u00e9s \u00e0 son \u00e9pouse sur son lit d\u2019h\u00f4pital. Ils disent la crainte, l\u2019abattement, la menace sur le corps, l\u2019obscurit\u00e9 qui guette, l\u2019attachement \u00e0 la lumi\u00e8re, la r\u00e9silience entre flux et reflux.<\/p>\n\n\n\n<p>Souffle, rythme, concision, m\u00e9taphore, vision, s\u2019entrem\u00ealent pour se sauver de la d\u00e9sesp\u00e9rance. On est moins convaincu par les calligraphies, mais la gestuelle du signe \u00e9tait-elle, peut-\u00eatre, n\u00e9cessaire \u00e0 l\u2019auteur pour apaiser ces textes sombres.<\/p>\n\n\n\n<p class=\"has-text-align-right\"><strong>Tahar Bekri<\/strong><\/p>\n\n\n\n<p class=\"has-text-align-right\">\u0639\u0646\u062f\u0645\u0627 \u064a\u062d\u0627\u0635\u0631\u0646\u064a \u0627\u0644\u0644\u064a\u0644<\/p>\n\n\n\n<p class=\"has-text-align-right\">\u0627\u0639\u0631\u0641 \u0627\u0646\u0651 \u0627\u0644\u0646\u0648\u0631 \u0643\u0627\u0626\u0646<\/p>\n\n\n\n<p class=\"has-text-align-right\">&nbsp;\u0648 \u0623\u0646\u062a\u0638\u0631 \u0627\u0644\u0646\u0647\u0627\u0631<\/p>\n\n\n\n<p class=\"has-text-align-right\">\u0648 \u0639\u0646\u062f \u0625\u0635\u0628\u0627\u062d \u0627\u0644\u0646\u0651\u0647\u0627\u0631<\/p>\n\n\n\n<p class=\"has-text-align-right\">\u064a\u0643\u0648\u0646 \u0627\u0644\u0644\u064a\u0644 \u0642\u062f \u0639\u0627\u062f<\/p>\n\n\n\n<p><em>Quand la nuit m\u2019entoure<\/em><\/p>\n\n\n\n<p><em>Je sais que la lumi\u00e8re est<\/em><\/p>\n\n\n\n<p><em>Et j\u2019attends le jpur<\/em><\/p>\n\n\n\n<p><em>Quand le jour est l\u00e0<\/em><\/p>\n\n\n\n<p><em>La nuit est d\u00e9j\u00e0 de retour<\/em><\/p>\n\n\n\n<p><strong><em>Sa\u00efd Sayagh, \u2018\u2018De l\u2019ombre\u2019\u2019, pr\u00e9face de Marc Wetzel, collection dirig\u00e9e par Christian Vigui\u00e9, Ed. Mars-A, 20 euros.<\/em><\/strong><\/p>\n","protected":false},"excerpt":{"rendered":"<p>\u2018\u2018De l\u2019ombre\u2019\u2019 est un recueil qui rassemble, non sans \u00e9motion, des po\u00e8mes de Sa\u00efd Sa\u00efagh dict\u00e9s \u00e0 son \u00e9pouse sur son lit d\u2019h\u00f4pital.<\/p>\n","protected":false},"author":8,"featured_media":16951546,"comment_status":"open","ping_status":"open","sticky":false,"template":"","format":"standard","meta":{"footnotes":""},"categories":[994,2433],"tags":[123351,123347,123350,577,123349,123348],"class_list":["post-16951506","post","type-post","status-publish","format-standard","has-post-thumbnail","hentry","category-culture","category-tunisie","tag-christian-viguie","tag-ed-mars-a","tag-marc-wetzel","tag-maroc","tag-meknes","tag-said-sayagh"],"yoast_head":"<!-- This site is optimized with the Yoast SEO plugin v26.6 - https:\/\/yoast.com\/wordpress\/plugins\/seo\/ -->\n<title>Vient de para\u00eetre l \u2018\u2018De l\u2019ombre\u2019\u2019 de Sa\u00efd Sayagh - Kapitalis<\/title>\n<meta name=\"description\" content=\"\u2018\u2018De l\u2019ombre\u2019\u2019 est un recueil qui rassemble, non sans \u00e9motion, des po\u00e8mes de Sa\u00efd Sa\u00efagh dict\u00e9s \u00e0 son \u00e9pouse sur son lit d\u2019h\u00f4pital.\" \/>\n<meta name=\"robots\" content=\"index, follow, max-snippet:-1, max-image-preview:large, max-video-preview:-1\" \/>\n<link rel=\"canonical\" href=\"https:\/\/kapitalis.com\/tunisie\/2025\/07\/04\/said-saiagh\/\" \/>\n<meta property=\"og:locale\" content=\"fr_FR\" \/>\n<meta property=\"og:type\" content=\"article\" \/>\n<meta property=\"og:title\" content=\"Vient de para\u00eetre l \u2018\u2018De l\u2019ombre\u2019\u2019 de Sa\u00efd Sayagh - Kapitalis\" \/>\n<meta property=\"og:description\" content=\"\u2018\u2018De l\u2019ombre\u2019\u2019 est un recueil qui rassemble, non sans \u00e9motion, des po\u00e8mes de Sa\u00efd Sa\u00efagh dict\u00e9s \u00e0 son \u00e9pouse sur son lit d\u2019h\u00f4pital.\" \/>\n<meta property=\"og:url\" content=\"https:\/\/kapitalis.com\/tunisie\/2025\/07\/04\/said-saiagh\/\" \/>\n<meta property=\"og:site_name\" content=\"Kapitalis\" \/>\n<meta property=\"article:publisher\" content=\"https:\/\/www.facebook.com\/KapitalisInfo\/\" \/>\n<meta property=\"article:published_time\" content=\"2025-07-04T11:22:40+00:00\" \/>\n<meta property=\"article:modified_time\" content=\"2025-07-04T11:22:41+00:00\" \/>\n<meta property=\"og:image\" content=\"https:\/\/kapitalis.com\/tunisie\/wp-content\/uploads\/2025\/07\/Said-Saiegh.jpg\" \/>\n\t<meta property=\"og:image:width\" content=\"1200\" \/>\n\t<meta property=\"og:image:height\" content=\"630\" \/>\n\t<meta property=\"og:image:type\" content=\"image\/jpeg\" \/>\n<meta name=\"author\" content=\"webmaster kapitalis\" \/>\n<meta name=\"twitter:card\" content=\"summary_large_image\" \/>\n<meta name=\"twitter:creator\" content=\"@KapitalisInfo\" \/>\n<meta name=\"twitter:site\" content=\"@KapitalisInfo\" \/>\n<meta name=\"twitter:label1\" content=\"\u00c9crit par\" \/>\n\t<meta name=\"twitter:data1\" content=\"webmaster kapitalis\" \/>\n\t<meta name=\"twitter:label2\" content=\"Dur\u00e9e de lecture estim\u00e9e\" \/>\n\t<meta name=\"twitter:data2\" content=\"2 minutes\" \/>\n<script type=\"application\/ld+json\" class=\"yoast-schema-graph\">{\"@context\":\"https:\/\/schema.org\",\"@graph\":[{\"@type\":\"Article\",\"@id\":\"https:\/\/kapitalis.com\/tunisie\/2025\/07\/04\/said-saiagh\/#article\",\"isPartOf\":{\"@id\":\"https:\/\/kapitalis.com\/tunisie\/2025\/07\/04\/said-saiagh\/\"},\"author\":{\"name\":\"webmaster kapitalis\",\"@id\":\"https:\/\/kapitalis.com\/tunisie\/#\/schema\/person\/d71f33a9ca44f7bad4698210b480c8e9\"},\"headline\":\"Vient de para\u00eetre l \u2018\u2018De l\u2019ombre\u2019\u2019 de Sa\u00efd Sayagh\",\"datePublished\":\"2025-07-04T11:22:40+00:00\",\"dateModified\":\"2025-07-04T11:22:41+00:00\",\"mainEntityOfPage\":{\"@id\":\"https:\/\/kapitalis.com\/tunisie\/2025\/07\/04\/said-saiagh\/\"},\"wordCount\":199,\"commentCount\":0,\"publisher\":{\"@id\":\"https:\/\/kapitalis.com\/tunisie\/#organization\"},\"image\":{\"@id\":\"https:\/\/kapitalis.com\/tunisie\/2025\/07\/04\/said-saiagh\/#primaryimage\"},\"thumbnailUrl\":\"https:\/\/kapitalis.com\/tunisie\/wp-content\/uploads\/2025\/07\/Said-Saiegh.jpg\",\"keywords\":[\"Christian Vigui\u00e9\",\"Ed. Mars-A\",\"Marc Wetzel\",\"Maroc\",\"Mekn\u00e8s\",\"Said Sayagh\"],\"articleSection\":[\"CULTURE\",\"Tunisie\"],\"inLanguage\":\"fr-FR\",\"potentialAction\":[{\"@type\":\"CommentAction\",\"name\":\"Comment\",\"target\":[\"https:\/\/kapitalis.com\/tunisie\/2025\/07\/04\/said-saiagh\/#respond\"]}]},{\"@type\":\"WebPage\",\"@id\":\"https:\/\/kapitalis.com\/tunisie\/2025\/07\/04\/said-saiagh\/\",\"url\":\"https:\/\/kapitalis.com\/tunisie\/2025\/07\/04\/said-saiagh\/\",\"name\":\"Vient de para\u00eetre l \u2018\u2018De l\u2019ombre\u2019\u2019 de Sa\u00efd Sayagh - Kapitalis\",\"isPartOf\":{\"@id\":\"https:\/\/kapitalis.com\/tunisie\/#website\"},\"primaryImageOfPage\":{\"@id\":\"https:\/\/kapitalis.com\/tunisie\/2025\/07\/04\/said-saiagh\/#primaryimage\"},\"image\":{\"@id\":\"https:\/\/kapitalis.com\/tunisie\/2025\/07\/04\/said-saiagh\/#primaryimage\"},\"thumbnailUrl\":\"https:\/\/kapitalis.com\/tunisie\/wp-content\/uploads\/2025\/07\/Said-Saiegh.jpg\",\"datePublished\":\"2025-07-04T11:22:40+00:00\",\"dateModified\":\"2025-07-04T11:22:41+00:00\",\"description\":\"\u2018\u2018De l\u2019ombre\u2019\u2019 est un recueil qui rassemble, non sans \u00e9motion, des po\u00e8mes de Sa\u00efd Sa\u00efagh dict\u00e9s \u00e0 son \u00e9pouse sur son lit d\u2019h\u00f4pital.\",\"breadcrumb\":{\"@id\":\"https:\/\/kapitalis.com\/tunisie\/2025\/07\/04\/said-saiagh\/#breadcrumb\"},\"inLanguage\":\"fr-FR\",\"potentialAction\":[{\"@type\":\"ReadAction\",\"target\":[\"https:\/\/kapitalis.com\/tunisie\/2025\/07\/04\/said-saiagh\/\"]}]},{\"@type\":\"ImageObject\",\"inLanguage\":\"fr-FR\",\"@id\":\"https:\/\/kapitalis.com\/tunisie\/2025\/07\/04\/said-saiagh\/#primaryimage\",\"url\":\"https:\/\/kapitalis.com\/tunisie\/wp-content\/uploads\/2025\/07\/Said-Saiegh.jpg\",\"contentUrl\":\"https:\/\/kapitalis.com\/tunisie\/wp-content\/uploads\/2025\/07\/Said-Saiegh.jpg\",\"width\":1200,\"height\":630},{\"@type\":\"BreadcrumbList\",\"@id\":\"https:\/\/kapitalis.com\/tunisie\/2025\/07\/04\/said-saiagh\/#breadcrumb\",\"itemListElement\":[{\"@type\":\"ListItem\",\"position\":1,\"name\":\"Accueil\",\"item\":\"https:\/\/kapitalis.com\/tunisie\/\"},{\"@type\":\"ListItem\",\"position\":2,\"name\":\"Vient de para\u00eetre l \u2018\u2018De l\u2019ombre\u2019\u2019 de Sa\u00efd Sayagh\"}]},{\"@type\":\"WebSite\",\"@id\":\"https:\/\/kapitalis.com\/tunisie\/#website\",\"url\":\"https:\/\/kapitalis.com\/tunisie\/\",\"name\":\"Kapitalis\",\"description\":\"L&#039;actualit\u00e9 en Tunisie et dans le monde\",\"publisher\":{\"@id\":\"https:\/\/kapitalis.com\/tunisie\/#organization\"},\"potentialAction\":[{\"@type\":\"SearchAction\",\"target\":{\"@type\":\"EntryPoint\",\"urlTemplate\":\"https:\/\/kapitalis.com\/tunisie\/?s={search_term_string}\"},\"query-input\":{\"@type\":\"PropertyValueSpecification\",\"valueRequired\":true,\"valueName\":\"search_term_string\"}}],\"inLanguage\":\"fr-FR\"},{\"@type\":\"Organization\",\"@id\":\"https:\/\/kapitalis.com\/tunisie\/#organization\",\"name\":\"Kapitalis\",\"url\":\"https:\/\/kapitalis.com\/tunisie\/\",\"logo\":{\"@type\":\"ImageObject\",\"inLanguage\":\"fr-FR\",\"@id\":\"https:\/\/kapitalis.com\/tunisie\/#\/schema\/logo\/image\/\",\"url\":\"https:\/\/kapitalis.com\/tunisie\/wp-content\/uploads\/2022\/05\/Kapitalis-big-size.png\",\"contentUrl\":\"https:\/\/kapitalis.com\/tunisie\/wp-content\/uploads\/2022\/05\/Kapitalis-big-size.png\",\"width\":5000,\"height\":1500,\"caption\":\"Kapitalis\"},\"image\":{\"@id\":\"https:\/\/kapitalis.com\/tunisie\/#\/schema\/logo\/image\/\"},\"sameAs\":[\"https:\/\/www.facebook.com\/KapitalisInfo\/\",\"https:\/\/x.com\/KapitalisInfo\",\"https:\/\/www.youtube.com\/channel\/UC-yDYrHyfFBWWZaOw3FPg9Q\"]},{\"@type\":\"Person\",\"@id\":\"https:\/\/kapitalis.com\/tunisie\/#\/schema\/person\/d71f33a9ca44f7bad4698210b480c8e9\",\"name\":\"webmaster kapitalis\",\"url\":\"https:\/\/kapitalis.com\/tunisie\/author\/webmaster-kapitalis\/\"}]}<\/script>\n<!-- \/ Yoast SEO plugin. -->","yoast_head_json":{"title":"Vient de para\u00eetre l \u2018\u2018De l\u2019ombre\u2019\u2019 de Sa\u00efd Sayagh - Kapitalis","description":"\u2018\u2018De l\u2019ombre\u2019\u2019 est un recueil qui rassemble, non sans \u00e9motion, des po\u00e8mes de Sa\u00efd Sa\u00efagh dict\u00e9s \u00e0 son \u00e9pouse sur son lit d\u2019h\u00f4pital.","robots":{"index":"index","follow":"follow","max-snippet":"max-snippet:-1","max-image-preview":"max-image-preview:large","max-video-preview":"max-video-preview:-1"},"canonical":"https:\/\/kapitalis.com\/tunisie\/2025\/07\/04\/said-saiagh\/","og_locale":"fr_FR","og_type":"article","og_title":"Vient de para\u00eetre l \u2018\u2018De l\u2019ombre\u2019\u2019 de Sa\u00efd Sayagh - Kapitalis","og_description":"\u2018\u2018De l\u2019ombre\u2019\u2019 est un recueil qui rassemble, non sans \u00e9motion, des po\u00e8mes de Sa\u00efd Sa\u00efagh dict\u00e9s \u00e0 son \u00e9pouse sur son lit d\u2019h\u00f4pital.","og_url":"https:\/\/kapitalis.com\/tunisie\/2025\/07\/04\/said-saiagh\/","og_site_name":"Kapitalis","article_publisher":"https:\/\/www.facebook.com\/KapitalisInfo\/","article_published_time":"2025-07-04T11:22:40+00:00","article_modified_time":"2025-07-04T11:22:41+00:00","og_image":[{"width":1200,"height":630,"url":"https:\/\/kapitalis.com\/tunisie\/wp-content\/uploads\/2025\/07\/Said-Saiegh.jpg","type":"image\/jpeg"}],"author":"webmaster kapitalis","twitter_card":"summary_large_image","twitter_creator":"@KapitalisInfo","twitter_site":"@KapitalisInfo","twitter_misc":{"\u00c9crit par":"webmaster kapitalis","Dur\u00e9e de lecture estim\u00e9e":"2 minutes"},"schema":{"@context":"https:\/\/schema.org","@graph":[{"@type":"Article","@id":"https:\/\/kapitalis.com\/tunisie\/2025\/07\/04\/said-saiagh\/#article","isPartOf":{"@id":"https:\/\/kapitalis.com\/tunisie\/2025\/07\/04\/said-saiagh\/"},"author":{"name":"webmaster kapitalis","@id":"https:\/\/kapitalis.com\/tunisie\/#\/schema\/person\/d71f33a9ca44f7bad4698210b480c8e9"},"headline":"Vient de para\u00eetre l \u2018\u2018De l\u2019ombre\u2019\u2019 de Sa\u00efd Sayagh","datePublished":"2025-07-04T11:22:40+00:00","dateModified":"2025-07-04T11:22:41+00:00","mainEntityOfPage":{"@id":"https:\/\/kapitalis.com\/tunisie\/2025\/07\/04\/said-saiagh\/"},"wordCount":199,"commentCount":0,"publisher":{"@id":"https:\/\/kapitalis.com\/tunisie\/#organization"},"image":{"@id":"https:\/\/kapitalis.com\/tunisie\/2025\/07\/04\/said-saiagh\/#primaryimage"},"thumbnailUrl":"https:\/\/kapitalis.com\/tunisie\/wp-content\/uploads\/2025\/07\/Said-Saiegh.jpg","keywords":["Christian Vigui\u00e9","Ed. Mars-A","Marc Wetzel","Maroc","Mekn\u00e8s","Said Sayagh"],"articleSection":["CULTURE","Tunisie"],"inLanguage":"fr-FR","potentialAction":[{"@type":"CommentAction","name":"Comment","target":["https:\/\/kapitalis.com\/tunisie\/2025\/07\/04\/said-saiagh\/#respond"]}]},{"@type":"WebPage","@id":"https:\/\/kapitalis.com\/tunisie\/2025\/07\/04\/said-saiagh\/","url":"https:\/\/kapitalis.com\/tunisie\/2025\/07\/04\/said-saiagh\/","name":"Vient de para\u00eetre l \u2018\u2018De l\u2019ombre\u2019\u2019 de Sa\u00efd Sayagh - Kapitalis","isPartOf":{"@id":"https:\/\/kapitalis.com\/tunisie\/#website"},"primaryImageOfPage":{"@id":"https:\/\/kapitalis.com\/tunisie\/2025\/07\/04\/said-saiagh\/#primaryimage"},"image":{"@id":"https:\/\/kapitalis.com\/tunisie\/2025\/07\/04\/said-saiagh\/#primaryimage"},"thumbnailUrl":"https:\/\/kapitalis.com\/tunisie\/wp-content\/uploads\/2025\/07\/Said-Saiegh.jpg","datePublished":"2025-07-04T11:22:40+00:00","dateModified":"2025-07-04T11:22:41+00:00","description":"\u2018\u2018De l\u2019ombre\u2019\u2019 est un recueil qui rassemble, non sans \u00e9motion, des po\u00e8mes de Sa\u00efd Sa\u00efagh dict\u00e9s \u00e0 son \u00e9pouse sur son lit d\u2019h\u00f4pital.","breadcrumb":{"@id":"https:\/\/kapitalis.com\/tunisie\/2025\/07\/04\/said-saiagh\/#breadcrumb"},"inLanguage":"fr-FR","potentialAction":[{"@type":"ReadAction","target":["https:\/\/kapitalis.com\/tunisie\/2025\/07\/04\/said-saiagh\/"]}]},{"@type":"ImageObject","inLanguage":"fr-FR","@id":"https:\/\/kapitalis.com\/tunisie\/2025\/07\/04\/said-saiagh\/#primaryimage","url":"https:\/\/kapitalis.com\/tunisie\/wp-content\/uploads\/2025\/07\/Said-Saiegh.jpg","contentUrl":"https:\/\/kapitalis.com\/tunisie\/wp-content\/uploads\/2025\/07\/Said-Saiegh.jpg","width":1200,"height":630},{"@type":"BreadcrumbList","@id":"https:\/\/kapitalis.com\/tunisie\/2025\/07\/04\/said-saiagh\/#breadcrumb","itemListElement":[{"@type":"ListItem","position":1,"name":"Accueil","item":"https:\/\/kapitalis.com\/tunisie\/"},{"@type":"ListItem","position":2,"name":"Vient de para\u00eetre l \u2018\u2018De l\u2019ombre\u2019\u2019 de Sa\u00efd Sayagh"}]},{"@type":"WebSite","@id":"https:\/\/kapitalis.com\/tunisie\/#website","url":"https:\/\/kapitalis.com\/tunisie\/","name":"Kapitalis","description":"L&#039;actualit\u00e9 en Tunisie et dans le monde","publisher":{"@id":"https:\/\/kapitalis.com\/tunisie\/#organization"},"potentialAction":[{"@type":"SearchAction","target":{"@type":"EntryPoint","urlTemplate":"https:\/\/kapitalis.com\/tunisie\/?s={search_term_string}"},"query-input":{"@type":"PropertyValueSpecification","valueRequired":true,"valueName":"search_term_string"}}],"inLanguage":"fr-FR"},{"@type":"Organization","@id":"https:\/\/kapitalis.com\/tunisie\/#organization","name":"Kapitalis","url":"https:\/\/kapitalis.com\/tunisie\/","logo":{"@type":"ImageObject","inLanguage":"fr-FR","@id":"https:\/\/kapitalis.com\/tunisie\/#\/schema\/logo\/image\/","url":"https:\/\/kapitalis.com\/tunisie\/wp-content\/uploads\/2022\/05\/Kapitalis-big-size.png","contentUrl":"https:\/\/kapitalis.com\/tunisie\/wp-content\/uploads\/2022\/05\/Kapitalis-big-size.png","width":5000,"height":1500,"caption":"Kapitalis"},"image":{"@id":"https:\/\/kapitalis.com\/tunisie\/#\/schema\/logo\/image\/"},"sameAs":["https:\/\/www.facebook.com\/KapitalisInfo\/","https:\/\/x.com\/KapitalisInfo","https:\/\/www.youtube.com\/channel\/UC-yDYrHyfFBWWZaOw3FPg9Q"]},{"@type":"Person","@id":"https:\/\/kapitalis.com\/tunisie\/#\/schema\/person\/d71f33a9ca44f7bad4698210b480c8e9","name":"webmaster kapitalis","url":"https:\/\/kapitalis.com\/tunisie\/author\/webmaster-kapitalis\/"}]}},"_links":{"self":[{"href":"https:\/\/kapitalis.com\/tunisie\/wp-json\/wp\/v2\/posts\/16951506","targetHints":{"allow":["GET"]}}],"collection":[{"href":"https:\/\/kapitalis.com\/tunisie\/wp-json\/wp\/v2\/posts"}],"about":[{"href":"https:\/\/kapitalis.com\/tunisie\/wp-json\/wp\/v2\/types\/post"}],"author":[{"embeddable":true,"href":"https:\/\/kapitalis.com\/tunisie\/wp-json\/wp\/v2\/users\/8"}],"replies":[{"embeddable":true,"href":"https:\/\/kapitalis.com\/tunisie\/wp-json\/wp\/v2\/comments?post=16951506"}],"version-history":[{"count":1,"href":"https:\/\/kapitalis.com\/tunisie\/wp-json\/wp\/v2\/posts\/16951506\/revisions"}],"predecessor-version":[{"id":16951577,"href":"https:\/\/kapitalis.com\/tunisie\/wp-json\/wp\/v2\/posts\/16951506\/revisions\/16951577"}],"wp:featuredmedia":[{"embeddable":true,"href":"https:\/\/kapitalis.com\/tunisie\/wp-json\/wp\/v2\/media\/16951546"}],"wp:attachment":[{"href":"https:\/\/kapitalis.com\/tunisie\/wp-json\/wp\/v2\/media?parent=16951506"}],"wp:term":[{"taxonomy":"category","embeddable":true,"href":"https:\/\/kapitalis.com\/tunisie\/wp-json\/wp\/v2\/categories?post=16951506"},{"taxonomy":"post_tag","embeddable":true,"href":"https:\/\/kapitalis.com\/tunisie\/wp-json\/wp\/v2\/tags?post=16951506"}],"curies":[{"name":"wp","href":"https:\/\/api.w.org\/{rel}","templated":true}]}}