{"id":169669,"date":"2018-08-17T08:16:46","date_gmt":"2018-08-17T07:16:46","guid":{"rendered":"http:\/\/kapitalis.com\/tunisie\/?p=169669"},"modified":"2018-08-17T08:16:46","modified_gmt":"2018-08-17T07:16:46","slug":"la-conect-reagit-aux-accusations-de-certains-de-ses-membres","status":"publish","type":"post","link":"https:\/\/kapitalis.com\/tunisie\/2018\/08\/17\/la-conect-reagit-aux-accusations-de-certains-de-ses-membres\/","title":{"rendered":"La Conect r\u00e9agit aux accusations de certains de ses membres"},"content":{"rendered":"<p style=\"text-align: center;\"><img loading=\"lazy\" decoding=\"async\" class=\"alignnone size-full wp-image-10252\" src=\"http:\/\/kapitalis.com\/tunisie\/wp-content\/uploads\/2015\/08\/Conect.jpg\" alt=\"\" width=\"626\" height=\"380\" \/><\/p>\n<p><em><strong>La Conf\u00e9d\u00e9ration des entreprises citoyennes de Tunisie (Conect) a r\u00e9agi \u00e0 la grogne d\u2019un groupe de ses membres et de ses structures, \u00e0 propos d\u2019all\u00e9gations de suspicion de corruption, par le communiqu\u00e9 lapidaire que nous publions ci-dessous. Circulez, il n\u2019y a rien \u00e0 voir\u2026<\/strong> <\/em><\/p>\n<p><!--more--><\/p>\n<p>Suite \u00e0 la campagne diffamatoire orchestr\u00e9e par des anciens membres de la Conect, ayant fait l\u2019objet de sanctions disciplinaires pour comportements irresponsables, sur quelques m\u00e9dias \u00e9crits et \u00e9lectroniques, la Conect informe ses adh\u00e9rents et l\u2019opinion publique qu\u2019elle a imm\u00e9diatement r\u00e9agi \u00e0 ces pratiques malveillantes et d\u00e9lictuelles et a engag\u00e9 les proc\u00e9dures p\u00e9nales appropri\u00e9es \u00e0 l\u2019encontre des auteurs de ces all\u00e9gations et accusations totalement infond\u00e9es et fallacieuses.<\/p>\n<p>Il est \u00e0 pr\u00e9ciser, par ailleurs, que la majorit\u00e9 des pr\u00e9tendus signataires du communiqu\u00e9 de presse sont soit des structures inexistantes ou n\u2019ayant en aucun cas exprim\u00e9 ou approuv\u00e9 une telle d\u00e9marche irresponsable.<\/p>\n<p>La Conect rappelle que la gestion de ses structures et l\u2019administration de ses affaires se font dans le strict respect de ses statuts et son r\u00e8glement int\u00e9rieur; ses \u00e9tats financiers sont audit\u00e9s et certifi\u00e9s par un cabinet d\u2019expertise de premier ordre dont la renomm\u00e9e aussi bien internationale que nationale est \u00e9tablie et av\u00e9r\u00e9e.<\/p>\n<p><em><strong>Source<\/strong><\/em> : communiqu\u00e9.<\/p>\n<blockquote class=\"wp-embedded-content\" data-secret=\"Vy98bzp6di\"><p><a href=\"https:\/\/kapitalis.com\/tunisie\/2018\/08\/15\/conect-une-decision-de-tarak-cherif-suscite-une-forte-contestation\/\">Conect : Une d\u00e9cision de Tarak Cherif suscite une forte contestation<\/a><\/p><\/blockquote>\n<p><iframe loading=\"lazy\" class=\"wp-embedded-content\" sandbox=\"allow-scripts\" security=\"restricted\" style=\"position: absolute; clip: rect(1px, 1px, 1px, 1px);\" title=\"\u00ab\u00a0Conect : Une d\u00e9cision de Tarak Cherif suscite une forte contestation\u00a0\u00bb &#8212; Kapitalis\" src=\"https:\/\/kapitalis.com\/tunisie\/2018\/08\/15\/conect-une-decision-de-tarak-cherif-suscite-une-forte-contestation\/embed\/#?secret=dk7baP83Q6#?secret=Vy98bzp6di\" data-secret=\"Vy98bzp6di\" width=\"600\" height=\"338\" frameborder=\"0\" marginwidth=\"0\" marginheight=\"0\" scrolling=\"no\"><\/iframe><\/p>\n<blockquote class=\"wp-embedded-content\" data-secret=\"OwW8fGm4BV\"><p><a href=\"https:\/\/kapitalis.com\/tunisie\/2018\/07\/14\/la-conect-lance-les-preparatifs-de-son-2e-congres-en-novembre-2018\/\">La Conect lance les pr\u00e9paratifs de son 2e congr\u00e8s en novembre 2018<\/a><\/p><\/blockquote>\n<p><iframe loading=\"lazy\" class=\"wp-embedded-content\" sandbox=\"allow-scripts\" security=\"restricted\" style=\"position: absolute; clip: rect(1px, 1px, 1px, 1px);\" title=\"\u00ab\u00a0La Conect lance les pr\u00e9paratifs de son 2e congr\u00e8s en novembre 2018\u00a0\u00bb &#8212; Kapitalis\" src=\"https:\/\/kapitalis.com\/tunisie\/2018\/07\/14\/la-conect-lance-les-preparatifs-de-son-2e-congres-en-novembre-2018\/embed\/#?secret=Yqqx3VLanD#?secret=OwW8fGm4BV\" data-secret=\"OwW8fGm4BV\" width=\"600\" height=\"338\" frameborder=\"0\" marginwidth=\"0\" marginheight=\"0\" scrolling=\"no\"><\/iframe><\/p>\n","protected":false},"excerpt":{"rendered":"<p>La Conf\u00e9d\u00e9ration des entreprises citoyennes de Tunisie (Conect) a r\u00e9agi \u00e0 la grogne d\u2019un groupe de ses membres et de ses structures, \u00e0 propos d\u2019all\u00e9gations de suspicion de corruption, par le communiqu\u00e9 lapidaire que nous publions ci-dessous. Circulez, il n\u2019y a rien \u00e0 voir\u2026<\/p>\n","protected":false},"author":8,"featured_media":0,"comment_status":"open","ping_status":"open","sticky":false,"template":"","format":"standard","meta":{"footnotes":""},"categories":[995,2433],"tags":[2144],"class_list":["post-169669","post","type-post","status-publish","format-standard","hentry","category-economie","category-tunisie","tag-conect"],"yoast_head":"<!-- This site is optimized with the Yoast SEO plugin v26.6 - https:\/\/yoast.com\/wordpress\/plugins\/seo\/ -->\n<title>La Conect r\u00e9agit aux accusations de certains de ses membres - Kapitalis<\/title>\n<meta name=\"robots\" content=\"index, follow, max-snippet:-1, max-image-preview:large, max-video-preview:-1\" \/>\n<link rel=\"canonical\" href=\"https:\/\/kapitalis.com\/tunisie\/2018\/08\/17\/la-conect-reagit-aux-accusations-de-certains-de-ses-membres\/\" \/>\n<meta property=\"og:locale\" content=\"fr_FR\" \/>\n<meta property=\"og:type\" content=\"article\" \/>\n<meta property=\"og:title\" content=\"La Conect r\u00e9agit aux accusations de certains de ses membres - Kapitalis\" \/>\n<meta property=\"og:description\" content=\"La Conf\u00e9d\u00e9ration des entreprises citoyennes de Tunisie (Conect) a r\u00e9agi \u00e0 la grogne d\u2019un groupe de ses membres et de ses structures, \u00e0 propos d\u2019all\u00e9gations de suspicion de corruption, par le communiqu\u00e9 lapidaire que nous publions ci-dessous. Circulez, il n\u2019y a rien \u00e0 voir\u2026\" \/>\n<meta property=\"og:url\" content=\"https:\/\/kapitalis.com\/tunisie\/2018\/08\/17\/la-conect-reagit-aux-accusations-de-certains-de-ses-membres\/\" \/>\n<meta property=\"og:site_name\" content=\"Kapitalis\" \/>\n<meta property=\"article:publisher\" content=\"https:\/\/www.facebook.com\/KapitalisInfo\/\" \/>\n<meta property=\"article:published_time\" content=\"2018-08-17T07:16:46+00:00\" \/>\n<meta property=\"og:image\" content=\"http:\/\/kapitalis.com\/tunisie\/wp-content\/uploads\/2015\/08\/Conect.jpg\" \/>\n<meta name=\"author\" content=\"webmaster kapitalis\" \/>\n<meta name=\"twitter:card\" content=\"summary_large_image\" \/>\n<meta name=\"twitter:creator\" content=\"@KapitalisInfo\" \/>\n<meta name=\"twitter:site\" content=\"@KapitalisInfo\" \/>\n<meta name=\"twitter:label1\" content=\"\u00c9crit par\" \/>\n\t<meta name=\"twitter:data1\" content=\"webmaster kapitalis\" \/>\n\t<meta name=\"twitter:label2\" content=\"Dur\u00e9e de lecture estim\u00e9e\" \/>\n\t<meta name=\"twitter:data2\" content=\"1 minute\" \/>\n<script type=\"application\/ld+json\" class=\"yoast-schema-graph\">{\"@context\":\"https:\/\/schema.org\",\"@graph\":[{\"@type\":\"Article\",\"@id\":\"https:\/\/kapitalis.com\/tunisie\/2018\/08\/17\/la-conect-reagit-aux-accusations-de-certains-de-ses-membres\/#article\",\"isPartOf\":{\"@id\":\"https:\/\/kapitalis.com\/tunisie\/2018\/08\/17\/la-conect-reagit-aux-accusations-de-certains-de-ses-membres\/\"},\"author\":{\"name\":\"webmaster kapitalis\",\"@id\":\"https:\/\/kapitalis.com\/tunisie\/#\/schema\/person\/d71f33a9ca44f7bad4698210b480c8e9\"},\"headline\":\"La Conect r\u00e9agit aux accusations de certains de ses membres\",\"datePublished\":\"2018-08-17T07:16:46+00:00\",\"mainEntityOfPage\":{\"@id\":\"https:\/\/kapitalis.com\/tunisie\/2018\/08\/17\/la-conect-reagit-aux-accusations-de-certains-de-ses-membres\/\"},\"wordCount\":248,\"commentCount\":0,\"publisher\":{\"@id\":\"https:\/\/kapitalis.com\/tunisie\/#organization\"},\"image\":{\"@id\":\"https:\/\/kapitalis.com\/tunisie\/2018\/08\/17\/la-conect-reagit-aux-accusations-de-certains-de-ses-membres\/#primaryimage\"},\"thumbnailUrl\":\"http:\/\/kapitalis.com\/tunisie\/wp-content\/uploads\/2015\/08\/Conect.jpg\",\"keywords\":[\"Conect\"],\"articleSection\":[\"ECONOMIE\",\"Tunisie\"],\"inLanguage\":\"fr-FR\",\"potentialAction\":[{\"@type\":\"CommentAction\",\"name\":\"Comment\",\"target\":[\"https:\/\/kapitalis.com\/tunisie\/2018\/08\/17\/la-conect-reagit-aux-accusations-de-certains-de-ses-membres\/#respond\"]}]},{\"@type\":\"WebPage\",\"@id\":\"https:\/\/kapitalis.com\/tunisie\/2018\/08\/17\/la-conect-reagit-aux-accusations-de-certains-de-ses-membres\/\",\"url\":\"https:\/\/kapitalis.com\/tunisie\/2018\/08\/17\/la-conect-reagit-aux-accusations-de-certains-de-ses-membres\/\",\"name\":\"La Conect r\u00e9agit aux accusations de certains de ses membres - Kapitalis\",\"isPartOf\":{\"@id\":\"https:\/\/kapitalis.com\/tunisie\/#website\"},\"primaryImageOfPage\":{\"@id\":\"https:\/\/kapitalis.com\/tunisie\/2018\/08\/17\/la-conect-reagit-aux-accusations-de-certains-de-ses-membres\/#primaryimage\"},\"image\":{\"@id\":\"https:\/\/kapitalis.com\/tunisie\/2018\/08\/17\/la-conect-reagit-aux-accusations-de-certains-de-ses-membres\/#primaryimage\"},\"thumbnailUrl\":\"http:\/\/kapitalis.com\/tunisie\/wp-content\/uploads\/2015\/08\/Conect.jpg\",\"datePublished\":\"2018-08-17T07:16:46+00:00\",\"breadcrumb\":{\"@id\":\"https:\/\/kapitalis.com\/tunisie\/2018\/08\/17\/la-conect-reagit-aux-accusations-de-certains-de-ses-membres\/#breadcrumb\"},\"inLanguage\":\"fr-FR\",\"potentialAction\":[{\"@type\":\"ReadAction\",\"target\":[\"https:\/\/kapitalis.com\/tunisie\/2018\/08\/17\/la-conect-reagit-aux-accusations-de-certains-de-ses-membres\/\"]}]},{\"@type\":\"ImageObject\",\"inLanguage\":\"fr-FR\",\"@id\":\"https:\/\/kapitalis.com\/tunisie\/2018\/08\/17\/la-conect-reagit-aux-accusations-de-certains-de-ses-membres\/#primaryimage\",\"url\":\"http:\/\/kapitalis.com\/tunisie\/wp-content\/uploads\/2015\/08\/Conect.jpg\",\"contentUrl\":\"http:\/\/kapitalis.com\/tunisie\/wp-content\/uploads\/2015\/08\/Conect.jpg\"},{\"@type\":\"BreadcrumbList\",\"@id\":\"https:\/\/kapitalis.com\/tunisie\/2018\/08\/17\/la-conect-reagit-aux-accusations-de-certains-de-ses-membres\/#breadcrumb\",\"itemListElement\":[{\"@type\":\"ListItem\",\"position\":1,\"name\":\"Accueil\",\"item\":\"https:\/\/kapitalis.com\/tunisie\/\"},{\"@type\":\"ListItem\",\"position\":2,\"name\":\"La Conect r\u00e9agit aux accusations de certains de ses membres\"}]},{\"@type\":\"WebSite\",\"@id\":\"https:\/\/kapitalis.com\/tunisie\/#website\",\"url\":\"https:\/\/kapitalis.com\/tunisie\/\",\"name\":\"Kapitalis\",\"description\":\"L&#039;actualit\u00e9 en Tunisie et dans le monde\",\"publisher\":{\"@id\":\"https:\/\/kapitalis.com\/tunisie\/#organization\"},\"potentialAction\":[{\"@type\":\"SearchAction\",\"target\":{\"@type\":\"EntryPoint\",\"urlTemplate\":\"https:\/\/kapitalis.com\/tunisie\/?s={search_term_string}\"},\"query-input\":{\"@type\":\"PropertyValueSpecification\",\"valueRequired\":true,\"valueName\":\"search_term_string\"}}],\"inLanguage\":\"fr-FR\"},{\"@type\":\"Organization\",\"@id\":\"https:\/\/kapitalis.com\/tunisie\/#organization\",\"name\":\"Kapitalis\",\"url\":\"https:\/\/kapitalis.com\/tunisie\/\",\"logo\":{\"@type\":\"ImageObject\",\"inLanguage\":\"fr-FR\",\"@id\":\"https:\/\/kapitalis.com\/tunisie\/#\/schema\/logo\/image\/\",\"url\":\"https:\/\/kapitalis.com\/tunisie\/wp-content\/uploads\/2022\/05\/Kapitalis-big-size.png\",\"contentUrl\":\"https:\/\/kapitalis.com\/tunisie\/wp-content\/uploads\/2022\/05\/Kapitalis-big-size.png\",\"width\":5000,\"height\":1500,\"caption\":\"Kapitalis\"},\"image\":{\"@id\":\"https:\/\/kapitalis.com\/tunisie\/#\/schema\/logo\/image\/\"},\"sameAs\":[\"https:\/\/www.facebook.com\/KapitalisInfo\/\",\"https:\/\/x.com\/KapitalisInfo\",\"https:\/\/www.youtube.com\/channel\/UC-yDYrHyfFBWWZaOw3FPg9Q\"]},{\"@type\":\"Person\",\"@id\":\"https:\/\/kapitalis.com\/tunisie\/#\/schema\/person\/d71f33a9ca44f7bad4698210b480c8e9\",\"name\":\"webmaster kapitalis\",\"url\":\"https:\/\/kapitalis.com\/tunisie\/author\/webmaster-kapitalis\/\"}]}<\/script>\n<!-- \/ Yoast SEO plugin. -->","yoast_head_json":{"title":"La Conect r\u00e9agit aux accusations de certains de ses membres - Kapitalis","robots":{"index":"index","follow":"follow","max-snippet":"max-snippet:-1","max-image-preview":"max-image-preview:large","max-video-preview":"max-video-preview:-1"},"canonical":"https:\/\/kapitalis.com\/tunisie\/2018\/08\/17\/la-conect-reagit-aux-accusations-de-certains-de-ses-membres\/","og_locale":"fr_FR","og_type":"article","og_title":"La Conect r\u00e9agit aux accusations de certains de ses membres - Kapitalis","og_description":"La Conf\u00e9d\u00e9ration des entreprises citoyennes de Tunisie (Conect) a r\u00e9agi \u00e0 la grogne d\u2019un groupe de ses membres et de ses structures, \u00e0 propos d\u2019all\u00e9gations de suspicion de corruption, par le communiqu\u00e9 lapidaire que nous publions ci-dessous. Circulez, il n\u2019y a rien \u00e0 voir\u2026","og_url":"https:\/\/kapitalis.com\/tunisie\/2018\/08\/17\/la-conect-reagit-aux-accusations-de-certains-de-ses-membres\/","og_site_name":"Kapitalis","article_publisher":"https:\/\/www.facebook.com\/KapitalisInfo\/","article_published_time":"2018-08-17T07:16:46+00:00","og_image":[{"url":"http:\/\/kapitalis.com\/tunisie\/wp-content\/uploads\/2015\/08\/Conect.jpg","type":"","width":"","height":""}],"author":"webmaster kapitalis","twitter_card":"summary_large_image","twitter_creator":"@KapitalisInfo","twitter_site":"@KapitalisInfo","twitter_misc":{"\u00c9crit par":"webmaster kapitalis","Dur\u00e9e de lecture estim\u00e9e":"1 minute"},"schema":{"@context":"https:\/\/schema.org","@graph":[{"@type":"Article","@id":"https:\/\/kapitalis.com\/tunisie\/2018\/08\/17\/la-conect-reagit-aux-accusations-de-certains-de-ses-membres\/#article","isPartOf":{"@id":"https:\/\/kapitalis.com\/tunisie\/2018\/08\/17\/la-conect-reagit-aux-accusations-de-certains-de-ses-membres\/"},"author":{"name":"webmaster kapitalis","@id":"https:\/\/kapitalis.com\/tunisie\/#\/schema\/person\/d71f33a9ca44f7bad4698210b480c8e9"},"headline":"La Conect r\u00e9agit aux accusations de certains de ses membres","datePublished":"2018-08-17T07:16:46+00:00","mainEntityOfPage":{"@id":"https:\/\/kapitalis.com\/tunisie\/2018\/08\/17\/la-conect-reagit-aux-accusations-de-certains-de-ses-membres\/"},"wordCount":248,"commentCount":0,"publisher":{"@id":"https:\/\/kapitalis.com\/tunisie\/#organization"},"image":{"@id":"https:\/\/kapitalis.com\/tunisie\/2018\/08\/17\/la-conect-reagit-aux-accusations-de-certains-de-ses-membres\/#primaryimage"},"thumbnailUrl":"http:\/\/kapitalis.com\/tunisie\/wp-content\/uploads\/2015\/08\/Conect.jpg","keywords":["Conect"],"articleSection":["ECONOMIE","Tunisie"],"inLanguage":"fr-FR","potentialAction":[{"@type":"CommentAction","name":"Comment","target":["https:\/\/kapitalis.com\/tunisie\/2018\/08\/17\/la-conect-reagit-aux-accusations-de-certains-de-ses-membres\/#respond"]}]},{"@type":"WebPage","@id":"https:\/\/kapitalis.com\/tunisie\/2018\/08\/17\/la-conect-reagit-aux-accusations-de-certains-de-ses-membres\/","url":"https:\/\/kapitalis.com\/tunisie\/2018\/08\/17\/la-conect-reagit-aux-accusations-de-certains-de-ses-membres\/","name":"La Conect r\u00e9agit aux accusations de certains de ses membres - Kapitalis","isPartOf":{"@id":"https:\/\/kapitalis.com\/tunisie\/#website"},"primaryImageOfPage":{"@id":"https:\/\/kapitalis.com\/tunisie\/2018\/08\/17\/la-conect-reagit-aux-accusations-de-certains-de-ses-membres\/#primaryimage"},"image":{"@id":"https:\/\/kapitalis.com\/tunisie\/2018\/08\/17\/la-conect-reagit-aux-accusations-de-certains-de-ses-membres\/#primaryimage"},"thumbnailUrl":"http:\/\/kapitalis.com\/tunisie\/wp-content\/uploads\/2015\/08\/Conect.jpg","datePublished":"2018-08-17T07:16:46+00:00","breadcrumb":{"@id":"https:\/\/kapitalis.com\/tunisie\/2018\/08\/17\/la-conect-reagit-aux-accusations-de-certains-de-ses-membres\/#breadcrumb"},"inLanguage":"fr-FR","potentialAction":[{"@type":"ReadAction","target":["https:\/\/kapitalis.com\/tunisie\/2018\/08\/17\/la-conect-reagit-aux-accusations-de-certains-de-ses-membres\/"]}]},{"@type":"ImageObject","inLanguage":"fr-FR","@id":"https:\/\/kapitalis.com\/tunisie\/2018\/08\/17\/la-conect-reagit-aux-accusations-de-certains-de-ses-membres\/#primaryimage","url":"http:\/\/kapitalis.com\/tunisie\/wp-content\/uploads\/2015\/08\/Conect.jpg","contentUrl":"http:\/\/kapitalis.com\/tunisie\/wp-content\/uploads\/2015\/08\/Conect.jpg"},{"@type":"BreadcrumbList","@id":"https:\/\/kapitalis.com\/tunisie\/2018\/08\/17\/la-conect-reagit-aux-accusations-de-certains-de-ses-membres\/#breadcrumb","itemListElement":[{"@type":"ListItem","position":1,"name":"Accueil","item":"https:\/\/kapitalis.com\/tunisie\/"},{"@type":"ListItem","position":2,"name":"La Conect r\u00e9agit aux accusations de certains de ses membres"}]},{"@type":"WebSite","@id":"https:\/\/kapitalis.com\/tunisie\/#website","url":"https:\/\/kapitalis.com\/tunisie\/","name":"Kapitalis","description":"L&#039;actualit\u00e9 en Tunisie et dans le monde","publisher":{"@id":"https:\/\/kapitalis.com\/tunisie\/#organization"},"potentialAction":[{"@type":"SearchAction","target":{"@type":"EntryPoint","urlTemplate":"https:\/\/kapitalis.com\/tunisie\/?s={search_term_string}"},"query-input":{"@type":"PropertyValueSpecification","valueRequired":true,"valueName":"search_term_string"}}],"inLanguage":"fr-FR"},{"@type":"Organization","@id":"https:\/\/kapitalis.com\/tunisie\/#organization","name":"Kapitalis","url":"https:\/\/kapitalis.com\/tunisie\/","logo":{"@type":"ImageObject","inLanguage":"fr-FR","@id":"https:\/\/kapitalis.com\/tunisie\/#\/schema\/logo\/image\/","url":"https:\/\/kapitalis.com\/tunisie\/wp-content\/uploads\/2022\/05\/Kapitalis-big-size.png","contentUrl":"https:\/\/kapitalis.com\/tunisie\/wp-content\/uploads\/2022\/05\/Kapitalis-big-size.png","width":5000,"height":1500,"caption":"Kapitalis"},"image":{"@id":"https:\/\/kapitalis.com\/tunisie\/#\/schema\/logo\/image\/"},"sameAs":["https:\/\/www.facebook.com\/KapitalisInfo\/","https:\/\/x.com\/KapitalisInfo","https:\/\/www.youtube.com\/channel\/UC-yDYrHyfFBWWZaOw3FPg9Q"]},{"@type":"Person","@id":"https:\/\/kapitalis.com\/tunisie\/#\/schema\/person\/d71f33a9ca44f7bad4698210b480c8e9","name":"webmaster kapitalis","url":"https:\/\/kapitalis.com\/tunisie\/author\/webmaster-kapitalis\/"}]}},"_links":{"self":[{"href":"https:\/\/kapitalis.com\/tunisie\/wp-json\/wp\/v2\/posts\/169669","targetHints":{"allow":["GET"]}}],"collection":[{"href":"https:\/\/kapitalis.com\/tunisie\/wp-json\/wp\/v2\/posts"}],"about":[{"href":"https:\/\/kapitalis.com\/tunisie\/wp-json\/wp\/v2\/types\/post"}],"author":[{"embeddable":true,"href":"https:\/\/kapitalis.com\/tunisie\/wp-json\/wp\/v2\/users\/8"}],"replies":[{"embeddable":true,"href":"https:\/\/kapitalis.com\/tunisie\/wp-json\/wp\/v2\/comments?post=169669"}],"version-history":[{"count":0,"href":"https:\/\/kapitalis.com\/tunisie\/wp-json\/wp\/v2\/posts\/169669\/revisions"}],"wp:attachment":[{"href":"https:\/\/kapitalis.com\/tunisie\/wp-json\/wp\/v2\/media?parent=169669"}],"wp:term":[{"taxonomy":"category","embeddable":true,"href":"https:\/\/kapitalis.com\/tunisie\/wp-json\/wp\/v2\/categories?post=169669"},{"taxonomy":"post_tag","embeddable":true,"href":"https:\/\/kapitalis.com\/tunisie\/wp-json\/wp\/v2\/tags?post=169669"}],"curies":[{"name":"wp","href":"https:\/\/api.w.org\/{rel}","templated":true}]}}