{"id":169670,"date":"2018-08-17T09:12:45","date_gmt":"2018-08-17T08:12:45","guid":{"rendered":"http:\/\/kapitalis.com\/tunisie\/?p=169670"},"modified":"2018-08-17T09:12:45","modified_gmt":"2018-08-17T08:12:45","slug":"apres-avoir-vecu-30-ans-dans-und-grotte-il-part-pour-le-hajj-a-la-mecque","status":"publish","type":"post","link":"https:\/\/kapitalis.com\/tunisie\/2018\/08\/17\/apres-avoir-vecu-30-ans-dans-und-grotte-il-part-pour-le-hajj-a-la-mecque\/","title":{"rendered":"Apr\u00e8s avoir v\u00e9cu 30 ans dans une grotte, il part pour le \u00ab\u00a0hajj\u00a0\u00bb \u00e0 la Mecque"},"content":{"rendered":"<p style=\"text-align: center;\"><img loading=\"lazy\" decoding=\"async\" class=\"alignnone size-full wp-image-169674\" src=\"http:\/\/kapitalis.com\/tunisie\/wp-content\/uploads\/2018\/08\/Borni-Abassi.jpg\" alt=\"\" width=\"626\" height=\"380\" \/><\/p>\n<p><em><b>Borni El-Abassi, l&rsquo;homme qui avait \u00e9t\u00e9 retrouv\u00e9 vivant pendant depuis 30 ans\u00a0dans une grotte au mont Kachtilou, dans la r\u00e9gion de Slouguia (B\u00e9j\u00e0), part pour le p\u00e8lerinage \u00e0 La Mecque (Arabie Saoudite).\u00a0\u00a0<\/b><\/em><!--more--><\/p>\n<p>C&rsquo;est le d\u00e9l\u00e9gu\u00e9 de Testour, Mohamed El-Hedi Zeiri, qui a annonc\u00e9 cette nouvelle dans un statut publi\u00e9 sur son compte Facebook, hier soir, jeudi 16 ao\u00fbt 2018, en se f\u00e9licitant d&rsquo;avoir aid\u00e9 ce vieil homme, atteint de diab\u00e8te, de partir effectuer les rituels du p\u00e8lerinage \u00e0 La Mecque.<\/p>\n<p><img loading=\"lazy\" decoding=\"async\" class=\"alignnone size-full wp-image-169675 aligncenter\" src=\"http:\/\/kapitalis.com\/tunisie\/wp-content\/uploads\/2018\/08\/Statut-Mohamed-El-Hedi-Zeiri.jpg\" alt=\"\" width=\"516\" height=\"166\" \/><\/p>\n<p>M. Zeiri a expliqu\u00e9, dans une d\u00e9claration \u00e0 Mosa\u00efque FM, aujourd&rsquo;hui, vendredi 17 ao\u00fbt, qu&rsquo;apr\u00e8s 30 ans pass\u00e9s dans une grotte, dans la pr\u00e9carit\u00e9 et le d\u00e9nuement total, la vie du vieil homme a beaucoup chang\u00e9 et il a b\u00e9n\u00e9fici\u00e9 d&rsquo;une prise en charge ad\u00e9quate de la part des autorit\u00e9s.<\/p>\n<p>\u00ab<em>D\u00e9sormais, il peut extraire son extrait de naissance et il a m\u00eame une CIN et un passeport. Beaucoup de personnes l&rsquo;ont aid\u00e9 financi\u00e8rement. Il vit actuellement dans un asile pour les vieilles personnes en attendant la construction de sa nouvelle maison<\/em>\u00bb, a dit le d\u00e9l\u00e9gu\u00e9, ajoutant qu&rsquo;il a contact\u00e9, il y a quelques mois, l&rsquo;ambassade de l&rsquo;Arabie Saoudite en Tunisie et une agence de voyage pour l&rsquo;aider \u00e0 r\u00e9aliser le r\u00eave de Borni El-Abassi, celui d&rsquo;effectuer un p\u00e8lerinage aux lieux saints de l&rsquo;islam. Cette demande a \u00e9t\u00e9 accept\u00e9e et un prix sp\u00e9cial a m\u00eame \u00e9t\u00e9 accord\u00e9 au futur p\u00e8lerin.<\/p>\n<p style=\"text-align: right;\"><strong>E. B. A.<\/strong><\/p>\n<blockquote class=\"wp-embedded-content\" data-secret=\"42R4bLsR9s\"><p><a href=\"https:\/\/kapitalis.com\/tunisie\/2018\/05\/22\/beja-un-homme-vit-dans-une-grotte-depuis-plus-de-30-ans\/\">B\u00e9ja : Un homme vit dans une grotte depuis plus de 30 ans<\/a><\/p><\/blockquote>\n<p><iframe loading=\"lazy\" class=\"wp-embedded-content\" sandbox=\"allow-scripts\" security=\"restricted\" style=\"position: absolute; clip: rect(1px, 1px, 1px, 1px);\" title=\"\u00ab\u00a0B\u00e9ja : Un homme vit dans une grotte depuis plus de 30 ans\u00a0\u00bb &#8212; Kapitalis\" src=\"https:\/\/kapitalis.com\/tunisie\/2018\/05\/22\/beja-un-homme-vit-dans-une-grotte-depuis-plus-de-30-ans\/embed\/#?secret=MnlczkwmmS#?secret=42R4bLsR9s\" data-secret=\"42R4bLsR9s\" width=\"600\" height=\"338\" frameborder=\"0\" marginwidth=\"0\" marginheight=\"0\" scrolling=\"no\"><\/iframe><\/p>\n<blockquote class=\"wp-embedded-content\" data-secret=\"TSTiDZNu7H\"><p><a href=\"https:\/\/kapitalis.com\/tunisie\/2018\/06\/07\/tunisie-hajj-2018-le-tarif-du-pelerinage-fixe-a-11-710-dt\/\">Tunisie-Hajj 2018 : Le tarif du p\u00e8lerinage fix\u00e9 \u00e0 11.710 DT<\/a><\/p><\/blockquote>\n<p><iframe loading=\"lazy\" class=\"wp-embedded-content\" sandbox=\"allow-scripts\" security=\"restricted\" style=\"position: absolute; clip: rect(1px, 1px, 1px, 1px);\" title=\"\u00ab\u00a0Tunisie-Hajj 2018 : Le tarif du p\u00e8lerinage fix\u00e9 \u00e0 11.710 DT\u00a0\u00bb &#8212; Kapitalis\" src=\"https:\/\/kapitalis.com\/tunisie\/2018\/06\/07\/tunisie-hajj-2018-le-tarif-du-pelerinage-fixe-a-11-710-dt\/embed\/#?secret=Aaydih6BQR#?secret=TSTiDZNu7H\" data-secret=\"TSTiDZNu7H\" width=\"600\" height=\"338\" frameborder=\"0\" marginwidth=\"0\" marginheight=\"0\" scrolling=\"no\"><\/iframe><\/p>\n","protected":false},"excerpt":{"rendered":"<p>Borni El-Abassi, l&rsquo;homme qui avait \u00e9t\u00e9 retrouv\u00e9 vivant pendant depuis 30 ans\u00a0dans une grotte au mont Kachtilou, dans la r\u00e9gion de Slouguia (B\u00e9j\u00e0), part pour le p\u00e8lerinage \u00e0 La Mecque (Arabie Saoudite).\u00a0\u00a0<\/p>\n","protected":false},"author":16,"featured_media":169674,"comment_status":"open","ping_status":"open","sticky":false,"template":"","format":"standard","meta":{"footnotes":""},"categories":[998,2433],"tags":[136,1636],"class_list":["post-169670","post","type-post","status-publish","format-standard","has-post-thumbnail","hentry","category-societe","category-tunisie","tag-beja","tag-testour"],"yoast_head":"<!-- This site is optimized with the Yoast SEO plugin v26.6 - https:\/\/yoast.com\/wordpress\/plugins\/seo\/ -->\n<title>Apr\u00e8s avoir v\u00e9cu 30 ans dans une grotte, il part pour le &quot;hajj&quot; \u00e0 la Mecque - Kapitalis<\/title>\n<meta name=\"robots\" content=\"index, follow, max-snippet:-1, max-image-preview:large, max-video-preview:-1\" \/>\n<link rel=\"canonical\" href=\"https:\/\/kapitalis.com\/tunisie\/2018\/08\/17\/apres-avoir-vecu-30-ans-dans-und-grotte-il-part-pour-le-hajj-a-la-mecque\/\" \/>\n<meta property=\"og:locale\" content=\"fr_FR\" \/>\n<meta property=\"og:type\" content=\"article\" \/>\n<meta property=\"og:title\" content=\"Apr\u00e8s avoir v\u00e9cu 30 ans dans une grotte, il part pour le &quot;hajj&quot; \u00e0 la Mecque - Kapitalis\" \/>\n<meta property=\"og:description\" content=\"Borni El-Abassi, l&rsquo;homme qui avait \u00e9t\u00e9 retrouv\u00e9 vivant pendant depuis 30 ans\u00a0dans une grotte au mont Kachtilou, dans la r\u00e9gion de Slouguia (B\u00e9j\u00e0), part pour le p\u00e8lerinage \u00e0 La Mecque (Arabie Saoudite).\u00a0\u00a0\" \/>\n<meta property=\"og:url\" content=\"https:\/\/kapitalis.com\/tunisie\/2018\/08\/17\/apres-avoir-vecu-30-ans-dans-und-grotte-il-part-pour-le-hajj-a-la-mecque\/\" \/>\n<meta property=\"og:site_name\" content=\"Kapitalis\" \/>\n<meta property=\"article:publisher\" content=\"https:\/\/www.facebook.com\/KapitalisInfo\/\" \/>\n<meta property=\"article:published_time\" content=\"2018-08-17T08:12:45+00:00\" \/>\n<meta property=\"og:image\" content=\"https:\/\/kapitalis.com\/tunisie\/wp-content\/uploads\/2022\/05\/kapitalis-logo-fb.png\" \/>\n\t<meta property=\"og:image:width\" content=\"1200\" \/>\n\t<meta property=\"og:image:height\" content=\"630\" \/>\n\t<meta property=\"og:image:type\" content=\"image\/png\" \/>\n<meta name=\"author\" content=\"emna benabdallah\" \/>\n<meta name=\"twitter:card\" content=\"summary_large_image\" \/>\n<meta name=\"twitter:creator\" content=\"@KapitalisInfo\" \/>\n<meta name=\"twitter:site\" content=\"@KapitalisInfo\" \/>\n<meta name=\"twitter:label1\" content=\"\u00c9crit par\" \/>\n\t<meta name=\"twitter:data1\" content=\"emna benabdallah\" \/>\n\t<meta name=\"twitter:label2\" content=\"Dur\u00e9e de lecture estim\u00e9e\" \/>\n\t<meta name=\"twitter:data2\" content=\"1 minute\" \/>\n<script type=\"application\/ld+json\" class=\"yoast-schema-graph\">{\"@context\":\"https:\/\/schema.org\",\"@graph\":[{\"@type\":\"Article\",\"@id\":\"https:\/\/kapitalis.com\/tunisie\/2018\/08\/17\/apres-avoir-vecu-30-ans-dans-und-grotte-il-part-pour-le-hajj-a-la-mecque\/#article\",\"isPartOf\":{\"@id\":\"https:\/\/kapitalis.com\/tunisie\/2018\/08\/17\/apres-avoir-vecu-30-ans-dans-und-grotte-il-part-pour-le-hajj-a-la-mecque\/\"},\"author\":{\"name\":\"emna benabdallah\",\"@id\":\"https:\/\/kapitalis.com\/tunisie\/#\/schema\/person\/2c6e134b2f3369dffcd1daf5f087d28b\"},\"headline\":\"Apr\u00e8s avoir v\u00e9cu 30 ans dans une grotte, il part pour le \u00ab\u00a0hajj\u00a0\u00bb \u00e0 la Mecque\",\"datePublished\":\"2018-08-17T08:12:45+00:00\",\"mainEntityOfPage\":{\"@id\":\"https:\/\/kapitalis.com\/tunisie\/2018\/08\/17\/apres-avoir-vecu-30-ans-dans-und-grotte-il-part-pour-le-hajj-a-la-mecque\/\"},\"wordCount\":286,\"commentCount\":1,\"publisher\":{\"@id\":\"https:\/\/kapitalis.com\/tunisie\/#organization\"},\"image\":{\"@id\":\"https:\/\/kapitalis.com\/tunisie\/2018\/08\/17\/apres-avoir-vecu-30-ans-dans-und-grotte-il-part-pour-le-hajj-a-la-mecque\/#primaryimage\"},\"thumbnailUrl\":\"\",\"keywords\":[\"B\u00e9ja\",\"Testour\"],\"articleSection\":[\"SOCIETE\",\"Tunisie\"],\"inLanguage\":\"fr-FR\",\"potentialAction\":[{\"@type\":\"CommentAction\",\"name\":\"Comment\",\"target\":[\"https:\/\/kapitalis.com\/tunisie\/2018\/08\/17\/apres-avoir-vecu-30-ans-dans-und-grotte-il-part-pour-le-hajj-a-la-mecque\/#respond\"]}]},{\"@type\":\"WebPage\",\"@id\":\"https:\/\/kapitalis.com\/tunisie\/2018\/08\/17\/apres-avoir-vecu-30-ans-dans-und-grotte-il-part-pour-le-hajj-a-la-mecque\/\",\"url\":\"https:\/\/kapitalis.com\/tunisie\/2018\/08\/17\/apres-avoir-vecu-30-ans-dans-und-grotte-il-part-pour-le-hajj-a-la-mecque\/\",\"name\":\"Apr\u00e8s avoir v\u00e9cu 30 ans dans une grotte, il part pour le \\\"hajj\\\" \u00e0 la Mecque - Kapitalis\",\"isPartOf\":{\"@id\":\"https:\/\/kapitalis.com\/tunisie\/#website\"},\"primaryImageOfPage\":{\"@id\":\"https:\/\/kapitalis.com\/tunisie\/2018\/08\/17\/apres-avoir-vecu-30-ans-dans-und-grotte-il-part-pour-le-hajj-a-la-mecque\/#primaryimage\"},\"image\":{\"@id\":\"https:\/\/kapitalis.com\/tunisie\/2018\/08\/17\/apres-avoir-vecu-30-ans-dans-und-grotte-il-part-pour-le-hajj-a-la-mecque\/#primaryimage\"},\"thumbnailUrl\":\"\",\"datePublished\":\"2018-08-17T08:12:45+00:00\",\"breadcrumb\":{\"@id\":\"https:\/\/kapitalis.com\/tunisie\/2018\/08\/17\/apres-avoir-vecu-30-ans-dans-und-grotte-il-part-pour-le-hajj-a-la-mecque\/#breadcrumb\"},\"inLanguage\":\"fr-FR\",\"potentialAction\":[{\"@type\":\"ReadAction\",\"target\":[\"https:\/\/kapitalis.com\/tunisie\/2018\/08\/17\/apres-avoir-vecu-30-ans-dans-und-grotte-il-part-pour-le-hajj-a-la-mecque\/\"]}]},{\"@type\":\"ImageObject\",\"inLanguage\":\"fr-FR\",\"@id\":\"https:\/\/kapitalis.com\/tunisie\/2018\/08\/17\/apres-avoir-vecu-30-ans-dans-und-grotte-il-part-pour-le-hajj-a-la-mecque\/#primaryimage\",\"url\":\"\",\"contentUrl\":\"\"},{\"@type\":\"BreadcrumbList\",\"@id\":\"https:\/\/kapitalis.com\/tunisie\/2018\/08\/17\/apres-avoir-vecu-30-ans-dans-und-grotte-il-part-pour-le-hajj-a-la-mecque\/#breadcrumb\",\"itemListElement\":[{\"@type\":\"ListItem\",\"position\":1,\"name\":\"Accueil\",\"item\":\"https:\/\/kapitalis.com\/tunisie\/\"},{\"@type\":\"ListItem\",\"position\":2,\"name\":\"Apr\u00e8s avoir v\u00e9cu 30 ans dans une grotte, il part pour le \u00ab\u00a0hajj\u00a0\u00bb \u00e0 la Mecque\"}]},{\"@type\":\"WebSite\",\"@id\":\"https:\/\/kapitalis.com\/tunisie\/#website\",\"url\":\"https:\/\/kapitalis.com\/tunisie\/\",\"name\":\"Kapitalis\",\"description\":\"L&#039;actualit\u00e9 en Tunisie et dans le monde\",\"publisher\":{\"@id\":\"https:\/\/kapitalis.com\/tunisie\/#organization\"},\"potentialAction\":[{\"@type\":\"SearchAction\",\"target\":{\"@type\":\"EntryPoint\",\"urlTemplate\":\"https:\/\/kapitalis.com\/tunisie\/?s={search_term_string}\"},\"query-input\":{\"@type\":\"PropertyValueSpecification\",\"valueRequired\":true,\"valueName\":\"search_term_string\"}}],\"inLanguage\":\"fr-FR\"},{\"@type\":\"Organization\",\"@id\":\"https:\/\/kapitalis.com\/tunisie\/#organization\",\"name\":\"Kapitalis\",\"url\":\"https:\/\/kapitalis.com\/tunisie\/\",\"logo\":{\"@type\":\"ImageObject\",\"inLanguage\":\"fr-FR\",\"@id\":\"https:\/\/kapitalis.com\/tunisie\/#\/schema\/logo\/image\/\",\"url\":\"https:\/\/kapitalis.com\/tunisie\/wp-content\/uploads\/2022\/05\/Kapitalis-big-size.png\",\"contentUrl\":\"https:\/\/kapitalis.com\/tunisie\/wp-content\/uploads\/2022\/05\/Kapitalis-big-size.png\",\"width\":5000,\"height\":1500,\"caption\":\"Kapitalis\"},\"image\":{\"@id\":\"https:\/\/kapitalis.com\/tunisie\/#\/schema\/logo\/image\/\"},\"sameAs\":[\"https:\/\/www.facebook.com\/KapitalisInfo\/\",\"https:\/\/x.com\/KapitalisInfo\",\"https:\/\/www.youtube.com\/channel\/UC-yDYrHyfFBWWZaOw3FPg9Q\"]},{\"@type\":\"Person\",\"@id\":\"https:\/\/kapitalis.com\/tunisie\/#\/schema\/person\/2c6e134b2f3369dffcd1daf5f087d28b\",\"name\":\"emna benabdallah\",\"url\":\"https:\/\/kapitalis.com\/tunisie\/author\/emna\/\"}]}<\/script>\n<!-- \/ Yoast SEO plugin. -->","yoast_head_json":{"title":"Apr\u00e8s avoir v\u00e9cu 30 ans dans une grotte, il part pour le \"hajj\" \u00e0 la Mecque - Kapitalis","robots":{"index":"index","follow":"follow","max-snippet":"max-snippet:-1","max-image-preview":"max-image-preview:large","max-video-preview":"max-video-preview:-1"},"canonical":"https:\/\/kapitalis.com\/tunisie\/2018\/08\/17\/apres-avoir-vecu-30-ans-dans-und-grotte-il-part-pour-le-hajj-a-la-mecque\/","og_locale":"fr_FR","og_type":"article","og_title":"Apr\u00e8s avoir v\u00e9cu 30 ans dans une grotte, il part pour le \"hajj\" \u00e0 la Mecque - Kapitalis","og_description":"Borni El-Abassi, l&rsquo;homme qui avait \u00e9t\u00e9 retrouv\u00e9 vivant pendant depuis 30 ans\u00a0dans une grotte au mont Kachtilou, dans la r\u00e9gion de Slouguia (B\u00e9j\u00e0), part pour le p\u00e8lerinage \u00e0 La Mecque (Arabie Saoudite).\u00a0\u00a0","og_url":"https:\/\/kapitalis.com\/tunisie\/2018\/08\/17\/apres-avoir-vecu-30-ans-dans-und-grotte-il-part-pour-le-hajj-a-la-mecque\/","og_site_name":"Kapitalis","article_publisher":"https:\/\/www.facebook.com\/KapitalisInfo\/","article_published_time":"2018-08-17T08:12:45+00:00","og_image":[{"width":1200,"height":630,"url":"https:\/\/kapitalis.com\/tunisie\/wp-content\/uploads\/2022\/05\/kapitalis-logo-fb.png","type":"image\/png"}],"author":"emna benabdallah","twitter_card":"summary_large_image","twitter_creator":"@KapitalisInfo","twitter_site":"@KapitalisInfo","twitter_misc":{"\u00c9crit par":"emna benabdallah","Dur\u00e9e de lecture estim\u00e9e":"1 minute"},"schema":{"@context":"https:\/\/schema.org","@graph":[{"@type":"Article","@id":"https:\/\/kapitalis.com\/tunisie\/2018\/08\/17\/apres-avoir-vecu-30-ans-dans-und-grotte-il-part-pour-le-hajj-a-la-mecque\/#article","isPartOf":{"@id":"https:\/\/kapitalis.com\/tunisie\/2018\/08\/17\/apres-avoir-vecu-30-ans-dans-und-grotte-il-part-pour-le-hajj-a-la-mecque\/"},"author":{"name":"emna benabdallah","@id":"https:\/\/kapitalis.com\/tunisie\/#\/schema\/person\/2c6e134b2f3369dffcd1daf5f087d28b"},"headline":"Apr\u00e8s avoir v\u00e9cu 30 ans dans une grotte, il part pour le \u00ab\u00a0hajj\u00a0\u00bb \u00e0 la Mecque","datePublished":"2018-08-17T08:12:45+00:00","mainEntityOfPage":{"@id":"https:\/\/kapitalis.com\/tunisie\/2018\/08\/17\/apres-avoir-vecu-30-ans-dans-und-grotte-il-part-pour-le-hajj-a-la-mecque\/"},"wordCount":286,"commentCount":1,"publisher":{"@id":"https:\/\/kapitalis.com\/tunisie\/#organization"},"image":{"@id":"https:\/\/kapitalis.com\/tunisie\/2018\/08\/17\/apres-avoir-vecu-30-ans-dans-und-grotte-il-part-pour-le-hajj-a-la-mecque\/#primaryimage"},"thumbnailUrl":"","keywords":["B\u00e9ja","Testour"],"articleSection":["SOCIETE","Tunisie"],"inLanguage":"fr-FR","potentialAction":[{"@type":"CommentAction","name":"Comment","target":["https:\/\/kapitalis.com\/tunisie\/2018\/08\/17\/apres-avoir-vecu-30-ans-dans-und-grotte-il-part-pour-le-hajj-a-la-mecque\/#respond"]}]},{"@type":"WebPage","@id":"https:\/\/kapitalis.com\/tunisie\/2018\/08\/17\/apres-avoir-vecu-30-ans-dans-und-grotte-il-part-pour-le-hajj-a-la-mecque\/","url":"https:\/\/kapitalis.com\/tunisie\/2018\/08\/17\/apres-avoir-vecu-30-ans-dans-und-grotte-il-part-pour-le-hajj-a-la-mecque\/","name":"Apr\u00e8s avoir v\u00e9cu 30 ans dans une grotte, il part pour le \"hajj\" \u00e0 la Mecque - Kapitalis","isPartOf":{"@id":"https:\/\/kapitalis.com\/tunisie\/#website"},"primaryImageOfPage":{"@id":"https:\/\/kapitalis.com\/tunisie\/2018\/08\/17\/apres-avoir-vecu-30-ans-dans-und-grotte-il-part-pour-le-hajj-a-la-mecque\/#primaryimage"},"image":{"@id":"https:\/\/kapitalis.com\/tunisie\/2018\/08\/17\/apres-avoir-vecu-30-ans-dans-und-grotte-il-part-pour-le-hajj-a-la-mecque\/#primaryimage"},"thumbnailUrl":"","datePublished":"2018-08-17T08:12:45+00:00","breadcrumb":{"@id":"https:\/\/kapitalis.com\/tunisie\/2018\/08\/17\/apres-avoir-vecu-30-ans-dans-und-grotte-il-part-pour-le-hajj-a-la-mecque\/#breadcrumb"},"inLanguage":"fr-FR","potentialAction":[{"@type":"ReadAction","target":["https:\/\/kapitalis.com\/tunisie\/2018\/08\/17\/apres-avoir-vecu-30-ans-dans-und-grotte-il-part-pour-le-hajj-a-la-mecque\/"]}]},{"@type":"ImageObject","inLanguage":"fr-FR","@id":"https:\/\/kapitalis.com\/tunisie\/2018\/08\/17\/apres-avoir-vecu-30-ans-dans-und-grotte-il-part-pour-le-hajj-a-la-mecque\/#primaryimage","url":"","contentUrl":""},{"@type":"BreadcrumbList","@id":"https:\/\/kapitalis.com\/tunisie\/2018\/08\/17\/apres-avoir-vecu-30-ans-dans-und-grotte-il-part-pour-le-hajj-a-la-mecque\/#breadcrumb","itemListElement":[{"@type":"ListItem","position":1,"name":"Accueil","item":"https:\/\/kapitalis.com\/tunisie\/"},{"@type":"ListItem","position":2,"name":"Apr\u00e8s avoir v\u00e9cu 30 ans dans une grotte, il part pour le \u00ab\u00a0hajj\u00a0\u00bb \u00e0 la Mecque"}]},{"@type":"WebSite","@id":"https:\/\/kapitalis.com\/tunisie\/#website","url":"https:\/\/kapitalis.com\/tunisie\/","name":"Kapitalis","description":"L&#039;actualit\u00e9 en Tunisie et dans le monde","publisher":{"@id":"https:\/\/kapitalis.com\/tunisie\/#organization"},"potentialAction":[{"@type":"SearchAction","target":{"@type":"EntryPoint","urlTemplate":"https:\/\/kapitalis.com\/tunisie\/?s={search_term_string}"},"query-input":{"@type":"PropertyValueSpecification","valueRequired":true,"valueName":"search_term_string"}}],"inLanguage":"fr-FR"},{"@type":"Organization","@id":"https:\/\/kapitalis.com\/tunisie\/#organization","name":"Kapitalis","url":"https:\/\/kapitalis.com\/tunisie\/","logo":{"@type":"ImageObject","inLanguage":"fr-FR","@id":"https:\/\/kapitalis.com\/tunisie\/#\/schema\/logo\/image\/","url":"https:\/\/kapitalis.com\/tunisie\/wp-content\/uploads\/2022\/05\/Kapitalis-big-size.png","contentUrl":"https:\/\/kapitalis.com\/tunisie\/wp-content\/uploads\/2022\/05\/Kapitalis-big-size.png","width":5000,"height":1500,"caption":"Kapitalis"},"image":{"@id":"https:\/\/kapitalis.com\/tunisie\/#\/schema\/logo\/image\/"},"sameAs":["https:\/\/www.facebook.com\/KapitalisInfo\/","https:\/\/x.com\/KapitalisInfo","https:\/\/www.youtube.com\/channel\/UC-yDYrHyfFBWWZaOw3FPg9Q"]},{"@type":"Person","@id":"https:\/\/kapitalis.com\/tunisie\/#\/schema\/person\/2c6e134b2f3369dffcd1daf5f087d28b","name":"emna benabdallah","url":"https:\/\/kapitalis.com\/tunisie\/author\/emna\/"}]}},"_links":{"self":[{"href":"https:\/\/kapitalis.com\/tunisie\/wp-json\/wp\/v2\/posts\/169670","targetHints":{"allow":["GET"]}}],"collection":[{"href":"https:\/\/kapitalis.com\/tunisie\/wp-json\/wp\/v2\/posts"}],"about":[{"href":"https:\/\/kapitalis.com\/tunisie\/wp-json\/wp\/v2\/types\/post"}],"author":[{"embeddable":true,"href":"https:\/\/kapitalis.com\/tunisie\/wp-json\/wp\/v2\/users\/16"}],"replies":[{"embeddable":true,"href":"https:\/\/kapitalis.com\/tunisie\/wp-json\/wp\/v2\/comments?post=169670"}],"version-history":[{"count":0,"href":"https:\/\/kapitalis.com\/tunisie\/wp-json\/wp\/v2\/posts\/169670\/revisions"}],"wp:featuredmedia":[{"embeddable":true,"href":"https:\/\/kapitalis.com\/tunisie\/wp-json\/wp\/v2\/media\/169674"}],"wp:attachment":[{"href":"https:\/\/kapitalis.com\/tunisie\/wp-json\/wp\/v2\/media?parent=169670"}],"wp:term":[{"taxonomy":"category","embeddable":true,"href":"https:\/\/kapitalis.com\/tunisie\/wp-json\/wp\/v2\/categories?post=169670"},{"taxonomy":"post_tag","embeddable":true,"href":"https:\/\/kapitalis.com\/tunisie\/wp-json\/wp\/v2\/tags?post=169670"}],"curies":[{"name":"wp","href":"https:\/\/api.w.org\/{rel}","templated":true}]}}