{"id":170009,"date":"2018-08-19T11:26:30","date_gmt":"2018-08-19T10:26:30","guid":{"rendered":"http:\/\/kapitalis.com\/tunisie\/?p=170009"},"modified":"2018-08-19T11:26:30","modified_gmt":"2018-08-19T10:26:30","slug":"bloc-notes-sanctuariser-la-tunisie-face-au-chaos-interne-et-externe","status":"publish","type":"post","link":"https:\/\/kapitalis.com\/tunisie\/2018\/08\/19\/bloc-notes-sanctuariser-la-tunisie-face-au-chaos-interne-et-externe\/","title":{"rendered":"Bloc notes : Sanctuariser la Tunisie face au chaos interne et externe"},"content":{"rendered":"<p style=\"text-align: center;\"><img loading=\"lazy\" decoding=\"async\" class=\"alignnone size-full wp-image-170010\" src=\"http:\/\/kapitalis.com\/tunisie\/wp-content\/uploads\/2018\/08\/Tunisie-Union-europenne.jpg\" alt=\"\" width=\"626\" height=\"380\" \/><\/p>\n<p><em><strong>Face au terrorisme, y compris mental, interne comme externe et au chaos libyen, tous deux entretenus par les int\u00e9r\u00eats des puissances imp\u00e9rialistes, la Tunisie doit \u00eatre sanctuaris\u00e9e.<\/strong> <\/em><\/p>\n<p>Par <strong>Farhat Othman<\/strong> *<\/p>\n<p><!--more--><\/p>\n<p><img loading=\"lazy\" decoding=\"async\" class=\"alignnone size-full wp-image-80097 alignleft\" src=\"http:\/\/kapitalis.com\/tunisie\/wp-content\/uploads\/2017\/01\/Farhat-Othman.jpg\" alt=\"\" width=\"200\" height=\"150\" \/>Le chaos (<em>khaos<\/em>) signifie l\u2019abysse en grec. C\u2019est le fond qu\u2019on ne peut que toucher quand on coule en mer, mais qui peut autoriser aussi une remont\u00e9e si l\u2019on garde intacts ses r\u00e9flexes et sa vigueur. Car le coup de pied donn\u00e9 au fond marin est de nature \u00e0 se r\u00e9v\u00e9ler salutaire, autorisant une remont\u00e9e \u00e0 la surface.<\/p>\n<p>Or, la Tunisie fait face \u00e0 un double chaos, aussi bien interne qu\u2019externe, manifest\u00e9 par ce terrorisme, tout autant physique que mental, ce dernier faisant une lecture dogmatique de la religion, et trouvant son terreau dans la Libye d\u00e9stabilis\u00e9e. Comment y faire face au mieux ?<\/p>\n<h3>Sanctuarisation urgente et imp\u00e9rative<\/h3>\n<p>Tout d\u2019abord, il nous faut nous persuader que tout nouveau monde est toujours issu du chaos qui accompagne la fin de l\u2019ancien qu\u2019il vient remplacer. Et la Tunisie qui se veut une nouvelle R\u00e9publique, autant dire aspirant \u00e0 un nouveau monde, ne peut \u00e9chapper \u00e0 un tel chaos dont elle souffre actuellement. Aussi ne doit-elle pas s\u2019en plaindre, mais s\u2019appliquer \u00e0 bien le g\u00e9rer afin d\u2019assurer son salut futur et sa renaissance.<\/p>\n<p>Ensuite, cela impose d\u2019oser innover en tout, notamment en diplomatie, en vue d\u2019\u00eatre au diapason des d\u00e9fis majeurs auxquels le pays fait face dans le pays et alentour. Il importe, pour ce faire, de toujours aller aux causes premi\u00e8res des r\u00e9alit\u00e9s contraignantes que nous subissons. Nous nous limiterons ici \u00e0 \u00e9voquer le chaos libyen aux accointances \u00e9videntes avec les p\u00e9rils internes, \u00e9tant le produit du jeu machiav\u00e9lique des puissances \u00e9trang\u00e8res, grandes et petites, lorgnant les richesses de ce pays asservi, et se servant de ses relais chez nous, directs et indirects.<\/p>\n<p>Parmi les puissances actives en Libye, il y a bien celles de l\u2019Europe qui ne doit plus faire semblant d\u2019ignorer ses responsabilit\u00e9s, tant dans ce pays qu\u2019en Tunisie, du point de vue des retomb\u00e9es catastrophiques de ses men\u00e9es, affich\u00e9s comme occultes. Aussi, l\u2019Union europ\u00e9enne (UE), si elle entend comme elle le pr\u00e9tend pr\u00e9server la Tunisie de ce qu\u2019endure son voisin, doit lui proposer, au plus vite et avant que celle-ci n\u2019ose se voir contrainte de le faire, l\u2019adh\u00e9sion \u00e0 son union. Car une telle issue est in\u00e9vitable et in\u00e9luctable, fatale m\u00eame.<\/p>\n<p>Cela pourrait, pour commencer, ne se faire qu\u2019en termes de d\u00e9claration solennelle d\u2019intentions avec un \u00e9ch\u00e9ancier assez \u00e9largi dans le temps. Toutefois, une telle annonce doit emporter quelques actes imm\u00e9diats \u00e0 haute valeur symbolique. Le premier sera la sanctuarisation du territoire tunisien devenant une future partie int\u00e9grante de l\u2019Europe, imposant sa totale s\u00e9curit\u00e9. Le second, d\u00e9coulant du premier, est la libre circulation citoyenne \u00e0 instaurer entre la Tunisie et l\u2019Union sous visa biom\u00e9trique de circulation d\u00e9livrable d\u2019office et gratuitement, pour une ann\u00e9e pour le moins, aux ressortissants tunisiens.<\/p>\n<p>Une telle nouvelle donne en M\u00e9diterran\u00e9e sera, au demeurant, le prolongement \u00e9vident de la nouvelle vision du drame libyen que d\u00e9veloppe d\u00e9sormais la diplomatie tunisienne et devant aboutir logiquement vers une telle sanctuarisation en un acte patriotique \u00e9minent.<\/p>\n<p>Rappelons, \u00e0 ce propos, que la sanctuarisation d\u00e9rive du latin chr\u00e9tien <em>sanctuarium<\/em> voulant dire lieu sacr\u00e9, et du latin classique <em>sanctus<\/em> signifiant consacr\u00e9. N\u2019est-ce pas, \u00e0 si peu de choses, le sens m\u00eame de la patrie (<em>patria<\/em>) qui est forc\u00e9ment voulue inviolable au sens qu\u2019on ne peut enfreindre et violer, que l\u2019on doit pr\u00e9server, \u00e9tant redevable du respect et de cette d\u00e9votion que l\u2019on doit \u00e0 un p\u00e8re (<em>pater<\/em>) en tant que pays du p\u00e8re, sens \u00e9tymologique de la patrie ?<\/p>\n<h3>Une vision diplomatique lucide<\/h3>\n<p>Il semble bien que l\u2019on se dirige vers une telle issue avec l\u2019actuel chef de la diplomatie tunisienne qui ose d\u00e9sormais tenir des propos originaux auxquels l\u2019on n&rsquo;avait pas l\u2019habitude, comme ceux tenus r\u00e9cemment sur le drame libyen.<\/p>\n<p>Ainsi, dans un entretien \u00e0 la revue am\u00e9ricaine <a href=\"http:\/\/kapitalis.com\/tunisie\/2018\/08\/08\/jhinaoui-la-crise-libyenne-obstacle-majeur-a-la-stabilite-en-tunisie\/\" target=\"_blank\" rel=\"noopener\"><em>\u2018\u2018Foreign Policy\u2019\u2019,<\/em> le ministre Jhinaoui <\/a>a-t-il jug\u00e9 <em>\u00abinconsid\u00e9r\u00e9e\u00bb<\/em> l\u2019action men\u00e9e en Libye en 2011 par la coalition occidentale sous la conduite de l\u2019Organisation du trait\u00e9 de l\u2019Atlantique Nord (Otan), d\u00e9plorant que la Tunisie continue de subir les effets n\u00e9gatifs d\u2019une telle campagne caract\u00e9ris\u00e9e comme ayant \u00e9t\u00e9 <em>\u00abirr\u00e9fl\u00e9chie\u00bb<\/em>, expliquant que si elle a mis fin \u00e0 la dictature de Kadhafi, elle a \u00e9galement engendr\u00e9 un cycle interminable de violences et d\u2019instabilit\u00e9 dans ce pays et dans toute la r\u00e9gion.<\/p>\n<p>Ce qui est encore plus original, c\u2019est qu\u2019en rappelant que la s\u00e9curit\u00e9 de la Tunisie est \u00e9troitement li\u00e9e \u00e0 la situation en Libye et \u00e0 la stabilit\u00e9 dans ce pays, M. Jhinaoui n\u2019a pas tu cette \u00e9vidence qu\u2019actuellement des puissances \u00e9trang\u00e8res se servent du terrain libyen comme ar\u00e8ne de leurs guerres par procuration. Surtout, il a eu cette belle formule qui restera assur\u00e9ment dans les annales diplomatiques comme la plus fine analyse du chaos libyen : <em>\u00abCe qui s\u2019est pass\u00e9 en 2011, c\u2019\u00e9tait presque un d\u00e9lit de fuite. Les forces de la coalition occidentale ont frapp\u00e9 et, apr\u00e8s leur attaque, elles se sont vite retir\u00e9es et ont laiss\u00e9 le chaos derri\u00e8re elle\u00bb.<\/em><\/p>\n<p>Bien mieux, M. Jhinaoui se permet le luxe d\u2019enfoncer le clou, disant qu\u2019<em>\u00abil n\u2019y avait aucune strat\u00e9gie de d\u00e9sengagement, ils<\/em> (les pays occidentaux) <em>ont renvers\u00e9 le r\u00e9gime de Kadhafi, mais n\u2019ont pas pr\u00e9vu de cr\u00e9er les conditions favorables qui auraient permis aux Libyens d&rsquo;\u00eatre ou de choisir un autre gouvernement pour remplacer celui qui a \u00e9t\u00e9 destitu\u00e9. C\u2019est ainsi que la Libye se trouve aujourd\u2019hui enlis\u00e9e dans le bourbier \u00bb.<\/em><\/p>\n<h3>Nouvelle donne \u00e9thique en M\u00e9diterran\u00e9e<\/h3>\n<p>Une telle libert\u00e9 de ton, \u00f4 combien inhabituelle, nous l\u2019observons aussi, mais en puissance, dans ce qui augurerait d\u2019un infl\u00e9chissement de la vision diplomatique de la Tunisie \u00e0 l\u2019\u00e9gard de ses partenaires, dont le plus proche et le plus important, l\u2019Europe, \u00e9tant d\u00e9j\u00e0 de mise avec cet autre partenaire activement pr\u00e9sent en Tunisie que sont les \u00c9tats-Unis. Ainsi, durant sa visite \u00e0 Washington, plaidant la cause de la coop\u00e9ration \u00e9conomique et s\u00e9curitaire entre les deux pays, notre ministre des Affaires \u00e9trang\u00e8res a insist\u00e9 sur le fait qu\u2019elle implique que <em>\u00abla situation se stabilise en Libye, car la s\u00e9curit\u00e9 de ce pays et la n\u00f4tre sont interd\u00e9pendantes\u00bb<\/em>. Sans langue de bois, il a \u00e9galement pr\u00e9cis\u00e9 que la Libye dispose d\u2019un certain nombre d\u2019atouts indispensables \u00e0 la stabilit\u00e9 et \u00e0 la prosp\u00e9rit\u00e9, notamment des richesses naturelles abondantes et une soci\u00e9t\u00e9 relativement homog\u00e8ne; aussi, importe-t-il qu\u2019elle retrouve rapidement la paix pour le bonheur de la Tunisie. Ce qui suppose, pour qu\u2019une telle issue advienne, une implication yankee plus s\u00e9rieuse en ce sens.<\/p>\n<p>Dans son attente, et qui risque de durer encore quelque temps, peut-on se satisfaire de la situation pr\u00e9sente de la Tunisie, d\u00e9munie devant ce qui la d\u00e9passe? Assur\u00e9ment non! D\u2019autant mieux que le ministre la d\u00e9nonce bien sans d\u00e9tour: <em>\u00abActuellement, ce qui complique encore plus la situation en Libye, ce sont les ing\u00e9rences \u00e9trang\u00e8res\u00bb<\/em>.<\/p>\n<p>Certes, M. Jhinaoui ne donne pas de noms, mais il est \u00e9vident qu\u2019il fait allusion \u00e0 cette dynamique d\u00e9ploy\u00e9e par certains pays d&rsquo;Europe et du Moyen-Orient qui se bousculent au portillon de <em>\u00abce pays tr\u00e8s riche en p\u00e9trole\u00bb.<\/em><\/p>\n<p>Tout cela indique, m\u00eame subrepticement, la fatale n\u00e9cessit\u00e9 d\u2019agir pour sanctuariser urgemment notre pays qui, objectivement, ne saurait se faire utilement que par une int\u00e9gration \u00e0 l\u2019Europe. Ce qui augure que la Tunisie osera, t\u00f4t ou tard, r\u00e9clamer que sa d\u00e9pendance actuelle, informelle et sans droits au b\u00e9n\u00e9fice quasi exclusif de l\u2019Europe, devienne formelle et g\u00e9n\u00e9ratrice de droit au travers du statut \u00e0 terme de membre adh\u00e9rent, et que manifestera, imm\u00e9diatement, une libre circulation humaine sous visa biom\u00e9trique, l\u2019outil fiable, respectueux \u00e0 la fois des r\u00e9quisits s\u00e9curitaires et du droit humain qu\u2019est le libre mouvement.<\/p>\n<p>Cette fatalit\u00e9 est de plus en plus \u00e9vidente chez les officiels Tunisiens au vu de la situation en M\u00e9diterran\u00e9e livr\u00e9e aux drames des boat people qui traduisent moins un d\u00e9sir d\u2019envahissement de l\u2019Europe qu\u2019une volont\u00e9 que rien ne devrait \u00e0 l\u2019avenir contrarier la libre circulation humaine, d\u2019autant mieux que l\u2019outil ad\u00e9quat a bien \u00e9t\u00e9 trouv\u00e9. La Tunisie ne saurait donc ne pas se charger de cette nouvelle initiative avant-gardiste annon\u00e7ant la nouvelle in\u00e9vitable donne en M\u00e9diterran\u00e9e. Aussi, la question qui se pose est juste de savoir quand cela se fera.<\/p>\n<p>Serait-ce \u00e0 l\u2019occasion de la prochaine visite du nouveau ministre de l\u2019Int\u00e9rieur italien, Matteo Salvini, qui ne cesse de se plaindre maladroitement de ce qu\u2019il pr\u00e9sente, bien \u00e0 tort, comme une invasion de son pays par des terroristes que lui enverrait notre pays? Cet \u00e9minent homme de la droite x\u00e9nophobe italienne a, en effet, fait \u00e9tat d\u2019une prochaine tourn\u00e9e maghr\u00e9bine, portant sur <em>\u00abun projet qui devrait assurer un soutien de plus d\u2019un milliard de dollars aux \u00e9conomies de la Tunisie, de l\u2019Alg\u00e9rie et du Maroc, et qui permettra aussi de cr\u00e9er des emplois\u00bb<\/em>.<\/p>\n<p>C\u2019est qu\u2019il importe, au plus haut point, de d\u00e9tromper M. Salvini en lui d\u00e9montrant que les relations entre les Tunisie et l\u2019Italie ne peuvent se r\u00e9soudre en une question d\u2019argent ou de flux clandestins. Il doit comprendre, et \u00e0 travers lui tout Bruxelles, que la question de la clandestinit\u00e9 est le pur produit de l\u2019actuelle politique europ\u00e9enne autiste \u00e0 la situation de ce qui demeure sa chasse gard\u00e9e maghr\u00e9bine, imposant qu\u2019elle se d\u00e9barrasse de sa politique migratoire obsol\u00e8te et ses r\u00e9flexes coloniaux. Seule une initiative tunisienne dans le sens indiqu\u00e9, au nom de la sanctuarisation du pays, pourrait l\u2019aider \u00e0 initier rapidement la nouvelle donne in\u00e9vitable en M\u00e9diterran\u00e9e. Le sens de l\u2019histoire la rend fatale et il importe de le suivre sans plus tarder, anticipant l\u2019occurrence dans les meilleures conditions d\u2019un meilleur futur. C\u2019est ce que commande aussi l\u2019\u00e9thique en un temps o\u00f9 l\u2019on abat toutes les fronti\u00e8res devant les marchandises et les services, non aux humains devant pourtant \u00eatre servis en premier.<\/p>\n<p><em>* Ancien diplomate, \u00e9crivain.<\/em><\/p>\n<p><em><strong>Articles du m\u00eame auteur dans Kapitalis:\u00a0<\/strong><\/em><\/p>\n<blockquote class=\"wp-embedded-content\" data-secret=\"SwryYgDz1R\"><p><a href=\"https:\/\/kapitalis.com\/tunisie\/2018\/07\/01\/bloc-notes-sortir-leurope-de-sa-hantise-migratoire\/\">Bloc-notes : Sortir l\u2019Europe de sa hantise migratoire<\/a><\/p><\/blockquote>\n<p><iframe loading=\"lazy\" class=\"wp-embedded-content\" sandbox=\"allow-scripts\" security=\"restricted\" style=\"position: absolute; clip: rect(1px, 1px, 1px, 1px);\" title=\"\u00ab\u00a0Bloc-notes : Sortir l\u2019Europe de sa hantise migratoire\u00a0\u00bb &#8212; Kapitalis\" src=\"https:\/\/kapitalis.com\/tunisie\/2018\/07\/01\/bloc-notes-sortir-leurope-de-sa-hantise-migratoire\/embed\/#?secret=5DVRBmmha5#?secret=SwryYgDz1R\" data-secret=\"SwryYgDz1R\" width=\"600\" height=\"338\" frameborder=\"0\" marginwidth=\"0\" marginheight=\"0\" scrolling=\"no\"><\/iframe><\/p>\n<blockquote class=\"wp-embedded-content\" data-secret=\"SLSsY2SuIZ\"><p><a href=\"https:\/\/kapitalis.com\/tunisie\/2017\/11\/12\/bloc-notes-pour-un-espace-ouvert-entre-la-tunisie-et-lunion-europeenne\/\">Bloc-notes : Pour un \u00abEspace ouvert\u00bb entre la Tunisie et l\u2019Union europ\u00e9enne<\/a><\/p><\/blockquote>\n<p><iframe loading=\"lazy\" class=\"wp-embedded-content\" sandbox=\"allow-scripts\" security=\"restricted\" style=\"position: absolute; clip: rect(1px, 1px, 1px, 1px);\" title=\"\u00ab\u00a0Bloc-notes : Pour un \u00abEspace ouvert\u00bb entre la Tunisie et l\u2019Union europ\u00e9enne\u00a0\u00bb &#8212; Kapitalis\" src=\"https:\/\/kapitalis.com\/tunisie\/2017\/11\/12\/bloc-notes-pour-un-espace-ouvert-entre-la-tunisie-et-lunion-europeenne\/embed\/#?secret=FXUGgkB3JP#?secret=SLSsY2SuIZ\" data-secret=\"SLSsY2SuIZ\" width=\"600\" height=\"338\" frameborder=\"0\" marginwidth=\"0\" marginheight=\"0\" scrolling=\"no\"><\/iframe><\/p>\n<blockquote class=\"wp-embedded-content\" data-secret=\"xDw8yeZWsY\"><p><a href=\"https:\/\/kapitalis.com\/tunisie\/2018\/03\/11\/bloc-notes-apres-litalie-le-temps-des-revisions-dechirantes-pour-leurope\/\">Bloc-notes : Apr\u00e8s l\u2019Italie, le temps des r\u00e9visions d\u00e9chirantes pour l\u2019Europe<\/a><\/p><\/blockquote>\n<p><iframe loading=\"lazy\" class=\"wp-embedded-content\" sandbox=\"allow-scripts\" security=\"restricted\" style=\"position: absolute; clip: rect(1px, 1px, 1px, 1px);\" title=\"\u00ab\u00a0Bloc-notes : Apr\u00e8s l\u2019Italie, le temps des r\u00e9visions d\u00e9chirantes pour l\u2019Europe\u00a0\u00bb &#8212; Kapitalis\" src=\"https:\/\/kapitalis.com\/tunisie\/2018\/03\/11\/bloc-notes-apres-litalie-le-temps-des-revisions-dechirantes-pour-leurope\/embed\/#?secret=pJLv9UEDib#?secret=xDw8yeZWsY\" data-secret=\"xDw8yeZWsY\" width=\"600\" height=\"338\" frameborder=\"0\" marginwidth=\"0\" marginheight=\"0\" scrolling=\"no\"><\/iframe><\/p>\n","protected":false},"excerpt":{"rendered":"<p>Face au terrorisme, y compris mental, interne comme externe et au chaos libyen, tous deux entretenus par les int\u00e9r\u00eats des puissances imp\u00e9rialistes, la Tunisie doit \u00eatre sanctuaris\u00e9e. Par Farhat Othman *<\/p>\n","protected":false},"author":8,"featured_media":170010,"comment_status":"open","ping_status":"open","sticky":false,"template":"","format":"standard","meta":{"footnotes":""},"categories":[992,997,1000,2433],"tags":[505,5926,544,43649,595,937],"class_list":["post-170009","post","type-post","status-publish","format-standard","has-post-thumbnail","hentry","category-a-la-une","category-politique","category-tribune","category-tunisie","tag-italie","tag-kadhafi","tag-libye","tag-matteo-salvini","tag-mediterranee","tag-union-europeenne"],"yoast_head":"<!-- This site is optimized with the Yoast SEO plugin v26.6 - https:\/\/yoast.com\/wordpress\/plugins\/seo\/ -->\n<title>Bloc notes : Sanctuariser la Tunisie face au chaos interne et externe - Kapitalis<\/title>\n<meta name=\"robots\" content=\"index, follow, max-snippet:-1, max-image-preview:large, max-video-preview:-1\" \/>\n<link rel=\"canonical\" href=\"https:\/\/kapitalis.com\/tunisie\/2018\/08\/19\/bloc-notes-sanctuariser-la-tunisie-face-au-chaos-interne-et-externe\/\" \/>\n<meta property=\"og:locale\" content=\"fr_FR\" \/>\n<meta property=\"og:type\" content=\"article\" \/>\n<meta property=\"og:title\" content=\"Bloc notes : Sanctuariser la Tunisie face au chaos interne et externe - Kapitalis\" \/>\n<meta property=\"og:description\" content=\"Face au terrorisme, y compris mental, interne comme externe et au chaos libyen, tous deux entretenus par les int\u00e9r\u00eats des puissances imp\u00e9rialistes, la Tunisie doit \u00eatre sanctuaris\u00e9e. Par Farhat Othman *\" \/>\n<meta property=\"og:url\" content=\"https:\/\/kapitalis.com\/tunisie\/2018\/08\/19\/bloc-notes-sanctuariser-la-tunisie-face-au-chaos-interne-et-externe\/\" \/>\n<meta property=\"og:site_name\" content=\"Kapitalis\" \/>\n<meta property=\"article:publisher\" content=\"https:\/\/www.facebook.com\/KapitalisInfo\/\" \/>\n<meta property=\"article:published_time\" content=\"2018-08-19T10:26:30+00:00\" \/>\n<meta property=\"og:image\" content=\"https:\/\/kapitalis.com\/tunisie\/wp-content\/uploads\/2022\/05\/kapitalis-logo-fb.png\" \/>\n\t<meta property=\"og:image:width\" content=\"1200\" \/>\n\t<meta property=\"og:image:height\" content=\"630\" \/>\n\t<meta property=\"og:image:type\" content=\"image\/png\" \/>\n<meta name=\"author\" content=\"webmaster kapitalis\" \/>\n<meta name=\"twitter:card\" content=\"summary_large_image\" \/>\n<meta name=\"twitter:creator\" content=\"@KapitalisInfo\" \/>\n<meta name=\"twitter:site\" content=\"@KapitalisInfo\" \/>\n<meta name=\"twitter:label1\" content=\"\u00c9crit par\" \/>\n\t<meta name=\"twitter:data1\" content=\"webmaster kapitalis\" \/>\n\t<meta name=\"twitter:label2\" content=\"Dur\u00e9e de lecture estim\u00e9e\" \/>\n\t<meta name=\"twitter:data2\" content=\"9 minutes\" \/>\n<script type=\"application\/ld+json\" class=\"yoast-schema-graph\">{\"@context\":\"https:\/\/schema.org\",\"@graph\":[{\"@type\":\"Article\",\"@id\":\"https:\/\/kapitalis.com\/tunisie\/2018\/08\/19\/bloc-notes-sanctuariser-la-tunisie-face-au-chaos-interne-et-externe\/#article\",\"isPartOf\":{\"@id\":\"https:\/\/kapitalis.com\/tunisie\/2018\/08\/19\/bloc-notes-sanctuariser-la-tunisie-face-au-chaos-interne-et-externe\/\"},\"author\":{\"name\":\"webmaster kapitalis\",\"@id\":\"https:\/\/kapitalis.com\/tunisie\/#\/schema\/person\/d71f33a9ca44f7bad4698210b480c8e9\"},\"headline\":\"Bloc notes : Sanctuariser la Tunisie face au chaos interne et externe\",\"datePublished\":\"2018-08-19T10:26:30+00:00\",\"mainEntityOfPage\":{\"@id\":\"https:\/\/kapitalis.com\/tunisie\/2018\/08\/19\/bloc-notes-sanctuariser-la-tunisie-face-au-chaos-interne-et-externe\/\"},\"wordCount\":1859,\"commentCount\":4,\"publisher\":{\"@id\":\"https:\/\/kapitalis.com\/tunisie\/#organization\"},\"image\":{\"@id\":\"https:\/\/kapitalis.com\/tunisie\/2018\/08\/19\/bloc-notes-sanctuariser-la-tunisie-face-au-chaos-interne-et-externe\/#primaryimage\"},\"thumbnailUrl\":\"\",\"keywords\":[\"Italie\",\"Kadhafi\",\"Libye\",\"Matteo Salvini\",\"M\u00e9diterran\u00e9e\",\"Union europ\u00e9enne\"],\"articleSection\":[\"A LA UNE\",\"POLITIQUE\",\"TRIBUNE\",\"Tunisie\"],\"inLanguage\":\"fr-FR\",\"potentialAction\":[{\"@type\":\"CommentAction\",\"name\":\"Comment\",\"target\":[\"https:\/\/kapitalis.com\/tunisie\/2018\/08\/19\/bloc-notes-sanctuariser-la-tunisie-face-au-chaos-interne-et-externe\/#respond\"]}]},{\"@type\":\"WebPage\",\"@id\":\"https:\/\/kapitalis.com\/tunisie\/2018\/08\/19\/bloc-notes-sanctuariser-la-tunisie-face-au-chaos-interne-et-externe\/\",\"url\":\"https:\/\/kapitalis.com\/tunisie\/2018\/08\/19\/bloc-notes-sanctuariser-la-tunisie-face-au-chaos-interne-et-externe\/\",\"name\":\"Bloc notes : Sanctuariser la Tunisie face au chaos interne et externe - Kapitalis\",\"isPartOf\":{\"@id\":\"https:\/\/kapitalis.com\/tunisie\/#website\"},\"primaryImageOfPage\":{\"@id\":\"https:\/\/kapitalis.com\/tunisie\/2018\/08\/19\/bloc-notes-sanctuariser-la-tunisie-face-au-chaos-interne-et-externe\/#primaryimage\"},\"image\":{\"@id\":\"https:\/\/kapitalis.com\/tunisie\/2018\/08\/19\/bloc-notes-sanctuariser-la-tunisie-face-au-chaos-interne-et-externe\/#primaryimage\"},\"thumbnailUrl\":\"\",\"datePublished\":\"2018-08-19T10:26:30+00:00\",\"breadcrumb\":{\"@id\":\"https:\/\/kapitalis.com\/tunisie\/2018\/08\/19\/bloc-notes-sanctuariser-la-tunisie-face-au-chaos-interne-et-externe\/#breadcrumb\"},\"inLanguage\":\"fr-FR\",\"potentialAction\":[{\"@type\":\"ReadAction\",\"target\":[\"https:\/\/kapitalis.com\/tunisie\/2018\/08\/19\/bloc-notes-sanctuariser-la-tunisie-face-au-chaos-interne-et-externe\/\"]}]},{\"@type\":\"ImageObject\",\"inLanguage\":\"fr-FR\",\"@id\":\"https:\/\/kapitalis.com\/tunisie\/2018\/08\/19\/bloc-notes-sanctuariser-la-tunisie-face-au-chaos-interne-et-externe\/#primaryimage\",\"url\":\"\",\"contentUrl\":\"\"},{\"@type\":\"BreadcrumbList\",\"@id\":\"https:\/\/kapitalis.com\/tunisie\/2018\/08\/19\/bloc-notes-sanctuariser-la-tunisie-face-au-chaos-interne-et-externe\/#breadcrumb\",\"itemListElement\":[{\"@type\":\"ListItem\",\"position\":1,\"name\":\"Accueil\",\"item\":\"https:\/\/kapitalis.com\/tunisie\/\"},{\"@type\":\"ListItem\",\"position\":2,\"name\":\"Bloc notes : Sanctuariser la Tunisie face au chaos interne et externe\"}]},{\"@type\":\"WebSite\",\"@id\":\"https:\/\/kapitalis.com\/tunisie\/#website\",\"url\":\"https:\/\/kapitalis.com\/tunisie\/\",\"name\":\"Kapitalis\",\"description\":\"L&#039;actualit\u00e9 en Tunisie et dans le monde\",\"publisher\":{\"@id\":\"https:\/\/kapitalis.com\/tunisie\/#organization\"},\"potentialAction\":[{\"@type\":\"SearchAction\",\"target\":{\"@type\":\"EntryPoint\",\"urlTemplate\":\"https:\/\/kapitalis.com\/tunisie\/?s={search_term_string}\"},\"query-input\":{\"@type\":\"PropertyValueSpecification\",\"valueRequired\":true,\"valueName\":\"search_term_string\"}}],\"inLanguage\":\"fr-FR\"},{\"@type\":\"Organization\",\"@id\":\"https:\/\/kapitalis.com\/tunisie\/#organization\",\"name\":\"Kapitalis\",\"url\":\"https:\/\/kapitalis.com\/tunisie\/\",\"logo\":{\"@type\":\"ImageObject\",\"inLanguage\":\"fr-FR\",\"@id\":\"https:\/\/kapitalis.com\/tunisie\/#\/schema\/logo\/image\/\",\"url\":\"https:\/\/kapitalis.com\/tunisie\/wp-content\/uploads\/2022\/05\/Kapitalis-big-size.png\",\"contentUrl\":\"https:\/\/kapitalis.com\/tunisie\/wp-content\/uploads\/2022\/05\/Kapitalis-big-size.png\",\"width\":5000,\"height\":1500,\"caption\":\"Kapitalis\"},\"image\":{\"@id\":\"https:\/\/kapitalis.com\/tunisie\/#\/schema\/logo\/image\/\"},\"sameAs\":[\"https:\/\/www.facebook.com\/KapitalisInfo\/\",\"https:\/\/x.com\/KapitalisInfo\",\"https:\/\/www.youtube.com\/channel\/UC-yDYrHyfFBWWZaOw3FPg9Q\"]},{\"@type\":\"Person\",\"@id\":\"https:\/\/kapitalis.com\/tunisie\/#\/schema\/person\/d71f33a9ca44f7bad4698210b480c8e9\",\"name\":\"webmaster kapitalis\",\"url\":\"https:\/\/kapitalis.com\/tunisie\/author\/webmaster-kapitalis\/\"}]}<\/script>\n<!-- \/ Yoast SEO plugin. -->","yoast_head_json":{"title":"Bloc notes : Sanctuariser la Tunisie face au chaos interne et externe - Kapitalis","robots":{"index":"index","follow":"follow","max-snippet":"max-snippet:-1","max-image-preview":"max-image-preview:large","max-video-preview":"max-video-preview:-1"},"canonical":"https:\/\/kapitalis.com\/tunisie\/2018\/08\/19\/bloc-notes-sanctuariser-la-tunisie-face-au-chaos-interne-et-externe\/","og_locale":"fr_FR","og_type":"article","og_title":"Bloc notes : Sanctuariser la Tunisie face au chaos interne et externe - Kapitalis","og_description":"Face au terrorisme, y compris mental, interne comme externe et au chaos libyen, tous deux entretenus par les int\u00e9r\u00eats des puissances imp\u00e9rialistes, la Tunisie doit \u00eatre sanctuaris\u00e9e. Par Farhat Othman *","og_url":"https:\/\/kapitalis.com\/tunisie\/2018\/08\/19\/bloc-notes-sanctuariser-la-tunisie-face-au-chaos-interne-et-externe\/","og_site_name":"Kapitalis","article_publisher":"https:\/\/www.facebook.com\/KapitalisInfo\/","article_published_time":"2018-08-19T10:26:30+00:00","og_image":[{"width":1200,"height":630,"url":"https:\/\/kapitalis.com\/tunisie\/wp-content\/uploads\/2022\/05\/kapitalis-logo-fb.png","type":"image\/png"}],"author":"webmaster kapitalis","twitter_card":"summary_large_image","twitter_creator":"@KapitalisInfo","twitter_site":"@KapitalisInfo","twitter_misc":{"\u00c9crit par":"webmaster kapitalis","Dur\u00e9e de lecture estim\u00e9e":"9 minutes"},"schema":{"@context":"https:\/\/schema.org","@graph":[{"@type":"Article","@id":"https:\/\/kapitalis.com\/tunisie\/2018\/08\/19\/bloc-notes-sanctuariser-la-tunisie-face-au-chaos-interne-et-externe\/#article","isPartOf":{"@id":"https:\/\/kapitalis.com\/tunisie\/2018\/08\/19\/bloc-notes-sanctuariser-la-tunisie-face-au-chaos-interne-et-externe\/"},"author":{"name":"webmaster kapitalis","@id":"https:\/\/kapitalis.com\/tunisie\/#\/schema\/person\/d71f33a9ca44f7bad4698210b480c8e9"},"headline":"Bloc notes : Sanctuariser la Tunisie face au chaos interne et externe","datePublished":"2018-08-19T10:26:30+00:00","mainEntityOfPage":{"@id":"https:\/\/kapitalis.com\/tunisie\/2018\/08\/19\/bloc-notes-sanctuariser-la-tunisie-face-au-chaos-interne-et-externe\/"},"wordCount":1859,"commentCount":4,"publisher":{"@id":"https:\/\/kapitalis.com\/tunisie\/#organization"},"image":{"@id":"https:\/\/kapitalis.com\/tunisie\/2018\/08\/19\/bloc-notes-sanctuariser-la-tunisie-face-au-chaos-interne-et-externe\/#primaryimage"},"thumbnailUrl":"","keywords":["Italie","Kadhafi","Libye","Matteo Salvini","M\u00e9diterran\u00e9e","Union europ\u00e9enne"],"articleSection":["A LA UNE","POLITIQUE","TRIBUNE","Tunisie"],"inLanguage":"fr-FR","potentialAction":[{"@type":"CommentAction","name":"Comment","target":["https:\/\/kapitalis.com\/tunisie\/2018\/08\/19\/bloc-notes-sanctuariser-la-tunisie-face-au-chaos-interne-et-externe\/#respond"]}]},{"@type":"WebPage","@id":"https:\/\/kapitalis.com\/tunisie\/2018\/08\/19\/bloc-notes-sanctuariser-la-tunisie-face-au-chaos-interne-et-externe\/","url":"https:\/\/kapitalis.com\/tunisie\/2018\/08\/19\/bloc-notes-sanctuariser-la-tunisie-face-au-chaos-interne-et-externe\/","name":"Bloc notes : Sanctuariser la Tunisie face au chaos interne et externe - Kapitalis","isPartOf":{"@id":"https:\/\/kapitalis.com\/tunisie\/#website"},"primaryImageOfPage":{"@id":"https:\/\/kapitalis.com\/tunisie\/2018\/08\/19\/bloc-notes-sanctuariser-la-tunisie-face-au-chaos-interne-et-externe\/#primaryimage"},"image":{"@id":"https:\/\/kapitalis.com\/tunisie\/2018\/08\/19\/bloc-notes-sanctuariser-la-tunisie-face-au-chaos-interne-et-externe\/#primaryimage"},"thumbnailUrl":"","datePublished":"2018-08-19T10:26:30+00:00","breadcrumb":{"@id":"https:\/\/kapitalis.com\/tunisie\/2018\/08\/19\/bloc-notes-sanctuariser-la-tunisie-face-au-chaos-interne-et-externe\/#breadcrumb"},"inLanguage":"fr-FR","potentialAction":[{"@type":"ReadAction","target":["https:\/\/kapitalis.com\/tunisie\/2018\/08\/19\/bloc-notes-sanctuariser-la-tunisie-face-au-chaos-interne-et-externe\/"]}]},{"@type":"ImageObject","inLanguage":"fr-FR","@id":"https:\/\/kapitalis.com\/tunisie\/2018\/08\/19\/bloc-notes-sanctuariser-la-tunisie-face-au-chaos-interne-et-externe\/#primaryimage","url":"","contentUrl":""},{"@type":"BreadcrumbList","@id":"https:\/\/kapitalis.com\/tunisie\/2018\/08\/19\/bloc-notes-sanctuariser-la-tunisie-face-au-chaos-interne-et-externe\/#breadcrumb","itemListElement":[{"@type":"ListItem","position":1,"name":"Accueil","item":"https:\/\/kapitalis.com\/tunisie\/"},{"@type":"ListItem","position":2,"name":"Bloc notes : Sanctuariser la Tunisie face au chaos interne et externe"}]},{"@type":"WebSite","@id":"https:\/\/kapitalis.com\/tunisie\/#website","url":"https:\/\/kapitalis.com\/tunisie\/","name":"Kapitalis","description":"L&#039;actualit\u00e9 en Tunisie et dans le monde","publisher":{"@id":"https:\/\/kapitalis.com\/tunisie\/#organization"},"potentialAction":[{"@type":"SearchAction","target":{"@type":"EntryPoint","urlTemplate":"https:\/\/kapitalis.com\/tunisie\/?s={search_term_string}"},"query-input":{"@type":"PropertyValueSpecification","valueRequired":true,"valueName":"search_term_string"}}],"inLanguage":"fr-FR"},{"@type":"Organization","@id":"https:\/\/kapitalis.com\/tunisie\/#organization","name":"Kapitalis","url":"https:\/\/kapitalis.com\/tunisie\/","logo":{"@type":"ImageObject","inLanguage":"fr-FR","@id":"https:\/\/kapitalis.com\/tunisie\/#\/schema\/logo\/image\/","url":"https:\/\/kapitalis.com\/tunisie\/wp-content\/uploads\/2022\/05\/Kapitalis-big-size.png","contentUrl":"https:\/\/kapitalis.com\/tunisie\/wp-content\/uploads\/2022\/05\/Kapitalis-big-size.png","width":5000,"height":1500,"caption":"Kapitalis"},"image":{"@id":"https:\/\/kapitalis.com\/tunisie\/#\/schema\/logo\/image\/"},"sameAs":["https:\/\/www.facebook.com\/KapitalisInfo\/","https:\/\/x.com\/KapitalisInfo","https:\/\/www.youtube.com\/channel\/UC-yDYrHyfFBWWZaOw3FPg9Q"]},{"@type":"Person","@id":"https:\/\/kapitalis.com\/tunisie\/#\/schema\/person\/d71f33a9ca44f7bad4698210b480c8e9","name":"webmaster kapitalis","url":"https:\/\/kapitalis.com\/tunisie\/author\/webmaster-kapitalis\/"}]}},"_links":{"self":[{"href":"https:\/\/kapitalis.com\/tunisie\/wp-json\/wp\/v2\/posts\/170009","targetHints":{"allow":["GET"]}}],"collection":[{"href":"https:\/\/kapitalis.com\/tunisie\/wp-json\/wp\/v2\/posts"}],"about":[{"href":"https:\/\/kapitalis.com\/tunisie\/wp-json\/wp\/v2\/types\/post"}],"author":[{"embeddable":true,"href":"https:\/\/kapitalis.com\/tunisie\/wp-json\/wp\/v2\/users\/8"}],"replies":[{"embeddable":true,"href":"https:\/\/kapitalis.com\/tunisie\/wp-json\/wp\/v2\/comments?post=170009"}],"version-history":[{"count":0,"href":"https:\/\/kapitalis.com\/tunisie\/wp-json\/wp\/v2\/posts\/170009\/revisions"}],"wp:featuredmedia":[{"embeddable":true,"href":"https:\/\/kapitalis.com\/tunisie\/wp-json\/wp\/v2\/media\/170010"}],"wp:attachment":[{"href":"https:\/\/kapitalis.com\/tunisie\/wp-json\/wp\/v2\/media?parent=170009"}],"wp:term":[{"taxonomy":"category","embeddable":true,"href":"https:\/\/kapitalis.com\/tunisie\/wp-json\/wp\/v2\/categories?post=170009"},{"taxonomy":"post_tag","embeddable":true,"href":"https:\/\/kapitalis.com\/tunisie\/wp-json\/wp\/v2\/tags?post=170009"}],"curies":[{"name":"wp","href":"https:\/\/api.w.org\/{rel}","templated":true}]}}