{"id":170078,"date":"2018-08-20T09:11:36","date_gmt":"2018-08-20T08:11:36","guid":{"rendered":"http:\/\/kapitalis.com\/tunisie\/?p=170078"},"modified":"2018-08-20T09:13:23","modified_gmt":"2018-08-20T08:13:23","slug":"volleyball-lesperance-engage-le-bresilien-geraldo-goiano","status":"publish","type":"post","link":"https:\/\/kapitalis.com\/tunisie\/2018\/08\/20\/volleyball-lesperance-engage-le-bresilien-geraldo-goiano\/","title":{"rendered":"Volleyball : L\u2019Esp\u00e9rance engage le Br\u00e9silien Geraldo Goiano"},"content":{"rendered":"<p style=\"text-align: center;\"><img loading=\"lazy\" decoding=\"async\" class=\"alignnone size-full wp-image-170080\" src=\"http:\/\/kapitalis.com\/tunisie\/wp-content\/uploads\/2018\/08\/Geraldo-Goiano-Esperance.jpg\" alt=\"\" width=\"626\" height=\"380\" \/><\/p>\n<p><em><strong>L\u2019Esp\u00e9rance sportive de Tunis (EST) poursuit son mercato en recrutant, pour un an, le Br\u00e9silien Geraldo Goiano, un faux passeur de 2 m\u00e8tres, \u00e2g\u00e9 de 28 ans, et qui a port\u00e9 les couleurs de son pays en s\u00e9lections jeunes et ceux du Qatar en Ligue mondiale 2017.<\/strong><\/em><\/p>\n<p><!--more--><\/p>\n<p>C\u2019est le second joueur \u00e9tranger arriv\u00e9 au club cet \u00e9t\u00e9 apr\u00e8s le Libyen Mohamed El Ghoul.<\/p>\n<p>L\u2019EST a d\u00e9j\u00e0 engag\u00e9 3 nouveaux joueurs avant le Br\u00e9silien : l\u2019international Amenallah Hemissi pour 3 saisons (30 ans), venant de l\u2019Etoile sportive du Sahel (ESS), Mehdi Ketata pour 7 ans (23 ans) de l\u2019UST Sfax, et le contreur libyen Mohamed El Ghoul (24 ans); sans compter le retour de pr\u00eat de Chokri Jouini, apr\u00e8s une saison au club cairote Al Ahly, et le prolongement du capitaine Mehdi Ben Cheikh et du central Nabil Miladi, respectivement pour une et 3 saisons.<\/p>\n<p>L\u2019EST est oblig\u00e9 d\u2019aller au mercato pour combler encore un poste de lib\u00e9ro \u00e0 la place de Taieb Korbosli qui passera de nouveau sur le billard pour se faire op\u00e9rer de son hernie discale.<\/p>\n<p>Mais avec de tels renforts et le potentiel d\u00e9j\u00e0 en place, l\u2019EST, vainqueur du doubl\u00e9 la saison derni\u00e8re, sera difficile \u00e0 battre.<\/p>\n<p style=\"text-align: right;\"><strong>H. M.<\/strong><\/p>\n<blockquote class=\"wp-embedded-content\" data-secret=\"61V8hY23Ju\"><p><a href=\"https:\/\/kapitalis.com\/tunisie\/2018\/08\/05\/volleyball-deux-nouveaux-et-un-retour-a-lesperance-de-tunis\/\">Volleyball : deux nouveaux et un retour \u00e0 l\u2019Esp\u00e9rance de Tunis<\/a><\/p><\/blockquote>\n<p><iframe loading=\"lazy\" class=\"wp-embedded-content\" sandbox=\"allow-scripts\" security=\"restricted\" style=\"position: absolute; clip: rect(1px, 1px, 1px, 1px);\" title=\"\u00ab\u00a0Volleyball : deux nouveaux et un retour \u00e0 l\u2019Esp\u00e9rance de Tunis\u00a0\u00bb &#8212; Kapitalis\" src=\"https:\/\/kapitalis.com\/tunisie\/2018\/08\/05\/volleyball-deux-nouveaux-et-un-retour-a-lesperance-de-tunis\/embed\/#?secret=9esO5SEx1a#?secret=61V8hY23Ju\" data-secret=\"61V8hY23Ju\" width=\"600\" height=\"338\" frameborder=\"0\" marginwidth=\"0\" marginheight=\"0\" scrolling=\"no\"><\/iframe><\/p>\n<blockquote class=\"wp-embedded-content\" data-secret=\"Fi3oFhoJPB\"><p><a href=\"https:\/\/kapitalis.com\/tunisie\/2018\/04\/22\/volleyball-lesperance-remporte-son-18e-titre-de-champion\/\">Volleyball: L\u2019Esp\u00e9rance remporte son 18e titre de champion<\/a><\/p><\/blockquote>\n<p><iframe loading=\"lazy\" class=\"wp-embedded-content\" sandbox=\"allow-scripts\" security=\"restricted\" style=\"position: absolute; clip: rect(1px, 1px, 1px, 1px);\" title=\"\u00ab\u00a0Volleyball: L\u2019Esp\u00e9rance remporte son 18e titre de champion\u00a0\u00bb &#8212; Kapitalis\" src=\"https:\/\/kapitalis.com\/tunisie\/2018\/04\/22\/volleyball-lesperance-remporte-son-18e-titre-de-champion\/embed\/#?secret=ahjJfEJbQS#?secret=Fi3oFhoJPB\" data-secret=\"Fi3oFhoJPB\" width=\"600\" height=\"338\" frameborder=\"0\" marginwidth=\"0\" marginheight=\"0\" scrolling=\"no\"><\/iframe><\/p>\n<blockquote class=\"wp-embedded-content\" data-secret=\"kvIJGyjXSZ\"><p><a href=\"https:\/\/kapitalis.com\/tunisie\/2018\/05\/02\/volleyball-lesperance-de-tunis-remporte-sa-16e-coupe-de-tunisie\/\">Volleyball : L\u2019Esp\u00e9rance de Tunis remporte sa 16e coupe de Tunisie<\/a><\/p><\/blockquote>\n<p><iframe loading=\"lazy\" class=\"wp-embedded-content\" sandbox=\"allow-scripts\" security=\"restricted\" style=\"position: absolute; clip: rect(1px, 1px, 1px, 1px);\" title=\"\u00ab\u00a0Volleyball : L\u2019Esp\u00e9rance de Tunis remporte sa 16e coupe de Tunisie\u00a0\u00bb &#8212; Kapitalis\" src=\"https:\/\/kapitalis.com\/tunisie\/2018\/05\/02\/volleyball-lesperance-de-tunis-remporte-sa-16e-coupe-de-tunisie\/embed\/#?secret=WflDF2ZXEp#?secret=kvIJGyjXSZ\" data-secret=\"kvIJGyjXSZ\" width=\"600\" height=\"338\" frameborder=\"0\" marginwidth=\"0\" marginheight=\"0\" scrolling=\"no\"><\/iframe><\/p>\n","protected":false},"excerpt":{"rendered":"<p>L\u2019Esp\u00e9rance sportive de Tunis (EST) poursuit son mercato en recrutant, pour un an, le Br\u00e9silien Geraldo Goiano, un faux passeur de 2 m\u00e8tres, \u00e2g\u00e9 de 28 ans, et qui a port\u00e9 les couleurs de son pays en s\u00e9lections jeunes et ceux du Qatar en Ligue mondiale 2017.<\/p>\n","protected":false},"author":8,"featured_media":170080,"comment_status":"open","ping_status":"open","sticky":false,"template":"","format":"standard","meta":{"footnotes":""},"categories":[999,2433],"tags":[6992,3261,756],"class_list":["post-170078","post","type-post","status-publish","format-standard","has-post-thumbnail","hentry","category-sport","category-tunisie","tag-bresil","tag-esperance-sportive-de-tunis","tag-qatar"],"yoast_head":"<!-- This site is optimized with the Yoast SEO plugin v26.6 - https:\/\/yoast.com\/wordpress\/plugins\/seo\/ -->\n<title>Volleyball : L\u2019Esp\u00e9rance engage le Br\u00e9silien Geraldo Goiano - Kapitalis<\/title>\n<meta name=\"robots\" content=\"index, follow, max-snippet:-1, max-image-preview:large, max-video-preview:-1\" \/>\n<link rel=\"canonical\" href=\"https:\/\/kapitalis.com\/tunisie\/2018\/08\/20\/volleyball-lesperance-engage-le-bresilien-geraldo-goiano\/\" \/>\n<meta property=\"og:locale\" content=\"fr_FR\" \/>\n<meta property=\"og:type\" content=\"article\" \/>\n<meta property=\"og:title\" content=\"Volleyball : L\u2019Esp\u00e9rance engage le Br\u00e9silien Geraldo Goiano - Kapitalis\" \/>\n<meta property=\"og:description\" content=\"L\u2019Esp\u00e9rance sportive de Tunis (EST) poursuit son mercato en recrutant, pour un an, le Br\u00e9silien Geraldo Goiano, un faux passeur de 2 m\u00e8tres, \u00e2g\u00e9 de 28 ans, et qui a port\u00e9 les couleurs de son pays en s\u00e9lections jeunes et ceux du Qatar en Ligue mondiale 2017.\" \/>\n<meta property=\"og:url\" content=\"https:\/\/kapitalis.com\/tunisie\/2018\/08\/20\/volleyball-lesperance-engage-le-bresilien-geraldo-goiano\/\" \/>\n<meta property=\"og:site_name\" content=\"Kapitalis\" \/>\n<meta property=\"article:publisher\" content=\"https:\/\/www.facebook.com\/KapitalisInfo\/\" \/>\n<meta property=\"article:published_time\" content=\"2018-08-20T08:11:36+00:00\" \/>\n<meta property=\"article:modified_time\" content=\"2018-08-20T08:13:23+00:00\" \/>\n<meta property=\"og:image\" content=\"https:\/\/kapitalis.com\/tunisie\/wp-content\/uploads\/2022\/05\/kapitalis-logo-fb.png\" \/>\n\t<meta property=\"og:image:width\" content=\"1200\" \/>\n\t<meta property=\"og:image:height\" content=\"630\" \/>\n\t<meta property=\"og:image:type\" content=\"image\/png\" \/>\n<meta name=\"author\" content=\"webmaster kapitalis\" \/>\n<meta name=\"twitter:card\" content=\"summary_large_image\" \/>\n<meta name=\"twitter:creator\" content=\"@KapitalisInfo\" \/>\n<meta name=\"twitter:site\" content=\"@KapitalisInfo\" \/>\n<meta name=\"twitter:label1\" content=\"\u00c9crit par\" \/>\n\t<meta name=\"twitter:data1\" content=\"webmaster kapitalis\" \/>\n\t<meta name=\"twitter:label2\" content=\"Dur\u00e9e de lecture estim\u00e9e\" \/>\n\t<meta name=\"twitter:data2\" content=\"1 minute\" \/>\n<script type=\"application\/ld+json\" class=\"yoast-schema-graph\">{\"@context\":\"https:\/\/schema.org\",\"@graph\":[{\"@type\":\"Article\",\"@id\":\"https:\/\/kapitalis.com\/tunisie\/2018\/08\/20\/volleyball-lesperance-engage-le-bresilien-geraldo-goiano\/#article\",\"isPartOf\":{\"@id\":\"https:\/\/kapitalis.com\/tunisie\/2018\/08\/20\/volleyball-lesperance-engage-le-bresilien-geraldo-goiano\/\"},\"author\":{\"name\":\"webmaster kapitalis\",\"@id\":\"https:\/\/kapitalis.com\/tunisie\/#\/schema\/person\/d71f33a9ca44f7bad4698210b480c8e9\"},\"headline\":\"Volleyball : L\u2019Esp\u00e9rance engage le Br\u00e9silien Geraldo Goiano\",\"datePublished\":\"2018-08-20T08:11:36+00:00\",\"dateModified\":\"2018-08-20T08:13:23+00:00\",\"mainEntityOfPage\":{\"@id\":\"https:\/\/kapitalis.com\/tunisie\/2018\/08\/20\/volleyball-lesperance-engage-le-bresilien-geraldo-goiano\/\"},\"wordCount\":238,\"commentCount\":1,\"publisher\":{\"@id\":\"https:\/\/kapitalis.com\/tunisie\/#organization\"},\"image\":{\"@id\":\"https:\/\/kapitalis.com\/tunisie\/2018\/08\/20\/volleyball-lesperance-engage-le-bresilien-geraldo-goiano\/#primaryimage\"},\"thumbnailUrl\":\"\",\"keywords\":[\"Br\u00e9sil\",\"Esp\u00e9rance sportive de Tunis\",\"Qatar\"],\"articleSection\":[\"SPORT\",\"Tunisie\"],\"inLanguage\":\"fr-FR\",\"potentialAction\":[{\"@type\":\"CommentAction\",\"name\":\"Comment\",\"target\":[\"https:\/\/kapitalis.com\/tunisie\/2018\/08\/20\/volleyball-lesperance-engage-le-bresilien-geraldo-goiano\/#respond\"]}]},{\"@type\":\"WebPage\",\"@id\":\"https:\/\/kapitalis.com\/tunisie\/2018\/08\/20\/volleyball-lesperance-engage-le-bresilien-geraldo-goiano\/\",\"url\":\"https:\/\/kapitalis.com\/tunisie\/2018\/08\/20\/volleyball-lesperance-engage-le-bresilien-geraldo-goiano\/\",\"name\":\"Volleyball : L\u2019Esp\u00e9rance engage le Br\u00e9silien Geraldo Goiano - Kapitalis\",\"isPartOf\":{\"@id\":\"https:\/\/kapitalis.com\/tunisie\/#website\"},\"primaryImageOfPage\":{\"@id\":\"https:\/\/kapitalis.com\/tunisie\/2018\/08\/20\/volleyball-lesperance-engage-le-bresilien-geraldo-goiano\/#primaryimage\"},\"image\":{\"@id\":\"https:\/\/kapitalis.com\/tunisie\/2018\/08\/20\/volleyball-lesperance-engage-le-bresilien-geraldo-goiano\/#primaryimage\"},\"thumbnailUrl\":\"\",\"datePublished\":\"2018-08-20T08:11:36+00:00\",\"dateModified\":\"2018-08-20T08:13:23+00:00\",\"breadcrumb\":{\"@id\":\"https:\/\/kapitalis.com\/tunisie\/2018\/08\/20\/volleyball-lesperance-engage-le-bresilien-geraldo-goiano\/#breadcrumb\"},\"inLanguage\":\"fr-FR\",\"potentialAction\":[{\"@type\":\"ReadAction\",\"target\":[\"https:\/\/kapitalis.com\/tunisie\/2018\/08\/20\/volleyball-lesperance-engage-le-bresilien-geraldo-goiano\/\"]}]},{\"@type\":\"ImageObject\",\"inLanguage\":\"fr-FR\",\"@id\":\"https:\/\/kapitalis.com\/tunisie\/2018\/08\/20\/volleyball-lesperance-engage-le-bresilien-geraldo-goiano\/#primaryimage\",\"url\":\"\",\"contentUrl\":\"\"},{\"@type\":\"BreadcrumbList\",\"@id\":\"https:\/\/kapitalis.com\/tunisie\/2018\/08\/20\/volleyball-lesperance-engage-le-bresilien-geraldo-goiano\/#breadcrumb\",\"itemListElement\":[{\"@type\":\"ListItem\",\"position\":1,\"name\":\"Accueil\",\"item\":\"https:\/\/kapitalis.com\/tunisie\/\"},{\"@type\":\"ListItem\",\"position\":2,\"name\":\"Volleyball : L\u2019Esp\u00e9rance engage le Br\u00e9silien Geraldo Goiano\"}]},{\"@type\":\"WebSite\",\"@id\":\"https:\/\/kapitalis.com\/tunisie\/#website\",\"url\":\"https:\/\/kapitalis.com\/tunisie\/\",\"name\":\"Kapitalis\",\"description\":\"L&#039;actualit\u00e9 en Tunisie et dans le monde\",\"publisher\":{\"@id\":\"https:\/\/kapitalis.com\/tunisie\/#organization\"},\"potentialAction\":[{\"@type\":\"SearchAction\",\"target\":{\"@type\":\"EntryPoint\",\"urlTemplate\":\"https:\/\/kapitalis.com\/tunisie\/?s={search_term_string}\"},\"query-input\":{\"@type\":\"PropertyValueSpecification\",\"valueRequired\":true,\"valueName\":\"search_term_string\"}}],\"inLanguage\":\"fr-FR\"},{\"@type\":\"Organization\",\"@id\":\"https:\/\/kapitalis.com\/tunisie\/#organization\",\"name\":\"Kapitalis\",\"url\":\"https:\/\/kapitalis.com\/tunisie\/\",\"logo\":{\"@type\":\"ImageObject\",\"inLanguage\":\"fr-FR\",\"@id\":\"https:\/\/kapitalis.com\/tunisie\/#\/schema\/logo\/image\/\",\"url\":\"https:\/\/kapitalis.com\/tunisie\/wp-content\/uploads\/2022\/05\/Kapitalis-big-size.png\",\"contentUrl\":\"https:\/\/kapitalis.com\/tunisie\/wp-content\/uploads\/2022\/05\/Kapitalis-big-size.png\",\"width\":5000,\"height\":1500,\"caption\":\"Kapitalis\"},\"image\":{\"@id\":\"https:\/\/kapitalis.com\/tunisie\/#\/schema\/logo\/image\/\"},\"sameAs\":[\"https:\/\/www.facebook.com\/KapitalisInfo\/\",\"https:\/\/x.com\/KapitalisInfo\",\"https:\/\/www.youtube.com\/channel\/UC-yDYrHyfFBWWZaOw3FPg9Q\"]},{\"@type\":\"Person\",\"@id\":\"https:\/\/kapitalis.com\/tunisie\/#\/schema\/person\/d71f33a9ca44f7bad4698210b480c8e9\",\"name\":\"webmaster kapitalis\",\"url\":\"https:\/\/kapitalis.com\/tunisie\/author\/webmaster-kapitalis\/\"}]}<\/script>\n<!-- \/ Yoast SEO plugin. -->","yoast_head_json":{"title":"Volleyball : L\u2019Esp\u00e9rance engage le Br\u00e9silien Geraldo Goiano - Kapitalis","robots":{"index":"index","follow":"follow","max-snippet":"max-snippet:-1","max-image-preview":"max-image-preview:large","max-video-preview":"max-video-preview:-1"},"canonical":"https:\/\/kapitalis.com\/tunisie\/2018\/08\/20\/volleyball-lesperance-engage-le-bresilien-geraldo-goiano\/","og_locale":"fr_FR","og_type":"article","og_title":"Volleyball : L\u2019Esp\u00e9rance engage le Br\u00e9silien Geraldo Goiano - Kapitalis","og_description":"L\u2019Esp\u00e9rance sportive de Tunis (EST) poursuit son mercato en recrutant, pour un an, le Br\u00e9silien Geraldo Goiano, un faux passeur de 2 m\u00e8tres, \u00e2g\u00e9 de 28 ans, et qui a port\u00e9 les couleurs de son pays en s\u00e9lections jeunes et ceux du Qatar en Ligue mondiale 2017.","og_url":"https:\/\/kapitalis.com\/tunisie\/2018\/08\/20\/volleyball-lesperance-engage-le-bresilien-geraldo-goiano\/","og_site_name":"Kapitalis","article_publisher":"https:\/\/www.facebook.com\/KapitalisInfo\/","article_published_time":"2018-08-20T08:11:36+00:00","article_modified_time":"2018-08-20T08:13:23+00:00","og_image":[{"width":1200,"height":630,"url":"https:\/\/kapitalis.com\/tunisie\/wp-content\/uploads\/2022\/05\/kapitalis-logo-fb.png","type":"image\/png"}],"author":"webmaster kapitalis","twitter_card":"summary_large_image","twitter_creator":"@KapitalisInfo","twitter_site":"@KapitalisInfo","twitter_misc":{"\u00c9crit par":"webmaster kapitalis","Dur\u00e9e de lecture estim\u00e9e":"1 minute"},"schema":{"@context":"https:\/\/schema.org","@graph":[{"@type":"Article","@id":"https:\/\/kapitalis.com\/tunisie\/2018\/08\/20\/volleyball-lesperance-engage-le-bresilien-geraldo-goiano\/#article","isPartOf":{"@id":"https:\/\/kapitalis.com\/tunisie\/2018\/08\/20\/volleyball-lesperance-engage-le-bresilien-geraldo-goiano\/"},"author":{"name":"webmaster kapitalis","@id":"https:\/\/kapitalis.com\/tunisie\/#\/schema\/person\/d71f33a9ca44f7bad4698210b480c8e9"},"headline":"Volleyball : L\u2019Esp\u00e9rance engage le Br\u00e9silien Geraldo Goiano","datePublished":"2018-08-20T08:11:36+00:00","dateModified":"2018-08-20T08:13:23+00:00","mainEntityOfPage":{"@id":"https:\/\/kapitalis.com\/tunisie\/2018\/08\/20\/volleyball-lesperance-engage-le-bresilien-geraldo-goiano\/"},"wordCount":238,"commentCount":1,"publisher":{"@id":"https:\/\/kapitalis.com\/tunisie\/#organization"},"image":{"@id":"https:\/\/kapitalis.com\/tunisie\/2018\/08\/20\/volleyball-lesperance-engage-le-bresilien-geraldo-goiano\/#primaryimage"},"thumbnailUrl":"","keywords":["Br\u00e9sil","Esp\u00e9rance sportive de Tunis","Qatar"],"articleSection":["SPORT","Tunisie"],"inLanguage":"fr-FR","potentialAction":[{"@type":"CommentAction","name":"Comment","target":["https:\/\/kapitalis.com\/tunisie\/2018\/08\/20\/volleyball-lesperance-engage-le-bresilien-geraldo-goiano\/#respond"]}]},{"@type":"WebPage","@id":"https:\/\/kapitalis.com\/tunisie\/2018\/08\/20\/volleyball-lesperance-engage-le-bresilien-geraldo-goiano\/","url":"https:\/\/kapitalis.com\/tunisie\/2018\/08\/20\/volleyball-lesperance-engage-le-bresilien-geraldo-goiano\/","name":"Volleyball : L\u2019Esp\u00e9rance engage le Br\u00e9silien Geraldo Goiano - Kapitalis","isPartOf":{"@id":"https:\/\/kapitalis.com\/tunisie\/#website"},"primaryImageOfPage":{"@id":"https:\/\/kapitalis.com\/tunisie\/2018\/08\/20\/volleyball-lesperance-engage-le-bresilien-geraldo-goiano\/#primaryimage"},"image":{"@id":"https:\/\/kapitalis.com\/tunisie\/2018\/08\/20\/volleyball-lesperance-engage-le-bresilien-geraldo-goiano\/#primaryimage"},"thumbnailUrl":"","datePublished":"2018-08-20T08:11:36+00:00","dateModified":"2018-08-20T08:13:23+00:00","breadcrumb":{"@id":"https:\/\/kapitalis.com\/tunisie\/2018\/08\/20\/volleyball-lesperance-engage-le-bresilien-geraldo-goiano\/#breadcrumb"},"inLanguage":"fr-FR","potentialAction":[{"@type":"ReadAction","target":["https:\/\/kapitalis.com\/tunisie\/2018\/08\/20\/volleyball-lesperance-engage-le-bresilien-geraldo-goiano\/"]}]},{"@type":"ImageObject","inLanguage":"fr-FR","@id":"https:\/\/kapitalis.com\/tunisie\/2018\/08\/20\/volleyball-lesperance-engage-le-bresilien-geraldo-goiano\/#primaryimage","url":"","contentUrl":""},{"@type":"BreadcrumbList","@id":"https:\/\/kapitalis.com\/tunisie\/2018\/08\/20\/volleyball-lesperance-engage-le-bresilien-geraldo-goiano\/#breadcrumb","itemListElement":[{"@type":"ListItem","position":1,"name":"Accueil","item":"https:\/\/kapitalis.com\/tunisie\/"},{"@type":"ListItem","position":2,"name":"Volleyball : L\u2019Esp\u00e9rance engage le Br\u00e9silien Geraldo Goiano"}]},{"@type":"WebSite","@id":"https:\/\/kapitalis.com\/tunisie\/#website","url":"https:\/\/kapitalis.com\/tunisie\/","name":"Kapitalis","description":"L&#039;actualit\u00e9 en Tunisie et dans le monde","publisher":{"@id":"https:\/\/kapitalis.com\/tunisie\/#organization"},"potentialAction":[{"@type":"SearchAction","target":{"@type":"EntryPoint","urlTemplate":"https:\/\/kapitalis.com\/tunisie\/?s={search_term_string}"},"query-input":{"@type":"PropertyValueSpecification","valueRequired":true,"valueName":"search_term_string"}}],"inLanguage":"fr-FR"},{"@type":"Organization","@id":"https:\/\/kapitalis.com\/tunisie\/#organization","name":"Kapitalis","url":"https:\/\/kapitalis.com\/tunisie\/","logo":{"@type":"ImageObject","inLanguage":"fr-FR","@id":"https:\/\/kapitalis.com\/tunisie\/#\/schema\/logo\/image\/","url":"https:\/\/kapitalis.com\/tunisie\/wp-content\/uploads\/2022\/05\/Kapitalis-big-size.png","contentUrl":"https:\/\/kapitalis.com\/tunisie\/wp-content\/uploads\/2022\/05\/Kapitalis-big-size.png","width":5000,"height":1500,"caption":"Kapitalis"},"image":{"@id":"https:\/\/kapitalis.com\/tunisie\/#\/schema\/logo\/image\/"},"sameAs":["https:\/\/www.facebook.com\/KapitalisInfo\/","https:\/\/x.com\/KapitalisInfo","https:\/\/www.youtube.com\/channel\/UC-yDYrHyfFBWWZaOw3FPg9Q"]},{"@type":"Person","@id":"https:\/\/kapitalis.com\/tunisie\/#\/schema\/person\/d71f33a9ca44f7bad4698210b480c8e9","name":"webmaster kapitalis","url":"https:\/\/kapitalis.com\/tunisie\/author\/webmaster-kapitalis\/"}]}},"_links":{"self":[{"href":"https:\/\/kapitalis.com\/tunisie\/wp-json\/wp\/v2\/posts\/170078","targetHints":{"allow":["GET"]}}],"collection":[{"href":"https:\/\/kapitalis.com\/tunisie\/wp-json\/wp\/v2\/posts"}],"about":[{"href":"https:\/\/kapitalis.com\/tunisie\/wp-json\/wp\/v2\/types\/post"}],"author":[{"embeddable":true,"href":"https:\/\/kapitalis.com\/tunisie\/wp-json\/wp\/v2\/users\/8"}],"replies":[{"embeddable":true,"href":"https:\/\/kapitalis.com\/tunisie\/wp-json\/wp\/v2\/comments?post=170078"}],"version-history":[{"count":0,"href":"https:\/\/kapitalis.com\/tunisie\/wp-json\/wp\/v2\/posts\/170078\/revisions"}],"wp:featuredmedia":[{"embeddable":true,"href":"https:\/\/kapitalis.com\/tunisie\/wp-json\/wp\/v2\/media\/170080"}],"wp:attachment":[{"href":"https:\/\/kapitalis.com\/tunisie\/wp-json\/wp\/v2\/media?parent=170078"}],"wp:term":[{"taxonomy":"category","embeddable":true,"href":"https:\/\/kapitalis.com\/tunisie\/wp-json\/wp\/v2\/categories?post=170078"},{"taxonomy":"post_tag","embeddable":true,"href":"https:\/\/kapitalis.com\/tunisie\/wp-json\/wp\/v2\/tags?post=170078"}],"curies":[{"name":"wp","href":"https:\/\/api.w.org\/{rel}","templated":true}]}}