{"id":170170,"date":"2018-08-20T15:55:35","date_gmt":"2018-08-20T14:55:35","guid":{"rendered":"http:\/\/kapitalis.com\/tunisie\/?p=170170"},"modified":"2018-08-20T15:57:55","modified_gmt":"2018-08-20T14:57:55","slug":"pour-un-aid-propre-gestion-des-dechets-dans-les-villes-tunisiennes","status":"publish","type":"post","link":"https:\/\/kapitalis.com\/tunisie\/2018\/08\/20\/pour-un-aid-propre-gestion-des-dechets-dans-les-villes-tunisiennes\/","title":{"rendered":"Pour un A\u00efd propre : Gestion des d\u00e9chets dans les villes tunisiennes"},"content":{"rendered":"<p style=\"text-align: center;\"><img loading=\"lazy\" decoding=\"async\" class=\"alignnone size-full wp-image-170175\" src=\"http:\/\/kapitalis.com\/tunisie\/wp-content\/uploads\/2018\/08\/aid-propre-Tunisie.jpg\" alt=\"\" width=\"626\" height=\"380\" \/><\/p>\n<p style=\"text-align: center;\"><em>La distribution des sacs gratuits a commenc\u00e9 ce matin dans certaines communes.<\/em><\/p>\n<p><em><strong>A l\u2019occasion de la f\u00eate de l\u2019A\u00efd El-Kebir, les municipalit\u00e9s, \u00e0 l\u2019instar de celles de l\u2019Ariana, de Tunis, de la Marsa, de Kasserine, de Gab\u00e8s et de Maamoura, ont mis en place un syst\u00e8me de gestion des d\u00e9chets, pour maintenir les rues des villes propres apr\u00e8s le rituel de sacrifice du mouton.<\/strong><\/em><!--more--><\/p>\n<p>Afin d\u2019\u00e9viter que certains quartiers r\u00e9sidentiels soient transform\u00e9s en d\u00e9potoirs \u00e0 ciel ouvert et encombr\u00e9s par les d\u00e9chets des moutons sacrifi\u00e9s, les municipalit\u00e9s ont appel\u00e9 les citoyens \u00e0 participer \u00e0 la propret\u00e9 des rues et \u00e0 la protection de l\u2019environnement en respectant les syst\u00e8mes\u00a0mis en place pour le ramassage des ordures.<\/p>\n<p>Les habitants sont appel\u00e9s \u00e0 placer les d\u00e9chets dans de grands sacs de plastique ferm\u00e9s et \u00e0 les d\u00e9poser dans les bennes \u00e0 ordures, dont le nombre sera doubl\u00e9 \u00e0 l\u2019occasion de l\u2019A\u00efd.<\/p>\n<p>Le ramassage se fera deux fois en fin de matin\u00e9e et 2 autres fois en fin de journ\u00e9e. Une autre ronde de ramassage est pr\u00e9vue dans la nuit du 21 au 22 ao\u00fbt 2018.<\/p>\n<p>Certaines communes comme celles de Maamoura et Moknine offrent gratuitement des sacs-poubelles et du gros sel utilis\u00e9 pour le salage des peaux de mouton.\u00a0Si elles ne sont pas utilis\u00e9es, celles-ci doivent \u00eatre mises dans des sacs remplis de sel et d\u00e9pos\u00e9s dans une benne sp\u00e9cifique, s\u00e9par\u00e9ment des autres d\u00e9chets. Ces peaux seront collect\u00e9es par les municipalit\u00e9s qui en feront bon usage.<\/p>\n<p>La distribution des sacs a commenc\u00e9 ce matin, avec la collaboration des jeunes des quartiers.<\/p>\n<p style=\"text-align: right;\"><strong>Y. N.<\/strong><\/p>\n<blockquote class=\"wp-embedded-content\" data-secret=\"WhZSCb9urh\"><p><a href=\"https:\/\/kapitalis.com\/tunisie\/2018\/08\/09\/dispositions-et-recommandations-pour-un-aid-el-kebir-sans-problemes\/\">Dispositions et recommandations pour un A\u00efd El-K\u00e9bir sans probl\u00e8mes<\/a><\/p><\/blockquote>\n<p><iframe loading=\"lazy\" class=\"wp-embedded-content\" sandbox=\"allow-scripts\" security=\"restricted\" style=\"position: absolute; clip: rect(1px, 1px, 1px, 1px);\" title=\"\u00ab\u00a0Dispositions et recommandations pour un A\u00efd El-K\u00e9bir sans probl\u00e8mes\u00a0\u00bb &#8212; Kapitalis\" src=\"https:\/\/kapitalis.com\/tunisie\/2018\/08\/09\/dispositions-et-recommandations-pour-un-aid-el-kebir-sans-problemes\/embed\/#?secret=pOf0uM3Vzl#?secret=WhZSCb9urh\" data-secret=\"WhZSCb9urh\" width=\"600\" height=\"338\" frameborder=\"0\" marginwidth=\"0\" marginheight=\"0\" scrolling=\"no\"><\/iframe><\/p>\n","protected":false},"excerpt":{"rendered":"<p>La distribution des sacs gratuits a commenc\u00e9 ce matin dans certaines communes. A l\u2019occasion de la f\u00eate de l\u2019A\u00efd El-Kebir, les municipalit\u00e9s, \u00e0 l\u2019instar de celles de l\u2019Ariana, de Tunis, de la Marsa, de Kasserine, de Gab\u00e8s et de Maamoura, ont mis en place un syst\u00e8me de gestion des d\u00e9chets, pour maintenir les rues des&#8230;<\/p>\n","protected":false},"author":6,"featured_media":170175,"comment_status":"open","ping_status":"open","sticky":false,"template":"","format":"standard","meta":{"footnotes":""},"categories":[998,2433],"tags":[5381,264,335,6338,1629,1630],"class_list":["post-170170","post","type-post","status-publish","format-standard","has-post-thumbnail","hentry","category-societe","category-tunisie","tag-aid-el-kebir","tag-dechets","tag-environnement","tag-mouton","tag-ordures","tag-proprete"],"yoast_head":"<!-- This site is optimized with the Yoast SEO plugin v26.6 - https:\/\/yoast.com\/wordpress\/plugins\/seo\/ -->\n<title>Pour un A\u00efd propre : Gestion des d\u00e9chets dans les villes tunisiennes - Kapitalis<\/title>\n<meta name=\"robots\" content=\"index, follow, max-snippet:-1, max-image-preview:large, max-video-preview:-1\" \/>\n<link rel=\"canonical\" href=\"https:\/\/kapitalis.com\/tunisie\/2018\/08\/20\/pour-un-aid-propre-gestion-des-dechets-dans-les-villes-tunisiennes\/\" \/>\n<meta property=\"og:locale\" content=\"fr_FR\" \/>\n<meta property=\"og:type\" content=\"article\" \/>\n<meta property=\"og:title\" content=\"Pour un A\u00efd propre : Gestion des d\u00e9chets dans les villes tunisiennes - Kapitalis\" \/>\n<meta property=\"og:description\" content=\"La distribution des sacs gratuits a commenc\u00e9 ce matin dans certaines communes. A l\u2019occasion de la f\u00eate de l\u2019A\u00efd El-Kebir, les municipalit\u00e9s, \u00e0 l\u2019instar de celles de l\u2019Ariana, de Tunis, de la Marsa, de Kasserine, de Gab\u00e8s et de Maamoura, ont mis en place un syst\u00e8me de gestion des d\u00e9chets, pour maintenir les rues des...\" \/>\n<meta property=\"og:url\" content=\"https:\/\/kapitalis.com\/tunisie\/2018\/08\/20\/pour-un-aid-propre-gestion-des-dechets-dans-les-villes-tunisiennes\/\" \/>\n<meta property=\"og:site_name\" content=\"Kapitalis\" \/>\n<meta property=\"article:publisher\" content=\"https:\/\/www.facebook.com\/KapitalisInfo\/\" \/>\n<meta property=\"article:published_time\" content=\"2018-08-20T14:55:35+00:00\" \/>\n<meta property=\"article:modified_time\" content=\"2018-08-20T14:57:55+00:00\" \/>\n<meta property=\"og:image\" content=\"https:\/\/kapitalis.com\/tunisie\/wp-content\/uploads\/2022\/05\/kapitalis-logo-fb.png\" \/>\n\t<meta property=\"og:image:width\" content=\"1200\" \/>\n\t<meta property=\"og:image:height\" content=\"630\" \/>\n\t<meta property=\"og:image:type\" content=\"image\/png\" \/>\n<meta name=\"author\" content=\"Yusra NY\" \/>\n<meta name=\"twitter:card\" content=\"summary_large_image\" \/>\n<meta name=\"twitter:creator\" content=\"@KapitalisInfo\" \/>\n<meta name=\"twitter:site\" content=\"@KapitalisInfo\" \/>\n<meta name=\"twitter:label1\" content=\"\u00c9crit par\" \/>\n\t<meta name=\"twitter:data1\" content=\"Yusra NY\" \/>\n\t<meta name=\"twitter:label2\" content=\"Dur\u00e9e de lecture estim\u00e9e\" \/>\n\t<meta name=\"twitter:data2\" content=\"1 minute\" \/>\n<script type=\"application\/ld+json\" class=\"yoast-schema-graph\">{\"@context\":\"https:\/\/schema.org\",\"@graph\":[{\"@type\":\"Article\",\"@id\":\"https:\/\/kapitalis.com\/tunisie\/2018\/08\/20\/pour-un-aid-propre-gestion-des-dechets-dans-les-villes-tunisiennes\/#article\",\"isPartOf\":{\"@id\":\"https:\/\/kapitalis.com\/tunisie\/2018\/08\/20\/pour-un-aid-propre-gestion-des-dechets-dans-les-villes-tunisiennes\/\"},\"author\":{\"name\":\"Yusra NY\",\"@id\":\"https:\/\/kapitalis.com\/tunisie\/#\/schema\/person\/74bbde0154d49d790a92aaeac5bc01d5\"},\"headline\":\"Pour un A\u00efd propre : Gestion des d\u00e9chets dans les villes tunisiennes\",\"datePublished\":\"2018-08-20T14:55:35+00:00\",\"dateModified\":\"2018-08-20T14:57:55+00:00\",\"mainEntityOfPage\":{\"@id\":\"https:\/\/kapitalis.com\/tunisie\/2018\/08\/20\/pour-un-aid-propre-gestion-des-dechets-dans-les-villes-tunisiennes\/\"},\"wordCount\":308,\"commentCount\":0,\"publisher\":{\"@id\":\"https:\/\/kapitalis.com\/tunisie\/#organization\"},\"image\":{\"@id\":\"https:\/\/kapitalis.com\/tunisie\/2018\/08\/20\/pour-un-aid-propre-gestion-des-dechets-dans-les-villes-tunisiennes\/#primaryimage\"},\"thumbnailUrl\":\"\",\"keywords\":[\"A\u00efd El-Kebir\",\"d\u00e9chets\",\"environnement\",\"mouton\",\"ordures\",\"propret\u00e9\"],\"articleSection\":[\"SOCIETE\",\"Tunisie\"],\"inLanguage\":\"fr-FR\",\"potentialAction\":[{\"@type\":\"CommentAction\",\"name\":\"Comment\",\"target\":[\"https:\/\/kapitalis.com\/tunisie\/2018\/08\/20\/pour-un-aid-propre-gestion-des-dechets-dans-les-villes-tunisiennes\/#respond\"]}]},{\"@type\":\"WebPage\",\"@id\":\"https:\/\/kapitalis.com\/tunisie\/2018\/08\/20\/pour-un-aid-propre-gestion-des-dechets-dans-les-villes-tunisiennes\/\",\"url\":\"https:\/\/kapitalis.com\/tunisie\/2018\/08\/20\/pour-un-aid-propre-gestion-des-dechets-dans-les-villes-tunisiennes\/\",\"name\":\"Pour un A\u00efd propre : Gestion des d\u00e9chets dans les villes tunisiennes - Kapitalis\",\"isPartOf\":{\"@id\":\"https:\/\/kapitalis.com\/tunisie\/#website\"},\"primaryImageOfPage\":{\"@id\":\"https:\/\/kapitalis.com\/tunisie\/2018\/08\/20\/pour-un-aid-propre-gestion-des-dechets-dans-les-villes-tunisiennes\/#primaryimage\"},\"image\":{\"@id\":\"https:\/\/kapitalis.com\/tunisie\/2018\/08\/20\/pour-un-aid-propre-gestion-des-dechets-dans-les-villes-tunisiennes\/#primaryimage\"},\"thumbnailUrl\":\"\",\"datePublished\":\"2018-08-20T14:55:35+00:00\",\"dateModified\":\"2018-08-20T14:57:55+00:00\",\"breadcrumb\":{\"@id\":\"https:\/\/kapitalis.com\/tunisie\/2018\/08\/20\/pour-un-aid-propre-gestion-des-dechets-dans-les-villes-tunisiennes\/#breadcrumb\"},\"inLanguage\":\"fr-FR\",\"potentialAction\":[{\"@type\":\"ReadAction\",\"target\":[\"https:\/\/kapitalis.com\/tunisie\/2018\/08\/20\/pour-un-aid-propre-gestion-des-dechets-dans-les-villes-tunisiennes\/\"]}]},{\"@type\":\"ImageObject\",\"inLanguage\":\"fr-FR\",\"@id\":\"https:\/\/kapitalis.com\/tunisie\/2018\/08\/20\/pour-un-aid-propre-gestion-des-dechets-dans-les-villes-tunisiennes\/#primaryimage\",\"url\":\"\",\"contentUrl\":\"\"},{\"@type\":\"BreadcrumbList\",\"@id\":\"https:\/\/kapitalis.com\/tunisie\/2018\/08\/20\/pour-un-aid-propre-gestion-des-dechets-dans-les-villes-tunisiennes\/#breadcrumb\",\"itemListElement\":[{\"@type\":\"ListItem\",\"position\":1,\"name\":\"Accueil\",\"item\":\"https:\/\/kapitalis.com\/tunisie\/\"},{\"@type\":\"ListItem\",\"position\":2,\"name\":\"Pour un A\u00efd propre : Gestion des d\u00e9chets dans les villes tunisiennes\"}]},{\"@type\":\"WebSite\",\"@id\":\"https:\/\/kapitalis.com\/tunisie\/#website\",\"url\":\"https:\/\/kapitalis.com\/tunisie\/\",\"name\":\"Kapitalis\",\"description\":\"L&#039;actualit\u00e9 en Tunisie et dans le monde\",\"publisher\":{\"@id\":\"https:\/\/kapitalis.com\/tunisie\/#organization\"},\"potentialAction\":[{\"@type\":\"SearchAction\",\"target\":{\"@type\":\"EntryPoint\",\"urlTemplate\":\"https:\/\/kapitalis.com\/tunisie\/?s={search_term_string}\"},\"query-input\":{\"@type\":\"PropertyValueSpecification\",\"valueRequired\":true,\"valueName\":\"search_term_string\"}}],\"inLanguage\":\"fr-FR\"},{\"@type\":\"Organization\",\"@id\":\"https:\/\/kapitalis.com\/tunisie\/#organization\",\"name\":\"Kapitalis\",\"url\":\"https:\/\/kapitalis.com\/tunisie\/\",\"logo\":{\"@type\":\"ImageObject\",\"inLanguage\":\"fr-FR\",\"@id\":\"https:\/\/kapitalis.com\/tunisie\/#\/schema\/logo\/image\/\",\"url\":\"https:\/\/kapitalis.com\/tunisie\/wp-content\/uploads\/2022\/05\/Kapitalis-big-size.png\",\"contentUrl\":\"https:\/\/kapitalis.com\/tunisie\/wp-content\/uploads\/2022\/05\/Kapitalis-big-size.png\",\"width\":5000,\"height\":1500,\"caption\":\"Kapitalis\"},\"image\":{\"@id\":\"https:\/\/kapitalis.com\/tunisie\/#\/schema\/logo\/image\/\"},\"sameAs\":[\"https:\/\/www.facebook.com\/KapitalisInfo\/\",\"https:\/\/x.com\/KapitalisInfo\",\"https:\/\/www.youtube.com\/channel\/UC-yDYrHyfFBWWZaOw3FPg9Q\"]},{\"@type\":\"Person\",\"@id\":\"https:\/\/kapitalis.com\/tunisie\/#\/schema\/person\/74bbde0154d49d790a92aaeac5bc01d5\",\"name\":\"Yusra NY\",\"url\":\"https:\/\/kapitalis.com\/tunisie\/author\/yuza_adam\/\"}]}<\/script>\n<!-- \/ Yoast SEO plugin. -->","yoast_head_json":{"title":"Pour un A\u00efd propre : Gestion des d\u00e9chets dans les villes tunisiennes - Kapitalis","robots":{"index":"index","follow":"follow","max-snippet":"max-snippet:-1","max-image-preview":"max-image-preview:large","max-video-preview":"max-video-preview:-1"},"canonical":"https:\/\/kapitalis.com\/tunisie\/2018\/08\/20\/pour-un-aid-propre-gestion-des-dechets-dans-les-villes-tunisiennes\/","og_locale":"fr_FR","og_type":"article","og_title":"Pour un A\u00efd propre : Gestion des d\u00e9chets dans les villes tunisiennes - Kapitalis","og_description":"La distribution des sacs gratuits a commenc\u00e9 ce matin dans certaines communes. A l\u2019occasion de la f\u00eate de l\u2019A\u00efd El-Kebir, les municipalit\u00e9s, \u00e0 l\u2019instar de celles de l\u2019Ariana, de Tunis, de la Marsa, de Kasserine, de Gab\u00e8s et de Maamoura, ont mis en place un syst\u00e8me de gestion des d\u00e9chets, pour maintenir les rues des...","og_url":"https:\/\/kapitalis.com\/tunisie\/2018\/08\/20\/pour-un-aid-propre-gestion-des-dechets-dans-les-villes-tunisiennes\/","og_site_name":"Kapitalis","article_publisher":"https:\/\/www.facebook.com\/KapitalisInfo\/","article_published_time":"2018-08-20T14:55:35+00:00","article_modified_time":"2018-08-20T14:57:55+00:00","og_image":[{"width":1200,"height":630,"url":"https:\/\/kapitalis.com\/tunisie\/wp-content\/uploads\/2022\/05\/kapitalis-logo-fb.png","type":"image\/png"}],"author":"Yusra NY","twitter_card":"summary_large_image","twitter_creator":"@KapitalisInfo","twitter_site":"@KapitalisInfo","twitter_misc":{"\u00c9crit par":"Yusra NY","Dur\u00e9e de lecture estim\u00e9e":"1 minute"},"schema":{"@context":"https:\/\/schema.org","@graph":[{"@type":"Article","@id":"https:\/\/kapitalis.com\/tunisie\/2018\/08\/20\/pour-un-aid-propre-gestion-des-dechets-dans-les-villes-tunisiennes\/#article","isPartOf":{"@id":"https:\/\/kapitalis.com\/tunisie\/2018\/08\/20\/pour-un-aid-propre-gestion-des-dechets-dans-les-villes-tunisiennes\/"},"author":{"name":"Yusra NY","@id":"https:\/\/kapitalis.com\/tunisie\/#\/schema\/person\/74bbde0154d49d790a92aaeac5bc01d5"},"headline":"Pour un A\u00efd propre : Gestion des d\u00e9chets dans les villes tunisiennes","datePublished":"2018-08-20T14:55:35+00:00","dateModified":"2018-08-20T14:57:55+00:00","mainEntityOfPage":{"@id":"https:\/\/kapitalis.com\/tunisie\/2018\/08\/20\/pour-un-aid-propre-gestion-des-dechets-dans-les-villes-tunisiennes\/"},"wordCount":308,"commentCount":0,"publisher":{"@id":"https:\/\/kapitalis.com\/tunisie\/#organization"},"image":{"@id":"https:\/\/kapitalis.com\/tunisie\/2018\/08\/20\/pour-un-aid-propre-gestion-des-dechets-dans-les-villes-tunisiennes\/#primaryimage"},"thumbnailUrl":"","keywords":["A\u00efd El-Kebir","d\u00e9chets","environnement","mouton","ordures","propret\u00e9"],"articleSection":["SOCIETE","Tunisie"],"inLanguage":"fr-FR","potentialAction":[{"@type":"CommentAction","name":"Comment","target":["https:\/\/kapitalis.com\/tunisie\/2018\/08\/20\/pour-un-aid-propre-gestion-des-dechets-dans-les-villes-tunisiennes\/#respond"]}]},{"@type":"WebPage","@id":"https:\/\/kapitalis.com\/tunisie\/2018\/08\/20\/pour-un-aid-propre-gestion-des-dechets-dans-les-villes-tunisiennes\/","url":"https:\/\/kapitalis.com\/tunisie\/2018\/08\/20\/pour-un-aid-propre-gestion-des-dechets-dans-les-villes-tunisiennes\/","name":"Pour un A\u00efd propre : Gestion des d\u00e9chets dans les villes tunisiennes - Kapitalis","isPartOf":{"@id":"https:\/\/kapitalis.com\/tunisie\/#website"},"primaryImageOfPage":{"@id":"https:\/\/kapitalis.com\/tunisie\/2018\/08\/20\/pour-un-aid-propre-gestion-des-dechets-dans-les-villes-tunisiennes\/#primaryimage"},"image":{"@id":"https:\/\/kapitalis.com\/tunisie\/2018\/08\/20\/pour-un-aid-propre-gestion-des-dechets-dans-les-villes-tunisiennes\/#primaryimage"},"thumbnailUrl":"","datePublished":"2018-08-20T14:55:35+00:00","dateModified":"2018-08-20T14:57:55+00:00","breadcrumb":{"@id":"https:\/\/kapitalis.com\/tunisie\/2018\/08\/20\/pour-un-aid-propre-gestion-des-dechets-dans-les-villes-tunisiennes\/#breadcrumb"},"inLanguage":"fr-FR","potentialAction":[{"@type":"ReadAction","target":["https:\/\/kapitalis.com\/tunisie\/2018\/08\/20\/pour-un-aid-propre-gestion-des-dechets-dans-les-villes-tunisiennes\/"]}]},{"@type":"ImageObject","inLanguage":"fr-FR","@id":"https:\/\/kapitalis.com\/tunisie\/2018\/08\/20\/pour-un-aid-propre-gestion-des-dechets-dans-les-villes-tunisiennes\/#primaryimage","url":"","contentUrl":""},{"@type":"BreadcrumbList","@id":"https:\/\/kapitalis.com\/tunisie\/2018\/08\/20\/pour-un-aid-propre-gestion-des-dechets-dans-les-villes-tunisiennes\/#breadcrumb","itemListElement":[{"@type":"ListItem","position":1,"name":"Accueil","item":"https:\/\/kapitalis.com\/tunisie\/"},{"@type":"ListItem","position":2,"name":"Pour un A\u00efd propre : Gestion des d\u00e9chets dans les villes tunisiennes"}]},{"@type":"WebSite","@id":"https:\/\/kapitalis.com\/tunisie\/#website","url":"https:\/\/kapitalis.com\/tunisie\/","name":"Kapitalis","description":"L&#039;actualit\u00e9 en Tunisie et dans le monde","publisher":{"@id":"https:\/\/kapitalis.com\/tunisie\/#organization"},"potentialAction":[{"@type":"SearchAction","target":{"@type":"EntryPoint","urlTemplate":"https:\/\/kapitalis.com\/tunisie\/?s={search_term_string}"},"query-input":{"@type":"PropertyValueSpecification","valueRequired":true,"valueName":"search_term_string"}}],"inLanguage":"fr-FR"},{"@type":"Organization","@id":"https:\/\/kapitalis.com\/tunisie\/#organization","name":"Kapitalis","url":"https:\/\/kapitalis.com\/tunisie\/","logo":{"@type":"ImageObject","inLanguage":"fr-FR","@id":"https:\/\/kapitalis.com\/tunisie\/#\/schema\/logo\/image\/","url":"https:\/\/kapitalis.com\/tunisie\/wp-content\/uploads\/2022\/05\/Kapitalis-big-size.png","contentUrl":"https:\/\/kapitalis.com\/tunisie\/wp-content\/uploads\/2022\/05\/Kapitalis-big-size.png","width":5000,"height":1500,"caption":"Kapitalis"},"image":{"@id":"https:\/\/kapitalis.com\/tunisie\/#\/schema\/logo\/image\/"},"sameAs":["https:\/\/www.facebook.com\/KapitalisInfo\/","https:\/\/x.com\/KapitalisInfo","https:\/\/www.youtube.com\/channel\/UC-yDYrHyfFBWWZaOw3FPg9Q"]},{"@type":"Person","@id":"https:\/\/kapitalis.com\/tunisie\/#\/schema\/person\/74bbde0154d49d790a92aaeac5bc01d5","name":"Yusra NY","url":"https:\/\/kapitalis.com\/tunisie\/author\/yuza_adam\/"}]}},"_links":{"self":[{"href":"https:\/\/kapitalis.com\/tunisie\/wp-json\/wp\/v2\/posts\/170170","targetHints":{"allow":["GET"]}}],"collection":[{"href":"https:\/\/kapitalis.com\/tunisie\/wp-json\/wp\/v2\/posts"}],"about":[{"href":"https:\/\/kapitalis.com\/tunisie\/wp-json\/wp\/v2\/types\/post"}],"author":[{"embeddable":true,"href":"https:\/\/kapitalis.com\/tunisie\/wp-json\/wp\/v2\/users\/6"}],"replies":[{"embeddable":true,"href":"https:\/\/kapitalis.com\/tunisie\/wp-json\/wp\/v2\/comments?post=170170"}],"version-history":[{"count":0,"href":"https:\/\/kapitalis.com\/tunisie\/wp-json\/wp\/v2\/posts\/170170\/revisions"}],"wp:featuredmedia":[{"embeddable":true,"href":"https:\/\/kapitalis.com\/tunisie\/wp-json\/wp\/v2\/media\/170175"}],"wp:attachment":[{"href":"https:\/\/kapitalis.com\/tunisie\/wp-json\/wp\/v2\/media?parent=170170"}],"wp:term":[{"taxonomy":"category","embeddable":true,"href":"https:\/\/kapitalis.com\/tunisie\/wp-json\/wp\/v2\/categories?post=170170"},{"taxonomy":"post_tag","embeddable":true,"href":"https:\/\/kapitalis.com\/tunisie\/wp-json\/wp\/v2\/tags?post=170170"}],"curies":[{"name":"wp","href":"https:\/\/api.w.org\/{rel}","templated":true}]}}