{"id":170328,"date":"2018-08-22T11:16:24","date_gmt":"2018-08-22T10:16:24","guid":{"rendered":"http:\/\/kapitalis.com\/tunisie\/?p=170328"},"modified":"2018-08-23T17:59:45","modified_gmt":"2018-08-23T16:59:45","slug":"annulation-de-la-3e-edition-du-festival-de-djerba-lile-du-rire","status":"publish","type":"post","link":"https:\/\/kapitalis.com\/tunisie\/2018\/08\/22\/annulation-de-la-3e-edition-du-festival-de-djerba-lile-du-rire\/","title":{"rendered":"Annulation de la 3e \u00e9dition du \u00abFestival de Djerba : l&rsquo;\u00eele du rire\u00bb"},"content":{"rendered":"<p style=\"text-align: center;\"><img loading=\"lazy\" decoding=\"async\" class=\"alignnone size-full wp-image-170334\" src=\"http:\/\/kapitalis.com\/tunisie\/wp-content\/uploads\/2018\/08\/Djerba-Festival-rire.jpg\" alt=\"\" width=\"626\" height=\"380\" \/><\/p>\n<p><em><strong>La\u00a0 3<sup>e<\/sup> \u00e9dition du \u00abFestival de Djerba : l&rsquo;\u00eele du Rire\u00bb, pr\u00e9vu le 29 ao\u00fbt 2018, au th\u00e9\u00e2tre plein air de la Marina \u00e0 Houmt Souk, a \u00e9t\u00e9 annul\u00e9, \u00e0 la grande d\u00e9ception des spectateurs mais aussi des humoristes et des organisateurs.<\/strong><\/em><\/p>\n<p><!--more--><\/p>\n<p>C\u2019est ce qu\u2019a annonc\u00e9 l\u2019humoriste franco-tunisienne, Samia Orosemane, qui avait initi\u00e9, en 2014, la premi\u00e8re session du\u00a0Festival de rire de Djerba, sa ville natale, dont elle veut contribuer \u00e0 faire la promotion.<\/p>\n<p>Ne cachant pas sa d\u00e9sillusion, l&rsquo;humoriste explique : \u00ab<em>Quelques soutiens nous ont abandonn\u00e9s en cours de route<\/em>\u00bb, faisant r\u00e9f\u00e9rence \u00e0 des sponsors dont l\u2019apport est essentiel pour l&rsquo;organisation de cette manifestation.<\/p>\n<p>Samia Orosemane a aussi indiqu\u00e9 que ce festival visait \u00e0 donner un coup de pouce au tourisme en Tunisie, avec l\u2019espoir d\u2019en faire un rendez-vous incontournable.<\/p>\n<p>\u00ab<em>A sa premi\u00e8re \u00e9dition, en 2014, le festival \u00ab\u00a0Djerba: l&rsquo;\u00eele du Rire\u00a0\u00bb avait \u00e9t\u00e9 r\u00e9alis\u00e9 avec les moyens du bord, une \u00e9quipe d\u2019artistes sinc\u00e8res, g\u00e9n\u00e9reux qui avaient offert de leur temps, de leur \u00e9nergie et de leur amour pour cette belle cause, et malgr\u00e9 le manque de moyens financiers et techniques, nous avons offert une belle soir\u00e9e aux spectateurs<\/em>\u00bb, a rappel\u00e9 l\u2019humoriste, en ajoutant que l\u2019\u00e9dition de 2015 avait \u00e9t\u00e9 annul\u00e9e \u00e0 cause des attaques terroristes de mars et juin de la m\u00eame ann\u00e9e.<\/p>\n<p>Samia Orosemane, qui a du mal \u00e0 contenir sa d\u00e9ception, rappelle aussi que la programmation du festival de 2017 avait connu un franc succ\u00e8s et a m\u00eame eu droit \u00e0 des articles dans la presse internationale, ce qui a permis de mettre en avant l\u2019\u00eele des r\u00eaves.<\/p>\n<p>\u00ab<em>Cette ann\u00e9e nous sommes revenus avec l\u2019ambition de faire encore plus grand, et encore plus beau. Malheureusement, quelques soutiens nous ont abandonn\u00e9s en cours de route. Sans raison apparente&#8230; malgr\u00e9 l\u2019\u00e9nergie apport\u00e9e au projet, l\u2019envie d\u2019\u00eatre utile, la programmation de qualit\u00e9 et les journalistes de grands m\u00e9dias pr\u00eats \u00e0 faire le d\u00e9placement\u00bb<\/em>, a-t-elle d\u00e9plor\u00e9.<\/p>\n<p>\u00ab<em>Cette Tunisie pour laquelle nous nous sommes battus semble ne plus avoir besoin de notre mobilisation : les h\u00f4tels sont pleins \u00e0 craquer, les vols \u00e9galement. Pourvu que cela dure. Et c&rsquo;est tout ce que nous esp\u00e9rons de tout c\u0153ur<\/em>\u00bb, a-t-elle\u00a0ajout\u00e9, avant de s\u2019excuser aupr\u00e8s du public.<\/p>\n<p style=\"text-align: right;\"><strong>Y. N.<\/strong><\/p>\n<blockquote class=\"wp-embedded-content\" data-secret=\"gGah2vEYoD\"><p><a href=\"https:\/\/kapitalis.com\/tunisie\/2017\/11\/24\/samia-orosemane-parmi-les-50-francais-les-plus-influents-au-monde\/\">Samia Orosemane parmi les 50 Fran\u00e7ais les plus influents au monde<\/a><\/p><\/blockquote>\n<p><iframe loading=\"lazy\" class=\"wp-embedded-content\" sandbox=\"allow-scripts\" security=\"restricted\" style=\"position: absolute; clip: rect(1px, 1px, 1px, 1px);\" title=\"\u00ab\u00a0Samia Orosemane parmi les 50 Fran\u00e7ais les plus influents au monde\u00a0\u00bb &#8212; Kapitalis\" src=\"https:\/\/kapitalis.com\/tunisie\/2017\/11\/24\/samia-orosemane-parmi-les-50-francais-les-plus-influents-au-monde\/embed\/#?secret=RvE7uzbRsL#?secret=gGah2vEYoD\" data-secret=\"gGah2vEYoD\" width=\"600\" height=\"338\" frameborder=\"0\" marginwidth=\"0\" marginheight=\"0\" scrolling=\"no\"><\/iframe><\/p>\n<blockquote class=\"wp-embedded-content\" data-secret=\"bgXQqjv2Tu\"><p><a href=\"https:\/\/kapitalis.com\/tunisie\/2018\/05\/09\/spectacle-de-lhumoriste-franco-tunisienne-samia-orosemane-a-tunis\/\">Spectacle de l\u2019humoriste franco-tunisienne Samia Orosemane \u00e0 Tunis<\/a><\/p><\/blockquote>\n<p><iframe loading=\"lazy\" class=\"wp-embedded-content\" sandbox=\"allow-scripts\" security=\"restricted\" style=\"position: absolute; clip: rect(1px, 1px, 1px, 1px);\" title=\"\u00ab\u00a0Spectacle de l\u2019humoriste franco-tunisienne Samia Orosemane \u00e0 Tunis\u00a0\u00bb &#8212; Kapitalis\" src=\"https:\/\/kapitalis.com\/tunisie\/2018\/05\/09\/spectacle-de-lhumoriste-franco-tunisienne-samia-orosemane-a-tunis\/embed\/#?secret=e0vTKzRMOI#?secret=bgXQqjv2Tu\" data-secret=\"bgXQqjv2Tu\" width=\"600\" height=\"338\" frameborder=\"0\" marginwidth=\"0\" marginheight=\"0\" scrolling=\"no\"><\/iframe><\/p>\n","protected":false},"excerpt":{"rendered":"<p>La\u00a0 3e \u00e9dition du \u00abFestival de Djerba : l&rsquo;\u00eele du Rire\u00bb, pr\u00e9vu le 29 ao\u00fbt 2018, au th\u00e9\u00e2tre plein air de la Marina \u00e0 Houmt Souk, a \u00e9t\u00e9 annul\u00e9, \u00e0 la grande d\u00e9ception des spectateurs mais aussi des humoristes et des organisateurs.<\/p>\n","protected":false},"author":6,"featured_media":170334,"comment_status":"open","ping_status":"open","sticky":false,"template":"","format":"standard","meta":{"footnotes":""},"categories":[994,2433],"tags":[1657,284,13389,25025,908],"class_list":["post-170328","post","type-post","status-publish","format-standard","has-post-thumbnail","hentry","category-culture","category-tunisie","tag-annulation","tag-djerba","tag-humoriste","tag-samia-orosemane","tag-tourisme"],"yoast_head":"<!-- This site is optimized with the Yoast SEO plugin v26.6 - https:\/\/yoast.com\/wordpress\/plugins\/seo\/ -->\n<title>Annulation de la 3e \u00e9dition du \u00abFestival de Djerba : l&#039;\u00eele du rire\u00bb - Kapitalis<\/title>\n<meta name=\"robots\" content=\"index, follow, max-snippet:-1, max-image-preview:large, max-video-preview:-1\" \/>\n<link rel=\"canonical\" href=\"https:\/\/kapitalis.com\/tunisie\/2018\/08\/22\/annulation-de-la-3e-edition-du-festival-de-djerba-lile-du-rire\/\" \/>\n<meta property=\"og:locale\" content=\"fr_FR\" \/>\n<meta property=\"og:type\" content=\"article\" \/>\n<meta property=\"og:title\" content=\"Annulation de la 3e \u00e9dition du \u00abFestival de Djerba : l&#039;\u00eele du rire\u00bb - Kapitalis\" \/>\n<meta property=\"og:description\" content=\"La\u00a0 3e \u00e9dition du \u00abFestival de Djerba : l&rsquo;\u00eele du Rire\u00bb, pr\u00e9vu le 29 ao\u00fbt 2018, au th\u00e9\u00e2tre plein air de la Marina \u00e0 Houmt Souk, a \u00e9t\u00e9 annul\u00e9, \u00e0 la grande d\u00e9ception des spectateurs mais aussi des humoristes et des organisateurs.\" \/>\n<meta property=\"og:url\" content=\"https:\/\/kapitalis.com\/tunisie\/2018\/08\/22\/annulation-de-la-3e-edition-du-festival-de-djerba-lile-du-rire\/\" \/>\n<meta property=\"og:site_name\" content=\"Kapitalis\" \/>\n<meta property=\"article:publisher\" content=\"https:\/\/www.facebook.com\/KapitalisInfo\/\" \/>\n<meta property=\"article:published_time\" content=\"2018-08-22T10:16:24+00:00\" \/>\n<meta property=\"article:modified_time\" content=\"2018-08-23T16:59:45+00:00\" \/>\n<meta property=\"og:image\" content=\"https:\/\/kapitalis.com\/tunisie\/wp-content\/uploads\/2022\/05\/kapitalis-logo-fb.png\" \/>\n\t<meta property=\"og:image:width\" content=\"1200\" \/>\n\t<meta property=\"og:image:height\" content=\"630\" \/>\n\t<meta property=\"og:image:type\" content=\"image\/png\" \/>\n<meta name=\"author\" content=\"Yusra NY\" \/>\n<meta name=\"twitter:card\" content=\"summary_large_image\" \/>\n<meta name=\"twitter:creator\" content=\"@KapitalisInfo\" \/>\n<meta name=\"twitter:site\" content=\"@KapitalisInfo\" \/>\n<meta name=\"twitter:label1\" content=\"\u00c9crit par\" \/>\n\t<meta name=\"twitter:data1\" content=\"Yusra NY\" \/>\n\t<meta name=\"twitter:label2\" content=\"Dur\u00e9e de lecture estim\u00e9e\" \/>\n\t<meta name=\"twitter:data2\" content=\"2 minutes\" \/>\n<script type=\"application\/ld+json\" class=\"yoast-schema-graph\">{\"@context\":\"https:\/\/schema.org\",\"@graph\":[{\"@type\":\"Article\",\"@id\":\"https:\/\/kapitalis.com\/tunisie\/2018\/08\/22\/annulation-de-la-3e-edition-du-festival-de-djerba-lile-du-rire\/#article\",\"isPartOf\":{\"@id\":\"https:\/\/kapitalis.com\/tunisie\/2018\/08\/22\/annulation-de-la-3e-edition-du-festival-de-djerba-lile-du-rire\/\"},\"author\":{\"name\":\"Yusra NY\",\"@id\":\"https:\/\/kapitalis.com\/tunisie\/#\/schema\/person\/74bbde0154d49d790a92aaeac5bc01d5\"},\"headline\":\"Annulation de la 3e \u00e9dition du \u00abFestival de Djerba : l&rsquo;\u00eele du rire\u00bb\",\"datePublished\":\"2018-08-22T10:16:24+00:00\",\"dateModified\":\"2018-08-23T16:59:45+00:00\",\"mainEntityOfPage\":{\"@id\":\"https:\/\/kapitalis.com\/tunisie\/2018\/08\/22\/annulation-de-la-3e-edition-du-festival-de-djerba-lile-du-rire\/\"},\"wordCount\":422,\"commentCount\":1,\"publisher\":{\"@id\":\"https:\/\/kapitalis.com\/tunisie\/#organization\"},\"image\":{\"@id\":\"https:\/\/kapitalis.com\/tunisie\/2018\/08\/22\/annulation-de-la-3e-edition-du-festival-de-djerba-lile-du-rire\/#primaryimage\"},\"thumbnailUrl\":\"\",\"keywords\":[\"annulation\",\"Djerba\",\"humoriste\",\"Samia Orosemane\",\"tourisme\"],\"articleSection\":[\"CULTURE\",\"Tunisie\"],\"inLanguage\":\"fr-FR\",\"potentialAction\":[{\"@type\":\"CommentAction\",\"name\":\"Comment\",\"target\":[\"https:\/\/kapitalis.com\/tunisie\/2018\/08\/22\/annulation-de-la-3e-edition-du-festival-de-djerba-lile-du-rire\/#respond\"]}]},{\"@type\":\"WebPage\",\"@id\":\"https:\/\/kapitalis.com\/tunisie\/2018\/08\/22\/annulation-de-la-3e-edition-du-festival-de-djerba-lile-du-rire\/\",\"url\":\"https:\/\/kapitalis.com\/tunisie\/2018\/08\/22\/annulation-de-la-3e-edition-du-festival-de-djerba-lile-du-rire\/\",\"name\":\"Annulation de la 3e \u00e9dition du \u00abFestival de Djerba : l'\u00eele du rire\u00bb - Kapitalis\",\"isPartOf\":{\"@id\":\"https:\/\/kapitalis.com\/tunisie\/#website\"},\"primaryImageOfPage\":{\"@id\":\"https:\/\/kapitalis.com\/tunisie\/2018\/08\/22\/annulation-de-la-3e-edition-du-festival-de-djerba-lile-du-rire\/#primaryimage\"},\"image\":{\"@id\":\"https:\/\/kapitalis.com\/tunisie\/2018\/08\/22\/annulation-de-la-3e-edition-du-festival-de-djerba-lile-du-rire\/#primaryimage\"},\"thumbnailUrl\":\"\",\"datePublished\":\"2018-08-22T10:16:24+00:00\",\"dateModified\":\"2018-08-23T16:59:45+00:00\",\"breadcrumb\":{\"@id\":\"https:\/\/kapitalis.com\/tunisie\/2018\/08\/22\/annulation-de-la-3e-edition-du-festival-de-djerba-lile-du-rire\/#breadcrumb\"},\"inLanguage\":\"fr-FR\",\"potentialAction\":[{\"@type\":\"ReadAction\",\"target\":[\"https:\/\/kapitalis.com\/tunisie\/2018\/08\/22\/annulation-de-la-3e-edition-du-festival-de-djerba-lile-du-rire\/\"]}]},{\"@type\":\"ImageObject\",\"inLanguage\":\"fr-FR\",\"@id\":\"https:\/\/kapitalis.com\/tunisie\/2018\/08\/22\/annulation-de-la-3e-edition-du-festival-de-djerba-lile-du-rire\/#primaryimage\",\"url\":\"\",\"contentUrl\":\"\"},{\"@type\":\"BreadcrumbList\",\"@id\":\"https:\/\/kapitalis.com\/tunisie\/2018\/08\/22\/annulation-de-la-3e-edition-du-festival-de-djerba-lile-du-rire\/#breadcrumb\",\"itemListElement\":[{\"@type\":\"ListItem\",\"position\":1,\"name\":\"Accueil\",\"item\":\"https:\/\/kapitalis.com\/tunisie\/\"},{\"@type\":\"ListItem\",\"position\":2,\"name\":\"Annulation de la 3e \u00e9dition du \u00abFestival de Djerba : l&rsquo;\u00eele du rire\u00bb\"}]},{\"@type\":\"WebSite\",\"@id\":\"https:\/\/kapitalis.com\/tunisie\/#website\",\"url\":\"https:\/\/kapitalis.com\/tunisie\/\",\"name\":\"Kapitalis\",\"description\":\"L&#039;actualit\u00e9 en Tunisie et dans le monde\",\"publisher\":{\"@id\":\"https:\/\/kapitalis.com\/tunisie\/#organization\"},\"potentialAction\":[{\"@type\":\"SearchAction\",\"target\":{\"@type\":\"EntryPoint\",\"urlTemplate\":\"https:\/\/kapitalis.com\/tunisie\/?s={search_term_string}\"},\"query-input\":{\"@type\":\"PropertyValueSpecification\",\"valueRequired\":true,\"valueName\":\"search_term_string\"}}],\"inLanguage\":\"fr-FR\"},{\"@type\":\"Organization\",\"@id\":\"https:\/\/kapitalis.com\/tunisie\/#organization\",\"name\":\"Kapitalis\",\"url\":\"https:\/\/kapitalis.com\/tunisie\/\",\"logo\":{\"@type\":\"ImageObject\",\"inLanguage\":\"fr-FR\",\"@id\":\"https:\/\/kapitalis.com\/tunisie\/#\/schema\/logo\/image\/\",\"url\":\"https:\/\/kapitalis.com\/tunisie\/wp-content\/uploads\/2022\/05\/Kapitalis-big-size.png\",\"contentUrl\":\"https:\/\/kapitalis.com\/tunisie\/wp-content\/uploads\/2022\/05\/Kapitalis-big-size.png\",\"width\":5000,\"height\":1500,\"caption\":\"Kapitalis\"},\"image\":{\"@id\":\"https:\/\/kapitalis.com\/tunisie\/#\/schema\/logo\/image\/\"},\"sameAs\":[\"https:\/\/www.facebook.com\/KapitalisInfo\/\",\"https:\/\/x.com\/KapitalisInfo\",\"https:\/\/www.youtube.com\/channel\/UC-yDYrHyfFBWWZaOw3FPg9Q\"]},{\"@type\":\"Person\",\"@id\":\"https:\/\/kapitalis.com\/tunisie\/#\/schema\/person\/74bbde0154d49d790a92aaeac5bc01d5\",\"name\":\"Yusra NY\",\"url\":\"https:\/\/kapitalis.com\/tunisie\/author\/yuza_adam\/\"}]}<\/script>\n<!-- \/ Yoast SEO plugin. -->","yoast_head_json":{"title":"Annulation de la 3e \u00e9dition du \u00abFestival de Djerba : l'\u00eele du rire\u00bb - Kapitalis","robots":{"index":"index","follow":"follow","max-snippet":"max-snippet:-1","max-image-preview":"max-image-preview:large","max-video-preview":"max-video-preview:-1"},"canonical":"https:\/\/kapitalis.com\/tunisie\/2018\/08\/22\/annulation-de-la-3e-edition-du-festival-de-djerba-lile-du-rire\/","og_locale":"fr_FR","og_type":"article","og_title":"Annulation de la 3e \u00e9dition du \u00abFestival de Djerba : l'\u00eele du rire\u00bb - Kapitalis","og_description":"La\u00a0 3e \u00e9dition du \u00abFestival de Djerba : l&rsquo;\u00eele du Rire\u00bb, pr\u00e9vu le 29 ao\u00fbt 2018, au th\u00e9\u00e2tre plein air de la Marina \u00e0 Houmt Souk, a \u00e9t\u00e9 annul\u00e9, \u00e0 la grande d\u00e9ception des spectateurs mais aussi des humoristes et des organisateurs.","og_url":"https:\/\/kapitalis.com\/tunisie\/2018\/08\/22\/annulation-de-la-3e-edition-du-festival-de-djerba-lile-du-rire\/","og_site_name":"Kapitalis","article_publisher":"https:\/\/www.facebook.com\/KapitalisInfo\/","article_published_time":"2018-08-22T10:16:24+00:00","article_modified_time":"2018-08-23T16:59:45+00:00","og_image":[{"width":1200,"height":630,"url":"https:\/\/kapitalis.com\/tunisie\/wp-content\/uploads\/2022\/05\/kapitalis-logo-fb.png","type":"image\/png"}],"author":"Yusra NY","twitter_card":"summary_large_image","twitter_creator":"@KapitalisInfo","twitter_site":"@KapitalisInfo","twitter_misc":{"\u00c9crit par":"Yusra NY","Dur\u00e9e de lecture estim\u00e9e":"2 minutes"},"schema":{"@context":"https:\/\/schema.org","@graph":[{"@type":"Article","@id":"https:\/\/kapitalis.com\/tunisie\/2018\/08\/22\/annulation-de-la-3e-edition-du-festival-de-djerba-lile-du-rire\/#article","isPartOf":{"@id":"https:\/\/kapitalis.com\/tunisie\/2018\/08\/22\/annulation-de-la-3e-edition-du-festival-de-djerba-lile-du-rire\/"},"author":{"name":"Yusra NY","@id":"https:\/\/kapitalis.com\/tunisie\/#\/schema\/person\/74bbde0154d49d790a92aaeac5bc01d5"},"headline":"Annulation de la 3e \u00e9dition du \u00abFestival de Djerba : l&rsquo;\u00eele du rire\u00bb","datePublished":"2018-08-22T10:16:24+00:00","dateModified":"2018-08-23T16:59:45+00:00","mainEntityOfPage":{"@id":"https:\/\/kapitalis.com\/tunisie\/2018\/08\/22\/annulation-de-la-3e-edition-du-festival-de-djerba-lile-du-rire\/"},"wordCount":422,"commentCount":1,"publisher":{"@id":"https:\/\/kapitalis.com\/tunisie\/#organization"},"image":{"@id":"https:\/\/kapitalis.com\/tunisie\/2018\/08\/22\/annulation-de-la-3e-edition-du-festival-de-djerba-lile-du-rire\/#primaryimage"},"thumbnailUrl":"","keywords":["annulation","Djerba","humoriste","Samia Orosemane","tourisme"],"articleSection":["CULTURE","Tunisie"],"inLanguage":"fr-FR","potentialAction":[{"@type":"CommentAction","name":"Comment","target":["https:\/\/kapitalis.com\/tunisie\/2018\/08\/22\/annulation-de-la-3e-edition-du-festival-de-djerba-lile-du-rire\/#respond"]}]},{"@type":"WebPage","@id":"https:\/\/kapitalis.com\/tunisie\/2018\/08\/22\/annulation-de-la-3e-edition-du-festival-de-djerba-lile-du-rire\/","url":"https:\/\/kapitalis.com\/tunisie\/2018\/08\/22\/annulation-de-la-3e-edition-du-festival-de-djerba-lile-du-rire\/","name":"Annulation de la 3e \u00e9dition du \u00abFestival de Djerba : l'\u00eele du rire\u00bb - Kapitalis","isPartOf":{"@id":"https:\/\/kapitalis.com\/tunisie\/#website"},"primaryImageOfPage":{"@id":"https:\/\/kapitalis.com\/tunisie\/2018\/08\/22\/annulation-de-la-3e-edition-du-festival-de-djerba-lile-du-rire\/#primaryimage"},"image":{"@id":"https:\/\/kapitalis.com\/tunisie\/2018\/08\/22\/annulation-de-la-3e-edition-du-festival-de-djerba-lile-du-rire\/#primaryimage"},"thumbnailUrl":"","datePublished":"2018-08-22T10:16:24+00:00","dateModified":"2018-08-23T16:59:45+00:00","breadcrumb":{"@id":"https:\/\/kapitalis.com\/tunisie\/2018\/08\/22\/annulation-de-la-3e-edition-du-festival-de-djerba-lile-du-rire\/#breadcrumb"},"inLanguage":"fr-FR","potentialAction":[{"@type":"ReadAction","target":["https:\/\/kapitalis.com\/tunisie\/2018\/08\/22\/annulation-de-la-3e-edition-du-festival-de-djerba-lile-du-rire\/"]}]},{"@type":"ImageObject","inLanguage":"fr-FR","@id":"https:\/\/kapitalis.com\/tunisie\/2018\/08\/22\/annulation-de-la-3e-edition-du-festival-de-djerba-lile-du-rire\/#primaryimage","url":"","contentUrl":""},{"@type":"BreadcrumbList","@id":"https:\/\/kapitalis.com\/tunisie\/2018\/08\/22\/annulation-de-la-3e-edition-du-festival-de-djerba-lile-du-rire\/#breadcrumb","itemListElement":[{"@type":"ListItem","position":1,"name":"Accueil","item":"https:\/\/kapitalis.com\/tunisie\/"},{"@type":"ListItem","position":2,"name":"Annulation de la 3e \u00e9dition du \u00abFestival de Djerba : l&rsquo;\u00eele du rire\u00bb"}]},{"@type":"WebSite","@id":"https:\/\/kapitalis.com\/tunisie\/#website","url":"https:\/\/kapitalis.com\/tunisie\/","name":"Kapitalis","description":"L&#039;actualit\u00e9 en Tunisie et dans le monde","publisher":{"@id":"https:\/\/kapitalis.com\/tunisie\/#organization"},"potentialAction":[{"@type":"SearchAction","target":{"@type":"EntryPoint","urlTemplate":"https:\/\/kapitalis.com\/tunisie\/?s={search_term_string}"},"query-input":{"@type":"PropertyValueSpecification","valueRequired":true,"valueName":"search_term_string"}}],"inLanguage":"fr-FR"},{"@type":"Organization","@id":"https:\/\/kapitalis.com\/tunisie\/#organization","name":"Kapitalis","url":"https:\/\/kapitalis.com\/tunisie\/","logo":{"@type":"ImageObject","inLanguage":"fr-FR","@id":"https:\/\/kapitalis.com\/tunisie\/#\/schema\/logo\/image\/","url":"https:\/\/kapitalis.com\/tunisie\/wp-content\/uploads\/2022\/05\/Kapitalis-big-size.png","contentUrl":"https:\/\/kapitalis.com\/tunisie\/wp-content\/uploads\/2022\/05\/Kapitalis-big-size.png","width":5000,"height":1500,"caption":"Kapitalis"},"image":{"@id":"https:\/\/kapitalis.com\/tunisie\/#\/schema\/logo\/image\/"},"sameAs":["https:\/\/www.facebook.com\/KapitalisInfo\/","https:\/\/x.com\/KapitalisInfo","https:\/\/www.youtube.com\/channel\/UC-yDYrHyfFBWWZaOw3FPg9Q"]},{"@type":"Person","@id":"https:\/\/kapitalis.com\/tunisie\/#\/schema\/person\/74bbde0154d49d790a92aaeac5bc01d5","name":"Yusra NY","url":"https:\/\/kapitalis.com\/tunisie\/author\/yuza_adam\/"}]}},"_links":{"self":[{"href":"https:\/\/kapitalis.com\/tunisie\/wp-json\/wp\/v2\/posts\/170328","targetHints":{"allow":["GET"]}}],"collection":[{"href":"https:\/\/kapitalis.com\/tunisie\/wp-json\/wp\/v2\/posts"}],"about":[{"href":"https:\/\/kapitalis.com\/tunisie\/wp-json\/wp\/v2\/types\/post"}],"author":[{"embeddable":true,"href":"https:\/\/kapitalis.com\/tunisie\/wp-json\/wp\/v2\/users\/6"}],"replies":[{"embeddable":true,"href":"https:\/\/kapitalis.com\/tunisie\/wp-json\/wp\/v2\/comments?post=170328"}],"version-history":[{"count":0,"href":"https:\/\/kapitalis.com\/tunisie\/wp-json\/wp\/v2\/posts\/170328\/revisions"}],"wp:featuredmedia":[{"embeddable":true,"href":"https:\/\/kapitalis.com\/tunisie\/wp-json\/wp\/v2\/media\/170334"}],"wp:attachment":[{"href":"https:\/\/kapitalis.com\/tunisie\/wp-json\/wp\/v2\/media?parent=170328"}],"wp:term":[{"taxonomy":"category","embeddable":true,"href":"https:\/\/kapitalis.com\/tunisie\/wp-json\/wp\/v2\/categories?post=170328"},{"taxonomy":"post_tag","embeddable":true,"href":"https:\/\/kapitalis.com\/tunisie\/wp-json\/wp\/v2\/tags?post=170328"}],"curies":[{"name":"wp","href":"https:\/\/api.w.org\/{rel}","templated":true}]}}