{"id":170632,"date":"2018-08-24T11:55:06","date_gmt":"2018-08-24T10:55:06","guid":{"rendered":"http:\/\/kapitalis.com\/tunisie\/?p=170632"},"modified":"2018-08-24T11:55:06","modified_gmt":"2018-08-24T10:55:06","slug":"accusee-de-violence-lactrice-rania-gabsy-dement-et-precise","status":"publish","type":"post","link":"https:\/\/kapitalis.com\/tunisie\/2018\/08\/24\/accusee-de-violence-lactrice-rania-gabsy-dement-et-precise\/","title":{"rendered":"Accus\u00e9e de violence, l\u2019actrice Rania Gabsy d\u00e9ment et pr\u00e9cise"},"content":{"rendered":"<p style=\"text-align: center;\"><img loading=\"lazy\" decoding=\"async\" class=\"alignnone size-full wp-image-170641\" src=\"http:\/\/kapitalis.com\/tunisie\/wp-content\/uploads\/2018\/08\/Rania-Gabsy-1.jpg\" alt=\"\" width=\"626\" height=\"380\" \/><\/p>\n<p><em><strong>Accus\u00e9e d\u2019avoir agress\u00e9, avec le chanteur Kafon, des jeunes du quartier de l&rsquo;Ariana, l\u2019actrice Rania Gabsy a d\u00e9menti ces accusations et pr\u00e9cis\u00e9 que la justice tranchera dans cette affaire.<\/strong><\/em><!--more--><\/p>\n<p>Dans une vid\u00e9o post\u00e9e hier soir, jeudi 23 ao\u00fbt 2018, l\u2019actrice de 30 ans a retourn\u00e9 l\u2019accusation en pr\u00e9cisant que la bagarre a \u00e9t\u00e9 d\u00e9clench\u00e9e par ces jeunes de l\u2019Ariana qui habitent pr\u00e8s de chez ses parents et qu\u2019elle n\u2019\u00e9tait m\u00eame pas pr\u00e9sente sur les lieux au moment des faits, comme l\u2019affirment ses accusateurs.<\/p>\n<p>Selon Rania Gabsy, Kafon, accompagn\u00e9 de 3 autres amis, de passage \u00e0 l\u2019Ariana, a rendu visite aux parents de l&rsquo;actrice, pour leur pr\u00e9senter ses v\u0153ux de l\u2019A\u00efd. Ayant bloqu\u00e9 le passage avec sa voiture, cela a d\u00e9plu aux jeunes du quartier qui lui ont demand\u00e9 de partir, avant de l\u2019insulter. Une bagarre a ensuite \u00e9clat\u00e9.<\/p>\n<div class=\"embed\">\n<div class=\"video\"><iframe loading=\"lazy\" src=\"https:\/\/www.youtube.com\/embed\/SkXj3FWYK98?rel=0&amp;controls=0&amp;showinfo=0\" width=\"560\" height=\"315\" frameborder=\"0\" allowfullscreen=\"allowfullscreen\"><\/iframe><\/div>\n<\/div>\n<p>\u00ab<em>Depuis le d\u00e9but de l\u2019\u00e9t\u00e9, ces jeunes, qui habitent en France, boivent et fument dans la rue et emb\u00eatent les voisins. Personne ne leur a rien dit, mais de l\u00e0 \u00e0 agresser les gens et \u00e0 inventer une histoire pour m\u2019accuser de les voir frapp\u00e9s et d\u2019\u00eatre saoule au moment des faits, il y a un pas qu\u2019ils n\u2019auraient pas du franchir<\/em>\u00bb, a d\u00e9plor\u00e9 l\u2019actrice, en ajoutant que la justice tranchera dans cette affaire.<\/p>\n<p style=\"text-align: right;\"><strong>Y. N.<\/strong><\/p>\n","protected":false},"excerpt":{"rendered":"<p>Accus\u00e9e d\u2019avoir agress\u00e9, avec le chanteur Kafon, des jeunes du quartier de l&rsquo;Ariana, l\u2019actrice Rania Gabsy a d\u00e9menti ces accusations et pr\u00e9cis\u00e9 que la justice tranchera dans cette affaire.<\/p>\n","protected":false},"author":6,"featured_media":170638,"comment_status":"open","ping_status":"open","sticky":false,"template":"","format":"standard","meta":{"footnotes":""},"categories":[994,2433,4806],"tags":[4449,45,79,2942,4665,3497],"class_list":["post-170632","post","type-post","status-publish","format-standard","has-post-thumbnail","hentry","category-culture","category-tunisie","category-videos","tag-actrice","tag-agression","tag-ariana","tag-bagarre-generale","tag-chanteur","tag-kafon"],"yoast_head":"<!-- This site is optimized with the Yoast SEO plugin v26.6 - https:\/\/yoast.com\/wordpress\/plugins\/seo\/ -->\n<title>Accus\u00e9e de violence, l\u2019actrice Rania Gabsy d\u00e9ment et pr\u00e9cise - Kapitalis<\/title>\n<meta name=\"robots\" content=\"index, follow, max-snippet:-1, max-image-preview:large, max-video-preview:-1\" \/>\n<link rel=\"canonical\" href=\"https:\/\/kapitalis.com\/tunisie\/2018\/08\/24\/accusee-de-violence-lactrice-rania-gabsy-dement-et-precise\/\" \/>\n<meta property=\"og:locale\" content=\"fr_FR\" \/>\n<meta property=\"og:type\" content=\"article\" \/>\n<meta property=\"og:title\" content=\"Accus\u00e9e de violence, l\u2019actrice Rania Gabsy d\u00e9ment et pr\u00e9cise - Kapitalis\" \/>\n<meta property=\"og:description\" content=\"Accus\u00e9e d\u2019avoir agress\u00e9, avec le chanteur Kafon, des jeunes du quartier de l&rsquo;Ariana, l\u2019actrice Rania Gabsy a d\u00e9menti ces accusations et pr\u00e9cis\u00e9 que la justice tranchera dans cette affaire.\" \/>\n<meta property=\"og:url\" content=\"https:\/\/kapitalis.com\/tunisie\/2018\/08\/24\/accusee-de-violence-lactrice-rania-gabsy-dement-et-precise\/\" \/>\n<meta property=\"og:site_name\" content=\"Kapitalis\" \/>\n<meta property=\"article:publisher\" content=\"https:\/\/www.facebook.com\/KapitalisInfo\/\" \/>\n<meta property=\"article:published_time\" content=\"2018-08-24T10:55:06+00:00\" \/>\n<meta property=\"og:image\" content=\"https:\/\/kapitalis.com\/tunisie\/wp-content\/uploads\/2022\/05\/kapitalis-logo-fb.png\" \/>\n\t<meta property=\"og:image:width\" content=\"1200\" \/>\n\t<meta property=\"og:image:height\" content=\"630\" \/>\n\t<meta property=\"og:image:type\" content=\"image\/png\" \/>\n<meta name=\"author\" content=\"Yusra NY\" \/>\n<meta name=\"twitter:card\" content=\"summary_large_image\" \/>\n<meta name=\"twitter:creator\" content=\"@KapitalisInfo\" \/>\n<meta name=\"twitter:site\" content=\"@KapitalisInfo\" \/>\n<meta name=\"twitter:label1\" content=\"\u00c9crit par\" \/>\n\t<meta name=\"twitter:data1\" content=\"Yusra NY\" \/>\n\t<meta name=\"twitter:label2\" content=\"Dur\u00e9e de lecture estim\u00e9e\" \/>\n\t<meta name=\"twitter:data2\" content=\"1 minute\" \/>\n<script type=\"application\/ld+json\" class=\"yoast-schema-graph\">{\"@context\":\"https:\/\/schema.org\",\"@graph\":[{\"@type\":\"Article\",\"@id\":\"https:\/\/kapitalis.com\/tunisie\/2018\/08\/24\/accusee-de-violence-lactrice-rania-gabsy-dement-et-precise\/#article\",\"isPartOf\":{\"@id\":\"https:\/\/kapitalis.com\/tunisie\/2018\/08\/24\/accusee-de-violence-lactrice-rania-gabsy-dement-et-precise\/\"},\"author\":{\"name\":\"Yusra NY\",\"@id\":\"https:\/\/kapitalis.com\/tunisie\/#\/schema\/person\/74bbde0154d49d790a92aaeac5bc01d5\"},\"headline\":\"Accus\u00e9e de violence, l\u2019actrice Rania Gabsy d\u00e9ment et pr\u00e9cise\",\"datePublished\":\"2018-08-24T10:55:06+00:00\",\"mainEntityOfPage\":{\"@id\":\"https:\/\/kapitalis.com\/tunisie\/2018\/08\/24\/accusee-de-violence-lactrice-rania-gabsy-dement-et-precise\/\"},\"wordCount\":257,\"commentCount\":3,\"publisher\":{\"@id\":\"https:\/\/kapitalis.com\/tunisie\/#organization\"},\"image\":{\"@id\":\"https:\/\/kapitalis.com\/tunisie\/2018\/08\/24\/accusee-de-violence-lactrice-rania-gabsy-dement-et-precise\/#primaryimage\"},\"thumbnailUrl\":\"\",\"keywords\":[\"actrice\",\"agression\",\"Ariana\",\"bagarre g\u00e9n\u00e9rale\",\"chanteur\",\"Kafon\"],\"articleSection\":[\"CULTURE\",\"Tunisie\",\"VIDEOS\"],\"inLanguage\":\"fr-FR\",\"potentialAction\":[{\"@type\":\"CommentAction\",\"name\":\"Comment\",\"target\":[\"https:\/\/kapitalis.com\/tunisie\/2018\/08\/24\/accusee-de-violence-lactrice-rania-gabsy-dement-et-precise\/#respond\"]}]},{\"@type\":\"WebPage\",\"@id\":\"https:\/\/kapitalis.com\/tunisie\/2018\/08\/24\/accusee-de-violence-lactrice-rania-gabsy-dement-et-precise\/\",\"url\":\"https:\/\/kapitalis.com\/tunisie\/2018\/08\/24\/accusee-de-violence-lactrice-rania-gabsy-dement-et-precise\/\",\"name\":\"Accus\u00e9e de violence, l\u2019actrice Rania Gabsy d\u00e9ment et pr\u00e9cise - Kapitalis\",\"isPartOf\":{\"@id\":\"https:\/\/kapitalis.com\/tunisie\/#website\"},\"primaryImageOfPage\":{\"@id\":\"https:\/\/kapitalis.com\/tunisie\/2018\/08\/24\/accusee-de-violence-lactrice-rania-gabsy-dement-et-precise\/#primaryimage\"},\"image\":{\"@id\":\"https:\/\/kapitalis.com\/tunisie\/2018\/08\/24\/accusee-de-violence-lactrice-rania-gabsy-dement-et-precise\/#primaryimage\"},\"thumbnailUrl\":\"\",\"datePublished\":\"2018-08-24T10:55:06+00:00\",\"breadcrumb\":{\"@id\":\"https:\/\/kapitalis.com\/tunisie\/2018\/08\/24\/accusee-de-violence-lactrice-rania-gabsy-dement-et-precise\/#breadcrumb\"},\"inLanguage\":\"fr-FR\",\"potentialAction\":[{\"@type\":\"ReadAction\",\"target\":[\"https:\/\/kapitalis.com\/tunisie\/2018\/08\/24\/accusee-de-violence-lactrice-rania-gabsy-dement-et-precise\/\"]}]},{\"@type\":\"ImageObject\",\"inLanguage\":\"fr-FR\",\"@id\":\"https:\/\/kapitalis.com\/tunisie\/2018\/08\/24\/accusee-de-violence-lactrice-rania-gabsy-dement-et-precise\/#primaryimage\",\"url\":\"\",\"contentUrl\":\"\"},{\"@type\":\"BreadcrumbList\",\"@id\":\"https:\/\/kapitalis.com\/tunisie\/2018\/08\/24\/accusee-de-violence-lactrice-rania-gabsy-dement-et-precise\/#breadcrumb\",\"itemListElement\":[{\"@type\":\"ListItem\",\"position\":1,\"name\":\"Accueil\",\"item\":\"https:\/\/kapitalis.com\/tunisie\/\"},{\"@type\":\"ListItem\",\"position\":2,\"name\":\"Accus\u00e9e de violence, l\u2019actrice Rania Gabsy d\u00e9ment et pr\u00e9cise\"}]},{\"@type\":\"WebSite\",\"@id\":\"https:\/\/kapitalis.com\/tunisie\/#website\",\"url\":\"https:\/\/kapitalis.com\/tunisie\/\",\"name\":\"Kapitalis\",\"description\":\"L&#039;actualit\u00e9 en Tunisie et dans le monde\",\"publisher\":{\"@id\":\"https:\/\/kapitalis.com\/tunisie\/#organization\"},\"potentialAction\":[{\"@type\":\"SearchAction\",\"target\":{\"@type\":\"EntryPoint\",\"urlTemplate\":\"https:\/\/kapitalis.com\/tunisie\/?s={search_term_string}\"},\"query-input\":{\"@type\":\"PropertyValueSpecification\",\"valueRequired\":true,\"valueName\":\"search_term_string\"}}],\"inLanguage\":\"fr-FR\"},{\"@type\":\"Organization\",\"@id\":\"https:\/\/kapitalis.com\/tunisie\/#organization\",\"name\":\"Kapitalis\",\"url\":\"https:\/\/kapitalis.com\/tunisie\/\",\"logo\":{\"@type\":\"ImageObject\",\"inLanguage\":\"fr-FR\",\"@id\":\"https:\/\/kapitalis.com\/tunisie\/#\/schema\/logo\/image\/\",\"url\":\"https:\/\/kapitalis.com\/tunisie\/wp-content\/uploads\/2022\/05\/Kapitalis-big-size.png\",\"contentUrl\":\"https:\/\/kapitalis.com\/tunisie\/wp-content\/uploads\/2022\/05\/Kapitalis-big-size.png\",\"width\":5000,\"height\":1500,\"caption\":\"Kapitalis\"},\"image\":{\"@id\":\"https:\/\/kapitalis.com\/tunisie\/#\/schema\/logo\/image\/\"},\"sameAs\":[\"https:\/\/www.facebook.com\/KapitalisInfo\/\",\"https:\/\/x.com\/KapitalisInfo\",\"https:\/\/www.youtube.com\/channel\/UC-yDYrHyfFBWWZaOw3FPg9Q\"]},{\"@type\":\"Person\",\"@id\":\"https:\/\/kapitalis.com\/tunisie\/#\/schema\/person\/74bbde0154d49d790a92aaeac5bc01d5\",\"name\":\"Yusra NY\",\"url\":\"https:\/\/kapitalis.com\/tunisie\/author\/yuza_adam\/\"}]}<\/script>\n<!-- \/ Yoast SEO plugin. -->","yoast_head_json":{"title":"Accus\u00e9e de violence, l\u2019actrice Rania Gabsy d\u00e9ment et pr\u00e9cise - Kapitalis","robots":{"index":"index","follow":"follow","max-snippet":"max-snippet:-1","max-image-preview":"max-image-preview:large","max-video-preview":"max-video-preview:-1"},"canonical":"https:\/\/kapitalis.com\/tunisie\/2018\/08\/24\/accusee-de-violence-lactrice-rania-gabsy-dement-et-precise\/","og_locale":"fr_FR","og_type":"article","og_title":"Accus\u00e9e de violence, l\u2019actrice Rania Gabsy d\u00e9ment et pr\u00e9cise - Kapitalis","og_description":"Accus\u00e9e d\u2019avoir agress\u00e9, avec le chanteur Kafon, des jeunes du quartier de l&rsquo;Ariana, l\u2019actrice Rania Gabsy a d\u00e9menti ces accusations et pr\u00e9cis\u00e9 que la justice tranchera dans cette affaire.","og_url":"https:\/\/kapitalis.com\/tunisie\/2018\/08\/24\/accusee-de-violence-lactrice-rania-gabsy-dement-et-precise\/","og_site_name":"Kapitalis","article_publisher":"https:\/\/www.facebook.com\/KapitalisInfo\/","article_published_time":"2018-08-24T10:55:06+00:00","og_image":[{"width":1200,"height":630,"url":"https:\/\/kapitalis.com\/tunisie\/wp-content\/uploads\/2022\/05\/kapitalis-logo-fb.png","type":"image\/png"}],"author":"Yusra NY","twitter_card":"summary_large_image","twitter_creator":"@KapitalisInfo","twitter_site":"@KapitalisInfo","twitter_misc":{"\u00c9crit par":"Yusra NY","Dur\u00e9e de lecture estim\u00e9e":"1 minute"},"schema":{"@context":"https:\/\/schema.org","@graph":[{"@type":"Article","@id":"https:\/\/kapitalis.com\/tunisie\/2018\/08\/24\/accusee-de-violence-lactrice-rania-gabsy-dement-et-precise\/#article","isPartOf":{"@id":"https:\/\/kapitalis.com\/tunisie\/2018\/08\/24\/accusee-de-violence-lactrice-rania-gabsy-dement-et-precise\/"},"author":{"name":"Yusra NY","@id":"https:\/\/kapitalis.com\/tunisie\/#\/schema\/person\/74bbde0154d49d790a92aaeac5bc01d5"},"headline":"Accus\u00e9e de violence, l\u2019actrice Rania Gabsy d\u00e9ment et pr\u00e9cise","datePublished":"2018-08-24T10:55:06+00:00","mainEntityOfPage":{"@id":"https:\/\/kapitalis.com\/tunisie\/2018\/08\/24\/accusee-de-violence-lactrice-rania-gabsy-dement-et-precise\/"},"wordCount":257,"commentCount":3,"publisher":{"@id":"https:\/\/kapitalis.com\/tunisie\/#organization"},"image":{"@id":"https:\/\/kapitalis.com\/tunisie\/2018\/08\/24\/accusee-de-violence-lactrice-rania-gabsy-dement-et-precise\/#primaryimage"},"thumbnailUrl":"","keywords":["actrice","agression","Ariana","bagarre g\u00e9n\u00e9rale","chanteur","Kafon"],"articleSection":["CULTURE","Tunisie","VIDEOS"],"inLanguage":"fr-FR","potentialAction":[{"@type":"CommentAction","name":"Comment","target":["https:\/\/kapitalis.com\/tunisie\/2018\/08\/24\/accusee-de-violence-lactrice-rania-gabsy-dement-et-precise\/#respond"]}]},{"@type":"WebPage","@id":"https:\/\/kapitalis.com\/tunisie\/2018\/08\/24\/accusee-de-violence-lactrice-rania-gabsy-dement-et-precise\/","url":"https:\/\/kapitalis.com\/tunisie\/2018\/08\/24\/accusee-de-violence-lactrice-rania-gabsy-dement-et-precise\/","name":"Accus\u00e9e de violence, l\u2019actrice Rania Gabsy d\u00e9ment et pr\u00e9cise - Kapitalis","isPartOf":{"@id":"https:\/\/kapitalis.com\/tunisie\/#website"},"primaryImageOfPage":{"@id":"https:\/\/kapitalis.com\/tunisie\/2018\/08\/24\/accusee-de-violence-lactrice-rania-gabsy-dement-et-precise\/#primaryimage"},"image":{"@id":"https:\/\/kapitalis.com\/tunisie\/2018\/08\/24\/accusee-de-violence-lactrice-rania-gabsy-dement-et-precise\/#primaryimage"},"thumbnailUrl":"","datePublished":"2018-08-24T10:55:06+00:00","breadcrumb":{"@id":"https:\/\/kapitalis.com\/tunisie\/2018\/08\/24\/accusee-de-violence-lactrice-rania-gabsy-dement-et-precise\/#breadcrumb"},"inLanguage":"fr-FR","potentialAction":[{"@type":"ReadAction","target":["https:\/\/kapitalis.com\/tunisie\/2018\/08\/24\/accusee-de-violence-lactrice-rania-gabsy-dement-et-precise\/"]}]},{"@type":"ImageObject","inLanguage":"fr-FR","@id":"https:\/\/kapitalis.com\/tunisie\/2018\/08\/24\/accusee-de-violence-lactrice-rania-gabsy-dement-et-precise\/#primaryimage","url":"","contentUrl":""},{"@type":"BreadcrumbList","@id":"https:\/\/kapitalis.com\/tunisie\/2018\/08\/24\/accusee-de-violence-lactrice-rania-gabsy-dement-et-precise\/#breadcrumb","itemListElement":[{"@type":"ListItem","position":1,"name":"Accueil","item":"https:\/\/kapitalis.com\/tunisie\/"},{"@type":"ListItem","position":2,"name":"Accus\u00e9e de violence, l\u2019actrice Rania Gabsy d\u00e9ment et pr\u00e9cise"}]},{"@type":"WebSite","@id":"https:\/\/kapitalis.com\/tunisie\/#website","url":"https:\/\/kapitalis.com\/tunisie\/","name":"Kapitalis","description":"L&#039;actualit\u00e9 en Tunisie et dans le monde","publisher":{"@id":"https:\/\/kapitalis.com\/tunisie\/#organization"},"potentialAction":[{"@type":"SearchAction","target":{"@type":"EntryPoint","urlTemplate":"https:\/\/kapitalis.com\/tunisie\/?s={search_term_string}"},"query-input":{"@type":"PropertyValueSpecification","valueRequired":true,"valueName":"search_term_string"}}],"inLanguage":"fr-FR"},{"@type":"Organization","@id":"https:\/\/kapitalis.com\/tunisie\/#organization","name":"Kapitalis","url":"https:\/\/kapitalis.com\/tunisie\/","logo":{"@type":"ImageObject","inLanguage":"fr-FR","@id":"https:\/\/kapitalis.com\/tunisie\/#\/schema\/logo\/image\/","url":"https:\/\/kapitalis.com\/tunisie\/wp-content\/uploads\/2022\/05\/Kapitalis-big-size.png","contentUrl":"https:\/\/kapitalis.com\/tunisie\/wp-content\/uploads\/2022\/05\/Kapitalis-big-size.png","width":5000,"height":1500,"caption":"Kapitalis"},"image":{"@id":"https:\/\/kapitalis.com\/tunisie\/#\/schema\/logo\/image\/"},"sameAs":["https:\/\/www.facebook.com\/KapitalisInfo\/","https:\/\/x.com\/KapitalisInfo","https:\/\/www.youtube.com\/channel\/UC-yDYrHyfFBWWZaOw3FPg9Q"]},{"@type":"Person","@id":"https:\/\/kapitalis.com\/tunisie\/#\/schema\/person\/74bbde0154d49d790a92aaeac5bc01d5","name":"Yusra NY","url":"https:\/\/kapitalis.com\/tunisie\/author\/yuza_adam\/"}]}},"_links":{"self":[{"href":"https:\/\/kapitalis.com\/tunisie\/wp-json\/wp\/v2\/posts\/170632","targetHints":{"allow":["GET"]}}],"collection":[{"href":"https:\/\/kapitalis.com\/tunisie\/wp-json\/wp\/v2\/posts"}],"about":[{"href":"https:\/\/kapitalis.com\/tunisie\/wp-json\/wp\/v2\/types\/post"}],"author":[{"embeddable":true,"href":"https:\/\/kapitalis.com\/tunisie\/wp-json\/wp\/v2\/users\/6"}],"replies":[{"embeddable":true,"href":"https:\/\/kapitalis.com\/tunisie\/wp-json\/wp\/v2\/comments?post=170632"}],"version-history":[{"count":0,"href":"https:\/\/kapitalis.com\/tunisie\/wp-json\/wp\/v2\/posts\/170632\/revisions"}],"wp:featuredmedia":[{"embeddable":true,"href":"https:\/\/kapitalis.com\/tunisie\/wp-json\/wp\/v2\/media\/170638"}],"wp:attachment":[{"href":"https:\/\/kapitalis.com\/tunisie\/wp-json\/wp\/v2\/media?parent=170632"}],"wp:term":[{"taxonomy":"category","embeddable":true,"href":"https:\/\/kapitalis.com\/tunisie\/wp-json\/wp\/v2\/categories?post=170632"},{"taxonomy":"post_tag","embeddable":true,"href":"https:\/\/kapitalis.com\/tunisie\/wp-json\/wp\/v2\/tags?post=170632"}],"curies":[{"name":"wp","href":"https:\/\/api.w.org\/{rel}","templated":true}]}}