{"id":170645,"date":"2018-08-24T12:26:53","date_gmt":"2018-08-24T11:26:53","guid":{"rendered":"http:\/\/kapitalis.com\/tunisie\/?p=170645"},"modified":"2018-08-24T17:56:11","modified_gmt":"2018-08-24T16:56:11","slug":"agressee-la-communaute-ivoirienne-a-la-soukra-appelle-a-laide","status":"publish","type":"post","link":"https:\/\/kapitalis.com\/tunisie\/2018\/08\/24\/agressee-la-communaute-ivoirienne-a-la-soukra-appelle-a-laide\/","title":{"rendered":"Agress\u00e9e, la communaut\u00e9 ivoirienne \u00e0 la Soukra appelle \u00e0 l\u2019aide"},"content":{"rendered":"<p style=\"text-align: center;\"><img loading=\"lazy\" decoding=\"async\" class=\"alignnone size-full wp-image-170658\" src=\"http:\/\/kapitalis.com\/tunisie\/wp-content\/uploads\/2018\/08\/Soukra-agression-ivoiriens-bagarre-Tunsiens.jpg\" alt=\"\" width=\"626\" height=\"380\" \/><\/p>\n<p><em><strong>Huit Ivoiriens, habitant \u00e0\u00a0<\/strong><strong>Najematar <\/strong><\/em><em><strong>\u00e0 la Soukra, ont \u00e9t\u00e9 agress\u00e9s, ces derni\u00e8res 48 heures. Des jeunes tunisiens ont mis des barrages \u00e0 l&rsquo;entr\u00e9e du quartier et les violentent \u00e0 chacun de leur passage. La communaut\u00e9 ivoirienne appelle \u00e0 l\u2019aide.<\/strong><\/em><!--more--><\/p>\n<p>Sans parler de racisme, l\u2019Association des Ivoiriens en Tunisie (AIT), qui \u00e9voque de graves violences contre sa communaut\u00e9, a appel\u00e9 les autorit\u00e9s \u00e0 intervenir rapidement car les agresseurs sont munis de machettes et les habitants craignent qu\u2019un drame se produise.<\/p>\n<p>Contact\u00e9 par Kapitalis,\u00a0Coulibaly Falikou, pr\u00e9sident de l\u2019Association, a pr\u00e9cis\u00e9 que le probl\u00e8me a \u00e9clat\u00e9 quand un enfant a caillass\u00e9, avant-hier, mercredi 22 ao\u00fbt 2018, une Ivoirienne. Cette derni\u00e8re, qui est\u00a0enceinte, a pris l&rsquo;enfant par la main pour aller se plaindre aupr\u00e8s de ses parents. Voyant la sc\u00e8ne, des jeunes du quartier ont intercept\u00e9 la dame et l&rsquo;ont agress\u00e9e, sans m\u00eame comprendre pourquoi l\u2019enfant pleurait, a expliqu\u00e9 M. Falikou.<\/p>\n<p>La dame a alert\u00e9 son \u00e9poux et lorsque de dernier a demand\u00e9 des explications aux jeunes agresseurs, il a \u00e9t\u00e9 agress\u00e9 lui aussi. Une bagarre a ensuite \u00e9clat\u00e9 entre les habitants du quartier\u00a0: Ivoiriens vs Tunisiens.<\/p>\n<p>\u00ab<em>Ce n\u2019est pas question de racisme, c\u2019est des jeunes perdus qui veulent imposer leur loi et se prennent pour des ca\u00efds<\/em>\u00bb, \u00a0a d\u00e9plor\u00e9 Naounou Herman, membre de l\u2019association, ajoutant que la police est intervenue et parvient \u00e0 les calmer mais d\u00e8s que les agents partent \u00e7a reprend et \u00e0 chaque fois qu&rsquo;un noir passe il se fait attaquer.<\/p>\n<p>La m\u00eame source indique que le barrage a \u00e9t\u00e9 lev\u00e9 hier soir par la police qui a \u00e9galement proc\u00e9d\u00e9 \u00e0 des arrestations, mais les jeunes ont \u00e9t\u00e9 rel\u00e2ch\u00e9s ce matin et les Ivoiriens craignent des repr\u00e9sailles.<\/p>\n<p>\u00ab<em>On a \u00e9chang\u00e9 avec les anciens du quartier, mais m\u00eame eux n\u2019ont pas pu raisonner les agresseurs. Nous demandons de l\u2019aide et appelons la police \u00e0 nous prot\u00e9ger pour que la vie reprenne son cours et que nous puissions vivre normalement, en oubliant cette histoire d\u2019agression, car la violence ne m\u00e8ne \u00e0 rien. Nous sommes tous fr\u00e8res et s\u0153urs dans ce monde\u00bb,<\/em> a poursuivi Naounou Herman, en esp\u00e9rant que les appels de l\u2019AIT soient entendus par les autorit\u00e9s.<br \/>\n<center><br \/>\n<a href=\"https:\/\/www.facebook.com\/aittunis\/\" target=\"_blank\" ><img decoding=\"async\" src=\"http:\/\/kapitalis.com\/tunisie\/wp-content\/uploads\/2018\/08\/ait.png\" \/><\/a><br \/>\n<\/center><br \/>\n&nbsp;<br \/>\n<center><br \/>\n<a href=\"https:\/\/www.facebook.com\/afroplanete\/\" target=\"_blank\"><img decoding=\"async\" src=\"http:\/\/kapitalis.com\/tunisie\/wp-content\/uploads\/2018\/08\/ap.png\" \/><\/a><br \/>\n<\/center><\/p>\n<p>&nbsp;<\/p>\n<p style=\"text-align: right;\"><strong>Y. N.<\/strong><\/p>\n<blockquote class=\"wp-embedded-content\" data-secret=\"Qhmf7eWHGb\"><p><a href=\"https:\/\/kapitalis.com\/tunisie\/2018\/05\/18\/temoignage-de-nadege-letudiante-victime-dune-agression-raciste-au-kram\/\">T\u00e9moignage de Nad\u00e8ge, l\u2019\u00e9tudiante victime d\u2019agression raciste au Kram<\/a><\/p><\/blockquote>\n<p><iframe loading=\"lazy\" class=\"wp-embedded-content\" sandbox=\"allow-scripts\" security=\"restricted\" style=\"position: absolute; clip: rect(1px, 1px, 1px, 1px);\" title=\"\u00ab\u00a0T\u00e9moignage de Nad\u00e8ge, l\u2019\u00e9tudiante victime d\u2019agression raciste au Kram\u00a0\u00bb &#8212; Kapitalis\" src=\"https:\/\/kapitalis.com\/tunisie\/2018\/05\/18\/temoignage-de-nadege-letudiante-victime-dune-agression-raciste-au-kram\/embed\/#?secret=b3YJRxFPgF#?secret=Qhmf7eWHGb\" data-secret=\"Qhmf7eWHGb\" width=\"600\" height=\"338\" frameborder=\"0\" marginwidth=\"0\" marginheight=\"0\" scrolling=\"no\"><\/iframe><\/p>\n<blockquote class=\"wp-embedded-content\" data-secret=\"2eX1JwWARn\"><p><a href=\"https:\/\/kapitalis.com\/tunisie\/2015\/11\/03\/tunis-agression-raciste-dun-etudiant-camerounais-a-laouina\/\">Tunis : Agression raciste d\u2019un \u00e9tudiant camerounais \u00e0 Laouina<\/a><\/p><\/blockquote>\n<p><iframe loading=\"lazy\" class=\"wp-embedded-content\" sandbox=\"allow-scripts\" security=\"restricted\" style=\"position: absolute; clip: rect(1px, 1px, 1px, 1px);\" title=\"\u00ab\u00a0Tunis : Agression raciste d\u2019un \u00e9tudiant camerounais \u00e0 Laouina\u00a0\u00bb &#8212; Kapitalis\" src=\"https:\/\/kapitalis.com\/tunisie\/2015\/11\/03\/tunis-agression-raciste-dun-etudiant-camerounais-a-laouina\/embed\/#?secret=LKqw6p4lsM#?secret=2eX1JwWARn\" data-secret=\"2eX1JwWARn\" width=\"600\" height=\"338\" frameborder=\"0\" marginwidth=\"0\" marginheight=\"0\" scrolling=\"no\"><\/iframe><\/p>\n","protected":false},"excerpt":{"rendered":"<p>Huit Ivoiriens, habitant \u00e0\u00a0Najematar \u00e0 la Soukra, ont \u00e9t\u00e9 agress\u00e9s, ces derni\u00e8res 48 heures. Des jeunes tunisiens ont mis des barrages \u00e0 l&rsquo;entr\u00e9e du quartier et les violentent \u00e0 chacun de leur passage. La communaut\u00e9 ivoirienne appelle \u00e0 l\u2019aide.<\/p>\n","protected":false},"author":6,"featured_media":170658,"comment_status":"open","ping_status":"open","sticky":false,"template":"","format":"standard","meta":{"footnotes":""},"categories":[998,2433],"tags":[45,3291,49827,9059,6726,851,1117,952],"class_list":["post-170645","post","type-post","status-publish","format-standard","has-post-thumbnail","hentry","category-societe","category-tunisie","tag-agression","tag-aid","tag-ivoiriens","tag-noir","tag-racisme","tag-soukra","tag-tunisiens","tag-violence"],"yoast_head":"<!-- This site is optimized with the Yoast SEO plugin v26.6 - https:\/\/yoast.com\/wordpress\/plugins\/seo\/ -->\n<title>Agress\u00e9e, la communaut\u00e9 ivoirienne \u00e0 la Soukra appelle \u00e0 l\u2019aide - Kapitalis<\/title>\n<meta name=\"robots\" content=\"index, follow, max-snippet:-1, max-image-preview:large, max-video-preview:-1\" \/>\n<link rel=\"canonical\" href=\"https:\/\/kapitalis.com\/tunisie\/2018\/08\/24\/agressee-la-communaute-ivoirienne-a-la-soukra-appelle-a-laide\/\" \/>\n<meta property=\"og:locale\" content=\"fr_FR\" \/>\n<meta property=\"og:type\" content=\"article\" \/>\n<meta property=\"og:title\" content=\"Agress\u00e9e, la communaut\u00e9 ivoirienne \u00e0 la Soukra appelle \u00e0 l\u2019aide - Kapitalis\" \/>\n<meta property=\"og:description\" content=\"Huit Ivoiriens, habitant \u00e0\u00a0Najematar \u00e0 la Soukra, ont \u00e9t\u00e9 agress\u00e9s, ces derni\u00e8res 48 heures. Des jeunes tunisiens ont mis des barrages \u00e0 l&rsquo;entr\u00e9e du quartier et les violentent \u00e0 chacun de leur passage. La communaut\u00e9 ivoirienne appelle \u00e0 l\u2019aide.\" \/>\n<meta property=\"og:url\" content=\"https:\/\/kapitalis.com\/tunisie\/2018\/08\/24\/agressee-la-communaute-ivoirienne-a-la-soukra-appelle-a-laide\/\" \/>\n<meta property=\"og:site_name\" content=\"Kapitalis\" \/>\n<meta property=\"article:publisher\" content=\"https:\/\/www.facebook.com\/KapitalisInfo\/\" \/>\n<meta property=\"article:published_time\" content=\"2018-08-24T11:26:53+00:00\" \/>\n<meta property=\"article:modified_time\" content=\"2018-08-24T16:56:11+00:00\" \/>\n<meta property=\"og:image\" content=\"https:\/\/kapitalis.com\/tunisie\/wp-content\/uploads\/2022\/05\/kapitalis-logo-fb.png\" \/>\n\t<meta property=\"og:image:width\" content=\"1200\" \/>\n\t<meta property=\"og:image:height\" content=\"630\" \/>\n\t<meta property=\"og:image:type\" content=\"image\/png\" \/>\n<meta name=\"author\" content=\"Yusra NY\" \/>\n<meta name=\"twitter:card\" content=\"summary_large_image\" \/>\n<meta name=\"twitter:creator\" content=\"@KapitalisInfo\" \/>\n<meta name=\"twitter:site\" content=\"@KapitalisInfo\" \/>\n<meta name=\"twitter:label1\" content=\"\u00c9crit par\" \/>\n\t<meta name=\"twitter:data1\" content=\"Yusra NY\" \/>\n\t<meta name=\"twitter:label2\" content=\"Dur\u00e9e de lecture estim\u00e9e\" \/>\n\t<meta name=\"twitter:data2\" content=\"2 minutes\" \/>\n<script type=\"application\/ld+json\" class=\"yoast-schema-graph\">{\"@context\":\"https:\/\/schema.org\",\"@graph\":[{\"@type\":\"Article\",\"@id\":\"https:\/\/kapitalis.com\/tunisie\/2018\/08\/24\/agressee-la-communaute-ivoirienne-a-la-soukra-appelle-a-laide\/#article\",\"isPartOf\":{\"@id\":\"https:\/\/kapitalis.com\/tunisie\/2018\/08\/24\/agressee-la-communaute-ivoirienne-a-la-soukra-appelle-a-laide\/\"},\"author\":{\"name\":\"Yusra NY\",\"@id\":\"https:\/\/kapitalis.com\/tunisie\/#\/schema\/person\/74bbde0154d49d790a92aaeac5bc01d5\"},\"headline\":\"Agress\u00e9e, la communaut\u00e9 ivoirienne \u00e0 la Soukra appelle \u00e0 l\u2019aide\",\"datePublished\":\"2018-08-24T11:26:53+00:00\",\"dateModified\":\"2018-08-24T16:56:11+00:00\",\"mainEntityOfPage\":{\"@id\":\"https:\/\/kapitalis.com\/tunisie\/2018\/08\/24\/agressee-la-communaute-ivoirienne-a-la-soukra-appelle-a-laide\/\"},\"wordCount\":408,\"commentCount\":11,\"publisher\":{\"@id\":\"https:\/\/kapitalis.com\/tunisie\/#organization\"},\"image\":{\"@id\":\"https:\/\/kapitalis.com\/tunisie\/2018\/08\/24\/agressee-la-communaute-ivoirienne-a-la-soukra-appelle-a-laide\/#primaryimage\"},\"thumbnailUrl\":\"\",\"keywords\":[\"agression\",\"A\u00efd\",\"Ivoiriens\",\"noir\",\"Racisme\",\"Soukra\",\"tunisiens\",\"violence\"],\"articleSection\":[\"SOCIETE\",\"Tunisie\"],\"inLanguage\":\"fr-FR\",\"potentialAction\":[{\"@type\":\"CommentAction\",\"name\":\"Comment\",\"target\":[\"https:\/\/kapitalis.com\/tunisie\/2018\/08\/24\/agressee-la-communaute-ivoirienne-a-la-soukra-appelle-a-laide\/#respond\"]}]},{\"@type\":\"WebPage\",\"@id\":\"https:\/\/kapitalis.com\/tunisie\/2018\/08\/24\/agressee-la-communaute-ivoirienne-a-la-soukra-appelle-a-laide\/\",\"url\":\"https:\/\/kapitalis.com\/tunisie\/2018\/08\/24\/agressee-la-communaute-ivoirienne-a-la-soukra-appelle-a-laide\/\",\"name\":\"Agress\u00e9e, la communaut\u00e9 ivoirienne \u00e0 la Soukra appelle \u00e0 l\u2019aide - Kapitalis\",\"isPartOf\":{\"@id\":\"https:\/\/kapitalis.com\/tunisie\/#website\"},\"primaryImageOfPage\":{\"@id\":\"https:\/\/kapitalis.com\/tunisie\/2018\/08\/24\/agressee-la-communaute-ivoirienne-a-la-soukra-appelle-a-laide\/#primaryimage\"},\"image\":{\"@id\":\"https:\/\/kapitalis.com\/tunisie\/2018\/08\/24\/agressee-la-communaute-ivoirienne-a-la-soukra-appelle-a-laide\/#primaryimage\"},\"thumbnailUrl\":\"\",\"datePublished\":\"2018-08-24T11:26:53+00:00\",\"dateModified\":\"2018-08-24T16:56:11+00:00\",\"breadcrumb\":{\"@id\":\"https:\/\/kapitalis.com\/tunisie\/2018\/08\/24\/agressee-la-communaute-ivoirienne-a-la-soukra-appelle-a-laide\/#breadcrumb\"},\"inLanguage\":\"fr-FR\",\"potentialAction\":[{\"@type\":\"ReadAction\",\"target\":[\"https:\/\/kapitalis.com\/tunisie\/2018\/08\/24\/agressee-la-communaute-ivoirienne-a-la-soukra-appelle-a-laide\/\"]}]},{\"@type\":\"ImageObject\",\"inLanguage\":\"fr-FR\",\"@id\":\"https:\/\/kapitalis.com\/tunisie\/2018\/08\/24\/agressee-la-communaute-ivoirienne-a-la-soukra-appelle-a-laide\/#primaryimage\",\"url\":\"\",\"contentUrl\":\"\"},{\"@type\":\"BreadcrumbList\",\"@id\":\"https:\/\/kapitalis.com\/tunisie\/2018\/08\/24\/agressee-la-communaute-ivoirienne-a-la-soukra-appelle-a-laide\/#breadcrumb\",\"itemListElement\":[{\"@type\":\"ListItem\",\"position\":1,\"name\":\"Accueil\",\"item\":\"https:\/\/kapitalis.com\/tunisie\/\"},{\"@type\":\"ListItem\",\"position\":2,\"name\":\"Agress\u00e9e, la communaut\u00e9 ivoirienne \u00e0 la Soukra appelle \u00e0 l\u2019aide\"}]},{\"@type\":\"WebSite\",\"@id\":\"https:\/\/kapitalis.com\/tunisie\/#website\",\"url\":\"https:\/\/kapitalis.com\/tunisie\/\",\"name\":\"Kapitalis\",\"description\":\"L&#039;actualit\u00e9 en Tunisie et dans le monde\",\"publisher\":{\"@id\":\"https:\/\/kapitalis.com\/tunisie\/#organization\"},\"potentialAction\":[{\"@type\":\"SearchAction\",\"target\":{\"@type\":\"EntryPoint\",\"urlTemplate\":\"https:\/\/kapitalis.com\/tunisie\/?s={search_term_string}\"},\"query-input\":{\"@type\":\"PropertyValueSpecification\",\"valueRequired\":true,\"valueName\":\"search_term_string\"}}],\"inLanguage\":\"fr-FR\"},{\"@type\":\"Organization\",\"@id\":\"https:\/\/kapitalis.com\/tunisie\/#organization\",\"name\":\"Kapitalis\",\"url\":\"https:\/\/kapitalis.com\/tunisie\/\",\"logo\":{\"@type\":\"ImageObject\",\"inLanguage\":\"fr-FR\",\"@id\":\"https:\/\/kapitalis.com\/tunisie\/#\/schema\/logo\/image\/\",\"url\":\"https:\/\/kapitalis.com\/tunisie\/wp-content\/uploads\/2022\/05\/Kapitalis-big-size.png\",\"contentUrl\":\"https:\/\/kapitalis.com\/tunisie\/wp-content\/uploads\/2022\/05\/Kapitalis-big-size.png\",\"width\":5000,\"height\":1500,\"caption\":\"Kapitalis\"},\"image\":{\"@id\":\"https:\/\/kapitalis.com\/tunisie\/#\/schema\/logo\/image\/\"},\"sameAs\":[\"https:\/\/www.facebook.com\/KapitalisInfo\/\",\"https:\/\/x.com\/KapitalisInfo\",\"https:\/\/www.youtube.com\/channel\/UC-yDYrHyfFBWWZaOw3FPg9Q\"]},{\"@type\":\"Person\",\"@id\":\"https:\/\/kapitalis.com\/tunisie\/#\/schema\/person\/74bbde0154d49d790a92aaeac5bc01d5\",\"name\":\"Yusra NY\",\"url\":\"https:\/\/kapitalis.com\/tunisie\/author\/yuza_adam\/\"}]}<\/script>\n<!-- \/ Yoast SEO plugin. -->","yoast_head_json":{"title":"Agress\u00e9e, la communaut\u00e9 ivoirienne \u00e0 la Soukra appelle \u00e0 l\u2019aide - Kapitalis","robots":{"index":"index","follow":"follow","max-snippet":"max-snippet:-1","max-image-preview":"max-image-preview:large","max-video-preview":"max-video-preview:-1"},"canonical":"https:\/\/kapitalis.com\/tunisie\/2018\/08\/24\/agressee-la-communaute-ivoirienne-a-la-soukra-appelle-a-laide\/","og_locale":"fr_FR","og_type":"article","og_title":"Agress\u00e9e, la communaut\u00e9 ivoirienne \u00e0 la Soukra appelle \u00e0 l\u2019aide - Kapitalis","og_description":"Huit Ivoiriens, habitant \u00e0\u00a0Najematar \u00e0 la Soukra, ont \u00e9t\u00e9 agress\u00e9s, ces derni\u00e8res 48 heures. Des jeunes tunisiens ont mis des barrages \u00e0 l&rsquo;entr\u00e9e du quartier et les violentent \u00e0 chacun de leur passage. La communaut\u00e9 ivoirienne appelle \u00e0 l\u2019aide.","og_url":"https:\/\/kapitalis.com\/tunisie\/2018\/08\/24\/agressee-la-communaute-ivoirienne-a-la-soukra-appelle-a-laide\/","og_site_name":"Kapitalis","article_publisher":"https:\/\/www.facebook.com\/KapitalisInfo\/","article_published_time":"2018-08-24T11:26:53+00:00","article_modified_time":"2018-08-24T16:56:11+00:00","og_image":[{"width":1200,"height":630,"url":"https:\/\/kapitalis.com\/tunisie\/wp-content\/uploads\/2022\/05\/kapitalis-logo-fb.png","type":"image\/png"}],"author":"Yusra NY","twitter_card":"summary_large_image","twitter_creator":"@KapitalisInfo","twitter_site":"@KapitalisInfo","twitter_misc":{"\u00c9crit par":"Yusra NY","Dur\u00e9e de lecture estim\u00e9e":"2 minutes"},"schema":{"@context":"https:\/\/schema.org","@graph":[{"@type":"Article","@id":"https:\/\/kapitalis.com\/tunisie\/2018\/08\/24\/agressee-la-communaute-ivoirienne-a-la-soukra-appelle-a-laide\/#article","isPartOf":{"@id":"https:\/\/kapitalis.com\/tunisie\/2018\/08\/24\/agressee-la-communaute-ivoirienne-a-la-soukra-appelle-a-laide\/"},"author":{"name":"Yusra NY","@id":"https:\/\/kapitalis.com\/tunisie\/#\/schema\/person\/74bbde0154d49d790a92aaeac5bc01d5"},"headline":"Agress\u00e9e, la communaut\u00e9 ivoirienne \u00e0 la Soukra appelle \u00e0 l\u2019aide","datePublished":"2018-08-24T11:26:53+00:00","dateModified":"2018-08-24T16:56:11+00:00","mainEntityOfPage":{"@id":"https:\/\/kapitalis.com\/tunisie\/2018\/08\/24\/agressee-la-communaute-ivoirienne-a-la-soukra-appelle-a-laide\/"},"wordCount":408,"commentCount":11,"publisher":{"@id":"https:\/\/kapitalis.com\/tunisie\/#organization"},"image":{"@id":"https:\/\/kapitalis.com\/tunisie\/2018\/08\/24\/agressee-la-communaute-ivoirienne-a-la-soukra-appelle-a-laide\/#primaryimage"},"thumbnailUrl":"","keywords":["agression","A\u00efd","Ivoiriens","noir","Racisme","Soukra","tunisiens","violence"],"articleSection":["SOCIETE","Tunisie"],"inLanguage":"fr-FR","potentialAction":[{"@type":"CommentAction","name":"Comment","target":["https:\/\/kapitalis.com\/tunisie\/2018\/08\/24\/agressee-la-communaute-ivoirienne-a-la-soukra-appelle-a-laide\/#respond"]}]},{"@type":"WebPage","@id":"https:\/\/kapitalis.com\/tunisie\/2018\/08\/24\/agressee-la-communaute-ivoirienne-a-la-soukra-appelle-a-laide\/","url":"https:\/\/kapitalis.com\/tunisie\/2018\/08\/24\/agressee-la-communaute-ivoirienne-a-la-soukra-appelle-a-laide\/","name":"Agress\u00e9e, la communaut\u00e9 ivoirienne \u00e0 la Soukra appelle \u00e0 l\u2019aide - Kapitalis","isPartOf":{"@id":"https:\/\/kapitalis.com\/tunisie\/#website"},"primaryImageOfPage":{"@id":"https:\/\/kapitalis.com\/tunisie\/2018\/08\/24\/agressee-la-communaute-ivoirienne-a-la-soukra-appelle-a-laide\/#primaryimage"},"image":{"@id":"https:\/\/kapitalis.com\/tunisie\/2018\/08\/24\/agressee-la-communaute-ivoirienne-a-la-soukra-appelle-a-laide\/#primaryimage"},"thumbnailUrl":"","datePublished":"2018-08-24T11:26:53+00:00","dateModified":"2018-08-24T16:56:11+00:00","breadcrumb":{"@id":"https:\/\/kapitalis.com\/tunisie\/2018\/08\/24\/agressee-la-communaute-ivoirienne-a-la-soukra-appelle-a-laide\/#breadcrumb"},"inLanguage":"fr-FR","potentialAction":[{"@type":"ReadAction","target":["https:\/\/kapitalis.com\/tunisie\/2018\/08\/24\/agressee-la-communaute-ivoirienne-a-la-soukra-appelle-a-laide\/"]}]},{"@type":"ImageObject","inLanguage":"fr-FR","@id":"https:\/\/kapitalis.com\/tunisie\/2018\/08\/24\/agressee-la-communaute-ivoirienne-a-la-soukra-appelle-a-laide\/#primaryimage","url":"","contentUrl":""},{"@type":"BreadcrumbList","@id":"https:\/\/kapitalis.com\/tunisie\/2018\/08\/24\/agressee-la-communaute-ivoirienne-a-la-soukra-appelle-a-laide\/#breadcrumb","itemListElement":[{"@type":"ListItem","position":1,"name":"Accueil","item":"https:\/\/kapitalis.com\/tunisie\/"},{"@type":"ListItem","position":2,"name":"Agress\u00e9e, la communaut\u00e9 ivoirienne \u00e0 la Soukra appelle \u00e0 l\u2019aide"}]},{"@type":"WebSite","@id":"https:\/\/kapitalis.com\/tunisie\/#website","url":"https:\/\/kapitalis.com\/tunisie\/","name":"Kapitalis","description":"L&#039;actualit\u00e9 en Tunisie et dans le monde","publisher":{"@id":"https:\/\/kapitalis.com\/tunisie\/#organization"},"potentialAction":[{"@type":"SearchAction","target":{"@type":"EntryPoint","urlTemplate":"https:\/\/kapitalis.com\/tunisie\/?s={search_term_string}"},"query-input":{"@type":"PropertyValueSpecification","valueRequired":true,"valueName":"search_term_string"}}],"inLanguage":"fr-FR"},{"@type":"Organization","@id":"https:\/\/kapitalis.com\/tunisie\/#organization","name":"Kapitalis","url":"https:\/\/kapitalis.com\/tunisie\/","logo":{"@type":"ImageObject","inLanguage":"fr-FR","@id":"https:\/\/kapitalis.com\/tunisie\/#\/schema\/logo\/image\/","url":"https:\/\/kapitalis.com\/tunisie\/wp-content\/uploads\/2022\/05\/Kapitalis-big-size.png","contentUrl":"https:\/\/kapitalis.com\/tunisie\/wp-content\/uploads\/2022\/05\/Kapitalis-big-size.png","width":5000,"height":1500,"caption":"Kapitalis"},"image":{"@id":"https:\/\/kapitalis.com\/tunisie\/#\/schema\/logo\/image\/"},"sameAs":["https:\/\/www.facebook.com\/KapitalisInfo\/","https:\/\/x.com\/KapitalisInfo","https:\/\/www.youtube.com\/channel\/UC-yDYrHyfFBWWZaOw3FPg9Q"]},{"@type":"Person","@id":"https:\/\/kapitalis.com\/tunisie\/#\/schema\/person\/74bbde0154d49d790a92aaeac5bc01d5","name":"Yusra NY","url":"https:\/\/kapitalis.com\/tunisie\/author\/yuza_adam\/"}]}},"_links":{"self":[{"href":"https:\/\/kapitalis.com\/tunisie\/wp-json\/wp\/v2\/posts\/170645","targetHints":{"allow":["GET"]}}],"collection":[{"href":"https:\/\/kapitalis.com\/tunisie\/wp-json\/wp\/v2\/posts"}],"about":[{"href":"https:\/\/kapitalis.com\/tunisie\/wp-json\/wp\/v2\/types\/post"}],"author":[{"embeddable":true,"href":"https:\/\/kapitalis.com\/tunisie\/wp-json\/wp\/v2\/users\/6"}],"replies":[{"embeddable":true,"href":"https:\/\/kapitalis.com\/tunisie\/wp-json\/wp\/v2\/comments?post=170645"}],"version-history":[{"count":0,"href":"https:\/\/kapitalis.com\/tunisie\/wp-json\/wp\/v2\/posts\/170645\/revisions"}],"wp:featuredmedia":[{"embeddable":true,"href":"https:\/\/kapitalis.com\/tunisie\/wp-json\/wp\/v2\/media\/170658"}],"wp:attachment":[{"href":"https:\/\/kapitalis.com\/tunisie\/wp-json\/wp\/v2\/media?parent=170645"}],"wp:term":[{"taxonomy":"category","embeddable":true,"href":"https:\/\/kapitalis.com\/tunisie\/wp-json\/wp\/v2\/categories?post=170645"},{"taxonomy":"post_tag","embeddable":true,"href":"https:\/\/kapitalis.com\/tunisie\/wp-json\/wp\/v2\/tags?post=170645"}],"curies":[{"name":"wp","href":"https:\/\/api.w.org\/{rel}","templated":true}]}}