{"id":170912,"date":"2018-08-26T11:23:19","date_gmt":"2018-08-26T10:23:19","guid":{"rendered":"http:\/\/kapitalis.com\/tunisie\/?p=170912"},"modified":"2018-08-26T11:23:19","modified_gmt":"2018-08-26T10:23:19","slug":"wael-belarbi-jarrive-pour-la-premiere-fois-dans-un-grand-club","status":"publish","type":"post","link":"https:\/\/kapitalis.com\/tunisie\/2018\/08\/26\/wael-belarbi-jarrive-pour-la-premiere-fois-dans-un-grand-club\/","title":{"rendered":"Wael Belarbi : \u00abJ\u2019arrive pour la premi\u00e8re fois dans un grand club\u00bb"},"content":{"rendered":"<p style=\"text-align: center;\"><img loading=\"lazy\" decoding=\"async\" class=\"alignnone size-full wp-image-170913\" src=\"http:\/\/kapitalis.com\/tunisie\/wp-content\/uploads\/2018\/08\/Wael-Belarbi.jpg\" alt=\"\" width=\"626\" height=\"380\" \/><\/p>\n<p><em><strong>Arriv\u00e9 r\u00e9cemment \u00e0 l\u2019Esp\u00e9rance sportive de Tunis (EST), le milieu offensif Wael Belarbi s\u2019est dit heureux de relever un nouveau d\u00e9fi. Et, pourquoi pas, r\u00e9aliser son r\u00eave de porter le maillot de l\u2019\u00e9quipe de Tunisie.<\/strong> <\/em><\/p>\n<p><!--more--><\/p>\n<p><em>\u00abToute ma famille est tr\u00e8s fan de l\u2019Esp\u00e9rance, alors j\u2019\u00e9tais tr\u00e8s heureux de rejoindre ce grand club en Tunisie et en Afrique\u00bb,<\/em> a-t-il d\u00e9clar\u00e9 au site du club.<\/p>\n<p><em>\u00abJ\u2019ai eu plus d\u2019une exp\u00e9rience en France, mais pour la premi\u00e8re fois, j\u2019arrive dans une grande \u00e9quipe; alors je ferai tout mon possible pour r\u00e9ussir cette exp\u00e9rience et contribuer avec ma nouvelle \u00e9quipe \u00e0 de nombreux titres\u00bb,<\/em> a ajout\u00e9 le milieu offensif qui s\u2019est engag\u00e9 pour une saison renouvelable, qui esp\u00e8re monter un palier sup\u00e9rieur et une grande r\u00e9ussite avec son nouveau club. <em>\u00abJe promets aux fans de bien performer et de m\u00e9riter de porter ce maillot\u00bb,<\/em> dit-il.<\/p>\n<p>Belarbi (30 ans) a \u00e9volu\u00e9 la saison derni\u00e8re sous les couleurs de Tours (L2 fran\u00e7aise) apr\u00e8s une courte exp\u00e9rience au sein du club turc de Samunspor.<\/p>\n<p>Pour celui qui avait \u00e9galement jou\u00e9 avec l\u2019Ajaccio et le FC Sochaux, le choix de l\u2019Esp\u00e9rance serait aussi motiv\u00e9 par l\u2019envie de porter le maillot de l\u2019\u00e9quipe de Tunisie. Peut-\u00eatre aura-t-il une chance avec le nouveau s\u00e9lectionneur Faouzi Benzarti !<\/p>\n<p style=\"text-align: right;\"><strong>H. M.<\/strong><\/p>\n<blockquote class=\"wp-embedded-content\" data-secret=\"Tsn0oZYKAQ\"><p><a href=\"https:\/\/kapitalis.com\/tunisie\/2018\/08\/25\/ligue-des-champions-lesperance-senvole-pour-gaborone\/\">Ligue des champions : L\u2019Esp\u00e9rance s\u2019envole pour Gaborone<\/a><\/p><\/blockquote>\n<p><iframe loading=\"lazy\" class=\"wp-embedded-content\" sandbox=\"allow-scripts\" security=\"restricted\" style=\"position: absolute; clip: rect(1px, 1px, 1px, 1px);\" title=\"\u00ab\u00a0Ligue des champions : L\u2019Esp\u00e9rance s\u2019envole pour Gaborone\u00a0\u00bb &#8212; Kapitalis\" src=\"https:\/\/kapitalis.com\/tunisie\/2018\/08\/25\/ligue-des-champions-lesperance-senvole-pour-gaborone\/embed\/#?secret=OYGWc79a0A#?secret=Tsn0oZYKAQ\" data-secret=\"Tsn0oZYKAQ\" width=\"600\" height=\"338\" frameborder=\"0\" marginwidth=\"0\" marginheight=\"0\" scrolling=\"no\"><\/iframe><\/p>\n<blockquote class=\"wp-embedded-content\" data-secret=\"kkp8gg8WGW\"><p><a href=\"https:\/\/kapitalis.com\/tunisie\/2018\/08\/25\/esperance-de-tunis-les-virages-ouverts-uniquement-aux-abonnes\/\">Esp\u00e9rance de Tunis : Les virages ouverts uniquement aux abonn\u00e9s<\/a><\/p><\/blockquote>\n<p><iframe loading=\"lazy\" class=\"wp-embedded-content\" sandbox=\"allow-scripts\" security=\"restricted\" style=\"position: absolute; clip: rect(1px, 1px, 1px, 1px);\" title=\"\u00ab\u00a0Esp\u00e9rance de Tunis : Les virages ouverts uniquement aux abonn\u00e9s\u00a0\u00bb &#8212; Kapitalis\" src=\"https:\/\/kapitalis.com\/tunisie\/2018\/08\/25\/esperance-de-tunis-les-virages-ouverts-uniquement-aux-abonnes\/embed\/#?secret=UFNeDMrM2F#?secret=kkp8gg8WGW\" data-secret=\"kkp8gg8WGW\" width=\"600\" height=\"338\" frameborder=\"0\" marginwidth=\"0\" marginheight=\"0\" scrolling=\"no\"><\/iframe><\/p>\n<blockquote class=\"wp-embedded-content\" data-secret=\"ISvTnXjdTS\"><p><a href=\"https:\/\/kapitalis.com\/tunisie\/2018\/08\/22\/esperance-de-tunis-khaled-ben-yahia-reste-mais-en-sursis\/\">Esp\u00e9rance de Tunis : Khaled Ben Yahia reste mais en sursis\u2026<\/a><\/p><\/blockquote>\n<p><iframe loading=\"lazy\" class=\"wp-embedded-content\" sandbox=\"allow-scripts\" security=\"restricted\" style=\"position: absolute; clip: rect(1px, 1px, 1px, 1px);\" title=\"\u00ab\u00a0Esp\u00e9rance de Tunis : Khaled Ben Yahia reste mais en sursis\u2026\u00a0\u00bb &#8212; Kapitalis\" src=\"https:\/\/kapitalis.com\/tunisie\/2018\/08\/22\/esperance-de-tunis-khaled-ben-yahia-reste-mais-en-sursis\/embed\/#?secret=v6joM6fCvI#?secret=ISvTnXjdTS\" data-secret=\"ISvTnXjdTS\" width=\"600\" height=\"338\" frameborder=\"0\" marginwidth=\"0\" marginheight=\"0\" scrolling=\"no\"><\/iframe><\/p>\n","protected":false},"excerpt":{"rendered":"<p>Arriv\u00e9 r\u00e9cemment \u00e0 l\u2019Esp\u00e9rance sportive de Tunis (EST), le milieu offensif Wael Belarbi s\u2019est dit heureux de relever un nouveau d\u00e9fi. Et, pourquoi pas, r\u00e9aliser son r\u00eave de porter le maillot de l\u2019\u00e9quipe de Tunisie.<\/p>\n","protected":false},"author":8,"featured_media":170913,"comment_status":"open","ping_status":"open","sticky":false,"template":"","format":"standard","meta":{"footnotes":""},"categories":[999,2433],"tags":[33965,3261,1852],"class_list":["post-170912","post","type-post","status-publish","format-standard","has-post-thumbnail","hentry","category-sport","category-tunisie","tag-equipe-de-tunisie","tag-esperance-sportive-de-tunis","tag-faouzi-benzarti"],"yoast_head":"<!-- This site is optimized with the Yoast SEO plugin v26.6 - https:\/\/yoast.com\/wordpress\/plugins\/seo\/ -->\n<title>Wael Belarbi : \u00abJ\u2019arrive pour la premi\u00e8re fois dans un grand club\u00bb - Kapitalis<\/title>\n<meta name=\"robots\" content=\"index, follow, max-snippet:-1, max-image-preview:large, max-video-preview:-1\" \/>\n<link rel=\"canonical\" href=\"https:\/\/kapitalis.com\/tunisie\/2018\/08\/26\/wael-belarbi-jarrive-pour-la-premiere-fois-dans-un-grand-club\/\" \/>\n<meta property=\"og:locale\" content=\"fr_FR\" \/>\n<meta property=\"og:type\" content=\"article\" \/>\n<meta property=\"og:title\" content=\"Wael Belarbi : \u00abJ\u2019arrive pour la premi\u00e8re fois dans un grand club\u00bb - Kapitalis\" \/>\n<meta property=\"og:description\" content=\"Arriv\u00e9 r\u00e9cemment \u00e0 l\u2019Esp\u00e9rance sportive de Tunis (EST), le milieu offensif Wael Belarbi s\u2019est dit heureux de relever un nouveau d\u00e9fi. Et, pourquoi pas, r\u00e9aliser son r\u00eave de porter le maillot de l\u2019\u00e9quipe de Tunisie.\" \/>\n<meta property=\"og:url\" content=\"https:\/\/kapitalis.com\/tunisie\/2018\/08\/26\/wael-belarbi-jarrive-pour-la-premiere-fois-dans-un-grand-club\/\" \/>\n<meta property=\"og:site_name\" content=\"Kapitalis\" \/>\n<meta property=\"article:publisher\" content=\"https:\/\/www.facebook.com\/KapitalisInfo\/\" \/>\n<meta property=\"article:published_time\" content=\"2018-08-26T10:23:19+00:00\" \/>\n<meta property=\"og:image\" content=\"https:\/\/kapitalis.com\/tunisie\/wp-content\/uploads\/2022\/05\/kapitalis-logo-fb.png\" \/>\n\t<meta property=\"og:image:width\" content=\"1200\" \/>\n\t<meta property=\"og:image:height\" content=\"630\" \/>\n\t<meta property=\"og:image:type\" content=\"image\/png\" \/>\n<meta name=\"author\" content=\"webmaster kapitalis\" \/>\n<meta name=\"twitter:card\" content=\"summary_large_image\" \/>\n<meta name=\"twitter:creator\" content=\"@KapitalisInfo\" \/>\n<meta name=\"twitter:site\" content=\"@KapitalisInfo\" \/>\n<meta name=\"twitter:label1\" content=\"\u00c9crit par\" \/>\n\t<meta name=\"twitter:data1\" content=\"webmaster kapitalis\" \/>\n\t<meta name=\"twitter:label2\" content=\"Dur\u00e9e de lecture estim\u00e9e\" \/>\n\t<meta name=\"twitter:data2\" content=\"1 minute\" \/>\n<script type=\"application\/ld+json\" class=\"yoast-schema-graph\">{\"@context\":\"https:\/\/schema.org\",\"@graph\":[{\"@type\":\"Article\",\"@id\":\"https:\/\/kapitalis.com\/tunisie\/2018\/08\/26\/wael-belarbi-jarrive-pour-la-premiere-fois-dans-un-grand-club\/#article\",\"isPartOf\":{\"@id\":\"https:\/\/kapitalis.com\/tunisie\/2018\/08\/26\/wael-belarbi-jarrive-pour-la-premiere-fois-dans-un-grand-club\/\"},\"author\":{\"name\":\"webmaster kapitalis\",\"@id\":\"https:\/\/kapitalis.com\/tunisie\/#\/schema\/person\/d71f33a9ca44f7bad4698210b480c8e9\"},\"headline\":\"Wael Belarbi : \u00abJ\u2019arrive pour la premi\u00e8re fois dans un grand club\u00bb\",\"datePublished\":\"2018-08-26T10:23:19+00:00\",\"mainEntityOfPage\":{\"@id\":\"https:\/\/kapitalis.com\/tunisie\/2018\/08\/26\/wael-belarbi-jarrive-pour-la-premiere-fois-dans-un-grand-club\/\"},\"wordCount\":270,\"commentCount\":0,\"publisher\":{\"@id\":\"https:\/\/kapitalis.com\/tunisie\/#organization\"},\"image\":{\"@id\":\"https:\/\/kapitalis.com\/tunisie\/2018\/08\/26\/wael-belarbi-jarrive-pour-la-premiere-fois-dans-un-grand-club\/#primaryimage\"},\"thumbnailUrl\":\"\",\"keywords\":[\"\u00e9quipe de Tunisie\",\"Esp\u00e9rance sportive de Tunis\",\"Faouzi Benzarti\"],\"articleSection\":[\"SPORT\",\"Tunisie\"],\"inLanguage\":\"fr-FR\",\"potentialAction\":[{\"@type\":\"CommentAction\",\"name\":\"Comment\",\"target\":[\"https:\/\/kapitalis.com\/tunisie\/2018\/08\/26\/wael-belarbi-jarrive-pour-la-premiere-fois-dans-un-grand-club\/#respond\"]}]},{\"@type\":\"WebPage\",\"@id\":\"https:\/\/kapitalis.com\/tunisie\/2018\/08\/26\/wael-belarbi-jarrive-pour-la-premiere-fois-dans-un-grand-club\/\",\"url\":\"https:\/\/kapitalis.com\/tunisie\/2018\/08\/26\/wael-belarbi-jarrive-pour-la-premiere-fois-dans-un-grand-club\/\",\"name\":\"Wael Belarbi : \u00abJ\u2019arrive pour la premi\u00e8re fois dans un grand club\u00bb - Kapitalis\",\"isPartOf\":{\"@id\":\"https:\/\/kapitalis.com\/tunisie\/#website\"},\"primaryImageOfPage\":{\"@id\":\"https:\/\/kapitalis.com\/tunisie\/2018\/08\/26\/wael-belarbi-jarrive-pour-la-premiere-fois-dans-un-grand-club\/#primaryimage\"},\"image\":{\"@id\":\"https:\/\/kapitalis.com\/tunisie\/2018\/08\/26\/wael-belarbi-jarrive-pour-la-premiere-fois-dans-un-grand-club\/#primaryimage\"},\"thumbnailUrl\":\"\",\"datePublished\":\"2018-08-26T10:23:19+00:00\",\"breadcrumb\":{\"@id\":\"https:\/\/kapitalis.com\/tunisie\/2018\/08\/26\/wael-belarbi-jarrive-pour-la-premiere-fois-dans-un-grand-club\/#breadcrumb\"},\"inLanguage\":\"fr-FR\",\"potentialAction\":[{\"@type\":\"ReadAction\",\"target\":[\"https:\/\/kapitalis.com\/tunisie\/2018\/08\/26\/wael-belarbi-jarrive-pour-la-premiere-fois-dans-un-grand-club\/\"]}]},{\"@type\":\"ImageObject\",\"inLanguage\":\"fr-FR\",\"@id\":\"https:\/\/kapitalis.com\/tunisie\/2018\/08\/26\/wael-belarbi-jarrive-pour-la-premiere-fois-dans-un-grand-club\/#primaryimage\",\"url\":\"\",\"contentUrl\":\"\"},{\"@type\":\"BreadcrumbList\",\"@id\":\"https:\/\/kapitalis.com\/tunisie\/2018\/08\/26\/wael-belarbi-jarrive-pour-la-premiere-fois-dans-un-grand-club\/#breadcrumb\",\"itemListElement\":[{\"@type\":\"ListItem\",\"position\":1,\"name\":\"Accueil\",\"item\":\"https:\/\/kapitalis.com\/tunisie\/\"},{\"@type\":\"ListItem\",\"position\":2,\"name\":\"Wael Belarbi : \u00abJ\u2019arrive pour la premi\u00e8re fois dans un grand club\u00bb\"}]},{\"@type\":\"WebSite\",\"@id\":\"https:\/\/kapitalis.com\/tunisie\/#website\",\"url\":\"https:\/\/kapitalis.com\/tunisie\/\",\"name\":\"Kapitalis\",\"description\":\"L&#039;actualit\u00e9 en Tunisie et dans le monde\",\"publisher\":{\"@id\":\"https:\/\/kapitalis.com\/tunisie\/#organization\"},\"potentialAction\":[{\"@type\":\"SearchAction\",\"target\":{\"@type\":\"EntryPoint\",\"urlTemplate\":\"https:\/\/kapitalis.com\/tunisie\/?s={search_term_string}\"},\"query-input\":{\"@type\":\"PropertyValueSpecification\",\"valueRequired\":true,\"valueName\":\"search_term_string\"}}],\"inLanguage\":\"fr-FR\"},{\"@type\":\"Organization\",\"@id\":\"https:\/\/kapitalis.com\/tunisie\/#organization\",\"name\":\"Kapitalis\",\"url\":\"https:\/\/kapitalis.com\/tunisie\/\",\"logo\":{\"@type\":\"ImageObject\",\"inLanguage\":\"fr-FR\",\"@id\":\"https:\/\/kapitalis.com\/tunisie\/#\/schema\/logo\/image\/\",\"url\":\"https:\/\/kapitalis.com\/tunisie\/wp-content\/uploads\/2022\/05\/Kapitalis-big-size.png\",\"contentUrl\":\"https:\/\/kapitalis.com\/tunisie\/wp-content\/uploads\/2022\/05\/Kapitalis-big-size.png\",\"width\":5000,\"height\":1500,\"caption\":\"Kapitalis\"},\"image\":{\"@id\":\"https:\/\/kapitalis.com\/tunisie\/#\/schema\/logo\/image\/\"},\"sameAs\":[\"https:\/\/www.facebook.com\/KapitalisInfo\/\",\"https:\/\/x.com\/KapitalisInfo\",\"https:\/\/www.youtube.com\/channel\/UC-yDYrHyfFBWWZaOw3FPg9Q\"]},{\"@type\":\"Person\",\"@id\":\"https:\/\/kapitalis.com\/tunisie\/#\/schema\/person\/d71f33a9ca44f7bad4698210b480c8e9\",\"name\":\"webmaster kapitalis\",\"url\":\"https:\/\/kapitalis.com\/tunisie\/author\/webmaster-kapitalis\/\"}]}<\/script>\n<!-- \/ Yoast SEO plugin. -->","yoast_head_json":{"title":"Wael Belarbi : \u00abJ\u2019arrive pour la premi\u00e8re fois dans un grand club\u00bb - Kapitalis","robots":{"index":"index","follow":"follow","max-snippet":"max-snippet:-1","max-image-preview":"max-image-preview:large","max-video-preview":"max-video-preview:-1"},"canonical":"https:\/\/kapitalis.com\/tunisie\/2018\/08\/26\/wael-belarbi-jarrive-pour-la-premiere-fois-dans-un-grand-club\/","og_locale":"fr_FR","og_type":"article","og_title":"Wael Belarbi : \u00abJ\u2019arrive pour la premi\u00e8re fois dans un grand club\u00bb - Kapitalis","og_description":"Arriv\u00e9 r\u00e9cemment \u00e0 l\u2019Esp\u00e9rance sportive de Tunis (EST), le milieu offensif Wael Belarbi s\u2019est dit heureux de relever un nouveau d\u00e9fi. Et, pourquoi pas, r\u00e9aliser son r\u00eave de porter le maillot de l\u2019\u00e9quipe de Tunisie.","og_url":"https:\/\/kapitalis.com\/tunisie\/2018\/08\/26\/wael-belarbi-jarrive-pour-la-premiere-fois-dans-un-grand-club\/","og_site_name":"Kapitalis","article_publisher":"https:\/\/www.facebook.com\/KapitalisInfo\/","article_published_time":"2018-08-26T10:23:19+00:00","og_image":[{"width":1200,"height":630,"url":"https:\/\/kapitalis.com\/tunisie\/wp-content\/uploads\/2022\/05\/kapitalis-logo-fb.png","type":"image\/png"}],"author":"webmaster kapitalis","twitter_card":"summary_large_image","twitter_creator":"@KapitalisInfo","twitter_site":"@KapitalisInfo","twitter_misc":{"\u00c9crit par":"webmaster kapitalis","Dur\u00e9e de lecture estim\u00e9e":"1 minute"},"schema":{"@context":"https:\/\/schema.org","@graph":[{"@type":"Article","@id":"https:\/\/kapitalis.com\/tunisie\/2018\/08\/26\/wael-belarbi-jarrive-pour-la-premiere-fois-dans-un-grand-club\/#article","isPartOf":{"@id":"https:\/\/kapitalis.com\/tunisie\/2018\/08\/26\/wael-belarbi-jarrive-pour-la-premiere-fois-dans-un-grand-club\/"},"author":{"name":"webmaster kapitalis","@id":"https:\/\/kapitalis.com\/tunisie\/#\/schema\/person\/d71f33a9ca44f7bad4698210b480c8e9"},"headline":"Wael Belarbi : \u00abJ\u2019arrive pour la premi\u00e8re fois dans un grand club\u00bb","datePublished":"2018-08-26T10:23:19+00:00","mainEntityOfPage":{"@id":"https:\/\/kapitalis.com\/tunisie\/2018\/08\/26\/wael-belarbi-jarrive-pour-la-premiere-fois-dans-un-grand-club\/"},"wordCount":270,"commentCount":0,"publisher":{"@id":"https:\/\/kapitalis.com\/tunisie\/#organization"},"image":{"@id":"https:\/\/kapitalis.com\/tunisie\/2018\/08\/26\/wael-belarbi-jarrive-pour-la-premiere-fois-dans-un-grand-club\/#primaryimage"},"thumbnailUrl":"","keywords":["\u00e9quipe de Tunisie","Esp\u00e9rance sportive de Tunis","Faouzi Benzarti"],"articleSection":["SPORT","Tunisie"],"inLanguage":"fr-FR","potentialAction":[{"@type":"CommentAction","name":"Comment","target":["https:\/\/kapitalis.com\/tunisie\/2018\/08\/26\/wael-belarbi-jarrive-pour-la-premiere-fois-dans-un-grand-club\/#respond"]}]},{"@type":"WebPage","@id":"https:\/\/kapitalis.com\/tunisie\/2018\/08\/26\/wael-belarbi-jarrive-pour-la-premiere-fois-dans-un-grand-club\/","url":"https:\/\/kapitalis.com\/tunisie\/2018\/08\/26\/wael-belarbi-jarrive-pour-la-premiere-fois-dans-un-grand-club\/","name":"Wael Belarbi : \u00abJ\u2019arrive pour la premi\u00e8re fois dans un grand club\u00bb - Kapitalis","isPartOf":{"@id":"https:\/\/kapitalis.com\/tunisie\/#website"},"primaryImageOfPage":{"@id":"https:\/\/kapitalis.com\/tunisie\/2018\/08\/26\/wael-belarbi-jarrive-pour-la-premiere-fois-dans-un-grand-club\/#primaryimage"},"image":{"@id":"https:\/\/kapitalis.com\/tunisie\/2018\/08\/26\/wael-belarbi-jarrive-pour-la-premiere-fois-dans-un-grand-club\/#primaryimage"},"thumbnailUrl":"","datePublished":"2018-08-26T10:23:19+00:00","breadcrumb":{"@id":"https:\/\/kapitalis.com\/tunisie\/2018\/08\/26\/wael-belarbi-jarrive-pour-la-premiere-fois-dans-un-grand-club\/#breadcrumb"},"inLanguage":"fr-FR","potentialAction":[{"@type":"ReadAction","target":["https:\/\/kapitalis.com\/tunisie\/2018\/08\/26\/wael-belarbi-jarrive-pour-la-premiere-fois-dans-un-grand-club\/"]}]},{"@type":"ImageObject","inLanguage":"fr-FR","@id":"https:\/\/kapitalis.com\/tunisie\/2018\/08\/26\/wael-belarbi-jarrive-pour-la-premiere-fois-dans-un-grand-club\/#primaryimage","url":"","contentUrl":""},{"@type":"BreadcrumbList","@id":"https:\/\/kapitalis.com\/tunisie\/2018\/08\/26\/wael-belarbi-jarrive-pour-la-premiere-fois-dans-un-grand-club\/#breadcrumb","itemListElement":[{"@type":"ListItem","position":1,"name":"Accueil","item":"https:\/\/kapitalis.com\/tunisie\/"},{"@type":"ListItem","position":2,"name":"Wael Belarbi : \u00abJ\u2019arrive pour la premi\u00e8re fois dans un grand club\u00bb"}]},{"@type":"WebSite","@id":"https:\/\/kapitalis.com\/tunisie\/#website","url":"https:\/\/kapitalis.com\/tunisie\/","name":"Kapitalis","description":"L&#039;actualit\u00e9 en Tunisie et dans le monde","publisher":{"@id":"https:\/\/kapitalis.com\/tunisie\/#organization"},"potentialAction":[{"@type":"SearchAction","target":{"@type":"EntryPoint","urlTemplate":"https:\/\/kapitalis.com\/tunisie\/?s={search_term_string}"},"query-input":{"@type":"PropertyValueSpecification","valueRequired":true,"valueName":"search_term_string"}}],"inLanguage":"fr-FR"},{"@type":"Organization","@id":"https:\/\/kapitalis.com\/tunisie\/#organization","name":"Kapitalis","url":"https:\/\/kapitalis.com\/tunisie\/","logo":{"@type":"ImageObject","inLanguage":"fr-FR","@id":"https:\/\/kapitalis.com\/tunisie\/#\/schema\/logo\/image\/","url":"https:\/\/kapitalis.com\/tunisie\/wp-content\/uploads\/2022\/05\/Kapitalis-big-size.png","contentUrl":"https:\/\/kapitalis.com\/tunisie\/wp-content\/uploads\/2022\/05\/Kapitalis-big-size.png","width":5000,"height":1500,"caption":"Kapitalis"},"image":{"@id":"https:\/\/kapitalis.com\/tunisie\/#\/schema\/logo\/image\/"},"sameAs":["https:\/\/www.facebook.com\/KapitalisInfo\/","https:\/\/x.com\/KapitalisInfo","https:\/\/www.youtube.com\/channel\/UC-yDYrHyfFBWWZaOw3FPg9Q"]},{"@type":"Person","@id":"https:\/\/kapitalis.com\/tunisie\/#\/schema\/person\/d71f33a9ca44f7bad4698210b480c8e9","name":"webmaster kapitalis","url":"https:\/\/kapitalis.com\/tunisie\/author\/webmaster-kapitalis\/"}]}},"_links":{"self":[{"href":"https:\/\/kapitalis.com\/tunisie\/wp-json\/wp\/v2\/posts\/170912","targetHints":{"allow":["GET"]}}],"collection":[{"href":"https:\/\/kapitalis.com\/tunisie\/wp-json\/wp\/v2\/posts"}],"about":[{"href":"https:\/\/kapitalis.com\/tunisie\/wp-json\/wp\/v2\/types\/post"}],"author":[{"embeddable":true,"href":"https:\/\/kapitalis.com\/tunisie\/wp-json\/wp\/v2\/users\/8"}],"replies":[{"embeddable":true,"href":"https:\/\/kapitalis.com\/tunisie\/wp-json\/wp\/v2\/comments?post=170912"}],"version-history":[{"count":0,"href":"https:\/\/kapitalis.com\/tunisie\/wp-json\/wp\/v2\/posts\/170912\/revisions"}],"wp:featuredmedia":[{"embeddable":true,"href":"https:\/\/kapitalis.com\/tunisie\/wp-json\/wp\/v2\/media\/170913"}],"wp:attachment":[{"href":"https:\/\/kapitalis.com\/tunisie\/wp-json\/wp\/v2\/media?parent=170912"}],"wp:term":[{"taxonomy":"category","embeddable":true,"href":"https:\/\/kapitalis.com\/tunisie\/wp-json\/wp\/v2\/categories?post=170912"},{"taxonomy":"post_tag","embeddable":true,"href":"https:\/\/kapitalis.com\/tunisie\/wp-json\/wp\/v2\/tags?post=170912"}],"curies":[{"name":"wp","href":"https:\/\/api.w.org\/{rel}","templated":true}]}}