{"id":17116774,"date":"2025-07-28T23:34:05","date_gmt":"2025-07-28T22:34:05","guid":{"rendered":"https:\/\/kapitalis.com\/tunisie\/?p=17116774"},"modified":"2025-07-28T23:47:47","modified_gmt":"2025-07-28T22:47:47","slug":"campagne-de-nettoyage-a-monastir-proteger-notre-mer-cest-proteger-la-vie","status":"publish","type":"post","link":"https:\/\/kapitalis.com\/tunisie\/2025\/07\/28\/campagne-de-nettoyage-a-monastir-proteger-notre-mer-cest-proteger-la-vie\/","title":{"rendered":"Campagne de nettoyage \u00e0 Monastir | \u00abProt\u00e9ger notre mer, c\u2019est prot\u00e9ger la vie\u00bb"},"content":{"rendered":"\n<p><strong><em>La plage de Kara\u00efa \u00e0 Monastir a \u00e9t\u00e9 le th\u00e9\u00e2tre d&rsquo;une importante campagne de nettoyage et de sensibilisation environnementale port\u00e9e par l&rsquo;association Notre Grand Bleu.<\/em><\/strong><\/p>\n\n\n\n<!--more-->\n\n\n\n<p>Soutenue par les autorit\u00e9s locales, cette action a rassembl\u00e9, vendredi dernier, de nombreux volontaires pour un message clair : la protection de nos c\u00f4tes est l&rsquo;affaire de tous, et ce , sous le slogan <em>\u00ab Prot\u00e9ger notre mer, c\u2019est prot\u00e9ger la vie <\/em>\u00bb, indique Notre Grand Bleu dans un communqiu\u00e9 publi\u00e9 ce lundi 28 juillet 2025.<\/p>\n\n\n\n<p>Cette op\u00e9ration a \u00e9t\u00e9 men\u00e9e dans le cadre de son engagement pour la pr\u00e9servation de l\u2019environnement, et sous la supervision de Issa Moussa, gouverneur de Monastir, et avec le soutien de la municipalit\u00e9 de Monastir. Des volontaires engag\u00e9s ont nettoy\u00e9 la plage dans un esprit de collaboration et de conscience \u00e9cologique, accompagn\u00e9s d\u2019activit\u00e9s de sensibilisation \u00e0 la protection du littoral et \u00e0 la biodiversit\u00e9 marine.<\/p>\n\n\n\n<p>L\u2019association adresse par ailleurs ses remerciements les plus sinc\u00e8res au gouverneur et \u00e0 la municipalit\u00e9 de Monastir pour leur soutien et leur collaboration, et encourage chacun \u00e0 s\u2019impliquer dans la pr\u00e9servation de nos plages pour un avenir plus propre : \u00ab <em>Prot\u00e9ger notre mer, c\u2019est prot\u00e9ger la vie<\/em> \u00bb.<\/p>\n\n\n\n<p> <\/p>\n","protected":false},"excerpt":{"rendered":"<p>La plage de Kara\u00efa \u00e0 Monastir a \u00e9t\u00e9 le th\u00e9\u00e2tre d&rsquo;une importante campagne de nettoyage et de sensibilisation environnementale port\u00e9e par l&rsquo;association Notre Grand Bleu.<\/p>\n","protected":false},"author":6,"featured_media":17116833,"comment_status":"open","ping_status":"open","sticky":false,"template":"","format":"standard","meta":{"footnotes":""},"categories":[998,2433],"tags":[633,658,21214,123796,62643],"class_list":["post-17116774","post","type-post","status-publish","format-standard","has-post-thumbnail","hentry","category-societe","category-tunisie","tag-monastir","tag-nettoyage","tag-notre-grand-bleu","tag-plage-de-karaia","tag-tunisie"],"yoast_head":"<!-- This site is optimized with the Yoast SEO plugin v26.6 - https:\/\/yoast.com\/wordpress\/plugins\/seo\/ -->\n<title>Campagne de nettoyage \u00e0 Monastir | \u00abProt\u00e9ger notre mer, c\u2019est prot\u00e9ger la vie\u00bb - Kapitalis<\/title>\n<meta name=\"robots\" content=\"index, follow, max-snippet:-1, max-image-preview:large, max-video-preview:-1\" \/>\n<link rel=\"canonical\" href=\"https:\/\/kapitalis.com\/tunisie\/2025\/07\/28\/campagne-de-nettoyage-a-monastir-proteger-notre-mer-cest-proteger-la-vie\/\" \/>\n<meta property=\"og:locale\" content=\"fr_FR\" \/>\n<meta property=\"og:type\" content=\"article\" \/>\n<meta property=\"og:title\" content=\"Campagne de nettoyage \u00e0 Monastir | \u00abProt\u00e9ger notre mer, c\u2019est prot\u00e9ger la vie\u00bb - Kapitalis\" \/>\n<meta property=\"og:description\" content=\"La plage de Kara\u00efa \u00e0 Monastir a \u00e9t\u00e9 le th\u00e9\u00e2tre d&rsquo;une importante campagne de nettoyage et de sensibilisation environnementale port\u00e9e par l&rsquo;association Notre Grand Bleu.\" \/>\n<meta property=\"og:url\" content=\"https:\/\/kapitalis.com\/tunisie\/2025\/07\/28\/campagne-de-nettoyage-a-monastir-proteger-notre-mer-cest-proteger-la-vie\/\" \/>\n<meta property=\"og:site_name\" content=\"Kapitalis\" \/>\n<meta property=\"article:publisher\" content=\"https:\/\/www.facebook.com\/KapitalisInfo\/\" \/>\n<meta property=\"article:published_time\" content=\"2025-07-28T22:34:05+00:00\" \/>\n<meta property=\"article:modified_time\" content=\"2025-07-28T22:47:47+00:00\" \/>\n<meta property=\"og:image\" content=\"https:\/\/kapitalis.com\/tunisie\/wp-content\/uploads\/2025\/07\/nettoyage-Monastir.jpg\" \/>\n\t<meta property=\"og:image:width\" content=\"1200\" \/>\n\t<meta property=\"og:image:height\" content=\"630\" \/>\n\t<meta property=\"og:image:type\" content=\"image\/jpeg\" \/>\n<meta name=\"author\" content=\"Yusra NY\" \/>\n<meta name=\"twitter:card\" content=\"summary_large_image\" \/>\n<meta name=\"twitter:creator\" content=\"@KapitalisInfo\" \/>\n<meta name=\"twitter:site\" content=\"@KapitalisInfo\" \/>\n<meta name=\"twitter:label1\" content=\"\u00c9crit par\" \/>\n\t<meta name=\"twitter:data1\" content=\"Yusra NY\" \/>\n\t<meta name=\"twitter:label2\" content=\"Dur\u00e9e de lecture estim\u00e9e\" \/>\n\t<meta name=\"twitter:data2\" content=\"2 minutes\" \/>\n<script type=\"application\/ld+json\" class=\"yoast-schema-graph\">{\"@context\":\"https:\/\/schema.org\",\"@graph\":[{\"@type\":\"Article\",\"@id\":\"https:\/\/kapitalis.com\/tunisie\/2025\/07\/28\/campagne-de-nettoyage-a-monastir-proteger-notre-mer-cest-proteger-la-vie\/#article\",\"isPartOf\":{\"@id\":\"https:\/\/kapitalis.com\/tunisie\/2025\/07\/28\/campagne-de-nettoyage-a-monastir-proteger-notre-mer-cest-proteger-la-vie\/\"},\"author\":{\"name\":\"Yusra NY\",\"@id\":\"https:\/\/kapitalis.com\/tunisie\/#\/schema\/person\/74bbde0154d49d790a92aaeac5bc01d5\"},\"headline\":\"Campagne de nettoyage \u00e0 Monastir | \u00abProt\u00e9ger notre mer, c\u2019est prot\u00e9ger la vie\u00bb\",\"datePublished\":\"2025-07-28T22:34:05+00:00\",\"dateModified\":\"2025-07-28T22:47:47+00:00\",\"mainEntityOfPage\":{\"@id\":\"https:\/\/kapitalis.com\/tunisie\/2025\/07\/28\/campagne-de-nettoyage-a-monastir-proteger-notre-mer-cest-proteger-la-vie\/\"},\"wordCount\":218,\"commentCount\":3,\"publisher\":{\"@id\":\"https:\/\/kapitalis.com\/tunisie\/#organization\"},\"image\":{\"@id\":\"https:\/\/kapitalis.com\/tunisie\/2025\/07\/28\/campagne-de-nettoyage-a-monastir-proteger-notre-mer-cest-proteger-la-vie\/#primaryimage\"},\"thumbnailUrl\":\"https:\/\/kapitalis.com\/tunisie\/wp-content\/uploads\/2025\/07\/nettoyage-Monastir.jpg\",\"keywords\":[\"Monastir\",\"nettoyage\",\"Notre Grand bleu\",\"plage de Kara\u00efa\",\"Tunisie\"],\"articleSection\":[\"SOCIETE\",\"Tunisie\"],\"inLanguage\":\"fr-FR\",\"potentialAction\":[{\"@type\":\"CommentAction\",\"name\":\"Comment\",\"target\":[\"https:\/\/kapitalis.com\/tunisie\/2025\/07\/28\/campagne-de-nettoyage-a-monastir-proteger-notre-mer-cest-proteger-la-vie\/#respond\"]}]},{\"@type\":\"WebPage\",\"@id\":\"https:\/\/kapitalis.com\/tunisie\/2025\/07\/28\/campagne-de-nettoyage-a-monastir-proteger-notre-mer-cest-proteger-la-vie\/\",\"url\":\"https:\/\/kapitalis.com\/tunisie\/2025\/07\/28\/campagne-de-nettoyage-a-monastir-proteger-notre-mer-cest-proteger-la-vie\/\",\"name\":\"Campagne de nettoyage \u00e0 Monastir | \u00abProt\u00e9ger notre mer, c\u2019est prot\u00e9ger la vie\u00bb - Kapitalis\",\"isPartOf\":{\"@id\":\"https:\/\/kapitalis.com\/tunisie\/#website\"},\"primaryImageOfPage\":{\"@id\":\"https:\/\/kapitalis.com\/tunisie\/2025\/07\/28\/campagne-de-nettoyage-a-monastir-proteger-notre-mer-cest-proteger-la-vie\/#primaryimage\"},\"image\":{\"@id\":\"https:\/\/kapitalis.com\/tunisie\/2025\/07\/28\/campagne-de-nettoyage-a-monastir-proteger-notre-mer-cest-proteger-la-vie\/#primaryimage\"},\"thumbnailUrl\":\"https:\/\/kapitalis.com\/tunisie\/wp-content\/uploads\/2025\/07\/nettoyage-Monastir.jpg\",\"datePublished\":\"2025-07-28T22:34:05+00:00\",\"dateModified\":\"2025-07-28T22:47:47+00:00\",\"breadcrumb\":{\"@id\":\"https:\/\/kapitalis.com\/tunisie\/2025\/07\/28\/campagne-de-nettoyage-a-monastir-proteger-notre-mer-cest-proteger-la-vie\/#breadcrumb\"},\"inLanguage\":\"fr-FR\",\"potentialAction\":[{\"@type\":\"ReadAction\",\"target\":[\"https:\/\/kapitalis.com\/tunisie\/2025\/07\/28\/campagne-de-nettoyage-a-monastir-proteger-notre-mer-cest-proteger-la-vie\/\"]}]},{\"@type\":\"ImageObject\",\"inLanguage\":\"fr-FR\",\"@id\":\"https:\/\/kapitalis.com\/tunisie\/2025\/07\/28\/campagne-de-nettoyage-a-monastir-proteger-notre-mer-cest-proteger-la-vie\/#primaryimage\",\"url\":\"https:\/\/kapitalis.com\/tunisie\/wp-content\/uploads\/2025\/07\/nettoyage-Monastir.jpg\",\"contentUrl\":\"https:\/\/kapitalis.com\/tunisie\/wp-content\/uploads\/2025\/07\/nettoyage-Monastir.jpg\",\"width\":1200,\"height\":630},{\"@type\":\"BreadcrumbList\",\"@id\":\"https:\/\/kapitalis.com\/tunisie\/2025\/07\/28\/campagne-de-nettoyage-a-monastir-proteger-notre-mer-cest-proteger-la-vie\/#breadcrumb\",\"itemListElement\":[{\"@type\":\"ListItem\",\"position\":1,\"name\":\"Accueil\",\"item\":\"https:\/\/kapitalis.com\/tunisie\/\"},{\"@type\":\"ListItem\",\"position\":2,\"name\":\"Campagne de nettoyage \u00e0 Monastir | \u00abProt\u00e9ger notre mer, c\u2019est prot\u00e9ger la vie\u00bb\"}]},{\"@type\":\"WebSite\",\"@id\":\"https:\/\/kapitalis.com\/tunisie\/#website\",\"url\":\"https:\/\/kapitalis.com\/tunisie\/\",\"name\":\"Kapitalis\",\"description\":\"L&#039;actualit\u00e9 en Tunisie et dans le monde\",\"publisher\":{\"@id\":\"https:\/\/kapitalis.com\/tunisie\/#organization\"},\"potentialAction\":[{\"@type\":\"SearchAction\",\"target\":{\"@type\":\"EntryPoint\",\"urlTemplate\":\"https:\/\/kapitalis.com\/tunisie\/?s={search_term_string}\"},\"query-input\":{\"@type\":\"PropertyValueSpecification\",\"valueRequired\":true,\"valueName\":\"search_term_string\"}}],\"inLanguage\":\"fr-FR\"},{\"@type\":\"Organization\",\"@id\":\"https:\/\/kapitalis.com\/tunisie\/#organization\",\"name\":\"Kapitalis\",\"url\":\"https:\/\/kapitalis.com\/tunisie\/\",\"logo\":{\"@type\":\"ImageObject\",\"inLanguage\":\"fr-FR\",\"@id\":\"https:\/\/kapitalis.com\/tunisie\/#\/schema\/logo\/image\/\",\"url\":\"https:\/\/kapitalis.com\/tunisie\/wp-content\/uploads\/2022\/05\/Kapitalis-big-size.png\",\"contentUrl\":\"https:\/\/kapitalis.com\/tunisie\/wp-content\/uploads\/2022\/05\/Kapitalis-big-size.png\",\"width\":5000,\"height\":1500,\"caption\":\"Kapitalis\"},\"image\":{\"@id\":\"https:\/\/kapitalis.com\/tunisie\/#\/schema\/logo\/image\/\"},\"sameAs\":[\"https:\/\/www.facebook.com\/KapitalisInfo\/\",\"https:\/\/x.com\/KapitalisInfo\",\"https:\/\/www.youtube.com\/channel\/UC-yDYrHyfFBWWZaOw3FPg9Q\"]},{\"@type\":\"Person\",\"@id\":\"https:\/\/kapitalis.com\/tunisie\/#\/schema\/person\/74bbde0154d49d790a92aaeac5bc01d5\",\"name\":\"Yusra NY\",\"url\":\"https:\/\/kapitalis.com\/tunisie\/author\/yuza_adam\/\"}]}<\/script>\n<!-- \/ Yoast SEO plugin. -->","yoast_head_json":{"title":"Campagne de nettoyage \u00e0 Monastir | \u00abProt\u00e9ger notre mer, c\u2019est prot\u00e9ger la vie\u00bb - Kapitalis","robots":{"index":"index","follow":"follow","max-snippet":"max-snippet:-1","max-image-preview":"max-image-preview:large","max-video-preview":"max-video-preview:-1"},"canonical":"https:\/\/kapitalis.com\/tunisie\/2025\/07\/28\/campagne-de-nettoyage-a-monastir-proteger-notre-mer-cest-proteger-la-vie\/","og_locale":"fr_FR","og_type":"article","og_title":"Campagne de nettoyage \u00e0 Monastir | \u00abProt\u00e9ger notre mer, c\u2019est prot\u00e9ger la vie\u00bb - Kapitalis","og_description":"La plage de Kara\u00efa \u00e0 Monastir a \u00e9t\u00e9 le th\u00e9\u00e2tre d&rsquo;une importante campagne de nettoyage et de sensibilisation environnementale port\u00e9e par l&rsquo;association Notre Grand Bleu.","og_url":"https:\/\/kapitalis.com\/tunisie\/2025\/07\/28\/campagne-de-nettoyage-a-monastir-proteger-notre-mer-cest-proteger-la-vie\/","og_site_name":"Kapitalis","article_publisher":"https:\/\/www.facebook.com\/KapitalisInfo\/","article_published_time":"2025-07-28T22:34:05+00:00","article_modified_time":"2025-07-28T22:47:47+00:00","og_image":[{"width":1200,"height":630,"url":"https:\/\/kapitalis.com\/tunisie\/wp-content\/uploads\/2025\/07\/nettoyage-Monastir.jpg","type":"image\/jpeg"}],"author":"Yusra NY","twitter_card":"summary_large_image","twitter_creator":"@KapitalisInfo","twitter_site":"@KapitalisInfo","twitter_misc":{"\u00c9crit par":"Yusra NY","Dur\u00e9e de lecture estim\u00e9e":"2 minutes"},"schema":{"@context":"https:\/\/schema.org","@graph":[{"@type":"Article","@id":"https:\/\/kapitalis.com\/tunisie\/2025\/07\/28\/campagne-de-nettoyage-a-monastir-proteger-notre-mer-cest-proteger-la-vie\/#article","isPartOf":{"@id":"https:\/\/kapitalis.com\/tunisie\/2025\/07\/28\/campagne-de-nettoyage-a-monastir-proteger-notre-mer-cest-proteger-la-vie\/"},"author":{"name":"Yusra NY","@id":"https:\/\/kapitalis.com\/tunisie\/#\/schema\/person\/74bbde0154d49d790a92aaeac5bc01d5"},"headline":"Campagne de nettoyage \u00e0 Monastir | \u00abProt\u00e9ger notre mer, c\u2019est prot\u00e9ger la vie\u00bb","datePublished":"2025-07-28T22:34:05+00:00","dateModified":"2025-07-28T22:47:47+00:00","mainEntityOfPage":{"@id":"https:\/\/kapitalis.com\/tunisie\/2025\/07\/28\/campagne-de-nettoyage-a-monastir-proteger-notre-mer-cest-proteger-la-vie\/"},"wordCount":218,"commentCount":3,"publisher":{"@id":"https:\/\/kapitalis.com\/tunisie\/#organization"},"image":{"@id":"https:\/\/kapitalis.com\/tunisie\/2025\/07\/28\/campagne-de-nettoyage-a-monastir-proteger-notre-mer-cest-proteger-la-vie\/#primaryimage"},"thumbnailUrl":"https:\/\/kapitalis.com\/tunisie\/wp-content\/uploads\/2025\/07\/nettoyage-Monastir.jpg","keywords":["Monastir","nettoyage","Notre Grand bleu","plage de Kara\u00efa","Tunisie"],"articleSection":["SOCIETE","Tunisie"],"inLanguage":"fr-FR","potentialAction":[{"@type":"CommentAction","name":"Comment","target":["https:\/\/kapitalis.com\/tunisie\/2025\/07\/28\/campagne-de-nettoyage-a-monastir-proteger-notre-mer-cest-proteger-la-vie\/#respond"]}]},{"@type":"WebPage","@id":"https:\/\/kapitalis.com\/tunisie\/2025\/07\/28\/campagne-de-nettoyage-a-monastir-proteger-notre-mer-cest-proteger-la-vie\/","url":"https:\/\/kapitalis.com\/tunisie\/2025\/07\/28\/campagne-de-nettoyage-a-monastir-proteger-notre-mer-cest-proteger-la-vie\/","name":"Campagne de nettoyage \u00e0 Monastir | \u00abProt\u00e9ger notre mer, c\u2019est prot\u00e9ger la vie\u00bb - Kapitalis","isPartOf":{"@id":"https:\/\/kapitalis.com\/tunisie\/#website"},"primaryImageOfPage":{"@id":"https:\/\/kapitalis.com\/tunisie\/2025\/07\/28\/campagne-de-nettoyage-a-monastir-proteger-notre-mer-cest-proteger-la-vie\/#primaryimage"},"image":{"@id":"https:\/\/kapitalis.com\/tunisie\/2025\/07\/28\/campagne-de-nettoyage-a-monastir-proteger-notre-mer-cest-proteger-la-vie\/#primaryimage"},"thumbnailUrl":"https:\/\/kapitalis.com\/tunisie\/wp-content\/uploads\/2025\/07\/nettoyage-Monastir.jpg","datePublished":"2025-07-28T22:34:05+00:00","dateModified":"2025-07-28T22:47:47+00:00","breadcrumb":{"@id":"https:\/\/kapitalis.com\/tunisie\/2025\/07\/28\/campagne-de-nettoyage-a-monastir-proteger-notre-mer-cest-proteger-la-vie\/#breadcrumb"},"inLanguage":"fr-FR","potentialAction":[{"@type":"ReadAction","target":["https:\/\/kapitalis.com\/tunisie\/2025\/07\/28\/campagne-de-nettoyage-a-monastir-proteger-notre-mer-cest-proteger-la-vie\/"]}]},{"@type":"ImageObject","inLanguage":"fr-FR","@id":"https:\/\/kapitalis.com\/tunisie\/2025\/07\/28\/campagne-de-nettoyage-a-monastir-proteger-notre-mer-cest-proteger-la-vie\/#primaryimage","url":"https:\/\/kapitalis.com\/tunisie\/wp-content\/uploads\/2025\/07\/nettoyage-Monastir.jpg","contentUrl":"https:\/\/kapitalis.com\/tunisie\/wp-content\/uploads\/2025\/07\/nettoyage-Monastir.jpg","width":1200,"height":630},{"@type":"BreadcrumbList","@id":"https:\/\/kapitalis.com\/tunisie\/2025\/07\/28\/campagne-de-nettoyage-a-monastir-proteger-notre-mer-cest-proteger-la-vie\/#breadcrumb","itemListElement":[{"@type":"ListItem","position":1,"name":"Accueil","item":"https:\/\/kapitalis.com\/tunisie\/"},{"@type":"ListItem","position":2,"name":"Campagne de nettoyage \u00e0 Monastir | \u00abProt\u00e9ger notre mer, c\u2019est prot\u00e9ger la vie\u00bb"}]},{"@type":"WebSite","@id":"https:\/\/kapitalis.com\/tunisie\/#website","url":"https:\/\/kapitalis.com\/tunisie\/","name":"Kapitalis","description":"L&#039;actualit\u00e9 en Tunisie et dans le monde","publisher":{"@id":"https:\/\/kapitalis.com\/tunisie\/#organization"},"potentialAction":[{"@type":"SearchAction","target":{"@type":"EntryPoint","urlTemplate":"https:\/\/kapitalis.com\/tunisie\/?s={search_term_string}"},"query-input":{"@type":"PropertyValueSpecification","valueRequired":true,"valueName":"search_term_string"}}],"inLanguage":"fr-FR"},{"@type":"Organization","@id":"https:\/\/kapitalis.com\/tunisie\/#organization","name":"Kapitalis","url":"https:\/\/kapitalis.com\/tunisie\/","logo":{"@type":"ImageObject","inLanguage":"fr-FR","@id":"https:\/\/kapitalis.com\/tunisie\/#\/schema\/logo\/image\/","url":"https:\/\/kapitalis.com\/tunisie\/wp-content\/uploads\/2022\/05\/Kapitalis-big-size.png","contentUrl":"https:\/\/kapitalis.com\/tunisie\/wp-content\/uploads\/2022\/05\/Kapitalis-big-size.png","width":5000,"height":1500,"caption":"Kapitalis"},"image":{"@id":"https:\/\/kapitalis.com\/tunisie\/#\/schema\/logo\/image\/"},"sameAs":["https:\/\/www.facebook.com\/KapitalisInfo\/","https:\/\/x.com\/KapitalisInfo","https:\/\/www.youtube.com\/channel\/UC-yDYrHyfFBWWZaOw3FPg9Q"]},{"@type":"Person","@id":"https:\/\/kapitalis.com\/tunisie\/#\/schema\/person\/74bbde0154d49d790a92aaeac5bc01d5","name":"Yusra NY","url":"https:\/\/kapitalis.com\/tunisie\/author\/yuza_adam\/"}]}},"_links":{"self":[{"href":"https:\/\/kapitalis.com\/tunisie\/wp-json\/wp\/v2\/posts\/17116774","targetHints":{"allow":["GET"]}}],"collection":[{"href":"https:\/\/kapitalis.com\/tunisie\/wp-json\/wp\/v2\/posts"}],"about":[{"href":"https:\/\/kapitalis.com\/tunisie\/wp-json\/wp\/v2\/types\/post"}],"author":[{"embeddable":true,"href":"https:\/\/kapitalis.com\/tunisie\/wp-json\/wp\/v2\/users\/6"}],"replies":[{"embeddable":true,"href":"https:\/\/kapitalis.com\/tunisie\/wp-json\/wp\/v2\/comments?post=17116774"}],"version-history":[{"count":2,"href":"https:\/\/kapitalis.com\/tunisie\/wp-json\/wp\/v2\/posts\/17116774\/revisions"}],"predecessor-version":[{"id":17116842,"href":"https:\/\/kapitalis.com\/tunisie\/wp-json\/wp\/v2\/posts\/17116774\/revisions\/17116842"}],"wp:featuredmedia":[{"embeddable":true,"href":"https:\/\/kapitalis.com\/tunisie\/wp-json\/wp\/v2\/media\/17116833"}],"wp:attachment":[{"href":"https:\/\/kapitalis.com\/tunisie\/wp-json\/wp\/v2\/media?parent=17116774"}],"wp:term":[{"taxonomy":"category","embeddable":true,"href":"https:\/\/kapitalis.com\/tunisie\/wp-json\/wp\/v2\/categories?post=17116774"},{"taxonomy":"post_tag","embeddable":true,"href":"https:\/\/kapitalis.com\/tunisie\/wp-json\/wp\/v2\/tags?post=17116774"}],"curies":[{"name":"wp","href":"https:\/\/api.w.org\/{rel}","templated":true}]}}