{"id":171202,"date":"2018-08-28T14:12:10","date_gmt":"2018-08-28T13:12:10","guid":{"rendered":"http:\/\/kapitalis.com\/tunisie\/?p=171202"},"modified":"2018-08-28T14:13:44","modified_gmt":"2018-08-28T13:13:44","slug":"gafsa-arrestation-dun-homme-condamne-a-20-ans-de-prison-pour-terrorisme","status":"publish","type":"post","link":"https:\/\/kapitalis.com\/tunisie\/2018\/08\/28\/gafsa-arrestation-dun-homme-condamne-a-20-ans-de-prison-pour-terrorisme\/","title":{"rendered":"Gafsa : Arrestation d&rsquo;un homme condamn\u00e9 \u00e0 20 ans de prison pour terrorisme"},"content":{"rendered":"<p style=\"text-align: center;\"><img loading=\"lazy\" decoding=\"async\" class=\"alignnone size-full wp-image-102778\" src=\"http:\/\/kapitalis.com\/tunisie\/wp-content\/uploads\/2017\/06\/arrestation-terroriste.jpg\" alt=\"\" width=\"626\" height=\"380\" \/><\/p>\n<p><em><strong>Kamel W., 26 ans, condamn\u00e9 par contumace \u00e0 20 ans de prison pour terrorisme, a \u00e9t\u00e9 arr\u00eat\u00e9, dans la nuit du lundi \u00e0 mardi 28 ao\u00fbt 2018, \u00e0 Gafsa.<\/strong><\/em><!--more--><\/p>\n<p>Le pr\u00e9venu, qui \u00e9tait en fuite depuis 6 mois, a \u00e9t\u00e9 intercept\u00e9, hier soir, par la garde nationale d\u2019El Guettar, alors qu\u2019il tentait de retourner en Libye o\u00f9 il avait combattu de 2012 \u00e0 2016, avec l\u2019organisation terroriste de l\u2019Etat islamique (Daech).<\/p>\n<p>La radicalisation de Kamel a commenc\u00e9 lorsqu\u2019il a int\u00e9gr\u00e9 Ansar Charia et prit part aux activit\u00e9s de cette organisation class\u00e9e terroriste depuis ao\u00fbt 2013. Il \u00e9tait en charge, notamment, de la communication de cette organisation, avant de\u00a0 quitter la Tunisie pour s\u2019entra\u00eener dans un camp terroriste \u00e0 Derna, en Libye.<\/p>\n<p>Revenu en Tunisie, en 2016, en franchissant la fronti\u00e8re ill\u00e9galement, il a \u00e9t\u00e9 arr\u00eat\u00e9 et pr\u00e9sent\u00e9 \u00e0 la justice qui l&rsquo;a rel\u00e2ch\u00e9 pour manque de preuve. Mis sous surveillance polici\u00e8re, son nom a \u00e9t\u00e9 livr\u00e9,\u00a0en d\u00e9cembre 2017, par les membres d\u2019une cellule terroriste d\u00e9mantel\u00e9e au nord de Tunis. Il a \u00e9t\u00e9 reconnu coupable par la justice et condamn\u00e9, par contumace, \u00e0 20 ans de prison.<\/p>\n<p style=\"text-align: right;\"><strong>Y. N.<\/strong><\/p>\n<blockquote class=\"wp-embedded-content\" data-secret=\"hOLOK3fZRH\"><p><a href=\"https:\/\/kapitalis.com\/tunisie\/2018\/06\/04\/beja-parcours-de-riahi-le-terroriste-condamne-a-50-ans-de-prison\/\">B\u00e9ja : Parcours de Riahi, le terroriste condamn\u00e9 \u00e0 50 ans de prison<\/a><\/p><\/blockquote>\n<p><iframe loading=\"lazy\" class=\"wp-embedded-content\" sandbox=\"allow-scripts\" security=\"restricted\" style=\"position: absolute; clip: rect(1px, 1px, 1px, 1px);\" title=\"\u00ab\u00a0B\u00e9ja : Parcours de Riahi, le terroriste condamn\u00e9 \u00e0 50 ans de prison\u00a0\u00bb &#8212; Kapitalis\" src=\"https:\/\/kapitalis.com\/tunisie\/2018\/06\/04\/beja-parcours-de-riahi-le-terroriste-condamne-a-50-ans-de-prison\/embed\/#?secret=ICTXng5boe#?secret=hOLOK3fZRH\" data-secret=\"hOLOK3fZRH\" width=\"600\" height=\"338\" frameborder=\"0\" marginwidth=\"0\" marginheight=\"0\" scrolling=\"no\"><\/iframe><\/p>\n<blockquote class=\"wp-embedded-content\" data-secret=\"vxulj0Iv7c\"><p><a href=\"https:\/\/kapitalis.com\/tunisie\/2018\/08\/08\/le-terroriste-de-la-cite-ettahrir-preparait-une-attaque-a-tunis\/\">Le terroriste de la cit\u00e9 Ettahrir pr\u00e9parait une attaque \u00e0 Tunis<\/a><\/p><\/blockquote>\n<p><iframe loading=\"lazy\" class=\"wp-embedded-content\" sandbox=\"allow-scripts\" security=\"restricted\" style=\"position: absolute; clip: rect(1px, 1px, 1px, 1px);\" title=\"\u00ab\u00a0Le terroriste de la cit\u00e9 Ettahrir pr\u00e9parait une attaque \u00e0 Tunis\u00a0\u00bb &#8212; Kapitalis\" src=\"https:\/\/kapitalis.com\/tunisie\/2018\/08\/08\/le-terroriste-de-la-cite-ettahrir-preparait-une-attaque-a-tunis\/embed\/#?secret=9d7KJ6PogI#?secret=vxulj0Iv7c\" data-secret=\"vxulj0Iv7c\" width=\"600\" height=\"338\" frameborder=\"0\" marginwidth=\"0\" marginheight=\"0\" scrolling=\"no\"><\/iframe><\/p>\n","protected":false},"excerpt":{"rendered":"<p>Kamel W., 26 ans, condamn\u00e9 par contumace \u00e0 20 ans de prison pour terrorisme, a \u00e9t\u00e9 arr\u00eat\u00e9, dans la nuit du lundi \u00e0 mardi 28 ao\u00fbt 2018, \u00e0 Gafsa.<\/p>\n","protected":false},"author":6,"featured_media":0,"comment_status":"open","ping_status":"open","sticky":false,"template":"","format":"standard","meta":{"footnotes":""},"categories":[1,998,2433],"tags":[1937,258,4327,407,29292,544,897],"class_list":["post-171202","post","type-post","status-publish","format-standard","hentry","category-non-classe","category-societe","category-tunisie","tag-ansar-charia","tag-daech","tag-derna","tag-gafsa","tag-isis","tag-libye","tag-terrorisme"],"yoast_head":"<!-- This site is optimized with the Yoast SEO plugin v26.6 - https:\/\/yoast.com\/wordpress\/plugins\/seo\/ -->\n<title>Gafsa : Arrestation d&#039;un homme condamn\u00e9 \u00e0 20 ans de prison pour terrorisme - Kapitalis<\/title>\n<meta name=\"robots\" content=\"index, follow, max-snippet:-1, max-image-preview:large, max-video-preview:-1\" \/>\n<link rel=\"canonical\" href=\"https:\/\/kapitalis.com\/tunisie\/2018\/08\/28\/gafsa-arrestation-dun-homme-condamne-a-20-ans-de-prison-pour-terrorisme\/\" \/>\n<meta property=\"og:locale\" content=\"fr_FR\" \/>\n<meta property=\"og:type\" content=\"article\" \/>\n<meta property=\"og:title\" content=\"Gafsa : Arrestation d&#039;un homme condamn\u00e9 \u00e0 20 ans de prison pour terrorisme - Kapitalis\" \/>\n<meta property=\"og:description\" content=\"Kamel W., 26 ans, condamn\u00e9 par contumace \u00e0 20 ans de prison pour terrorisme, a \u00e9t\u00e9 arr\u00eat\u00e9, dans la nuit du lundi \u00e0 mardi 28 ao\u00fbt 2018, \u00e0 Gafsa.\" \/>\n<meta property=\"og:url\" content=\"https:\/\/kapitalis.com\/tunisie\/2018\/08\/28\/gafsa-arrestation-dun-homme-condamne-a-20-ans-de-prison-pour-terrorisme\/\" \/>\n<meta property=\"og:site_name\" content=\"Kapitalis\" \/>\n<meta property=\"article:publisher\" content=\"https:\/\/www.facebook.com\/KapitalisInfo\/\" \/>\n<meta property=\"article:published_time\" content=\"2018-08-28T13:12:10+00:00\" \/>\n<meta property=\"article:modified_time\" content=\"2018-08-28T13:13:44+00:00\" \/>\n<meta property=\"og:image\" content=\"http:\/\/kapitalis.com\/tunisie\/wp-content\/uploads\/2017\/06\/arrestation-terroriste.jpg\" \/>\n<meta name=\"author\" content=\"Yusra NY\" \/>\n<meta name=\"twitter:card\" content=\"summary_large_image\" \/>\n<meta name=\"twitter:creator\" content=\"@KapitalisInfo\" \/>\n<meta name=\"twitter:site\" content=\"@KapitalisInfo\" \/>\n<meta name=\"twitter:label1\" content=\"\u00c9crit par\" \/>\n\t<meta name=\"twitter:data1\" content=\"Yusra NY\" \/>\n\t<meta name=\"twitter:label2\" content=\"Dur\u00e9e de lecture estim\u00e9e\" \/>\n\t<meta name=\"twitter:data2\" content=\"1 minute\" \/>\n<script type=\"application\/ld+json\" class=\"yoast-schema-graph\">{\"@context\":\"https:\/\/schema.org\",\"@graph\":[{\"@type\":\"Article\",\"@id\":\"https:\/\/kapitalis.com\/tunisie\/2018\/08\/28\/gafsa-arrestation-dun-homme-condamne-a-20-ans-de-prison-pour-terrorisme\/#article\",\"isPartOf\":{\"@id\":\"https:\/\/kapitalis.com\/tunisie\/2018\/08\/28\/gafsa-arrestation-dun-homme-condamne-a-20-ans-de-prison-pour-terrorisme\/\"},\"author\":{\"name\":\"Yusra NY\",\"@id\":\"https:\/\/kapitalis.com\/tunisie\/#\/schema\/person\/74bbde0154d49d790a92aaeac5bc01d5\"},\"headline\":\"Gafsa : Arrestation d&rsquo;un homme condamn\u00e9 \u00e0 20 ans de prison pour terrorisme\",\"datePublished\":\"2018-08-28T13:12:10+00:00\",\"dateModified\":\"2018-08-28T13:13:44+00:00\",\"mainEntityOfPage\":{\"@id\":\"https:\/\/kapitalis.com\/tunisie\/2018\/08\/28\/gafsa-arrestation-dun-homme-condamne-a-20-ans-de-prison-pour-terrorisme\/\"},\"wordCount\":216,\"commentCount\":0,\"publisher\":{\"@id\":\"https:\/\/kapitalis.com\/tunisie\/#organization\"},\"image\":{\"@id\":\"https:\/\/kapitalis.com\/tunisie\/2018\/08\/28\/gafsa-arrestation-dun-homme-condamne-a-20-ans-de-prison-pour-terrorisme\/#primaryimage\"},\"thumbnailUrl\":\"http:\/\/kapitalis.com\/tunisie\/wp-content\/uploads\/2017\/06\/arrestation-terroriste.jpg\",\"keywords\":[\"Ansar Charia\",\"Daech\",\"Derna\",\"Gafsa\",\"Isis\",\"Libye\",\"terrorisme\"],\"articleSection\":{\"1\":\"SOCIETE\",\"2\":\"Tunisie\"},\"inLanguage\":\"fr-FR\",\"potentialAction\":[{\"@type\":\"CommentAction\",\"name\":\"Comment\",\"target\":[\"https:\/\/kapitalis.com\/tunisie\/2018\/08\/28\/gafsa-arrestation-dun-homme-condamne-a-20-ans-de-prison-pour-terrorisme\/#respond\"]}]},{\"@type\":\"WebPage\",\"@id\":\"https:\/\/kapitalis.com\/tunisie\/2018\/08\/28\/gafsa-arrestation-dun-homme-condamne-a-20-ans-de-prison-pour-terrorisme\/\",\"url\":\"https:\/\/kapitalis.com\/tunisie\/2018\/08\/28\/gafsa-arrestation-dun-homme-condamne-a-20-ans-de-prison-pour-terrorisme\/\",\"name\":\"Gafsa : Arrestation d'un homme condamn\u00e9 \u00e0 20 ans de prison pour terrorisme - Kapitalis\",\"isPartOf\":{\"@id\":\"https:\/\/kapitalis.com\/tunisie\/#website\"},\"primaryImageOfPage\":{\"@id\":\"https:\/\/kapitalis.com\/tunisie\/2018\/08\/28\/gafsa-arrestation-dun-homme-condamne-a-20-ans-de-prison-pour-terrorisme\/#primaryimage\"},\"image\":{\"@id\":\"https:\/\/kapitalis.com\/tunisie\/2018\/08\/28\/gafsa-arrestation-dun-homme-condamne-a-20-ans-de-prison-pour-terrorisme\/#primaryimage\"},\"thumbnailUrl\":\"http:\/\/kapitalis.com\/tunisie\/wp-content\/uploads\/2017\/06\/arrestation-terroriste.jpg\",\"datePublished\":\"2018-08-28T13:12:10+00:00\",\"dateModified\":\"2018-08-28T13:13:44+00:00\",\"breadcrumb\":{\"@id\":\"https:\/\/kapitalis.com\/tunisie\/2018\/08\/28\/gafsa-arrestation-dun-homme-condamne-a-20-ans-de-prison-pour-terrorisme\/#breadcrumb\"},\"inLanguage\":\"fr-FR\",\"potentialAction\":[{\"@type\":\"ReadAction\",\"target\":[\"https:\/\/kapitalis.com\/tunisie\/2018\/08\/28\/gafsa-arrestation-dun-homme-condamne-a-20-ans-de-prison-pour-terrorisme\/\"]}]},{\"@type\":\"ImageObject\",\"inLanguage\":\"fr-FR\",\"@id\":\"https:\/\/kapitalis.com\/tunisie\/2018\/08\/28\/gafsa-arrestation-dun-homme-condamne-a-20-ans-de-prison-pour-terrorisme\/#primaryimage\",\"url\":\"http:\/\/kapitalis.com\/tunisie\/wp-content\/uploads\/2017\/06\/arrestation-terroriste.jpg\",\"contentUrl\":\"http:\/\/kapitalis.com\/tunisie\/wp-content\/uploads\/2017\/06\/arrestation-terroriste.jpg\"},{\"@type\":\"BreadcrumbList\",\"@id\":\"https:\/\/kapitalis.com\/tunisie\/2018\/08\/28\/gafsa-arrestation-dun-homme-condamne-a-20-ans-de-prison-pour-terrorisme\/#breadcrumb\",\"itemListElement\":[{\"@type\":\"ListItem\",\"position\":1,\"name\":\"Accueil\",\"item\":\"https:\/\/kapitalis.com\/tunisie\/\"},{\"@type\":\"ListItem\",\"position\":2,\"name\":\"Gafsa : Arrestation d&rsquo;un homme condamn\u00e9 \u00e0 20 ans de prison pour terrorisme\"}]},{\"@type\":\"WebSite\",\"@id\":\"https:\/\/kapitalis.com\/tunisie\/#website\",\"url\":\"https:\/\/kapitalis.com\/tunisie\/\",\"name\":\"Kapitalis\",\"description\":\"L&#039;actualit\u00e9 en Tunisie et dans le monde\",\"publisher\":{\"@id\":\"https:\/\/kapitalis.com\/tunisie\/#organization\"},\"potentialAction\":[{\"@type\":\"SearchAction\",\"target\":{\"@type\":\"EntryPoint\",\"urlTemplate\":\"https:\/\/kapitalis.com\/tunisie\/?s={search_term_string}\"},\"query-input\":{\"@type\":\"PropertyValueSpecification\",\"valueRequired\":true,\"valueName\":\"search_term_string\"}}],\"inLanguage\":\"fr-FR\"},{\"@type\":\"Organization\",\"@id\":\"https:\/\/kapitalis.com\/tunisie\/#organization\",\"name\":\"Kapitalis\",\"url\":\"https:\/\/kapitalis.com\/tunisie\/\",\"logo\":{\"@type\":\"ImageObject\",\"inLanguage\":\"fr-FR\",\"@id\":\"https:\/\/kapitalis.com\/tunisie\/#\/schema\/logo\/image\/\",\"url\":\"https:\/\/kapitalis.com\/tunisie\/wp-content\/uploads\/2022\/05\/Kapitalis-big-size.png\",\"contentUrl\":\"https:\/\/kapitalis.com\/tunisie\/wp-content\/uploads\/2022\/05\/Kapitalis-big-size.png\",\"width\":5000,\"height\":1500,\"caption\":\"Kapitalis\"},\"image\":{\"@id\":\"https:\/\/kapitalis.com\/tunisie\/#\/schema\/logo\/image\/\"},\"sameAs\":[\"https:\/\/www.facebook.com\/KapitalisInfo\/\",\"https:\/\/x.com\/KapitalisInfo\",\"https:\/\/www.youtube.com\/channel\/UC-yDYrHyfFBWWZaOw3FPg9Q\"]},{\"@type\":\"Person\",\"@id\":\"https:\/\/kapitalis.com\/tunisie\/#\/schema\/person\/74bbde0154d49d790a92aaeac5bc01d5\",\"name\":\"Yusra NY\",\"url\":\"https:\/\/kapitalis.com\/tunisie\/author\/yuza_adam\/\"}]}<\/script>\n<!-- \/ Yoast SEO plugin. -->","yoast_head_json":{"title":"Gafsa : Arrestation d'un homme condamn\u00e9 \u00e0 20 ans de prison pour terrorisme - Kapitalis","robots":{"index":"index","follow":"follow","max-snippet":"max-snippet:-1","max-image-preview":"max-image-preview:large","max-video-preview":"max-video-preview:-1"},"canonical":"https:\/\/kapitalis.com\/tunisie\/2018\/08\/28\/gafsa-arrestation-dun-homme-condamne-a-20-ans-de-prison-pour-terrorisme\/","og_locale":"fr_FR","og_type":"article","og_title":"Gafsa : Arrestation d'un homme condamn\u00e9 \u00e0 20 ans de prison pour terrorisme - Kapitalis","og_description":"Kamel W., 26 ans, condamn\u00e9 par contumace \u00e0 20 ans de prison pour terrorisme, a \u00e9t\u00e9 arr\u00eat\u00e9, dans la nuit du lundi \u00e0 mardi 28 ao\u00fbt 2018, \u00e0 Gafsa.","og_url":"https:\/\/kapitalis.com\/tunisie\/2018\/08\/28\/gafsa-arrestation-dun-homme-condamne-a-20-ans-de-prison-pour-terrorisme\/","og_site_name":"Kapitalis","article_publisher":"https:\/\/www.facebook.com\/KapitalisInfo\/","article_published_time":"2018-08-28T13:12:10+00:00","article_modified_time":"2018-08-28T13:13:44+00:00","og_image":[{"url":"http:\/\/kapitalis.com\/tunisie\/wp-content\/uploads\/2017\/06\/arrestation-terroriste.jpg","type":"","width":"","height":""}],"author":"Yusra NY","twitter_card":"summary_large_image","twitter_creator":"@KapitalisInfo","twitter_site":"@KapitalisInfo","twitter_misc":{"\u00c9crit par":"Yusra NY","Dur\u00e9e de lecture estim\u00e9e":"1 minute"},"schema":{"@context":"https:\/\/schema.org","@graph":[{"@type":"Article","@id":"https:\/\/kapitalis.com\/tunisie\/2018\/08\/28\/gafsa-arrestation-dun-homme-condamne-a-20-ans-de-prison-pour-terrorisme\/#article","isPartOf":{"@id":"https:\/\/kapitalis.com\/tunisie\/2018\/08\/28\/gafsa-arrestation-dun-homme-condamne-a-20-ans-de-prison-pour-terrorisme\/"},"author":{"name":"Yusra NY","@id":"https:\/\/kapitalis.com\/tunisie\/#\/schema\/person\/74bbde0154d49d790a92aaeac5bc01d5"},"headline":"Gafsa : Arrestation d&rsquo;un homme condamn\u00e9 \u00e0 20 ans de prison pour terrorisme","datePublished":"2018-08-28T13:12:10+00:00","dateModified":"2018-08-28T13:13:44+00:00","mainEntityOfPage":{"@id":"https:\/\/kapitalis.com\/tunisie\/2018\/08\/28\/gafsa-arrestation-dun-homme-condamne-a-20-ans-de-prison-pour-terrorisme\/"},"wordCount":216,"commentCount":0,"publisher":{"@id":"https:\/\/kapitalis.com\/tunisie\/#organization"},"image":{"@id":"https:\/\/kapitalis.com\/tunisie\/2018\/08\/28\/gafsa-arrestation-dun-homme-condamne-a-20-ans-de-prison-pour-terrorisme\/#primaryimage"},"thumbnailUrl":"http:\/\/kapitalis.com\/tunisie\/wp-content\/uploads\/2017\/06\/arrestation-terroriste.jpg","keywords":["Ansar Charia","Daech","Derna","Gafsa","Isis","Libye","terrorisme"],"articleSection":{"1":"SOCIETE","2":"Tunisie"},"inLanguage":"fr-FR","potentialAction":[{"@type":"CommentAction","name":"Comment","target":["https:\/\/kapitalis.com\/tunisie\/2018\/08\/28\/gafsa-arrestation-dun-homme-condamne-a-20-ans-de-prison-pour-terrorisme\/#respond"]}]},{"@type":"WebPage","@id":"https:\/\/kapitalis.com\/tunisie\/2018\/08\/28\/gafsa-arrestation-dun-homme-condamne-a-20-ans-de-prison-pour-terrorisme\/","url":"https:\/\/kapitalis.com\/tunisie\/2018\/08\/28\/gafsa-arrestation-dun-homme-condamne-a-20-ans-de-prison-pour-terrorisme\/","name":"Gafsa : Arrestation d'un homme condamn\u00e9 \u00e0 20 ans de prison pour terrorisme - Kapitalis","isPartOf":{"@id":"https:\/\/kapitalis.com\/tunisie\/#website"},"primaryImageOfPage":{"@id":"https:\/\/kapitalis.com\/tunisie\/2018\/08\/28\/gafsa-arrestation-dun-homme-condamne-a-20-ans-de-prison-pour-terrorisme\/#primaryimage"},"image":{"@id":"https:\/\/kapitalis.com\/tunisie\/2018\/08\/28\/gafsa-arrestation-dun-homme-condamne-a-20-ans-de-prison-pour-terrorisme\/#primaryimage"},"thumbnailUrl":"http:\/\/kapitalis.com\/tunisie\/wp-content\/uploads\/2017\/06\/arrestation-terroriste.jpg","datePublished":"2018-08-28T13:12:10+00:00","dateModified":"2018-08-28T13:13:44+00:00","breadcrumb":{"@id":"https:\/\/kapitalis.com\/tunisie\/2018\/08\/28\/gafsa-arrestation-dun-homme-condamne-a-20-ans-de-prison-pour-terrorisme\/#breadcrumb"},"inLanguage":"fr-FR","potentialAction":[{"@type":"ReadAction","target":["https:\/\/kapitalis.com\/tunisie\/2018\/08\/28\/gafsa-arrestation-dun-homme-condamne-a-20-ans-de-prison-pour-terrorisme\/"]}]},{"@type":"ImageObject","inLanguage":"fr-FR","@id":"https:\/\/kapitalis.com\/tunisie\/2018\/08\/28\/gafsa-arrestation-dun-homme-condamne-a-20-ans-de-prison-pour-terrorisme\/#primaryimage","url":"http:\/\/kapitalis.com\/tunisie\/wp-content\/uploads\/2017\/06\/arrestation-terroriste.jpg","contentUrl":"http:\/\/kapitalis.com\/tunisie\/wp-content\/uploads\/2017\/06\/arrestation-terroriste.jpg"},{"@type":"BreadcrumbList","@id":"https:\/\/kapitalis.com\/tunisie\/2018\/08\/28\/gafsa-arrestation-dun-homme-condamne-a-20-ans-de-prison-pour-terrorisme\/#breadcrumb","itemListElement":[{"@type":"ListItem","position":1,"name":"Accueil","item":"https:\/\/kapitalis.com\/tunisie\/"},{"@type":"ListItem","position":2,"name":"Gafsa : Arrestation d&rsquo;un homme condamn\u00e9 \u00e0 20 ans de prison pour terrorisme"}]},{"@type":"WebSite","@id":"https:\/\/kapitalis.com\/tunisie\/#website","url":"https:\/\/kapitalis.com\/tunisie\/","name":"Kapitalis","description":"L&#039;actualit\u00e9 en Tunisie et dans le monde","publisher":{"@id":"https:\/\/kapitalis.com\/tunisie\/#organization"},"potentialAction":[{"@type":"SearchAction","target":{"@type":"EntryPoint","urlTemplate":"https:\/\/kapitalis.com\/tunisie\/?s={search_term_string}"},"query-input":{"@type":"PropertyValueSpecification","valueRequired":true,"valueName":"search_term_string"}}],"inLanguage":"fr-FR"},{"@type":"Organization","@id":"https:\/\/kapitalis.com\/tunisie\/#organization","name":"Kapitalis","url":"https:\/\/kapitalis.com\/tunisie\/","logo":{"@type":"ImageObject","inLanguage":"fr-FR","@id":"https:\/\/kapitalis.com\/tunisie\/#\/schema\/logo\/image\/","url":"https:\/\/kapitalis.com\/tunisie\/wp-content\/uploads\/2022\/05\/Kapitalis-big-size.png","contentUrl":"https:\/\/kapitalis.com\/tunisie\/wp-content\/uploads\/2022\/05\/Kapitalis-big-size.png","width":5000,"height":1500,"caption":"Kapitalis"},"image":{"@id":"https:\/\/kapitalis.com\/tunisie\/#\/schema\/logo\/image\/"},"sameAs":["https:\/\/www.facebook.com\/KapitalisInfo\/","https:\/\/x.com\/KapitalisInfo","https:\/\/www.youtube.com\/channel\/UC-yDYrHyfFBWWZaOw3FPg9Q"]},{"@type":"Person","@id":"https:\/\/kapitalis.com\/tunisie\/#\/schema\/person\/74bbde0154d49d790a92aaeac5bc01d5","name":"Yusra NY","url":"https:\/\/kapitalis.com\/tunisie\/author\/yuza_adam\/"}]}},"_links":{"self":[{"href":"https:\/\/kapitalis.com\/tunisie\/wp-json\/wp\/v2\/posts\/171202","targetHints":{"allow":["GET"]}}],"collection":[{"href":"https:\/\/kapitalis.com\/tunisie\/wp-json\/wp\/v2\/posts"}],"about":[{"href":"https:\/\/kapitalis.com\/tunisie\/wp-json\/wp\/v2\/types\/post"}],"author":[{"embeddable":true,"href":"https:\/\/kapitalis.com\/tunisie\/wp-json\/wp\/v2\/users\/6"}],"replies":[{"embeddable":true,"href":"https:\/\/kapitalis.com\/tunisie\/wp-json\/wp\/v2\/comments?post=171202"}],"version-history":[{"count":0,"href":"https:\/\/kapitalis.com\/tunisie\/wp-json\/wp\/v2\/posts\/171202\/revisions"}],"wp:attachment":[{"href":"https:\/\/kapitalis.com\/tunisie\/wp-json\/wp\/v2\/media?parent=171202"}],"wp:term":[{"taxonomy":"category","embeddable":true,"href":"https:\/\/kapitalis.com\/tunisie\/wp-json\/wp\/v2\/categories?post=171202"},{"taxonomy":"post_tag","embeddable":true,"href":"https:\/\/kapitalis.com\/tunisie\/wp-json\/wp\/v2\/tags?post=171202"}],"curies":[{"name":"wp","href":"https:\/\/api.w.org\/{rel}","templated":true}]}}