{"id":171499,"date":"2018-08-30T11:49:44","date_gmt":"2018-08-30T10:49:44","guid":{"rendered":"http:\/\/kapitalis.com\/tunisie\/?p=171499"},"modified":"2018-08-30T11:49:44","modified_gmt":"2018-08-30T10:49:44","slug":"world-clean-up-day-la-tunisie-participe-au-grand-nettoyage","status":"publish","type":"post","link":"https:\/\/kapitalis.com\/tunisie\/2018\/08\/30\/world-clean-up-day-la-tunisie-participe-au-grand-nettoyage\/","title":{"rendered":"World clean up day : La Tunisie participe au grand nettoyage"},"content":{"rendered":"<p style=\"text-align: center;\"><img loading=\"lazy\" decoding=\"async\" class=\"alignnone size-full wp-image-171508\" src=\"http:\/\/kapitalis.com\/tunisie\/wp-content\/uploads\/2018\/08\/World-clean-up-Tunisie.jpg\" alt=\"\" width=\"626\" height=\"380\" \/><\/p>\n<p><em><strong>A l\u2019instar de 150 pays dans le monde, la Tunisie participera, le 15 septembre 2018, \u00e0 cette action citoyenne et environnementale, qui f\u00eate, cette ann\u00e9e, ses 10 ans.<\/strong><\/em><!--more--><\/p>\n<p>Le World clean up day, qui a vu le jour en 2008 en Estonie, est devenu peu \u00e0 peu un mouvement mondial mobilisant les citoyens du monde pour une journ\u00e9e de grand nettoyage des villes par le ramassage des ordures qui envahissent les rues.<\/p>\n<p>Le mouvement a certes pris une envergure internationale mais chaque pays est organis\u00e9 de mani\u00e8re ind\u00e9pendante et les groupes de ramassage se rassemblent spontan\u00e9ment dans les quartiers, ind\u00e9pendamment des actions sp\u00e9cifiques men\u00e9es le m\u00eame jour par les autorit\u00e9s et les organisations environnementales.<\/p>\n<p>Pour sa premi\u00e8re participation, la Tunisie compte mobiliser 5% de la population, enfants et adultes, car cette journ\u00e9e, permet souvent de joindre l\u2019utile \u00e0 l\u2019agr\u00e9able.<\/p>\n<p>Ce taux de 5% avanc\u00e9 par les organisateurs peut para\u00eetre tr\u00e8s optimiste, mais on en jugera apr\u00e8s.<\/p>\n<p style=\"text-align: right;\"><strong>Y. N.<\/strong><\/p>\n<blockquote class=\"wp-embedded-content\" data-secret=\"DjqanIk32O\"><p><a href=\"https:\/\/kapitalis.com\/tunisie\/2018\/08\/27\/tunisie-grand-nettoyage-du-fonds-marin-a-el-haouaria\/\">Tunisie : Grand nettoyage du fonds marin \u00e0 El-Haouaria<\/a><\/p><\/blockquote>\n<p><iframe loading=\"lazy\" class=\"wp-embedded-content\" sandbox=\"allow-scripts\" security=\"restricted\" style=\"position: absolute; clip: rect(1px, 1px, 1px, 1px);\" title=\"\u00ab\u00a0Tunisie : Grand nettoyage du fonds marin \u00e0 El-Haouaria\u00a0\u00bb &#8212; Kapitalis\" src=\"https:\/\/kapitalis.com\/tunisie\/2018\/08\/27\/tunisie-grand-nettoyage-du-fonds-marin-a-el-haouaria\/embed\/#?secret=neDX7jedmH#?secret=DjqanIk32O\" data-secret=\"DjqanIk32O\" width=\"600\" height=\"338\" frameborder=\"0\" marginwidth=\"0\" marginheight=\"0\" scrolling=\"no\"><\/iframe><\/p>\n<blockquote class=\"wp-embedded-content\" data-secret=\"TwgtHVaf92\"><p><a href=\"https:\/\/kapitalis.com\/tunisie\/2018\/08\/20\/nettoyage-des-plages-trois-tonnes-de-dechets-ramassees-a-korbous\/\">Nettoyage des plages : trois tonnes de d\u00e9chets ramass\u00e9es \u00e0 Korbous<\/a><\/p><\/blockquote>\n<p><iframe loading=\"lazy\" class=\"wp-embedded-content\" sandbox=\"allow-scripts\" security=\"restricted\" style=\"position: absolute; clip: rect(1px, 1px, 1px, 1px);\" title=\"\u00ab\u00a0Nettoyage des plages : trois tonnes de d\u00e9chets ramass\u00e9es \u00e0 Korbous\u00a0\u00bb &#8212; Kapitalis\" src=\"https:\/\/kapitalis.com\/tunisie\/2018\/08\/20\/nettoyage-des-plages-trois-tonnes-de-dechets-ramassees-a-korbous\/embed\/#?secret=zCPGS2L8rP#?secret=TwgtHVaf92\" data-secret=\"TwgtHVaf92\" width=\"600\" height=\"338\" frameborder=\"0\" marginwidth=\"0\" marginheight=\"0\" scrolling=\"no\"><\/iframe><\/p>\n","protected":false},"excerpt":{"rendered":"<p>A l\u2019instar de 150 pays dans le monde, la Tunisie participera, le 15 septembre 2018, \u00e0 cette action citoyenne et environnementale, qui f\u00eate, cette ann\u00e9e, ses 10 ans.<\/p>\n","protected":false},"author":6,"featured_media":171508,"comment_status":"open","ping_status":"open","sticky":false,"template":"","format":"standard","meta":{"footnotes":""},"categories":[998,2433],"tags":[335,658,1630],"class_list":["post-171499","post","type-post","status-publish","format-standard","has-post-thumbnail","hentry","category-societe","category-tunisie","tag-environnement","tag-nettoyage","tag-proprete"],"yoast_head":"<!-- This site is optimized with the Yoast SEO plugin v26.6 - https:\/\/yoast.com\/wordpress\/plugins\/seo\/ -->\n<title>World clean up day : La Tunisie participe au grand nettoyage - Kapitalis<\/title>\n<meta name=\"robots\" content=\"index, follow, max-snippet:-1, max-image-preview:large, max-video-preview:-1\" \/>\n<link rel=\"canonical\" href=\"https:\/\/kapitalis.com\/tunisie\/2018\/08\/30\/world-clean-up-day-la-tunisie-participe-au-grand-nettoyage\/\" \/>\n<meta property=\"og:locale\" content=\"fr_FR\" \/>\n<meta property=\"og:type\" content=\"article\" \/>\n<meta property=\"og:title\" content=\"World clean up day : La Tunisie participe au grand nettoyage - Kapitalis\" \/>\n<meta property=\"og:description\" content=\"A l\u2019instar de 150 pays dans le monde, la Tunisie participera, le 15 septembre 2018, \u00e0 cette action citoyenne et environnementale, qui f\u00eate, cette ann\u00e9e, ses 10 ans.\" \/>\n<meta property=\"og:url\" content=\"https:\/\/kapitalis.com\/tunisie\/2018\/08\/30\/world-clean-up-day-la-tunisie-participe-au-grand-nettoyage\/\" \/>\n<meta property=\"og:site_name\" content=\"Kapitalis\" \/>\n<meta property=\"article:publisher\" content=\"https:\/\/www.facebook.com\/KapitalisInfo\/\" \/>\n<meta property=\"article:published_time\" content=\"2018-08-30T10:49:44+00:00\" \/>\n<meta property=\"og:image\" content=\"https:\/\/kapitalis.com\/tunisie\/wp-content\/uploads\/2022\/05\/kapitalis-logo-fb.png\" \/>\n\t<meta property=\"og:image:width\" content=\"1200\" \/>\n\t<meta property=\"og:image:height\" content=\"630\" \/>\n\t<meta property=\"og:image:type\" content=\"image\/png\" \/>\n<meta name=\"author\" content=\"Yusra NY\" \/>\n<meta name=\"twitter:card\" content=\"summary_large_image\" \/>\n<meta name=\"twitter:creator\" content=\"@KapitalisInfo\" \/>\n<meta name=\"twitter:site\" content=\"@KapitalisInfo\" \/>\n<meta name=\"twitter:label1\" content=\"\u00c9crit par\" \/>\n\t<meta name=\"twitter:data1\" content=\"Yusra NY\" \/>\n\t<meta name=\"twitter:label2\" content=\"Dur\u00e9e de lecture estim\u00e9e\" \/>\n\t<meta name=\"twitter:data2\" content=\"1 minute\" \/>\n<script type=\"application\/ld+json\" class=\"yoast-schema-graph\">{\"@context\":\"https:\/\/schema.org\",\"@graph\":[{\"@type\":\"Article\",\"@id\":\"https:\/\/kapitalis.com\/tunisie\/2018\/08\/30\/world-clean-up-day-la-tunisie-participe-au-grand-nettoyage\/#article\",\"isPartOf\":{\"@id\":\"https:\/\/kapitalis.com\/tunisie\/2018\/08\/30\/world-clean-up-day-la-tunisie-participe-au-grand-nettoyage\/\"},\"author\":{\"name\":\"Yusra NY\",\"@id\":\"https:\/\/kapitalis.com\/tunisie\/#\/schema\/person\/74bbde0154d49d790a92aaeac5bc01d5\"},\"headline\":\"World clean up day : La Tunisie participe au grand nettoyage\",\"datePublished\":\"2018-08-30T10:49:44+00:00\",\"mainEntityOfPage\":{\"@id\":\"https:\/\/kapitalis.com\/tunisie\/2018\/08\/30\/world-clean-up-day-la-tunisie-participe-au-grand-nettoyage\/\"},\"wordCount\":188,\"commentCount\":1,\"publisher\":{\"@id\":\"https:\/\/kapitalis.com\/tunisie\/#organization\"},\"image\":{\"@id\":\"https:\/\/kapitalis.com\/tunisie\/2018\/08\/30\/world-clean-up-day-la-tunisie-participe-au-grand-nettoyage\/#primaryimage\"},\"thumbnailUrl\":\"\",\"keywords\":[\"environnement\",\"nettoyage\",\"propret\u00e9\"],\"articleSection\":[\"SOCIETE\",\"Tunisie\"],\"inLanguage\":\"fr-FR\",\"potentialAction\":[{\"@type\":\"CommentAction\",\"name\":\"Comment\",\"target\":[\"https:\/\/kapitalis.com\/tunisie\/2018\/08\/30\/world-clean-up-day-la-tunisie-participe-au-grand-nettoyage\/#respond\"]}]},{\"@type\":\"WebPage\",\"@id\":\"https:\/\/kapitalis.com\/tunisie\/2018\/08\/30\/world-clean-up-day-la-tunisie-participe-au-grand-nettoyage\/\",\"url\":\"https:\/\/kapitalis.com\/tunisie\/2018\/08\/30\/world-clean-up-day-la-tunisie-participe-au-grand-nettoyage\/\",\"name\":\"World clean up day : La Tunisie participe au grand nettoyage - Kapitalis\",\"isPartOf\":{\"@id\":\"https:\/\/kapitalis.com\/tunisie\/#website\"},\"primaryImageOfPage\":{\"@id\":\"https:\/\/kapitalis.com\/tunisie\/2018\/08\/30\/world-clean-up-day-la-tunisie-participe-au-grand-nettoyage\/#primaryimage\"},\"image\":{\"@id\":\"https:\/\/kapitalis.com\/tunisie\/2018\/08\/30\/world-clean-up-day-la-tunisie-participe-au-grand-nettoyage\/#primaryimage\"},\"thumbnailUrl\":\"\",\"datePublished\":\"2018-08-30T10:49:44+00:00\",\"breadcrumb\":{\"@id\":\"https:\/\/kapitalis.com\/tunisie\/2018\/08\/30\/world-clean-up-day-la-tunisie-participe-au-grand-nettoyage\/#breadcrumb\"},\"inLanguage\":\"fr-FR\",\"potentialAction\":[{\"@type\":\"ReadAction\",\"target\":[\"https:\/\/kapitalis.com\/tunisie\/2018\/08\/30\/world-clean-up-day-la-tunisie-participe-au-grand-nettoyage\/\"]}]},{\"@type\":\"ImageObject\",\"inLanguage\":\"fr-FR\",\"@id\":\"https:\/\/kapitalis.com\/tunisie\/2018\/08\/30\/world-clean-up-day-la-tunisie-participe-au-grand-nettoyage\/#primaryimage\",\"url\":\"\",\"contentUrl\":\"\"},{\"@type\":\"BreadcrumbList\",\"@id\":\"https:\/\/kapitalis.com\/tunisie\/2018\/08\/30\/world-clean-up-day-la-tunisie-participe-au-grand-nettoyage\/#breadcrumb\",\"itemListElement\":[{\"@type\":\"ListItem\",\"position\":1,\"name\":\"Accueil\",\"item\":\"https:\/\/kapitalis.com\/tunisie\/\"},{\"@type\":\"ListItem\",\"position\":2,\"name\":\"World clean up day : La Tunisie participe au grand nettoyage\"}]},{\"@type\":\"WebSite\",\"@id\":\"https:\/\/kapitalis.com\/tunisie\/#website\",\"url\":\"https:\/\/kapitalis.com\/tunisie\/\",\"name\":\"Kapitalis\",\"description\":\"L&#039;actualit\u00e9 en Tunisie et dans le monde\",\"publisher\":{\"@id\":\"https:\/\/kapitalis.com\/tunisie\/#organization\"},\"potentialAction\":[{\"@type\":\"SearchAction\",\"target\":{\"@type\":\"EntryPoint\",\"urlTemplate\":\"https:\/\/kapitalis.com\/tunisie\/?s={search_term_string}\"},\"query-input\":{\"@type\":\"PropertyValueSpecification\",\"valueRequired\":true,\"valueName\":\"search_term_string\"}}],\"inLanguage\":\"fr-FR\"},{\"@type\":\"Organization\",\"@id\":\"https:\/\/kapitalis.com\/tunisie\/#organization\",\"name\":\"Kapitalis\",\"url\":\"https:\/\/kapitalis.com\/tunisie\/\",\"logo\":{\"@type\":\"ImageObject\",\"inLanguage\":\"fr-FR\",\"@id\":\"https:\/\/kapitalis.com\/tunisie\/#\/schema\/logo\/image\/\",\"url\":\"https:\/\/kapitalis.com\/tunisie\/wp-content\/uploads\/2022\/05\/Kapitalis-big-size.png\",\"contentUrl\":\"https:\/\/kapitalis.com\/tunisie\/wp-content\/uploads\/2022\/05\/Kapitalis-big-size.png\",\"width\":5000,\"height\":1500,\"caption\":\"Kapitalis\"},\"image\":{\"@id\":\"https:\/\/kapitalis.com\/tunisie\/#\/schema\/logo\/image\/\"},\"sameAs\":[\"https:\/\/www.facebook.com\/KapitalisInfo\/\",\"https:\/\/x.com\/KapitalisInfo\",\"https:\/\/www.youtube.com\/channel\/UC-yDYrHyfFBWWZaOw3FPg9Q\"]},{\"@type\":\"Person\",\"@id\":\"https:\/\/kapitalis.com\/tunisie\/#\/schema\/person\/74bbde0154d49d790a92aaeac5bc01d5\",\"name\":\"Yusra NY\",\"url\":\"https:\/\/kapitalis.com\/tunisie\/author\/yuza_adam\/\"}]}<\/script>\n<!-- \/ Yoast SEO plugin. -->","yoast_head_json":{"title":"World clean up day : La Tunisie participe au grand nettoyage - Kapitalis","robots":{"index":"index","follow":"follow","max-snippet":"max-snippet:-1","max-image-preview":"max-image-preview:large","max-video-preview":"max-video-preview:-1"},"canonical":"https:\/\/kapitalis.com\/tunisie\/2018\/08\/30\/world-clean-up-day-la-tunisie-participe-au-grand-nettoyage\/","og_locale":"fr_FR","og_type":"article","og_title":"World clean up day : La Tunisie participe au grand nettoyage - Kapitalis","og_description":"A l\u2019instar de 150 pays dans le monde, la Tunisie participera, le 15 septembre 2018, \u00e0 cette action citoyenne et environnementale, qui f\u00eate, cette ann\u00e9e, ses 10 ans.","og_url":"https:\/\/kapitalis.com\/tunisie\/2018\/08\/30\/world-clean-up-day-la-tunisie-participe-au-grand-nettoyage\/","og_site_name":"Kapitalis","article_publisher":"https:\/\/www.facebook.com\/KapitalisInfo\/","article_published_time":"2018-08-30T10:49:44+00:00","og_image":[{"width":1200,"height":630,"url":"https:\/\/kapitalis.com\/tunisie\/wp-content\/uploads\/2022\/05\/kapitalis-logo-fb.png","type":"image\/png"}],"author":"Yusra NY","twitter_card":"summary_large_image","twitter_creator":"@KapitalisInfo","twitter_site":"@KapitalisInfo","twitter_misc":{"\u00c9crit par":"Yusra NY","Dur\u00e9e de lecture estim\u00e9e":"1 minute"},"schema":{"@context":"https:\/\/schema.org","@graph":[{"@type":"Article","@id":"https:\/\/kapitalis.com\/tunisie\/2018\/08\/30\/world-clean-up-day-la-tunisie-participe-au-grand-nettoyage\/#article","isPartOf":{"@id":"https:\/\/kapitalis.com\/tunisie\/2018\/08\/30\/world-clean-up-day-la-tunisie-participe-au-grand-nettoyage\/"},"author":{"name":"Yusra NY","@id":"https:\/\/kapitalis.com\/tunisie\/#\/schema\/person\/74bbde0154d49d790a92aaeac5bc01d5"},"headline":"World clean up day : La Tunisie participe au grand nettoyage","datePublished":"2018-08-30T10:49:44+00:00","mainEntityOfPage":{"@id":"https:\/\/kapitalis.com\/tunisie\/2018\/08\/30\/world-clean-up-day-la-tunisie-participe-au-grand-nettoyage\/"},"wordCount":188,"commentCount":1,"publisher":{"@id":"https:\/\/kapitalis.com\/tunisie\/#organization"},"image":{"@id":"https:\/\/kapitalis.com\/tunisie\/2018\/08\/30\/world-clean-up-day-la-tunisie-participe-au-grand-nettoyage\/#primaryimage"},"thumbnailUrl":"","keywords":["environnement","nettoyage","propret\u00e9"],"articleSection":["SOCIETE","Tunisie"],"inLanguage":"fr-FR","potentialAction":[{"@type":"CommentAction","name":"Comment","target":["https:\/\/kapitalis.com\/tunisie\/2018\/08\/30\/world-clean-up-day-la-tunisie-participe-au-grand-nettoyage\/#respond"]}]},{"@type":"WebPage","@id":"https:\/\/kapitalis.com\/tunisie\/2018\/08\/30\/world-clean-up-day-la-tunisie-participe-au-grand-nettoyage\/","url":"https:\/\/kapitalis.com\/tunisie\/2018\/08\/30\/world-clean-up-day-la-tunisie-participe-au-grand-nettoyage\/","name":"World clean up day : La Tunisie participe au grand nettoyage - Kapitalis","isPartOf":{"@id":"https:\/\/kapitalis.com\/tunisie\/#website"},"primaryImageOfPage":{"@id":"https:\/\/kapitalis.com\/tunisie\/2018\/08\/30\/world-clean-up-day-la-tunisie-participe-au-grand-nettoyage\/#primaryimage"},"image":{"@id":"https:\/\/kapitalis.com\/tunisie\/2018\/08\/30\/world-clean-up-day-la-tunisie-participe-au-grand-nettoyage\/#primaryimage"},"thumbnailUrl":"","datePublished":"2018-08-30T10:49:44+00:00","breadcrumb":{"@id":"https:\/\/kapitalis.com\/tunisie\/2018\/08\/30\/world-clean-up-day-la-tunisie-participe-au-grand-nettoyage\/#breadcrumb"},"inLanguage":"fr-FR","potentialAction":[{"@type":"ReadAction","target":["https:\/\/kapitalis.com\/tunisie\/2018\/08\/30\/world-clean-up-day-la-tunisie-participe-au-grand-nettoyage\/"]}]},{"@type":"ImageObject","inLanguage":"fr-FR","@id":"https:\/\/kapitalis.com\/tunisie\/2018\/08\/30\/world-clean-up-day-la-tunisie-participe-au-grand-nettoyage\/#primaryimage","url":"","contentUrl":""},{"@type":"BreadcrumbList","@id":"https:\/\/kapitalis.com\/tunisie\/2018\/08\/30\/world-clean-up-day-la-tunisie-participe-au-grand-nettoyage\/#breadcrumb","itemListElement":[{"@type":"ListItem","position":1,"name":"Accueil","item":"https:\/\/kapitalis.com\/tunisie\/"},{"@type":"ListItem","position":2,"name":"World clean up day : La Tunisie participe au grand nettoyage"}]},{"@type":"WebSite","@id":"https:\/\/kapitalis.com\/tunisie\/#website","url":"https:\/\/kapitalis.com\/tunisie\/","name":"Kapitalis","description":"L&#039;actualit\u00e9 en Tunisie et dans le monde","publisher":{"@id":"https:\/\/kapitalis.com\/tunisie\/#organization"},"potentialAction":[{"@type":"SearchAction","target":{"@type":"EntryPoint","urlTemplate":"https:\/\/kapitalis.com\/tunisie\/?s={search_term_string}"},"query-input":{"@type":"PropertyValueSpecification","valueRequired":true,"valueName":"search_term_string"}}],"inLanguage":"fr-FR"},{"@type":"Organization","@id":"https:\/\/kapitalis.com\/tunisie\/#organization","name":"Kapitalis","url":"https:\/\/kapitalis.com\/tunisie\/","logo":{"@type":"ImageObject","inLanguage":"fr-FR","@id":"https:\/\/kapitalis.com\/tunisie\/#\/schema\/logo\/image\/","url":"https:\/\/kapitalis.com\/tunisie\/wp-content\/uploads\/2022\/05\/Kapitalis-big-size.png","contentUrl":"https:\/\/kapitalis.com\/tunisie\/wp-content\/uploads\/2022\/05\/Kapitalis-big-size.png","width":5000,"height":1500,"caption":"Kapitalis"},"image":{"@id":"https:\/\/kapitalis.com\/tunisie\/#\/schema\/logo\/image\/"},"sameAs":["https:\/\/www.facebook.com\/KapitalisInfo\/","https:\/\/x.com\/KapitalisInfo","https:\/\/www.youtube.com\/channel\/UC-yDYrHyfFBWWZaOw3FPg9Q"]},{"@type":"Person","@id":"https:\/\/kapitalis.com\/tunisie\/#\/schema\/person\/74bbde0154d49d790a92aaeac5bc01d5","name":"Yusra NY","url":"https:\/\/kapitalis.com\/tunisie\/author\/yuza_adam\/"}]}},"_links":{"self":[{"href":"https:\/\/kapitalis.com\/tunisie\/wp-json\/wp\/v2\/posts\/171499","targetHints":{"allow":["GET"]}}],"collection":[{"href":"https:\/\/kapitalis.com\/tunisie\/wp-json\/wp\/v2\/posts"}],"about":[{"href":"https:\/\/kapitalis.com\/tunisie\/wp-json\/wp\/v2\/types\/post"}],"author":[{"embeddable":true,"href":"https:\/\/kapitalis.com\/tunisie\/wp-json\/wp\/v2\/users\/6"}],"replies":[{"embeddable":true,"href":"https:\/\/kapitalis.com\/tunisie\/wp-json\/wp\/v2\/comments?post=171499"}],"version-history":[{"count":0,"href":"https:\/\/kapitalis.com\/tunisie\/wp-json\/wp\/v2\/posts\/171499\/revisions"}],"wp:featuredmedia":[{"embeddable":true,"href":"https:\/\/kapitalis.com\/tunisie\/wp-json\/wp\/v2\/media\/171508"}],"wp:attachment":[{"href":"https:\/\/kapitalis.com\/tunisie\/wp-json\/wp\/v2\/media?parent=171499"}],"wp:term":[{"taxonomy":"category","embeddable":true,"href":"https:\/\/kapitalis.com\/tunisie\/wp-json\/wp\/v2\/categories?post=171499"},{"taxonomy":"post_tag","embeddable":true,"href":"https:\/\/kapitalis.com\/tunisie\/wp-json\/wp\/v2\/tags?post=171499"}],"curies":[{"name":"wp","href":"https:\/\/api.w.org\/{rel}","templated":true}]}}