{"id":171549,"date":"2018-08-30T14:19:20","date_gmt":"2018-08-30T13:19:20","guid":{"rendered":"http:\/\/kapitalis.com\/tunisie\/?p=171549"},"modified":"2018-08-30T14:19:20","modified_gmt":"2018-08-30T13:19:20","slug":"sousse-une-ado-fugue-et-se-fait-violer-par-son-hebergeur","status":"publish","type":"post","link":"https:\/\/kapitalis.com\/tunisie\/2018\/08\/30\/sousse-une-ado-fugue-et-se-fait-violer-par-son-hebergeur\/","title":{"rendered":"Sousse : Une ado fugue et se fait violer par son \u00abh\u00e9bergeur\u00bb"},"content":{"rendered":"<p><img loading=\"lazy\" decoding=\"async\" class=\"size-full wp-image-152133 aligncenter\" src=\"http:\/\/kapitalis.com\/tunisie\/wp-content\/uploads\/2018\/05\/violagression-dame.jpg\" alt=\"\" width=\"626\" height=\"380\" \/><\/p>\n<p><em><strong>La justice a ordonn\u00e9 la mise en d\u00e9tention aujourd\u2019hui, jeudi 30 ao\u00fbt 2018, d\u2019un homme de 23 ans accus\u00e9 d\u2019avoir viol\u00e9, chez lui \u00e0 Sousse, une adoescente de 16 ans qui avait fugu\u00e9 du domicile familial.<\/strong><\/em><!--more--><\/p>\n<p>Les premiers \u00e9l\u00e9ments de l&rsquo;enqu\u00eate indiquent que la fillette, originaire de Kairouan, a \u00e9t\u00e9 encourag\u00e9e \u00e0 fuguer par le suspect, qu&rsquo;elle connaissait \u00e0 travers Facebook.<\/p>\n<p>Ce dernier, habitant seul dans un appartement au centre-ville de Sousse, lui a promis qu&rsquo;il pouvait l\u2019h\u00e9berger le temps qu&rsquo;elle voudra, et qu&rsquo;il pouvait m\u00eame l&rsquo;aider \u00e0 trouver du travail pour qu&rsquo;elle puisse devenir ind\u00e9pendante.<\/p>\n<p>L&rsquo;adolescente, qui est en conflit avec ses parents \u00e0 cause de sa scolarit\u00e9, a fini par rejoindre son ami virtuel, dans la nuit du dimanche \u00e0 lundi 28 ao\u00fbt 2018. Mais les choses ne se sont pas d\u00e9roul\u00e9es comme pr\u00e9vu et son h\u00e9bergeur a sexuellement abus\u00e9 d&rsquo;elle.<\/p>\n<p>Elle a pu fuir mardi matin et a alert\u00e9 ses parents avant de d\u00e9poser plainte contre le violeur pr\u00e9sum\u00e9, qui a \u00e9t\u00e9 arr\u00eat\u00e9 hier et pr\u00e9sent\u00e9 \u00e0 la justice, ce matin<\/p>\n<p style=\"text-align: right;\"><strong>Y. N.<\/strong><\/p>\n<blockquote class=\"wp-embedded-content\" data-secret=\"Du0IobNO5S\"><p><a href=\"https:\/\/kapitalis.com\/tunisie\/2018\/08\/30\/tunisie-rebondissement-dans-laffaire-de-lado-violee-a-goubellat\/\">Tunisie : Rebondissement dans l&rsquo;affaire de l&rsquo;ado \u00ab\u00a0viol\u00e9e\u00a0\u00bb \u00e0 Goubellat<\/a><\/p><\/blockquote>\n<p><iframe loading=\"lazy\" class=\"wp-embedded-content\" sandbox=\"allow-scripts\" security=\"restricted\" style=\"position: absolute; clip: rect(1px, 1px, 1px, 1px);\" title=\"\u00ab\u00a0Tunisie : Rebondissement dans l&rsquo;affaire de l&rsquo;ado \u00ab\u00a0viol\u00e9e\u00a0\u00bb \u00e0 Goubellat\u00a0\u00bb &#8212; Kapitalis\" src=\"https:\/\/kapitalis.com\/tunisie\/2018\/08\/30\/tunisie-rebondissement-dans-laffaire-de-lado-violee-a-goubellat\/embed\/#?secret=7wHIZDKKGY#?secret=Du0IobNO5S\" data-secret=\"Du0IobNO5S\" width=\"600\" height=\"338\" frameborder=\"0\" marginwidth=\"0\" marginheight=\"0\" scrolling=\"no\"><\/iframe><\/p>\n<blockquote class=\"wp-embedded-content\" data-secret=\"xTJqQD8utN\"><p><a href=\"https:\/\/kapitalis.com\/tunisie\/2018\/08\/28\/beja-deces-de-la-dame-de-80-ans-agressee-a-goubellat\/\">B\u00e9ja : D\u00e9c\u00e8s de la dame de 80 ans agress\u00e9e \u00e0 Goubellat<\/a><\/p><\/blockquote>\n<p><iframe loading=\"lazy\" class=\"wp-embedded-content\" sandbox=\"allow-scripts\" security=\"restricted\" style=\"position: absolute; clip: rect(1px, 1px, 1px, 1px);\" title=\"\u00ab\u00a0B\u00e9ja : D\u00e9c\u00e8s de la dame de 80 ans agress\u00e9e \u00e0 Goubellat\u00a0\u00bb &#8212; Kapitalis\" src=\"https:\/\/kapitalis.com\/tunisie\/2018\/08\/28\/beja-deces-de-la-dame-de-80-ans-agressee-a-goubellat\/embed\/#?secret=tjQgcCRa5k#?secret=xTJqQD8utN\" data-secret=\"xTJqQD8utN\" width=\"600\" height=\"338\" frameborder=\"0\" marginwidth=\"0\" marginheight=\"0\" scrolling=\"no\"><\/iframe><\/p>\n","protected":false},"excerpt":{"rendered":"<p>La justice a ordonn\u00e9 la mise en d\u00e9tention aujourd\u2019hui, jeudi 30 ao\u00fbt 2018, d\u2019un homme de 23 ans accus\u00e9 d\u2019avoir viol\u00e9, chez lui \u00e0 Sousse, une adoescente de 16 ans qui avait fugu\u00e9 du domicile familial.<\/p>\n","protected":false},"author":6,"featured_media":0,"comment_status":"open","ping_status":"open","sticky":false,"template":"","format":"standard","meta":{"footnotes":""},"categories":[998,2433],"tags":[17173,8387,5399,854,950,3164],"class_list":["post-171549","post","type-post","status-publish","format-standard","hentry","category-societe","category-tunisie","tag-abus-sexuel","tag-fugue","tag-mineure","tag-sousse","tag-viol","tag-violeur"],"yoast_head":"<!-- This site is optimized with the Yoast SEO plugin v26.6 - https:\/\/yoast.com\/wordpress\/plugins\/seo\/ -->\n<title>Sousse : Une ado fugue et se fait violer par son \u00abh\u00e9bergeur\u00bb - Kapitalis<\/title>\n<meta name=\"robots\" content=\"index, follow, max-snippet:-1, max-image-preview:large, max-video-preview:-1\" \/>\n<link rel=\"canonical\" href=\"https:\/\/kapitalis.com\/tunisie\/2018\/08\/30\/sousse-une-ado-fugue-et-se-fait-violer-par-son-hebergeur\/\" \/>\n<meta property=\"og:locale\" content=\"fr_FR\" \/>\n<meta property=\"og:type\" content=\"article\" \/>\n<meta property=\"og:title\" content=\"Sousse : Une ado fugue et se fait violer par son \u00abh\u00e9bergeur\u00bb - Kapitalis\" \/>\n<meta property=\"og:description\" content=\"La justice a ordonn\u00e9 la mise en d\u00e9tention aujourd\u2019hui, jeudi 30 ao\u00fbt 2018, d\u2019un homme de 23 ans accus\u00e9 d\u2019avoir viol\u00e9, chez lui \u00e0 Sousse, une adoescente de 16 ans qui avait fugu\u00e9 du domicile familial.\" \/>\n<meta property=\"og:url\" content=\"https:\/\/kapitalis.com\/tunisie\/2018\/08\/30\/sousse-une-ado-fugue-et-se-fait-violer-par-son-hebergeur\/\" \/>\n<meta property=\"og:site_name\" content=\"Kapitalis\" \/>\n<meta property=\"article:publisher\" content=\"https:\/\/www.facebook.com\/KapitalisInfo\/\" \/>\n<meta property=\"article:published_time\" content=\"2018-08-30T13:19:20+00:00\" \/>\n<meta property=\"og:image\" content=\"http:\/\/kapitalis.com\/tunisie\/wp-content\/uploads\/2018\/05\/violagression-dame.jpg\" \/>\n<meta name=\"author\" content=\"Yusra NY\" \/>\n<meta name=\"twitter:card\" content=\"summary_large_image\" \/>\n<meta name=\"twitter:creator\" content=\"@KapitalisInfo\" \/>\n<meta name=\"twitter:site\" content=\"@KapitalisInfo\" \/>\n<meta name=\"twitter:label1\" content=\"\u00c9crit par\" \/>\n\t<meta name=\"twitter:data1\" content=\"Yusra NY\" \/>\n\t<meta name=\"twitter:label2\" content=\"Dur\u00e9e de lecture estim\u00e9e\" \/>\n\t<meta name=\"twitter:data2\" content=\"1 minute\" \/>\n<script type=\"application\/ld+json\" class=\"yoast-schema-graph\">{\"@context\":\"https:\/\/schema.org\",\"@graph\":[{\"@type\":\"Article\",\"@id\":\"https:\/\/kapitalis.com\/tunisie\/2018\/08\/30\/sousse-une-ado-fugue-et-se-fait-violer-par-son-hebergeur\/#article\",\"isPartOf\":{\"@id\":\"https:\/\/kapitalis.com\/tunisie\/2018\/08\/30\/sousse-une-ado-fugue-et-se-fait-violer-par-son-hebergeur\/\"},\"author\":{\"name\":\"Yusra NY\",\"@id\":\"https:\/\/kapitalis.com\/tunisie\/#\/schema\/person\/74bbde0154d49d790a92aaeac5bc01d5\"},\"headline\":\"Sousse : Une ado fugue et se fait violer par son \u00abh\u00e9bergeur\u00bb\",\"datePublished\":\"2018-08-30T13:19:20+00:00\",\"mainEntityOfPage\":{\"@id\":\"https:\/\/kapitalis.com\/tunisie\/2018\/08\/30\/sousse-une-ado-fugue-et-se-fait-violer-par-son-hebergeur\/\"},\"wordCount\":207,\"commentCount\":1,\"publisher\":{\"@id\":\"https:\/\/kapitalis.com\/tunisie\/#organization\"},\"image\":{\"@id\":\"https:\/\/kapitalis.com\/tunisie\/2018\/08\/30\/sousse-une-ado-fugue-et-se-fait-violer-par-son-hebergeur\/#primaryimage\"},\"thumbnailUrl\":\"http:\/\/kapitalis.com\/tunisie\/wp-content\/uploads\/2018\/05\/violagression-dame.jpg\",\"keywords\":[\"abus sexuel\",\"fugue\",\"mineure\",\"Sousse\",\"viol\",\"violeur\"],\"articleSection\":[\"SOCIETE\",\"Tunisie\"],\"inLanguage\":\"fr-FR\",\"potentialAction\":[{\"@type\":\"CommentAction\",\"name\":\"Comment\",\"target\":[\"https:\/\/kapitalis.com\/tunisie\/2018\/08\/30\/sousse-une-ado-fugue-et-se-fait-violer-par-son-hebergeur\/#respond\"]}]},{\"@type\":\"WebPage\",\"@id\":\"https:\/\/kapitalis.com\/tunisie\/2018\/08\/30\/sousse-une-ado-fugue-et-se-fait-violer-par-son-hebergeur\/\",\"url\":\"https:\/\/kapitalis.com\/tunisie\/2018\/08\/30\/sousse-une-ado-fugue-et-se-fait-violer-par-son-hebergeur\/\",\"name\":\"Sousse : Une ado fugue et se fait violer par son \u00abh\u00e9bergeur\u00bb - Kapitalis\",\"isPartOf\":{\"@id\":\"https:\/\/kapitalis.com\/tunisie\/#website\"},\"primaryImageOfPage\":{\"@id\":\"https:\/\/kapitalis.com\/tunisie\/2018\/08\/30\/sousse-une-ado-fugue-et-se-fait-violer-par-son-hebergeur\/#primaryimage\"},\"image\":{\"@id\":\"https:\/\/kapitalis.com\/tunisie\/2018\/08\/30\/sousse-une-ado-fugue-et-se-fait-violer-par-son-hebergeur\/#primaryimage\"},\"thumbnailUrl\":\"http:\/\/kapitalis.com\/tunisie\/wp-content\/uploads\/2018\/05\/violagression-dame.jpg\",\"datePublished\":\"2018-08-30T13:19:20+00:00\",\"breadcrumb\":{\"@id\":\"https:\/\/kapitalis.com\/tunisie\/2018\/08\/30\/sousse-une-ado-fugue-et-se-fait-violer-par-son-hebergeur\/#breadcrumb\"},\"inLanguage\":\"fr-FR\",\"potentialAction\":[{\"@type\":\"ReadAction\",\"target\":[\"https:\/\/kapitalis.com\/tunisie\/2018\/08\/30\/sousse-une-ado-fugue-et-se-fait-violer-par-son-hebergeur\/\"]}]},{\"@type\":\"ImageObject\",\"inLanguage\":\"fr-FR\",\"@id\":\"https:\/\/kapitalis.com\/tunisie\/2018\/08\/30\/sousse-une-ado-fugue-et-se-fait-violer-par-son-hebergeur\/#primaryimage\",\"url\":\"http:\/\/kapitalis.com\/tunisie\/wp-content\/uploads\/2018\/05\/violagression-dame.jpg\",\"contentUrl\":\"http:\/\/kapitalis.com\/tunisie\/wp-content\/uploads\/2018\/05\/violagression-dame.jpg\"},{\"@type\":\"BreadcrumbList\",\"@id\":\"https:\/\/kapitalis.com\/tunisie\/2018\/08\/30\/sousse-une-ado-fugue-et-se-fait-violer-par-son-hebergeur\/#breadcrumb\",\"itemListElement\":[{\"@type\":\"ListItem\",\"position\":1,\"name\":\"Accueil\",\"item\":\"https:\/\/kapitalis.com\/tunisie\/\"},{\"@type\":\"ListItem\",\"position\":2,\"name\":\"Sousse : Une ado fugue et se fait violer par son \u00abh\u00e9bergeur\u00bb\"}]},{\"@type\":\"WebSite\",\"@id\":\"https:\/\/kapitalis.com\/tunisie\/#website\",\"url\":\"https:\/\/kapitalis.com\/tunisie\/\",\"name\":\"Kapitalis\",\"description\":\"L&#039;actualit\u00e9 en Tunisie et dans le monde\",\"publisher\":{\"@id\":\"https:\/\/kapitalis.com\/tunisie\/#organization\"},\"potentialAction\":[{\"@type\":\"SearchAction\",\"target\":{\"@type\":\"EntryPoint\",\"urlTemplate\":\"https:\/\/kapitalis.com\/tunisie\/?s={search_term_string}\"},\"query-input\":{\"@type\":\"PropertyValueSpecification\",\"valueRequired\":true,\"valueName\":\"search_term_string\"}}],\"inLanguage\":\"fr-FR\"},{\"@type\":\"Organization\",\"@id\":\"https:\/\/kapitalis.com\/tunisie\/#organization\",\"name\":\"Kapitalis\",\"url\":\"https:\/\/kapitalis.com\/tunisie\/\",\"logo\":{\"@type\":\"ImageObject\",\"inLanguage\":\"fr-FR\",\"@id\":\"https:\/\/kapitalis.com\/tunisie\/#\/schema\/logo\/image\/\",\"url\":\"https:\/\/kapitalis.com\/tunisie\/wp-content\/uploads\/2022\/05\/Kapitalis-big-size.png\",\"contentUrl\":\"https:\/\/kapitalis.com\/tunisie\/wp-content\/uploads\/2022\/05\/Kapitalis-big-size.png\",\"width\":5000,\"height\":1500,\"caption\":\"Kapitalis\"},\"image\":{\"@id\":\"https:\/\/kapitalis.com\/tunisie\/#\/schema\/logo\/image\/\"},\"sameAs\":[\"https:\/\/www.facebook.com\/KapitalisInfo\/\",\"https:\/\/x.com\/KapitalisInfo\",\"https:\/\/www.youtube.com\/channel\/UC-yDYrHyfFBWWZaOw3FPg9Q\"]},{\"@type\":\"Person\",\"@id\":\"https:\/\/kapitalis.com\/tunisie\/#\/schema\/person\/74bbde0154d49d790a92aaeac5bc01d5\",\"name\":\"Yusra NY\",\"url\":\"https:\/\/kapitalis.com\/tunisie\/author\/yuza_adam\/\"}]}<\/script>\n<!-- \/ Yoast SEO plugin. -->","yoast_head_json":{"title":"Sousse : Une ado fugue et se fait violer par son \u00abh\u00e9bergeur\u00bb - Kapitalis","robots":{"index":"index","follow":"follow","max-snippet":"max-snippet:-1","max-image-preview":"max-image-preview:large","max-video-preview":"max-video-preview:-1"},"canonical":"https:\/\/kapitalis.com\/tunisie\/2018\/08\/30\/sousse-une-ado-fugue-et-se-fait-violer-par-son-hebergeur\/","og_locale":"fr_FR","og_type":"article","og_title":"Sousse : Une ado fugue et se fait violer par son \u00abh\u00e9bergeur\u00bb - Kapitalis","og_description":"La justice a ordonn\u00e9 la mise en d\u00e9tention aujourd\u2019hui, jeudi 30 ao\u00fbt 2018, d\u2019un homme de 23 ans accus\u00e9 d\u2019avoir viol\u00e9, chez lui \u00e0 Sousse, une adoescente de 16 ans qui avait fugu\u00e9 du domicile familial.","og_url":"https:\/\/kapitalis.com\/tunisie\/2018\/08\/30\/sousse-une-ado-fugue-et-se-fait-violer-par-son-hebergeur\/","og_site_name":"Kapitalis","article_publisher":"https:\/\/www.facebook.com\/KapitalisInfo\/","article_published_time":"2018-08-30T13:19:20+00:00","og_image":[{"url":"http:\/\/kapitalis.com\/tunisie\/wp-content\/uploads\/2018\/05\/violagression-dame.jpg","type":"","width":"","height":""}],"author":"Yusra NY","twitter_card":"summary_large_image","twitter_creator":"@KapitalisInfo","twitter_site":"@KapitalisInfo","twitter_misc":{"\u00c9crit par":"Yusra NY","Dur\u00e9e de lecture estim\u00e9e":"1 minute"},"schema":{"@context":"https:\/\/schema.org","@graph":[{"@type":"Article","@id":"https:\/\/kapitalis.com\/tunisie\/2018\/08\/30\/sousse-une-ado-fugue-et-se-fait-violer-par-son-hebergeur\/#article","isPartOf":{"@id":"https:\/\/kapitalis.com\/tunisie\/2018\/08\/30\/sousse-une-ado-fugue-et-se-fait-violer-par-son-hebergeur\/"},"author":{"name":"Yusra NY","@id":"https:\/\/kapitalis.com\/tunisie\/#\/schema\/person\/74bbde0154d49d790a92aaeac5bc01d5"},"headline":"Sousse : Une ado fugue et se fait violer par son \u00abh\u00e9bergeur\u00bb","datePublished":"2018-08-30T13:19:20+00:00","mainEntityOfPage":{"@id":"https:\/\/kapitalis.com\/tunisie\/2018\/08\/30\/sousse-une-ado-fugue-et-se-fait-violer-par-son-hebergeur\/"},"wordCount":207,"commentCount":1,"publisher":{"@id":"https:\/\/kapitalis.com\/tunisie\/#organization"},"image":{"@id":"https:\/\/kapitalis.com\/tunisie\/2018\/08\/30\/sousse-une-ado-fugue-et-se-fait-violer-par-son-hebergeur\/#primaryimage"},"thumbnailUrl":"http:\/\/kapitalis.com\/tunisie\/wp-content\/uploads\/2018\/05\/violagression-dame.jpg","keywords":["abus sexuel","fugue","mineure","Sousse","viol","violeur"],"articleSection":["SOCIETE","Tunisie"],"inLanguage":"fr-FR","potentialAction":[{"@type":"CommentAction","name":"Comment","target":["https:\/\/kapitalis.com\/tunisie\/2018\/08\/30\/sousse-une-ado-fugue-et-se-fait-violer-par-son-hebergeur\/#respond"]}]},{"@type":"WebPage","@id":"https:\/\/kapitalis.com\/tunisie\/2018\/08\/30\/sousse-une-ado-fugue-et-se-fait-violer-par-son-hebergeur\/","url":"https:\/\/kapitalis.com\/tunisie\/2018\/08\/30\/sousse-une-ado-fugue-et-se-fait-violer-par-son-hebergeur\/","name":"Sousse : Une ado fugue et se fait violer par son \u00abh\u00e9bergeur\u00bb - Kapitalis","isPartOf":{"@id":"https:\/\/kapitalis.com\/tunisie\/#website"},"primaryImageOfPage":{"@id":"https:\/\/kapitalis.com\/tunisie\/2018\/08\/30\/sousse-une-ado-fugue-et-se-fait-violer-par-son-hebergeur\/#primaryimage"},"image":{"@id":"https:\/\/kapitalis.com\/tunisie\/2018\/08\/30\/sousse-une-ado-fugue-et-se-fait-violer-par-son-hebergeur\/#primaryimage"},"thumbnailUrl":"http:\/\/kapitalis.com\/tunisie\/wp-content\/uploads\/2018\/05\/violagression-dame.jpg","datePublished":"2018-08-30T13:19:20+00:00","breadcrumb":{"@id":"https:\/\/kapitalis.com\/tunisie\/2018\/08\/30\/sousse-une-ado-fugue-et-se-fait-violer-par-son-hebergeur\/#breadcrumb"},"inLanguage":"fr-FR","potentialAction":[{"@type":"ReadAction","target":["https:\/\/kapitalis.com\/tunisie\/2018\/08\/30\/sousse-une-ado-fugue-et-se-fait-violer-par-son-hebergeur\/"]}]},{"@type":"ImageObject","inLanguage":"fr-FR","@id":"https:\/\/kapitalis.com\/tunisie\/2018\/08\/30\/sousse-une-ado-fugue-et-se-fait-violer-par-son-hebergeur\/#primaryimage","url":"http:\/\/kapitalis.com\/tunisie\/wp-content\/uploads\/2018\/05\/violagression-dame.jpg","contentUrl":"http:\/\/kapitalis.com\/tunisie\/wp-content\/uploads\/2018\/05\/violagression-dame.jpg"},{"@type":"BreadcrumbList","@id":"https:\/\/kapitalis.com\/tunisie\/2018\/08\/30\/sousse-une-ado-fugue-et-se-fait-violer-par-son-hebergeur\/#breadcrumb","itemListElement":[{"@type":"ListItem","position":1,"name":"Accueil","item":"https:\/\/kapitalis.com\/tunisie\/"},{"@type":"ListItem","position":2,"name":"Sousse : Une ado fugue et se fait violer par son \u00abh\u00e9bergeur\u00bb"}]},{"@type":"WebSite","@id":"https:\/\/kapitalis.com\/tunisie\/#website","url":"https:\/\/kapitalis.com\/tunisie\/","name":"Kapitalis","description":"L&#039;actualit\u00e9 en Tunisie et dans le monde","publisher":{"@id":"https:\/\/kapitalis.com\/tunisie\/#organization"},"potentialAction":[{"@type":"SearchAction","target":{"@type":"EntryPoint","urlTemplate":"https:\/\/kapitalis.com\/tunisie\/?s={search_term_string}"},"query-input":{"@type":"PropertyValueSpecification","valueRequired":true,"valueName":"search_term_string"}}],"inLanguage":"fr-FR"},{"@type":"Organization","@id":"https:\/\/kapitalis.com\/tunisie\/#organization","name":"Kapitalis","url":"https:\/\/kapitalis.com\/tunisie\/","logo":{"@type":"ImageObject","inLanguage":"fr-FR","@id":"https:\/\/kapitalis.com\/tunisie\/#\/schema\/logo\/image\/","url":"https:\/\/kapitalis.com\/tunisie\/wp-content\/uploads\/2022\/05\/Kapitalis-big-size.png","contentUrl":"https:\/\/kapitalis.com\/tunisie\/wp-content\/uploads\/2022\/05\/Kapitalis-big-size.png","width":5000,"height":1500,"caption":"Kapitalis"},"image":{"@id":"https:\/\/kapitalis.com\/tunisie\/#\/schema\/logo\/image\/"},"sameAs":["https:\/\/www.facebook.com\/KapitalisInfo\/","https:\/\/x.com\/KapitalisInfo","https:\/\/www.youtube.com\/channel\/UC-yDYrHyfFBWWZaOw3FPg9Q"]},{"@type":"Person","@id":"https:\/\/kapitalis.com\/tunisie\/#\/schema\/person\/74bbde0154d49d790a92aaeac5bc01d5","name":"Yusra NY","url":"https:\/\/kapitalis.com\/tunisie\/author\/yuza_adam\/"}]}},"_links":{"self":[{"href":"https:\/\/kapitalis.com\/tunisie\/wp-json\/wp\/v2\/posts\/171549","targetHints":{"allow":["GET"]}}],"collection":[{"href":"https:\/\/kapitalis.com\/tunisie\/wp-json\/wp\/v2\/posts"}],"about":[{"href":"https:\/\/kapitalis.com\/tunisie\/wp-json\/wp\/v2\/types\/post"}],"author":[{"embeddable":true,"href":"https:\/\/kapitalis.com\/tunisie\/wp-json\/wp\/v2\/users\/6"}],"replies":[{"embeddable":true,"href":"https:\/\/kapitalis.com\/tunisie\/wp-json\/wp\/v2\/comments?post=171549"}],"version-history":[{"count":0,"href":"https:\/\/kapitalis.com\/tunisie\/wp-json\/wp\/v2\/posts\/171549\/revisions"}],"wp:attachment":[{"href":"https:\/\/kapitalis.com\/tunisie\/wp-json\/wp\/v2\/media?parent=171549"}],"wp:term":[{"taxonomy":"category","embeddable":true,"href":"https:\/\/kapitalis.com\/tunisie\/wp-json\/wp\/v2\/categories?post=171549"},{"taxonomy":"post_tag","embeddable":true,"href":"https:\/\/kapitalis.com\/tunisie\/wp-json\/wp\/v2\/tags?post=171549"}],"curies":[{"name":"wp","href":"https:\/\/api.w.org\/{rel}","templated":true}]}}