{"id":172181,"date":"2018-09-03T16:25:36","date_gmt":"2018-09-03T15:25:36","guid":{"rendered":"http:\/\/kapitalis.com\/tunisie\/?p=172181"},"modified":"2018-09-03T16:27:18","modified_gmt":"2018-09-03T15:27:18","slug":"atp-denonce-les-propos-discriminants-dune-fonctionnaire-publique","status":"publish","type":"post","link":"https:\/\/kapitalis.com\/tunisie\/2018\/09\/03\/atp-denonce-les-propos-discriminants-dune-fonctionnaire-publique\/","title":{"rendered":"ATP+ d\u00e9nonce les propos discriminants d\u2019une fonctionnaire publique"},"content":{"rendered":"<p style=\"text-align: center;\"><img loading=\"lazy\" decoding=\"async\" class=\"alignnone size-full wp-image-172182\" src=\"http:\/\/kapitalis.com\/tunisie\/wp-content\/uploads\/2018\/09\/ATP-.jpg\" alt=\"\" width=\"626\" height=\"380\" \/><\/p>\n<p><em><strong>L\u2019Association tunisienne de pr\u00e9vention positive (ATP+) est indign\u00e9e par les propos \u00abfortement discriminants\u00bb et \u00abqui vont compl\u00e8tement \u00e0 l\u2019encontre des fondamentaux des droits de l\u2019Homme \u00e9nonc\u00e9s dans notre constitution\u00bb, attribu\u00e9s \u00e0 Rahma Rachdi, biologiste fonctionnaire de la sant\u00e9 publique.<\/strong> <\/em><\/p>\n<p><!--more--><\/p>\n<p>Dans ses propos diffus\u00e9s le 1er septembre 2018 sur certains r\u00e9seaux sociaux, Mme Rachdi se dit soucieuse <em>\u00abde la sant\u00e9 de notre peuple et de nos enfants\u00bb<\/em> et appelle \u00e0 instaurer un <em>\u00abcertificat d\u2019aptitude avec bilan sanguin (s\u00e9rologique)\u00bb<\/em> au personnel du march\u00e9<em> \u00ab(poissonnier, boucher \u2026)\u00bb<\/em>, justifiant cet appel par le fait qu\u2019elle a remarqu\u00e9 <em>\u00abl\u2019embauche de beaucoup d\u2019Africaines\u00bb<\/em>.<\/p>\n<p>L\u2019ATP+ rappelle, dans un communiqu\u00e9 diffus\u00e9 aujourd\u2019hui, lundi 3 septembre 2018,<em> \u00able droit de toutes personnes \u00e0 la vie, \u00e0 la dignit\u00e9, \u00e0 la non-discrimination, au voyage et l\u2019immigration, au travail, \u00e0 l\u2019acc\u00e8s aux soins et \u00e0 l\u2019\u00e9ducation, quels que soient leurs origines, ethnies, races, couleurs, genres et maladies dont elles sont affect\u00e9es.\u00bb<\/em><\/p>\n<p>Tout en pr\u00e9cisant que les affections cit\u00e9es dans les propos de Mme Rachdi sont \u00abdes maladies transmissibles et non contagieuses\u00bb et que <em>\u00able respect des pr\u00e9cautions universelles d\u2019hygi\u00e8ne appliqu\u00e9es aux produits alimentaires, est largement suffisant pour emp\u00eacher leur transmission\u00bb<\/em>, ATP+ fait remarquer que<em> \u00ables professionnels de sant\u00e9 connaissent tr\u00e8s bien que le d\u00e9pistage s\u00e9rologique des maladies est bas\u00e9 sur certains principes universels dont le consentement (d\u00e9pistage volontaire), la confidentialit\u00e9 et les conseils\u00bb<\/em>. Pour conclure qu\u2019<em>\u00abil est immoral et ill\u00e9gal de soumettre une personne \u00e0 un test de d\u00e9pistage \u00e0 son insu ou da fa\u00e7on coercitive.\u00bb<\/em><\/p>\n<p><em>\u00abPar ailleurs, le code du travail en Tunisie stipule que l\u2019examen m\u00e9dical d\u2019aptitude \u00e0 l\u2019emploi est effectu\u00e9 gratuitement par le m\u00e9decin du travail. Cet examen comporte le cas \u00e9ch\u00e9ant les examens cliniques, radioscopiques et le laboratoire (Article 62) qui n\u2019inclut pas la s\u00e9rologie VIH et des h\u00e9patites\u00bb<\/em>, rappelle encore l\u2019association, en ajoutant : <em>\u00abEn aucun cas, il est mentionn\u00e9 que ces examens sont impos\u00e9s, doivent \u00eatre pratiqu\u00e9s \u00e0 l\u2019insu de la personne et de mani\u00e8re coercitive et discriminante. Le consentement et la communication des r\u00e9sultats dans le respect du secret m\u00e9dical sont parmi les droits fondamentaux.\u00bb<\/em><\/p>\n<p style=\"text-align: center;\"><img loading=\"lazy\" decoding=\"async\" class=\"alignnone wp-image-172184\" src=\"http:\/\/kapitalis.com\/tunisie\/wp-content\/uploads\/2018\/09\/Rahma-Rachdi.jpg\" alt=\"\" width=\"500\" height=\"562\" \/><\/p>\n<p>ATP+ estime, par ailleurs, que <em>\u00ables propos discriminants, s\u00e9gr\u00e9gatifs et inadmissibles sont \u00e0 bannir dans un pays o\u00f9 la constitution r\u00e9serve \u00e0 toutes les personnes, sans aucune distinction, le droit au travail dans le respect de la dignit\u00e9 et en dehors de toute discrimination, dans le respect de la l\u00e9gislation en vigueur.\u00bb<\/em><\/p>\n<p>Enfin, l\u2019association appelle \u00e0 plus de mod\u00e9ration, prudence et retenue sur les r\u00e9seaux sociaux et \u00e0 r\u00e9soudre les probl\u00e8mes de sant\u00e9 et de pr\u00e9vention \u00e0 travers une approche scientifique et dans le respect des droits humains, tout en demandant aussi aux autorit\u00e9s concern\u00e9es de r\u00e9agir officiellement \u00e0 ces propos.<\/p>\n<p style=\"text-align: right;\"><strong>I. B.<\/strong><\/p>\n","protected":false},"excerpt":{"rendered":"<p>L\u2019Association tunisienne de pr\u00e9vention positive (ATP+) est indign\u00e9e par les propos \u00abfortement discriminants\u00bb et \u00abqui vont compl\u00e8tement \u00e0 l\u2019encontre des fondamentaux des droits de l\u2019Homme \u00e9nonc\u00e9s dans notre constitution\u00bb, attribu\u00e9s \u00e0 Rahma Rachdi, biologiste fonctionnaire de la sant\u00e9 publique.<\/p>\n","protected":false},"author":8,"featured_media":172182,"comment_status":"open","ping_status":"open","sticky":false,"template":"","format":"standard","meta":{"footnotes":""},"categories":[998,2433],"tags":[5199,1881],"class_list":["post-172181","post","type-post","status-publish","format-standard","has-post-thumbnail","hentry","category-societe","category-tunisie","tag-atp","tag-sante-publique"],"yoast_head":"<!-- This site is optimized with the Yoast SEO plugin v26.6 - https:\/\/yoast.com\/wordpress\/plugins\/seo\/ -->\n<title>ATP+ d\u00e9nonce les propos discriminants d\u2019une fonctionnaire publique - Kapitalis<\/title>\n<meta name=\"robots\" content=\"index, follow, max-snippet:-1, max-image-preview:large, max-video-preview:-1\" \/>\n<link rel=\"canonical\" href=\"https:\/\/kapitalis.com\/tunisie\/2018\/09\/03\/atp-denonce-les-propos-discriminants-dune-fonctionnaire-publique\/\" \/>\n<meta property=\"og:locale\" content=\"fr_FR\" \/>\n<meta property=\"og:type\" content=\"article\" \/>\n<meta property=\"og:title\" content=\"ATP+ d\u00e9nonce les propos discriminants d\u2019une fonctionnaire publique - Kapitalis\" \/>\n<meta property=\"og:description\" content=\"L\u2019Association tunisienne de pr\u00e9vention positive (ATP+) est indign\u00e9e par les propos \u00abfortement discriminants\u00bb et \u00abqui vont compl\u00e8tement \u00e0 l\u2019encontre des fondamentaux des droits de l\u2019Homme \u00e9nonc\u00e9s dans notre constitution\u00bb, attribu\u00e9s \u00e0 Rahma Rachdi, biologiste fonctionnaire de la sant\u00e9 publique.\" \/>\n<meta property=\"og:url\" content=\"https:\/\/kapitalis.com\/tunisie\/2018\/09\/03\/atp-denonce-les-propos-discriminants-dune-fonctionnaire-publique\/\" \/>\n<meta property=\"og:site_name\" content=\"Kapitalis\" \/>\n<meta property=\"article:publisher\" content=\"https:\/\/www.facebook.com\/KapitalisInfo\/\" \/>\n<meta property=\"article:published_time\" content=\"2018-09-03T15:25:36+00:00\" \/>\n<meta property=\"article:modified_time\" content=\"2018-09-03T15:27:18+00:00\" \/>\n<meta property=\"og:image\" content=\"https:\/\/kapitalis.com\/tunisie\/wp-content\/uploads\/2022\/05\/kapitalis-logo-fb.png\" \/>\n\t<meta property=\"og:image:width\" content=\"1200\" \/>\n\t<meta property=\"og:image:height\" content=\"630\" \/>\n\t<meta property=\"og:image:type\" content=\"image\/png\" \/>\n<meta name=\"author\" content=\"webmaster kapitalis\" \/>\n<meta name=\"twitter:card\" content=\"summary_large_image\" \/>\n<meta name=\"twitter:creator\" content=\"@KapitalisInfo\" \/>\n<meta name=\"twitter:site\" content=\"@KapitalisInfo\" \/>\n<meta name=\"twitter:label1\" content=\"\u00c9crit par\" \/>\n\t<meta name=\"twitter:data1\" content=\"webmaster kapitalis\" \/>\n\t<meta name=\"twitter:label2\" content=\"Dur\u00e9e de lecture estim\u00e9e\" \/>\n\t<meta name=\"twitter:data2\" content=\"2 minutes\" \/>\n<script type=\"application\/ld+json\" class=\"yoast-schema-graph\">{\"@context\":\"https:\/\/schema.org\",\"@graph\":[{\"@type\":\"Article\",\"@id\":\"https:\/\/kapitalis.com\/tunisie\/2018\/09\/03\/atp-denonce-les-propos-discriminants-dune-fonctionnaire-publique\/#article\",\"isPartOf\":{\"@id\":\"https:\/\/kapitalis.com\/tunisie\/2018\/09\/03\/atp-denonce-les-propos-discriminants-dune-fonctionnaire-publique\/\"},\"author\":{\"name\":\"webmaster kapitalis\",\"@id\":\"https:\/\/kapitalis.com\/tunisie\/#\/schema\/person\/d71f33a9ca44f7bad4698210b480c8e9\"},\"headline\":\"ATP+ d\u00e9nonce les propos discriminants d\u2019une fonctionnaire publique\",\"datePublished\":\"2018-09-03T15:25:36+00:00\",\"dateModified\":\"2018-09-03T15:27:18+00:00\",\"mainEntityOfPage\":{\"@id\":\"https:\/\/kapitalis.com\/tunisie\/2018\/09\/03\/atp-denonce-les-propos-discriminants-dune-fonctionnaire-publique\/\"},\"wordCount\":496,\"commentCount\":0,\"publisher\":{\"@id\":\"https:\/\/kapitalis.com\/tunisie\/#organization\"},\"image\":{\"@id\":\"https:\/\/kapitalis.com\/tunisie\/2018\/09\/03\/atp-denonce-les-propos-discriminants-dune-fonctionnaire-publique\/#primaryimage\"},\"thumbnailUrl\":\"\",\"keywords\":[\"ATP\",\"sant\u00e9 publique\"],\"articleSection\":[\"SOCIETE\",\"Tunisie\"],\"inLanguage\":\"fr-FR\",\"potentialAction\":[{\"@type\":\"CommentAction\",\"name\":\"Comment\",\"target\":[\"https:\/\/kapitalis.com\/tunisie\/2018\/09\/03\/atp-denonce-les-propos-discriminants-dune-fonctionnaire-publique\/#respond\"]}]},{\"@type\":\"WebPage\",\"@id\":\"https:\/\/kapitalis.com\/tunisie\/2018\/09\/03\/atp-denonce-les-propos-discriminants-dune-fonctionnaire-publique\/\",\"url\":\"https:\/\/kapitalis.com\/tunisie\/2018\/09\/03\/atp-denonce-les-propos-discriminants-dune-fonctionnaire-publique\/\",\"name\":\"ATP+ d\u00e9nonce les propos discriminants d\u2019une fonctionnaire publique - Kapitalis\",\"isPartOf\":{\"@id\":\"https:\/\/kapitalis.com\/tunisie\/#website\"},\"primaryImageOfPage\":{\"@id\":\"https:\/\/kapitalis.com\/tunisie\/2018\/09\/03\/atp-denonce-les-propos-discriminants-dune-fonctionnaire-publique\/#primaryimage\"},\"image\":{\"@id\":\"https:\/\/kapitalis.com\/tunisie\/2018\/09\/03\/atp-denonce-les-propos-discriminants-dune-fonctionnaire-publique\/#primaryimage\"},\"thumbnailUrl\":\"\",\"datePublished\":\"2018-09-03T15:25:36+00:00\",\"dateModified\":\"2018-09-03T15:27:18+00:00\",\"breadcrumb\":{\"@id\":\"https:\/\/kapitalis.com\/tunisie\/2018\/09\/03\/atp-denonce-les-propos-discriminants-dune-fonctionnaire-publique\/#breadcrumb\"},\"inLanguage\":\"fr-FR\",\"potentialAction\":[{\"@type\":\"ReadAction\",\"target\":[\"https:\/\/kapitalis.com\/tunisie\/2018\/09\/03\/atp-denonce-les-propos-discriminants-dune-fonctionnaire-publique\/\"]}]},{\"@type\":\"ImageObject\",\"inLanguage\":\"fr-FR\",\"@id\":\"https:\/\/kapitalis.com\/tunisie\/2018\/09\/03\/atp-denonce-les-propos-discriminants-dune-fonctionnaire-publique\/#primaryimage\",\"url\":\"\",\"contentUrl\":\"\"},{\"@type\":\"BreadcrumbList\",\"@id\":\"https:\/\/kapitalis.com\/tunisie\/2018\/09\/03\/atp-denonce-les-propos-discriminants-dune-fonctionnaire-publique\/#breadcrumb\",\"itemListElement\":[{\"@type\":\"ListItem\",\"position\":1,\"name\":\"Accueil\",\"item\":\"https:\/\/kapitalis.com\/tunisie\/\"},{\"@type\":\"ListItem\",\"position\":2,\"name\":\"ATP+ d\u00e9nonce les propos discriminants d\u2019une fonctionnaire publique\"}]},{\"@type\":\"WebSite\",\"@id\":\"https:\/\/kapitalis.com\/tunisie\/#website\",\"url\":\"https:\/\/kapitalis.com\/tunisie\/\",\"name\":\"Kapitalis\",\"description\":\"L&#039;actualit\u00e9 en Tunisie et dans le monde\",\"publisher\":{\"@id\":\"https:\/\/kapitalis.com\/tunisie\/#organization\"},\"potentialAction\":[{\"@type\":\"SearchAction\",\"target\":{\"@type\":\"EntryPoint\",\"urlTemplate\":\"https:\/\/kapitalis.com\/tunisie\/?s={search_term_string}\"},\"query-input\":{\"@type\":\"PropertyValueSpecification\",\"valueRequired\":true,\"valueName\":\"search_term_string\"}}],\"inLanguage\":\"fr-FR\"},{\"@type\":\"Organization\",\"@id\":\"https:\/\/kapitalis.com\/tunisie\/#organization\",\"name\":\"Kapitalis\",\"url\":\"https:\/\/kapitalis.com\/tunisie\/\",\"logo\":{\"@type\":\"ImageObject\",\"inLanguage\":\"fr-FR\",\"@id\":\"https:\/\/kapitalis.com\/tunisie\/#\/schema\/logo\/image\/\",\"url\":\"https:\/\/kapitalis.com\/tunisie\/wp-content\/uploads\/2022\/05\/Kapitalis-big-size.png\",\"contentUrl\":\"https:\/\/kapitalis.com\/tunisie\/wp-content\/uploads\/2022\/05\/Kapitalis-big-size.png\",\"width\":5000,\"height\":1500,\"caption\":\"Kapitalis\"},\"image\":{\"@id\":\"https:\/\/kapitalis.com\/tunisie\/#\/schema\/logo\/image\/\"},\"sameAs\":[\"https:\/\/www.facebook.com\/KapitalisInfo\/\",\"https:\/\/x.com\/KapitalisInfo\",\"https:\/\/www.youtube.com\/channel\/UC-yDYrHyfFBWWZaOw3FPg9Q\"]},{\"@type\":\"Person\",\"@id\":\"https:\/\/kapitalis.com\/tunisie\/#\/schema\/person\/d71f33a9ca44f7bad4698210b480c8e9\",\"name\":\"webmaster kapitalis\",\"url\":\"https:\/\/kapitalis.com\/tunisie\/author\/webmaster-kapitalis\/\"}]}<\/script>\n<!-- \/ Yoast SEO plugin. -->","yoast_head_json":{"title":"ATP+ d\u00e9nonce les propos discriminants d\u2019une fonctionnaire publique - Kapitalis","robots":{"index":"index","follow":"follow","max-snippet":"max-snippet:-1","max-image-preview":"max-image-preview:large","max-video-preview":"max-video-preview:-1"},"canonical":"https:\/\/kapitalis.com\/tunisie\/2018\/09\/03\/atp-denonce-les-propos-discriminants-dune-fonctionnaire-publique\/","og_locale":"fr_FR","og_type":"article","og_title":"ATP+ d\u00e9nonce les propos discriminants d\u2019une fonctionnaire publique - Kapitalis","og_description":"L\u2019Association tunisienne de pr\u00e9vention positive (ATP+) est indign\u00e9e par les propos \u00abfortement discriminants\u00bb et \u00abqui vont compl\u00e8tement \u00e0 l\u2019encontre des fondamentaux des droits de l\u2019Homme \u00e9nonc\u00e9s dans notre constitution\u00bb, attribu\u00e9s \u00e0 Rahma Rachdi, biologiste fonctionnaire de la sant\u00e9 publique.","og_url":"https:\/\/kapitalis.com\/tunisie\/2018\/09\/03\/atp-denonce-les-propos-discriminants-dune-fonctionnaire-publique\/","og_site_name":"Kapitalis","article_publisher":"https:\/\/www.facebook.com\/KapitalisInfo\/","article_published_time":"2018-09-03T15:25:36+00:00","article_modified_time":"2018-09-03T15:27:18+00:00","og_image":[{"width":1200,"height":630,"url":"https:\/\/kapitalis.com\/tunisie\/wp-content\/uploads\/2022\/05\/kapitalis-logo-fb.png","type":"image\/png"}],"author":"webmaster kapitalis","twitter_card":"summary_large_image","twitter_creator":"@KapitalisInfo","twitter_site":"@KapitalisInfo","twitter_misc":{"\u00c9crit par":"webmaster kapitalis","Dur\u00e9e de lecture estim\u00e9e":"2 minutes"},"schema":{"@context":"https:\/\/schema.org","@graph":[{"@type":"Article","@id":"https:\/\/kapitalis.com\/tunisie\/2018\/09\/03\/atp-denonce-les-propos-discriminants-dune-fonctionnaire-publique\/#article","isPartOf":{"@id":"https:\/\/kapitalis.com\/tunisie\/2018\/09\/03\/atp-denonce-les-propos-discriminants-dune-fonctionnaire-publique\/"},"author":{"name":"webmaster kapitalis","@id":"https:\/\/kapitalis.com\/tunisie\/#\/schema\/person\/d71f33a9ca44f7bad4698210b480c8e9"},"headline":"ATP+ d\u00e9nonce les propos discriminants d\u2019une fonctionnaire publique","datePublished":"2018-09-03T15:25:36+00:00","dateModified":"2018-09-03T15:27:18+00:00","mainEntityOfPage":{"@id":"https:\/\/kapitalis.com\/tunisie\/2018\/09\/03\/atp-denonce-les-propos-discriminants-dune-fonctionnaire-publique\/"},"wordCount":496,"commentCount":0,"publisher":{"@id":"https:\/\/kapitalis.com\/tunisie\/#organization"},"image":{"@id":"https:\/\/kapitalis.com\/tunisie\/2018\/09\/03\/atp-denonce-les-propos-discriminants-dune-fonctionnaire-publique\/#primaryimage"},"thumbnailUrl":"","keywords":["ATP","sant\u00e9 publique"],"articleSection":["SOCIETE","Tunisie"],"inLanguage":"fr-FR","potentialAction":[{"@type":"CommentAction","name":"Comment","target":["https:\/\/kapitalis.com\/tunisie\/2018\/09\/03\/atp-denonce-les-propos-discriminants-dune-fonctionnaire-publique\/#respond"]}]},{"@type":"WebPage","@id":"https:\/\/kapitalis.com\/tunisie\/2018\/09\/03\/atp-denonce-les-propos-discriminants-dune-fonctionnaire-publique\/","url":"https:\/\/kapitalis.com\/tunisie\/2018\/09\/03\/atp-denonce-les-propos-discriminants-dune-fonctionnaire-publique\/","name":"ATP+ d\u00e9nonce les propos discriminants d\u2019une fonctionnaire publique - Kapitalis","isPartOf":{"@id":"https:\/\/kapitalis.com\/tunisie\/#website"},"primaryImageOfPage":{"@id":"https:\/\/kapitalis.com\/tunisie\/2018\/09\/03\/atp-denonce-les-propos-discriminants-dune-fonctionnaire-publique\/#primaryimage"},"image":{"@id":"https:\/\/kapitalis.com\/tunisie\/2018\/09\/03\/atp-denonce-les-propos-discriminants-dune-fonctionnaire-publique\/#primaryimage"},"thumbnailUrl":"","datePublished":"2018-09-03T15:25:36+00:00","dateModified":"2018-09-03T15:27:18+00:00","breadcrumb":{"@id":"https:\/\/kapitalis.com\/tunisie\/2018\/09\/03\/atp-denonce-les-propos-discriminants-dune-fonctionnaire-publique\/#breadcrumb"},"inLanguage":"fr-FR","potentialAction":[{"@type":"ReadAction","target":["https:\/\/kapitalis.com\/tunisie\/2018\/09\/03\/atp-denonce-les-propos-discriminants-dune-fonctionnaire-publique\/"]}]},{"@type":"ImageObject","inLanguage":"fr-FR","@id":"https:\/\/kapitalis.com\/tunisie\/2018\/09\/03\/atp-denonce-les-propos-discriminants-dune-fonctionnaire-publique\/#primaryimage","url":"","contentUrl":""},{"@type":"BreadcrumbList","@id":"https:\/\/kapitalis.com\/tunisie\/2018\/09\/03\/atp-denonce-les-propos-discriminants-dune-fonctionnaire-publique\/#breadcrumb","itemListElement":[{"@type":"ListItem","position":1,"name":"Accueil","item":"https:\/\/kapitalis.com\/tunisie\/"},{"@type":"ListItem","position":2,"name":"ATP+ d\u00e9nonce les propos discriminants d\u2019une fonctionnaire publique"}]},{"@type":"WebSite","@id":"https:\/\/kapitalis.com\/tunisie\/#website","url":"https:\/\/kapitalis.com\/tunisie\/","name":"Kapitalis","description":"L&#039;actualit\u00e9 en Tunisie et dans le monde","publisher":{"@id":"https:\/\/kapitalis.com\/tunisie\/#organization"},"potentialAction":[{"@type":"SearchAction","target":{"@type":"EntryPoint","urlTemplate":"https:\/\/kapitalis.com\/tunisie\/?s={search_term_string}"},"query-input":{"@type":"PropertyValueSpecification","valueRequired":true,"valueName":"search_term_string"}}],"inLanguage":"fr-FR"},{"@type":"Organization","@id":"https:\/\/kapitalis.com\/tunisie\/#organization","name":"Kapitalis","url":"https:\/\/kapitalis.com\/tunisie\/","logo":{"@type":"ImageObject","inLanguage":"fr-FR","@id":"https:\/\/kapitalis.com\/tunisie\/#\/schema\/logo\/image\/","url":"https:\/\/kapitalis.com\/tunisie\/wp-content\/uploads\/2022\/05\/Kapitalis-big-size.png","contentUrl":"https:\/\/kapitalis.com\/tunisie\/wp-content\/uploads\/2022\/05\/Kapitalis-big-size.png","width":5000,"height":1500,"caption":"Kapitalis"},"image":{"@id":"https:\/\/kapitalis.com\/tunisie\/#\/schema\/logo\/image\/"},"sameAs":["https:\/\/www.facebook.com\/KapitalisInfo\/","https:\/\/x.com\/KapitalisInfo","https:\/\/www.youtube.com\/channel\/UC-yDYrHyfFBWWZaOw3FPg9Q"]},{"@type":"Person","@id":"https:\/\/kapitalis.com\/tunisie\/#\/schema\/person\/d71f33a9ca44f7bad4698210b480c8e9","name":"webmaster kapitalis","url":"https:\/\/kapitalis.com\/tunisie\/author\/webmaster-kapitalis\/"}]}},"_links":{"self":[{"href":"https:\/\/kapitalis.com\/tunisie\/wp-json\/wp\/v2\/posts\/172181","targetHints":{"allow":["GET"]}}],"collection":[{"href":"https:\/\/kapitalis.com\/tunisie\/wp-json\/wp\/v2\/posts"}],"about":[{"href":"https:\/\/kapitalis.com\/tunisie\/wp-json\/wp\/v2\/types\/post"}],"author":[{"embeddable":true,"href":"https:\/\/kapitalis.com\/tunisie\/wp-json\/wp\/v2\/users\/8"}],"replies":[{"embeddable":true,"href":"https:\/\/kapitalis.com\/tunisie\/wp-json\/wp\/v2\/comments?post=172181"}],"version-history":[{"count":0,"href":"https:\/\/kapitalis.com\/tunisie\/wp-json\/wp\/v2\/posts\/172181\/revisions"}],"wp:featuredmedia":[{"embeddable":true,"href":"https:\/\/kapitalis.com\/tunisie\/wp-json\/wp\/v2\/media\/172182"}],"wp:attachment":[{"href":"https:\/\/kapitalis.com\/tunisie\/wp-json\/wp\/v2\/media?parent=172181"}],"wp:term":[{"taxonomy":"category","embeddable":true,"href":"https:\/\/kapitalis.com\/tunisie\/wp-json\/wp\/v2\/categories?post=172181"},{"taxonomy":"post_tag","embeddable":true,"href":"https:\/\/kapitalis.com\/tunisie\/wp-json\/wp\/v2\/tags?post=172181"}],"curies":[{"name":"wp","href":"https:\/\/api.w.org\/{rel}","templated":true}]}}