{"id":172193,"date":"2018-09-03T17:29:17","date_gmt":"2018-09-03T16:29:17","guid":{"rendered":"http:\/\/kapitalis.com\/tunisie\/?p=172193"},"modified":"2018-09-03T17:29:17","modified_gmt":"2018-09-03T16:29:17","slug":"trafic-de-medicaments-enquete-suite-a-larrestation-dun-pharmacien","status":"publish","type":"post","link":"https:\/\/kapitalis.com\/tunisie\/2018\/09\/03\/trafic-de-medicaments-enquete-suite-a-larrestation-dun-pharmacien\/","title":{"rendered":"Trafic de m\u00e9dicaments : Enqu\u00eate suite \u00e0 l\u2019arrestation d\u2019un pharmacien"},"content":{"rendered":"<p style=\"text-align: center;\"><img loading=\"lazy\" decoding=\"async\" class=\"alignnone size-full wp-image-166731\" src=\"http:\/\/kapitalis.com\/tunisie\/wp-content\/uploads\/2018\/07\/m\u00e9dicaments_B\u00e9ja.jpg\" alt=\"\" width=\"626\" height=\"380\" \/><\/p>\n<p><em><strong>Le minist\u00e8re public a ouvert une enqu\u00eate sur le trafic des m\u00e9dicaments, suite \u00e0 l\u2019arrestation d\u2019un pharmacien \u00e0 la fronti\u00e8re tuniso-alg\u00e9rienne, exportant ill\u00e9galement des produits m\u00e9dicaux.<\/strong><\/em><!--more--><\/p>\n<p>Le pharmacien, qui a \u00e9t\u00e9 arr\u00eat\u00e9 la semaine derni\u00e8re, \u00e0 Jendouba, \u00e0 bord de son v\u00e9hicule personnel o\u00f9 il cachait une grande quantit\u00e9 de m\u00e9dicaments, est li\u00e9 \u00e0 des contrebandiers qui faisaient passer \u00ab<em>la marchandise<\/em>\u00bb de l\u2019autre c\u00f4t\u00e9 de la fronti\u00e8re.<\/p>\n<p>Plac\u00e9 en d\u00e9tention, le pharmacien a livr\u00e9 le nom de 2 contrebandiers op\u00e9rant dans la zone, dont l\u2019un a \u00e9t\u00e9 pi\u00e9g\u00e9 et plac\u00e9, lui aussi, en garde \u00e0 vue.<\/p>\n<p>Selon une source, les m\u00e9dicaments sortis ill\u00e9galement sont subventionn\u00e9s par l&rsquo;Etat tunisien.<\/p>\n<p style=\"text-align: right;\"><strong>Y. N.<\/strong><\/p>\n<blockquote class=\"wp-embedded-content\" data-secret=\"iOriKK47hB\"><p><a href=\"https:\/\/kapitalis.com\/tunisie\/2018\/08\/14\/trafic-de-medicaments-un-ambulancier-et-un-infirmier-ecroues\/\">Trafic de m\u00e9dicaments : Un ambulancier et un infirmier \u00e9crou\u00e9s<\/a><\/p><\/blockquote>\n<p><iframe loading=\"lazy\" class=\"wp-embedded-content\" sandbox=\"allow-scripts\" security=\"restricted\" style=\"position: absolute; clip: rect(1px, 1px, 1px, 1px);\" title=\"\u00ab\u00a0Trafic de m\u00e9dicaments : Un ambulancier et un infirmier \u00e9crou\u00e9s\u00a0\u00bb &#8212; Kapitalis\" src=\"https:\/\/kapitalis.com\/tunisie\/2018\/08\/14\/trafic-de-medicaments-un-ambulancier-et-un-infirmier-ecroues\/embed\/#?secret=5ow6oa2SWa#?secret=iOriKK47hB\" data-secret=\"iOriKK47hB\" width=\"600\" height=\"338\" frameborder=\"0\" marginwidth=\"0\" marginheight=\"0\" scrolling=\"no\"><\/iframe><\/p>\n<blockquote class=\"wp-embedded-content\" data-secret=\"xNKQbcbQ9q\"><p><a href=\"https:\/\/kapitalis.com\/tunisie\/2018\/08\/08\/saisie-de-medicaments-au-domicile-dun-contrebandier-a-medenine\/\">Saisie de m\u00e9dicaments au domicile d\u2019un contrebandier \u00e0 M\u00e9denine<\/a><\/p><\/blockquote>\n<p><iframe loading=\"lazy\" class=\"wp-embedded-content\" sandbox=\"allow-scripts\" security=\"restricted\" style=\"position: absolute; clip: rect(1px, 1px, 1px, 1px);\" title=\"\u00ab\u00a0Saisie de m\u00e9dicaments au domicile d\u2019un contrebandier \u00e0 M\u00e9denine\u00a0\u00bb &#8212; Kapitalis\" src=\"https:\/\/kapitalis.com\/tunisie\/2018\/08\/08\/saisie-de-medicaments-au-domicile-dun-contrebandier-a-medenine\/embed\/#?secret=XDA9q7OiQ4#?secret=xNKQbcbQ9q\" data-secret=\"xNKQbcbQ9q\" width=\"600\" height=\"338\" frameborder=\"0\" marginwidth=\"0\" marginheight=\"0\" scrolling=\"no\"><\/iframe><\/p>\n","protected":false},"excerpt":{"rendered":"<p>Le minist\u00e8re public a ouvert une enqu\u00eate sur le trafic des m\u00e9dicaments, suite \u00e0 l\u2019arrestation d\u2019un pharmacien \u00e0 la fronti\u00e8re tuniso-alg\u00e9rienne, exportant ill\u00e9galement des produits m\u00e9dicaux.<\/p>\n","protected":false},"author":6,"featured_media":0,"comment_status":"open","ping_status":"open","sticky":false,"template":"","format":"standard","meta":{"footnotes":""},"categories":[998,2433],"tags":[64,2682,1443,28543,912],"class_list":["post-172193","post","type-post","status-publish","format-standard","hentry","category-societe","category-tunisie","tag-algerie","tag-frontieres","tag-medicaments","tag-pharmacien","tag-trafic"],"yoast_head":"<!-- This site is optimized with the Yoast SEO plugin v26.6 - https:\/\/yoast.com\/wordpress\/plugins\/seo\/ -->\n<title>Trafic de m\u00e9dicaments : Enqu\u00eate suite \u00e0 l\u2019arrestation d\u2019un pharmacien - Kapitalis<\/title>\n<meta name=\"robots\" content=\"index, follow, max-snippet:-1, max-image-preview:large, max-video-preview:-1\" \/>\n<link rel=\"canonical\" href=\"https:\/\/kapitalis.com\/tunisie\/2018\/09\/03\/trafic-de-medicaments-enquete-suite-a-larrestation-dun-pharmacien\/\" \/>\n<meta property=\"og:locale\" content=\"fr_FR\" \/>\n<meta property=\"og:type\" content=\"article\" \/>\n<meta property=\"og:title\" content=\"Trafic de m\u00e9dicaments : Enqu\u00eate suite \u00e0 l\u2019arrestation d\u2019un pharmacien - Kapitalis\" \/>\n<meta property=\"og:description\" content=\"Le minist\u00e8re public a ouvert une enqu\u00eate sur le trafic des m\u00e9dicaments, suite \u00e0 l\u2019arrestation d\u2019un pharmacien \u00e0 la fronti\u00e8re tuniso-alg\u00e9rienne, exportant ill\u00e9galement des produits m\u00e9dicaux.\" \/>\n<meta property=\"og:url\" content=\"https:\/\/kapitalis.com\/tunisie\/2018\/09\/03\/trafic-de-medicaments-enquete-suite-a-larrestation-dun-pharmacien\/\" \/>\n<meta property=\"og:site_name\" content=\"Kapitalis\" \/>\n<meta property=\"article:publisher\" content=\"https:\/\/www.facebook.com\/KapitalisInfo\/\" \/>\n<meta property=\"article:published_time\" content=\"2018-09-03T16:29:17+00:00\" \/>\n<meta property=\"og:image\" content=\"https:\/\/kapitalis.com\/tunisie\/wp-content\/uploads\/2022\/05\/kapitalis-logo-fb.png\" \/>\n\t<meta property=\"og:image:width\" content=\"1200\" \/>\n\t<meta property=\"og:image:height\" content=\"630\" \/>\n\t<meta property=\"og:image:type\" content=\"image\/png\" \/>\n<meta name=\"author\" content=\"Yusra NY\" \/>\n<meta name=\"twitter:card\" content=\"summary_large_image\" \/>\n<meta name=\"twitter:creator\" content=\"@KapitalisInfo\" \/>\n<meta name=\"twitter:site\" content=\"@KapitalisInfo\" \/>\n<meta name=\"twitter:label1\" content=\"\u00c9crit par\" \/>\n\t<meta name=\"twitter:data1\" content=\"Yusra NY\" \/>\n\t<meta name=\"twitter:label2\" content=\"Dur\u00e9e de lecture estim\u00e9e\" \/>\n\t<meta name=\"twitter:data2\" content=\"1 minute\" \/>\n<script type=\"application\/ld+json\" class=\"yoast-schema-graph\">{\"@context\":\"https:\/\/schema.org\",\"@graph\":[{\"@type\":\"Article\",\"@id\":\"https:\/\/kapitalis.com\/tunisie\/2018\/09\/03\/trafic-de-medicaments-enquete-suite-a-larrestation-dun-pharmacien\/#article\",\"isPartOf\":{\"@id\":\"https:\/\/kapitalis.com\/tunisie\/2018\/09\/03\/trafic-de-medicaments-enquete-suite-a-larrestation-dun-pharmacien\/\"},\"author\":{\"name\":\"Yusra NY\",\"@id\":\"https:\/\/kapitalis.com\/tunisie\/#\/schema\/person\/74bbde0154d49d790a92aaeac5bc01d5\"},\"headline\":\"Trafic de m\u00e9dicaments : Enqu\u00eate suite \u00e0 l\u2019arrestation d\u2019un pharmacien\",\"datePublished\":\"2018-09-03T16:29:17+00:00\",\"mainEntityOfPage\":{\"@id\":\"https:\/\/kapitalis.com\/tunisie\/2018\/09\/03\/trafic-de-medicaments-enquete-suite-a-larrestation-dun-pharmacien\/\"},\"wordCount\":148,\"commentCount\":1,\"publisher\":{\"@id\":\"https:\/\/kapitalis.com\/tunisie\/#organization\"},\"keywords\":[\"Alg\u00e9rie\",\"fronti\u00e8res\",\"m\u00e9dicaments\",\"pharmacien\",\"trafic\"],\"articleSection\":[\"SOCIETE\",\"Tunisie\"],\"inLanguage\":\"fr-FR\",\"potentialAction\":[{\"@type\":\"CommentAction\",\"name\":\"Comment\",\"target\":[\"https:\/\/kapitalis.com\/tunisie\/2018\/09\/03\/trafic-de-medicaments-enquete-suite-a-larrestation-dun-pharmacien\/#respond\"]}]},{\"@type\":\"WebPage\",\"@id\":\"https:\/\/kapitalis.com\/tunisie\/2018\/09\/03\/trafic-de-medicaments-enquete-suite-a-larrestation-dun-pharmacien\/\",\"url\":\"https:\/\/kapitalis.com\/tunisie\/2018\/09\/03\/trafic-de-medicaments-enquete-suite-a-larrestation-dun-pharmacien\/\",\"name\":\"Trafic de m\u00e9dicaments : Enqu\u00eate suite \u00e0 l\u2019arrestation d\u2019un pharmacien - Kapitalis\",\"isPartOf\":{\"@id\":\"https:\/\/kapitalis.com\/tunisie\/#website\"},\"datePublished\":\"2018-09-03T16:29:17+00:00\",\"breadcrumb\":{\"@id\":\"https:\/\/kapitalis.com\/tunisie\/2018\/09\/03\/trafic-de-medicaments-enquete-suite-a-larrestation-dun-pharmacien\/#breadcrumb\"},\"inLanguage\":\"fr-FR\",\"potentialAction\":[{\"@type\":\"ReadAction\",\"target\":[\"https:\/\/kapitalis.com\/tunisie\/2018\/09\/03\/trafic-de-medicaments-enquete-suite-a-larrestation-dun-pharmacien\/\"]}]},{\"@type\":\"BreadcrumbList\",\"@id\":\"https:\/\/kapitalis.com\/tunisie\/2018\/09\/03\/trafic-de-medicaments-enquete-suite-a-larrestation-dun-pharmacien\/#breadcrumb\",\"itemListElement\":[{\"@type\":\"ListItem\",\"position\":1,\"name\":\"Accueil\",\"item\":\"https:\/\/kapitalis.com\/tunisie\/\"},{\"@type\":\"ListItem\",\"position\":2,\"name\":\"Trafic de m\u00e9dicaments : Enqu\u00eate suite \u00e0 l\u2019arrestation d\u2019un pharmacien\"}]},{\"@type\":\"WebSite\",\"@id\":\"https:\/\/kapitalis.com\/tunisie\/#website\",\"url\":\"https:\/\/kapitalis.com\/tunisie\/\",\"name\":\"Kapitalis\",\"description\":\"L&#039;actualit\u00e9 en Tunisie et dans le monde\",\"publisher\":{\"@id\":\"https:\/\/kapitalis.com\/tunisie\/#organization\"},\"potentialAction\":[{\"@type\":\"SearchAction\",\"target\":{\"@type\":\"EntryPoint\",\"urlTemplate\":\"https:\/\/kapitalis.com\/tunisie\/?s={search_term_string}\"},\"query-input\":{\"@type\":\"PropertyValueSpecification\",\"valueRequired\":true,\"valueName\":\"search_term_string\"}}],\"inLanguage\":\"fr-FR\"},{\"@type\":\"Organization\",\"@id\":\"https:\/\/kapitalis.com\/tunisie\/#organization\",\"name\":\"Kapitalis\",\"url\":\"https:\/\/kapitalis.com\/tunisie\/\",\"logo\":{\"@type\":\"ImageObject\",\"inLanguage\":\"fr-FR\",\"@id\":\"https:\/\/kapitalis.com\/tunisie\/#\/schema\/logo\/image\/\",\"url\":\"https:\/\/kapitalis.com\/tunisie\/wp-content\/uploads\/2022\/05\/Kapitalis-big-size.png\",\"contentUrl\":\"https:\/\/kapitalis.com\/tunisie\/wp-content\/uploads\/2022\/05\/Kapitalis-big-size.png\",\"width\":5000,\"height\":1500,\"caption\":\"Kapitalis\"},\"image\":{\"@id\":\"https:\/\/kapitalis.com\/tunisie\/#\/schema\/logo\/image\/\"},\"sameAs\":[\"https:\/\/www.facebook.com\/KapitalisInfo\/\",\"https:\/\/x.com\/KapitalisInfo\",\"https:\/\/www.youtube.com\/channel\/UC-yDYrHyfFBWWZaOw3FPg9Q\"]},{\"@type\":\"Person\",\"@id\":\"https:\/\/kapitalis.com\/tunisie\/#\/schema\/person\/74bbde0154d49d790a92aaeac5bc01d5\",\"name\":\"Yusra NY\",\"url\":\"https:\/\/kapitalis.com\/tunisie\/author\/yuza_adam\/\"}]}<\/script>\n<!-- \/ Yoast SEO plugin. -->","yoast_head_json":{"title":"Trafic de m\u00e9dicaments : Enqu\u00eate suite \u00e0 l\u2019arrestation d\u2019un pharmacien - Kapitalis","robots":{"index":"index","follow":"follow","max-snippet":"max-snippet:-1","max-image-preview":"max-image-preview:large","max-video-preview":"max-video-preview:-1"},"canonical":"https:\/\/kapitalis.com\/tunisie\/2018\/09\/03\/trafic-de-medicaments-enquete-suite-a-larrestation-dun-pharmacien\/","og_locale":"fr_FR","og_type":"article","og_title":"Trafic de m\u00e9dicaments : Enqu\u00eate suite \u00e0 l\u2019arrestation d\u2019un pharmacien - Kapitalis","og_description":"Le minist\u00e8re public a ouvert une enqu\u00eate sur le trafic des m\u00e9dicaments, suite \u00e0 l\u2019arrestation d\u2019un pharmacien \u00e0 la fronti\u00e8re tuniso-alg\u00e9rienne, exportant ill\u00e9galement des produits m\u00e9dicaux.","og_url":"https:\/\/kapitalis.com\/tunisie\/2018\/09\/03\/trafic-de-medicaments-enquete-suite-a-larrestation-dun-pharmacien\/","og_site_name":"Kapitalis","article_publisher":"https:\/\/www.facebook.com\/KapitalisInfo\/","article_published_time":"2018-09-03T16:29:17+00:00","og_image":[{"width":1200,"height":630,"url":"https:\/\/kapitalis.com\/tunisie\/wp-content\/uploads\/2022\/05\/kapitalis-logo-fb.png","type":"image\/png"}],"author":"Yusra NY","twitter_card":"summary_large_image","twitter_creator":"@KapitalisInfo","twitter_site":"@KapitalisInfo","twitter_misc":{"\u00c9crit par":"Yusra NY","Dur\u00e9e de lecture estim\u00e9e":"1 minute"},"schema":{"@context":"https:\/\/schema.org","@graph":[{"@type":"Article","@id":"https:\/\/kapitalis.com\/tunisie\/2018\/09\/03\/trafic-de-medicaments-enquete-suite-a-larrestation-dun-pharmacien\/#article","isPartOf":{"@id":"https:\/\/kapitalis.com\/tunisie\/2018\/09\/03\/trafic-de-medicaments-enquete-suite-a-larrestation-dun-pharmacien\/"},"author":{"name":"Yusra NY","@id":"https:\/\/kapitalis.com\/tunisie\/#\/schema\/person\/74bbde0154d49d790a92aaeac5bc01d5"},"headline":"Trafic de m\u00e9dicaments : Enqu\u00eate suite \u00e0 l\u2019arrestation d\u2019un pharmacien","datePublished":"2018-09-03T16:29:17+00:00","mainEntityOfPage":{"@id":"https:\/\/kapitalis.com\/tunisie\/2018\/09\/03\/trafic-de-medicaments-enquete-suite-a-larrestation-dun-pharmacien\/"},"wordCount":148,"commentCount":1,"publisher":{"@id":"https:\/\/kapitalis.com\/tunisie\/#organization"},"keywords":["Alg\u00e9rie","fronti\u00e8res","m\u00e9dicaments","pharmacien","trafic"],"articleSection":["SOCIETE","Tunisie"],"inLanguage":"fr-FR","potentialAction":[{"@type":"CommentAction","name":"Comment","target":["https:\/\/kapitalis.com\/tunisie\/2018\/09\/03\/trafic-de-medicaments-enquete-suite-a-larrestation-dun-pharmacien\/#respond"]}]},{"@type":"WebPage","@id":"https:\/\/kapitalis.com\/tunisie\/2018\/09\/03\/trafic-de-medicaments-enquete-suite-a-larrestation-dun-pharmacien\/","url":"https:\/\/kapitalis.com\/tunisie\/2018\/09\/03\/trafic-de-medicaments-enquete-suite-a-larrestation-dun-pharmacien\/","name":"Trafic de m\u00e9dicaments : Enqu\u00eate suite \u00e0 l\u2019arrestation d\u2019un pharmacien - Kapitalis","isPartOf":{"@id":"https:\/\/kapitalis.com\/tunisie\/#website"},"datePublished":"2018-09-03T16:29:17+00:00","breadcrumb":{"@id":"https:\/\/kapitalis.com\/tunisie\/2018\/09\/03\/trafic-de-medicaments-enquete-suite-a-larrestation-dun-pharmacien\/#breadcrumb"},"inLanguage":"fr-FR","potentialAction":[{"@type":"ReadAction","target":["https:\/\/kapitalis.com\/tunisie\/2018\/09\/03\/trafic-de-medicaments-enquete-suite-a-larrestation-dun-pharmacien\/"]}]},{"@type":"BreadcrumbList","@id":"https:\/\/kapitalis.com\/tunisie\/2018\/09\/03\/trafic-de-medicaments-enquete-suite-a-larrestation-dun-pharmacien\/#breadcrumb","itemListElement":[{"@type":"ListItem","position":1,"name":"Accueil","item":"https:\/\/kapitalis.com\/tunisie\/"},{"@type":"ListItem","position":2,"name":"Trafic de m\u00e9dicaments : Enqu\u00eate suite \u00e0 l\u2019arrestation d\u2019un pharmacien"}]},{"@type":"WebSite","@id":"https:\/\/kapitalis.com\/tunisie\/#website","url":"https:\/\/kapitalis.com\/tunisie\/","name":"Kapitalis","description":"L&#039;actualit\u00e9 en Tunisie et dans le monde","publisher":{"@id":"https:\/\/kapitalis.com\/tunisie\/#organization"},"potentialAction":[{"@type":"SearchAction","target":{"@type":"EntryPoint","urlTemplate":"https:\/\/kapitalis.com\/tunisie\/?s={search_term_string}"},"query-input":{"@type":"PropertyValueSpecification","valueRequired":true,"valueName":"search_term_string"}}],"inLanguage":"fr-FR"},{"@type":"Organization","@id":"https:\/\/kapitalis.com\/tunisie\/#organization","name":"Kapitalis","url":"https:\/\/kapitalis.com\/tunisie\/","logo":{"@type":"ImageObject","inLanguage":"fr-FR","@id":"https:\/\/kapitalis.com\/tunisie\/#\/schema\/logo\/image\/","url":"https:\/\/kapitalis.com\/tunisie\/wp-content\/uploads\/2022\/05\/Kapitalis-big-size.png","contentUrl":"https:\/\/kapitalis.com\/tunisie\/wp-content\/uploads\/2022\/05\/Kapitalis-big-size.png","width":5000,"height":1500,"caption":"Kapitalis"},"image":{"@id":"https:\/\/kapitalis.com\/tunisie\/#\/schema\/logo\/image\/"},"sameAs":["https:\/\/www.facebook.com\/KapitalisInfo\/","https:\/\/x.com\/KapitalisInfo","https:\/\/www.youtube.com\/channel\/UC-yDYrHyfFBWWZaOw3FPg9Q"]},{"@type":"Person","@id":"https:\/\/kapitalis.com\/tunisie\/#\/schema\/person\/74bbde0154d49d790a92aaeac5bc01d5","name":"Yusra NY","url":"https:\/\/kapitalis.com\/tunisie\/author\/yuza_adam\/"}]}},"_links":{"self":[{"href":"https:\/\/kapitalis.com\/tunisie\/wp-json\/wp\/v2\/posts\/172193","targetHints":{"allow":["GET"]}}],"collection":[{"href":"https:\/\/kapitalis.com\/tunisie\/wp-json\/wp\/v2\/posts"}],"about":[{"href":"https:\/\/kapitalis.com\/tunisie\/wp-json\/wp\/v2\/types\/post"}],"author":[{"embeddable":true,"href":"https:\/\/kapitalis.com\/tunisie\/wp-json\/wp\/v2\/users\/6"}],"replies":[{"embeddable":true,"href":"https:\/\/kapitalis.com\/tunisie\/wp-json\/wp\/v2\/comments?post=172193"}],"version-history":[{"count":0,"href":"https:\/\/kapitalis.com\/tunisie\/wp-json\/wp\/v2\/posts\/172193\/revisions"}],"wp:attachment":[{"href":"https:\/\/kapitalis.com\/tunisie\/wp-json\/wp\/v2\/media?parent=172193"}],"wp:term":[{"taxonomy":"category","embeddable":true,"href":"https:\/\/kapitalis.com\/tunisie\/wp-json\/wp\/v2\/categories?post=172193"},{"taxonomy":"post_tag","embeddable":true,"href":"https:\/\/kapitalis.com\/tunisie\/wp-json\/wp\/v2\/tags?post=172193"}],"curies":[{"name":"wp","href":"https:\/\/api.w.org\/{rel}","templated":true}]}}