{"id":172288,"date":"2018-09-04T11:36:27","date_gmt":"2018-09-04T10:36:27","guid":{"rendered":"http:\/\/kapitalis.com\/tunisie\/?p=172288"},"modified":"2018-09-04T11:39:36","modified_gmt":"2018-09-04T10:39:36","slug":"une-video-de-frontex-disculperait-le-pecheur-tunisien-arrete-en-italie","status":"publish","type":"post","link":"https:\/\/kapitalis.com\/tunisie\/2018\/09\/04\/une-video-de-frontex-disculperait-le-pecheur-tunisien-arrete-en-italie\/","title":{"rendered":"Une vid\u00e9o de Frontex disculperait le p\u00eacheur tunisien arr\u00eat\u00e9 en Italie"},"content":{"rendered":"<p style=\"text-align: center;\"><img loading=\"lazy\" decoding=\"async\" class=\"alignnone size-full wp-image-172296\" src=\"http:\/\/kapitalis.com\/tunisie\/wp-content\/uploads\/2018\/09\/Frontex-p\u00eacheur-tunisien-sauvetage-migrants.jpg\" alt=\"\" width=\"626\" height=\"380\" \/><\/p>\n<p><em><strong>Une vid\u00e9o diffus\u00e9e par l&rsquo;Agence europ\u00e9enne de garde-c\u00f4tes et garde-fronti\u00e8res (Frontex) pourrait prouver que le p\u00eacheur tunisien Chamseddine Bourassine a bel et bien sauv\u00e9 des migrants en mer et n\u2019est pas un passeur, comme l\u2019en accusent les autorit\u00e9s italiennes, qui l&rsquo;ont mis en d\u00e9tention.<\/strong><\/em><!--more--><\/p>\n<p>La vid\u00e9o diffus\u00e9e par une agence on ne peut plus officielle devrait renforcer la version donn\u00e9e par Chamseddine Bourassine, le pr\u00e9sident de l\u2019association \u00ab<em>Le p\u00eacheur pour le d\u00e9veloppement et l\u2019environnement<\/em>\u00bb, qui a crois\u00e9, la semaine derni\u00e8re, une embarcation de migrants clandestins \u00e0 la d\u00e9rive et l&rsquo;a secourue en la remorquant jusqu&rsquo;en Italie.<\/p>\n<p>Ce n&rsquo;est malheureusement pas l&rsquo;avis des autorit\u00e9s italiennes, qui l\u2019ont plac\u00e9 en d\u00e9tention, ainsi que 5 membres de son \u00e9quipage, les accusant d\u2019\u00eatre des passeurs, ce qu\u2019ils r\u00e9futent cat\u00e9goriquement.<\/p>\n<p>Les coll\u00e8gues du p\u00eacheur\u00a0 en Tunisie ont aussi confirm\u00e9 d\u00e9tenir des enregistrements d&rsquo;appels de Chamseddine Bourassine annon\u00e7ant qu\u2019il proc\u00e9dait \u00e0 un sauvetage.<\/p>\n<p>Notons aussi que plusieurs p\u00eacheurs ont manifest\u00e9 hier \u00e0 Zarzis, le port d&rsquo;attache de Bourassine et ses coll\u00e8gues, appelant les autorit\u00e9s tunisiennes \u00e0 intervenir, en regrettant que l\u2019Italie ait arr\u00eat\u00e9 leur coll\u00e8gue au lieu de l\u2019honorer pour son geste h\u00e9ro\u00efque, selon leurs dires.<\/p>\n<div class=\"embed\">\n<div class=\"video\"><iframe loading=\"lazy\" src=\"https:\/\/www.facebook.com\/plugins\/video.php?href=https%3A%2F%2Fwww.facebook.com%2Ffrontex%2Fvideos%2F546298865803914%2F&#038;show_text=0&#038;width=560\" width=\"560\" height=\"315\" style=\"border:none;overflow:hidden\" scrolling=\"no\" frameborder=\"0\" allowTransparency=\"true\" allowFullScreen=\"true\"><\/iframe><\/div>\n<\/div>\n<p>&nbsp;<br \/>\nEsp\u00e9rons que les autorit\u00e9s tunisiennes r\u00e9agiront aupr\u00e8s de leurs homologues italiennes pour faire lib\u00e9rer les p\u00eacheurs tunisiens incarc\u00e9r\u00e9s.<\/p>\n<p style=\"text-align: right;\"><strong>Y. N.<\/strong><\/p>\n<blockquote class=\"wp-embedded-content\" data-secret=\"hhP8ik9jHs\"><p><a href=\"https:\/\/kapitalis.com\/tunisie\/2018\/09\/03\/un-pecheur-tunisien-sauve-des-migrants-en-mer-et-se-fait-arreter-en-italie\/\">Un p\u00eacheur tunisien sauve des migrants en mer et se fait arr\u00eater en Italie<\/a><\/p><\/blockquote>\n<p><iframe loading=\"lazy\" class=\"wp-embedded-content\" sandbox=\"allow-scripts\" security=\"restricted\" style=\"position: absolute; clip: rect(1px, 1px, 1px, 1px);\" title=\"\u00ab\u00a0Un p\u00eacheur tunisien sauve des migrants en mer et se fait arr\u00eater en Italie\u00a0\u00bb &#8212; Kapitalis\" src=\"https:\/\/kapitalis.com\/tunisie\/2018\/09\/03\/un-pecheur-tunisien-sauve-des-migrants-en-mer-et-se-fait-arreter-en-italie\/embed\/#?secret=Pts8kIyPUE#?secret=hhP8ik9jHs\" data-secret=\"hhP8ik9jHs\" width=\"600\" height=\"338\" frameborder=\"0\" marginwidth=\"0\" marginheight=\"0\" scrolling=\"no\"><\/iframe><\/p>\n","protected":false},"excerpt":{"rendered":"<p>Une vid\u00e9o diffus\u00e9e par l&rsquo;Agence europ\u00e9enne de garde-c\u00f4tes et garde-fronti\u00e8res (Frontex) pourrait prouver que le p\u00eacheur tunisien Chamseddine Bourassine a bel et bien sauv\u00e9 des migrants en mer et n\u2019est pas un passeur, comme l\u2019en accusent les autorit\u00e9s italiennes, qui l&rsquo;ont mis en d\u00e9tention.<\/p>\n","protected":false},"author":6,"featured_media":172296,"comment_status":"open","ping_status":"open","sticky":false,"template":"","format":"standard","meta":{"footnotes":""},"categories":[998,2433,4806],"tags":[25404,1786,505,4132,975],"class_list":["post-172288","post","type-post","status-publish","format-standard","has-post-thumbnail","hentry","category-societe","category-tunisie","category-videos","tag-frontex","tag-garde-cotes","tag-italie","tag-migrants-clandestins","tag-zarzis"],"yoast_head":"<!-- This site is optimized with the Yoast SEO plugin v26.6 - https:\/\/yoast.com\/wordpress\/plugins\/seo\/ -->\n<title>Une vid\u00e9o de Frontex disculperait le p\u00eacheur tunisien arr\u00eat\u00e9 en Italie - Kapitalis<\/title>\n<meta name=\"robots\" content=\"index, follow, max-snippet:-1, max-image-preview:large, max-video-preview:-1\" \/>\n<link rel=\"canonical\" href=\"https:\/\/kapitalis.com\/tunisie\/2018\/09\/04\/une-video-de-frontex-disculperait-le-pecheur-tunisien-arrete-en-italie\/\" \/>\n<meta property=\"og:locale\" content=\"fr_FR\" \/>\n<meta property=\"og:type\" content=\"article\" \/>\n<meta property=\"og:title\" content=\"Une vid\u00e9o de Frontex disculperait le p\u00eacheur tunisien arr\u00eat\u00e9 en Italie - Kapitalis\" \/>\n<meta property=\"og:description\" content=\"Une vid\u00e9o diffus\u00e9e par l&rsquo;Agence europ\u00e9enne de garde-c\u00f4tes et garde-fronti\u00e8res (Frontex) pourrait prouver que le p\u00eacheur tunisien Chamseddine Bourassine a bel et bien sauv\u00e9 des migrants en mer et n\u2019est pas un passeur, comme l\u2019en accusent les autorit\u00e9s italiennes, qui l&rsquo;ont mis en d\u00e9tention.\" \/>\n<meta property=\"og:url\" content=\"https:\/\/kapitalis.com\/tunisie\/2018\/09\/04\/une-video-de-frontex-disculperait-le-pecheur-tunisien-arrete-en-italie\/\" \/>\n<meta property=\"og:site_name\" content=\"Kapitalis\" \/>\n<meta property=\"article:publisher\" content=\"https:\/\/www.facebook.com\/KapitalisInfo\/\" \/>\n<meta property=\"article:published_time\" content=\"2018-09-04T10:36:27+00:00\" \/>\n<meta property=\"article:modified_time\" content=\"2018-09-04T10:39:36+00:00\" \/>\n<meta property=\"og:image\" content=\"https:\/\/kapitalis.com\/tunisie\/wp-content\/uploads\/2022\/05\/kapitalis-logo-fb.png\" \/>\n\t<meta property=\"og:image:width\" content=\"1200\" \/>\n\t<meta property=\"og:image:height\" content=\"630\" \/>\n\t<meta property=\"og:image:type\" content=\"image\/png\" \/>\n<meta name=\"author\" content=\"Yusra NY\" \/>\n<meta name=\"twitter:card\" content=\"summary_large_image\" \/>\n<meta name=\"twitter:creator\" content=\"@KapitalisInfo\" \/>\n<meta name=\"twitter:site\" content=\"@KapitalisInfo\" \/>\n<meta name=\"twitter:label1\" content=\"\u00c9crit par\" \/>\n\t<meta name=\"twitter:data1\" content=\"Yusra NY\" \/>\n\t<meta name=\"twitter:label2\" content=\"Dur\u00e9e de lecture estim\u00e9e\" \/>\n\t<meta name=\"twitter:data2\" content=\"1 minute\" \/>\n<script type=\"application\/ld+json\" class=\"yoast-schema-graph\">{\"@context\":\"https:\/\/schema.org\",\"@graph\":[{\"@type\":\"Article\",\"@id\":\"https:\/\/kapitalis.com\/tunisie\/2018\/09\/04\/une-video-de-frontex-disculperait-le-pecheur-tunisien-arrete-en-italie\/#article\",\"isPartOf\":{\"@id\":\"https:\/\/kapitalis.com\/tunisie\/2018\/09\/04\/une-video-de-frontex-disculperait-le-pecheur-tunisien-arrete-en-italie\/\"},\"author\":{\"name\":\"Yusra NY\",\"@id\":\"https:\/\/kapitalis.com\/tunisie\/#\/schema\/person\/74bbde0154d49d790a92aaeac5bc01d5\"},\"headline\":\"Une vid\u00e9o de Frontex disculperait le p\u00eacheur tunisien arr\u00eat\u00e9 en Italie\",\"datePublished\":\"2018-09-04T10:36:27+00:00\",\"dateModified\":\"2018-09-04T10:39:36+00:00\",\"mainEntityOfPage\":{\"@id\":\"https:\/\/kapitalis.com\/tunisie\/2018\/09\/04\/une-video-de-frontex-disculperait-le-pecheur-tunisien-arrete-en-italie\/\"},\"wordCount\":275,\"commentCount\":0,\"publisher\":{\"@id\":\"https:\/\/kapitalis.com\/tunisie\/#organization\"},\"image\":{\"@id\":\"https:\/\/kapitalis.com\/tunisie\/2018\/09\/04\/une-video-de-frontex-disculperait-le-pecheur-tunisien-arrete-en-italie\/#primaryimage\"},\"thumbnailUrl\":\"\",\"keywords\":[\"Frontex\",\"garde-c\u00f4tes\",\"Italie\",\"migrants clandestins\",\"Zarzis\"],\"articleSection\":[\"SOCIETE\",\"Tunisie\",\"VIDEOS\"],\"inLanguage\":\"fr-FR\",\"potentialAction\":[{\"@type\":\"CommentAction\",\"name\":\"Comment\",\"target\":[\"https:\/\/kapitalis.com\/tunisie\/2018\/09\/04\/une-video-de-frontex-disculperait-le-pecheur-tunisien-arrete-en-italie\/#respond\"]}]},{\"@type\":\"WebPage\",\"@id\":\"https:\/\/kapitalis.com\/tunisie\/2018\/09\/04\/une-video-de-frontex-disculperait-le-pecheur-tunisien-arrete-en-italie\/\",\"url\":\"https:\/\/kapitalis.com\/tunisie\/2018\/09\/04\/une-video-de-frontex-disculperait-le-pecheur-tunisien-arrete-en-italie\/\",\"name\":\"Une vid\u00e9o de Frontex disculperait le p\u00eacheur tunisien arr\u00eat\u00e9 en Italie - Kapitalis\",\"isPartOf\":{\"@id\":\"https:\/\/kapitalis.com\/tunisie\/#website\"},\"primaryImageOfPage\":{\"@id\":\"https:\/\/kapitalis.com\/tunisie\/2018\/09\/04\/une-video-de-frontex-disculperait-le-pecheur-tunisien-arrete-en-italie\/#primaryimage\"},\"image\":{\"@id\":\"https:\/\/kapitalis.com\/tunisie\/2018\/09\/04\/une-video-de-frontex-disculperait-le-pecheur-tunisien-arrete-en-italie\/#primaryimage\"},\"thumbnailUrl\":\"\",\"datePublished\":\"2018-09-04T10:36:27+00:00\",\"dateModified\":\"2018-09-04T10:39:36+00:00\",\"breadcrumb\":{\"@id\":\"https:\/\/kapitalis.com\/tunisie\/2018\/09\/04\/une-video-de-frontex-disculperait-le-pecheur-tunisien-arrete-en-italie\/#breadcrumb\"},\"inLanguage\":\"fr-FR\",\"potentialAction\":[{\"@type\":\"ReadAction\",\"target\":[\"https:\/\/kapitalis.com\/tunisie\/2018\/09\/04\/une-video-de-frontex-disculperait-le-pecheur-tunisien-arrete-en-italie\/\"]}]},{\"@type\":\"ImageObject\",\"inLanguage\":\"fr-FR\",\"@id\":\"https:\/\/kapitalis.com\/tunisie\/2018\/09\/04\/une-video-de-frontex-disculperait-le-pecheur-tunisien-arrete-en-italie\/#primaryimage\",\"url\":\"\",\"contentUrl\":\"\"},{\"@type\":\"BreadcrumbList\",\"@id\":\"https:\/\/kapitalis.com\/tunisie\/2018\/09\/04\/une-video-de-frontex-disculperait-le-pecheur-tunisien-arrete-en-italie\/#breadcrumb\",\"itemListElement\":[{\"@type\":\"ListItem\",\"position\":1,\"name\":\"Accueil\",\"item\":\"https:\/\/kapitalis.com\/tunisie\/\"},{\"@type\":\"ListItem\",\"position\":2,\"name\":\"Une vid\u00e9o de Frontex disculperait le p\u00eacheur tunisien arr\u00eat\u00e9 en Italie\"}]},{\"@type\":\"WebSite\",\"@id\":\"https:\/\/kapitalis.com\/tunisie\/#website\",\"url\":\"https:\/\/kapitalis.com\/tunisie\/\",\"name\":\"Kapitalis\",\"description\":\"L&#039;actualit\u00e9 en Tunisie et dans le monde\",\"publisher\":{\"@id\":\"https:\/\/kapitalis.com\/tunisie\/#organization\"},\"potentialAction\":[{\"@type\":\"SearchAction\",\"target\":{\"@type\":\"EntryPoint\",\"urlTemplate\":\"https:\/\/kapitalis.com\/tunisie\/?s={search_term_string}\"},\"query-input\":{\"@type\":\"PropertyValueSpecification\",\"valueRequired\":true,\"valueName\":\"search_term_string\"}}],\"inLanguage\":\"fr-FR\"},{\"@type\":\"Organization\",\"@id\":\"https:\/\/kapitalis.com\/tunisie\/#organization\",\"name\":\"Kapitalis\",\"url\":\"https:\/\/kapitalis.com\/tunisie\/\",\"logo\":{\"@type\":\"ImageObject\",\"inLanguage\":\"fr-FR\",\"@id\":\"https:\/\/kapitalis.com\/tunisie\/#\/schema\/logo\/image\/\",\"url\":\"https:\/\/kapitalis.com\/tunisie\/wp-content\/uploads\/2022\/05\/Kapitalis-big-size.png\",\"contentUrl\":\"https:\/\/kapitalis.com\/tunisie\/wp-content\/uploads\/2022\/05\/Kapitalis-big-size.png\",\"width\":5000,\"height\":1500,\"caption\":\"Kapitalis\"},\"image\":{\"@id\":\"https:\/\/kapitalis.com\/tunisie\/#\/schema\/logo\/image\/\"},\"sameAs\":[\"https:\/\/www.facebook.com\/KapitalisInfo\/\",\"https:\/\/x.com\/KapitalisInfo\",\"https:\/\/www.youtube.com\/channel\/UC-yDYrHyfFBWWZaOw3FPg9Q\"]},{\"@type\":\"Person\",\"@id\":\"https:\/\/kapitalis.com\/tunisie\/#\/schema\/person\/74bbde0154d49d790a92aaeac5bc01d5\",\"name\":\"Yusra NY\",\"url\":\"https:\/\/kapitalis.com\/tunisie\/author\/yuza_adam\/\"}]}<\/script>\n<!-- \/ Yoast SEO plugin. -->","yoast_head_json":{"title":"Une vid\u00e9o de Frontex disculperait le p\u00eacheur tunisien arr\u00eat\u00e9 en Italie - Kapitalis","robots":{"index":"index","follow":"follow","max-snippet":"max-snippet:-1","max-image-preview":"max-image-preview:large","max-video-preview":"max-video-preview:-1"},"canonical":"https:\/\/kapitalis.com\/tunisie\/2018\/09\/04\/une-video-de-frontex-disculperait-le-pecheur-tunisien-arrete-en-italie\/","og_locale":"fr_FR","og_type":"article","og_title":"Une vid\u00e9o de Frontex disculperait le p\u00eacheur tunisien arr\u00eat\u00e9 en Italie - Kapitalis","og_description":"Une vid\u00e9o diffus\u00e9e par l&rsquo;Agence europ\u00e9enne de garde-c\u00f4tes et garde-fronti\u00e8res (Frontex) pourrait prouver que le p\u00eacheur tunisien Chamseddine Bourassine a bel et bien sauv\u00e9 des migrants en mer et n\u2019est pas un passeur, comme l\u2019en accusent les autorit\u00e9s italiennes, qui l&rsquo;ont mis en d\u00e9tention.","og_url":"https:\/\/kapitalis.com\/tunisie\/2018\/09\/04\/une-video-de-frontex-disculperait-le-pecheur-tunisien-arrete-en-italie\/","og_site_name":"Kapitalis","article_publisher":"https:\/\/www.facebook.com\/KapitalisInfo\/","article_published_time":"2018-09-04T10:36:27+00:00","article_modified_time":"2018-09-04T10:39:36+00:00","og_image":[{"width":1200,"height":630,"url":"https:\/\/kapitalis.com\/tunisie\/wp-content\/uploads\/2022\/05\/kapitalis-logo-fb.png","type":"image\/png"}],"author":"Yusra NY","twitter_card":"summary_large_image","twitter_creator":"@KapitalisInfo","twitter_site":"@KapitalisInfo","twitter_misc":{"\u00c9crit par":"Yusra NY","Dur\u00e9e de lecture estim\u00e9e":"1 minute"},"schema":{"@context":"https:\/\/schema.org","@graph":[{"@type":"Article","@id":"https:\/\/kapitalis.com\/tunisie\/2018\/09\/04\/une-video-de-frontex-disculperait-le-pecheur-tunisien-arrete-en-italie\/#article","isPartOf":{"@id":"https:\/\/kapitalis.com\/tunisie\/2018\/09\/04\/une-video-de-frontex-disculperait-le-pecheur-tunisien-arrete-en-italie\/"},"author":{"name":"Yusra NY","@id":"https:\/\/kapitalis.com\/tunisie\/#\/schema\/person\/74bbde0154d49d790a92aaeac5bc01d5"},"headline":"Une vid\u00e9o de Frontex disculperait le p\u00eacheur tunisien arr\u00eat\u00e9 en Italie","datePublished":"2018-09-04T10:36:27+00:00","dateModified":"2018-09-04T10:39:36+00:00","mainEntityOfPage":{"@id":"https:\/\/kapitalis.com\/tunisie\/2018\/09\/04\/une-video-de-frontex-disculperait-le-pecheur-tunisien-arrete-en-italie\/"},"wordCount":275,"commentCount":0,"publisher":{"@id":"https:\/\/kapitalis.com\/tunisie\/#organization"},"image":{"@id":"https:\/\/kapitalis.com\/tunisie\/2018\/09\/04\/une-video-de-frontex-disculperait-le-pecheur-tunisien-arrete-en-italie\/#primaryimage"},"thumbnailUrl":"","keywords":["Frontex","garde-c\u00f4tes","Italie","migrants clandestins","Zarzis"],"articleSection":["SOCIETE","Tunisie","VIDEOS"],"inLanguage":"fr-FR","potentialAction":[{"@type":"CommentAction","name":"Comment","target":["https:\/\/kapitalis.com\/tunisie\/2018\/09\/04\/une-video-de-frontex-disculperait-le-pecheur-tunisien-arrete-en-italie\/#respond"]}]},{"@type":"WebPage","@id":"https:\/\/kapitalis.com\/tunisie\/2018\/09\/04\/une-video-de-frontex-disculperait-le-pecheur-tunisien-arrete-en-italie\/","url":"https:\/\/kapitalis.com\/tunisie\/2018\/09\/04\/une-video-de-frontex-disculperait-le-pecheur-tunisien-arrete-en-italie\/","name":"Une vid\u00e9o de Frontex disculperait le p\u00eacheur tunisien arr\u00eat\u00e9 en Italie - Kapitalis","isPartOf":{"@id":"https:\/\/kapitalis.com\/tunisie\/#website"},"primaryImageOfPage":{"@id":"https:\/\/kapitalis.com\/tunisie\/2018\/09\/04\/une-video-de-frontex-disculperait-le-pecheur-tunisien-arrete-en-italie\/#primaryimage"},"image":{"@id":"https:\/\/kapitalis.com\/tunisie\/2018\/09\/04\/une-video-de-frontex-disculperait-le-pecheur-tunisien-arrete-en-italie\/#primaryimage"},"thumbnailUrl":"","datePublished":"2018-09-04T10:36:27+00:00","dateModified":"2018-09-04T10:39:36+00:00","breadcrumb":{"@id":"https:\/\/kapitalis.com\/tunisie\/2018\/09\/04\/une-video-de-frontex-disculperait-le-pecheur-tunisien-arrete-en-italie\/#breadcrumb"},"inLanguage":"fr-FR","potentialAction":[{"@type":"ReadAction","target":["https:\/\/kapitalis.com\/tunisie\/2018\/09\/04\/une-video-de-frontex-disculperait-le-pecheur-tunisien-arrete-en-italie\/"]}]},{"@type":"ImageObject","inLanguage":"fr-FR","@id":"https:\/\/kapitalis.com\/tunisie\/2018\/09\/04\/une-video-de-frontex-disculperait-le-pecheur-tunisien-arrete-en-italie\/#primaryimage","url":"","contentUrl":""},{"@type":"BreadcrumbList","@id":"https:\/\/kapitalis.com\/tunisie\/2018\/09\/04\/une-video-de-frontex-disculperait-le-pecheur-tunisien-arrete-en-italie\/#breadcrumb","itemListElement":[{"@type":"ListItem","position":1,"name":"Accueil","item":"https:\/\/kapitalis.com\/tunisie\/"},{"@type":"ListItem","position":2,"name":"Une vid\u00e9o de Frontex disculperait le p\u00eacheur tunisien arr\u00eat\u00e9 en Italie"}]},{"@type":"WebSite","@id":"https:\/\/kapitalis.com\/tunisie\/#website","url":"https:\/\/kapitalis.com\/tunisie\/","name":"Kapitalis","description":"L&#039;actualit\u00e9 en Tunisie et dans le monde","publisher":{"@id":"https:\/\/kapitalis.com\/tunisie\/#organization"},"potentialAction":[{"@type":"SearchAction","target":{"@type":"EntryPoint","urlTemplate":"https:\/\/kapitalis.com\/tunisie\/?s={search_term_string}"},"query-input":{"@type":"PropertyValueSpecification","valueRequired":true,"valueName":"search_term_string"}}],"inLanguage":"fr-FR"},{"@type":"Organization","@id":"https:\/\/kapitalis.com\/tunisie\/#organization","name":"Kapitalis","url":"https:\/\/kapitalis.com\/tunisie\/","logo":{"@type":"ImageObject","inLanguage":"fr-FR","@id":"https:\/\/kapitalis.com\/tunisie\/#\/schema\/logo\/image\/","url":"https:\/\/kapitalis.com\/tunisie\/wp-content\/uploads\/2022\/05\/Kapitalis-big-size.png","contentUrl":"https:\/\/kapitalis.com\/tunisie\/wp-content\/uploads\/2022\/05\/Kapitalis-big-size.png","width":5000,"height":1500,"caption":"Kapitalis"},"image":{"@id":"https:\/\/kapitalis.com\/tunisie\/#\/schema\/logo\/image\/"},"sameAs":["https:\/\/www.facebook.com\/KapitalisInfo\/","https:\/\/x.com\/KapitalisInfo","https:\/\/www.youtube.com\/channel\/UC-yDYrHyfFBWWZaOw3FPg9Q"]},{"@type":"Person","@id":"https:\/\/kapitalis.com\/tunisie\/#\/schema\/person\/74bbde0154d49d790a92aaeac5bc01d5","name":"Yusra NY","url":"https:\/\/kapitalis.com\/tunisie\/author\/yuza_adam\/"}]}},"_links":{"self":[{"href":"https:\/\/kapitalis.com\/tunisie\/wp-json\/wp\/v2\/posts\/172288","targetHints":{"allow":["GET"]}}],"collection":[{"href":"https:\/\/kapitalis.com\/tunisie\/wp-json\/wp\/v2\/posts"}],"about":[{"href":"https:\/\/kapitalis.com\/tunisie\/wp-json\/wp\/v2\/types\/post"}],"author":[{"embeddable":true,"href":"https:\/\/kapitalis.com\/tunisie\/wp-json\/wp\/v2\/users\/6"}],"replies":[{"embeddable":true,"href":"https:\/\/kapitalis.com\/tunisie\/wp-json\/wp\/v2\/comments?post=172288"}],"version-history":[{"count":0,"href":"https:\/\/kapitalis.com\/tunisie\/wp-json\/wp\/v2\/posts\/172288\/revisions"}],"wp:featuredmedia":[{"embeddable":true,"href":"https:\/\/kapitalis.com\/tunisie\/wp-json\/wp\/v2\/media\/172296"}],"wp:attachment":[{"href":"https:\/\/kapitalis.com\/tunisie\/wp-json\/wp\/v2\/media?parent=172288"}],"wp:term":[{"taxonomy":"category","embeddable":true,"href":"https:\/\/kapitalis.com\/tunisie\/wp-json\/wp\/v2\/categories?post=172288"},{"taxonomy":"post_tag","embeddable":true,"href":"https:\/\/kapitalis.com\/tunisie\/wp-json\/wp\/v2\/tags?post=172288"}],"curies":[{"name":"wp","href":"https:\/\/api.w.org\/{rel}","templated":true}]}}