{"id":1728063,"date":"2022-06-24T14:17:46","date_gmt":"2022-06-24T13:17:46","guid":{"rendered":"https:\/\/kapitalis.com\/tunisie\/?p=1728063"},"modified":"2022-06-24T14:21:03","modified_gmt":"2022-06-24T13:21:03","slug":"tunisie-le-ministere-de-linterieur-apporte-des-precisions-sur-larrestation-de-hamadi-jebali","status":"publish","type":"post","link":"https:\/\/kapitalis.com\/tunisie\/2022\/06\/24\/tunisie-le-ministere-de-linterieur-apporte-des-precisions-sur-larrestation-de-hamadi-jebali\/","title":{"rendered":"Tunisie : Le minist\u00e8re de l&rsquo;Int\u00e9rieur apporte des pr\u00e9cisions sur l&rsquo;arrestation de Hamadi Jebali"},"content":{"rendered":"\n<p><strong><em>Lors du point organis\u00e9 ce vendredi 24 juin 2022, la porte-parole du minist\u00e8re de l\u2019Int\u00e9rieur, Fadhila Khlifi est revenue sur l&rsquo;arrestation, hier, de Hamadi Jebali l\u2019ancien chef du gouvernement nahdhaoui, (sans pour autant citer explicitement son nom), et en indiquant que l&rsquo;affaire est li\u00e9e \u00e0 une association \u00abNama\u00bb, suspect\u00e9e de financements \u00e9trangers douteux et de blanchiment d&rsquo;argent.<\/em><\/strong><\/p>\n\n\n\n<!--more-->\n\n\n\n<p>\u00ab<em>L&rsquo;enqu\u00eate a \u00e9t\u00e9 ouverte suite \u00e0 d&rsquo;importants flux d\u2019argent au profit de cette association, v\u00e9rifi\u00e9s aupr\u00e8s de la Banque centrale, et qui ne correspondent pas \u00e0 la nature de ses activit\u00e9s telles que d\u00e9clar\u00e9es \u00e0 sa cr\u00e9ation\u00bb,<\/em> indique la porte-parole du minist\u00e8re, citant notamment des virements en provenance de l\u2019\u00e9tranger.<\/p>\n\n\n\n<p>Suite \u00e0 quoi, la police a proc\u00e9d\u00e9 \u00e0 l&rsquo;arrestation de 3 suspects et \u00e0 la saisie de plusieurs ordinateurs, du mat\u00e9riel \u00e9lectronique et informatique ainsi que des relev\u00e9s bancaires.<\/p>\n\n\n\n<p>La m\u00eame source a indiqu\u00e9 que plusieurs personnalit\u00e9s sont suspect\u00e9es de liens avec cette association, en pr\u00e9cisant qu&rsquo;un <em>\u00abancien responsable et fondateur d\u2019un parti politique\u00bb<\/em> a \u00e9t\u00e9 plac\u00e9 en garde \u00e0 vue et en ajoutant:<em> \u00abLe gendre de l\u2019ancien responsable fait l\u2019objet de poursuites judiciaires, notamment pour suspicions d&rsquo;enrichissement illicite et blanchiment d\u2019argent. Ce dernier est actuellement en fuite\u00bb.<\/em><\/p>\n\n\n\n<p>Rappelons que Hamadi Jebali a \u00e9t\u00e9 arr\u00eat\u00e9 \u00e0 Sousse hier et conduit \u00e0 la brigade antiterroriste d\u2019El-Gorjani \u00e0 Tunis. Le soir m\u00eame il annonce, via ses avocats, avoir d\u00e9cid\u00e9 d&rsquo;entamer une gr\u00e8ve de la faim affirmant qu&rsquo;il ne compte pas coop\u00e9rer avec les enqu\u00eateurs, estimant qu&rsquo;il a \u00e9t\u00e9 <em>\u00abenlev\u00e9 et s\u00e9questr\u00e9 pour une affaire purement politique\u00bb,<\/em> dit-il\u2026.<\/p>\n\n\n\n<p class=\"has-text-align-right\"><strong>Y. N.<\/strong><\/p>\n\n\n\n<figure class=\"wp-block-embed is-type-wp-embed is-provider-kapitalis wp-block-embed-kapitalis\"><div class=\"wp-block-embed__wrapper\">\n<blockquote class=\"wp-embedded-content\" data-secret=\"h8TBbIIQyr\"><a href=\"https:\/\/kapitalis.com\/tunisie\/2022\/06\/23\/arrestation-de-jebali-bouchlaka-evoque-un-enlevement-par-des-gangs-securitaires-lies-a-saied\/\">Arrestation de Jebali : Bouchlaka \u00e9voque un \u00abenl\u00e8vement par des gangs s\u00e9curitaires li\u00e9s \u00e0 Sa\u00efed\u00bb<\/a><\/blockquote><iframe loading=\"lazy\" class=\"wp-embedded-content\" sandbox=\"allow-scripts\" security=\"restricted\" style=\"position: absolute; clip: rect(1px, 1px, 1px, 1px);\" title=\"\u00ab\u00a0Arrestation de Jebali : Bouchlaka \u00e9voque un \u00abenl\u00e8vement par des gangs s\u00e9curitaires li\u00e9s \u00e0 Sa\u00efed\u00bb\u00a0\u00bb &#8212; Kapitalis\" src=\"https:\/\/kapitalis.com\/tunisie\/2022\/06\/23\/arrestation-de-jebali-bouchlaka-evoque-un-enlevement-par-des-gangs-securitaires-lies-a-saied\/embed\/#?secret=y0FWjioEqS#?secret=h8TBbIIQyr\" data-secret=\"h8TBbIIQyr\" width=\"600\" height=\"338\" frameborder=\"0\" marginwidth=\"0\" marginheight=\"0\" scrolling=\"no\"><\/iframe>\n<\/div><\/figure>\n\n\n\n<figure class=\"wp-block-embed is-type-wp-embed is-provider-kapitalis wp-block-embed-kapitalis\"><div class=\"wp-block-embed__wrapper\">\n<blockquote class=\"wp-embedded-content\" data-secret=\"8NQPpsUleH\"><a href=\"https:\/\/kapitalis.com\/tunisie\/2022\/06\/23\/tunisie-arrete-par-la-police-hamadi-jebali-entame-une-greve-de-la-faim-et-decide-de-ne-pas-cooperer\/\">Tunisie : Arr\u00eat\u00e9 par la police, Hamadi Jebali entame une gr\u00e8ve de la faim et d\u00e9cide de ne pas coop\u00e9rer<\/a><\/blockquote><iframe loading=\"lazy\" class=\"wp-embedded-content\" sandbox=\"allow-scripts\" security=\"restricted\" style=\"position: absolute; clip: rect(1px, 1px, 1px, 1px);\" title=\"\u00ab\u00a0Tunisie : Arr\u00eat\u00e9 par la police, Hamadi Jebali entame une gr\u00e8ve de la faim et d\u00e9cide de ne pas coop\u00e9rer\u00a0\u00bb &#8212; Kapitalis\" src=\"https:\/\/kapitalis.com\/tunisie\/2022\/06\/23\/tunisie-arrete-par-la-police-hamadi-jebali-entame-une-greve-de-la-faim-et-decide-de-ne-pas-cooperer\/embed\/#?secret=XET8Omj1l9#?secret=8NQPpsUleH\" data-secret=\"8NQPpsUleH\" width=\"600\" height=\"338\" frameborder=\"0\" marginwidth=\"0\" marginheight=\"0\" scrolling=\"no\"><\/iframe>\n<\/div><\/figure>\n","protected":false},"excerpt":{"rendered":"<p>Tunisie : Le minist\u00e8re de l&rsquo;Int\u00e9rieur apporte des pr\u00e9cisions sur l&rsquo;arrestation de Hamadi Jebali<\/p>\n","protected":false},"author":6,"featured_media":568640,"comment_status":"open","ping_status":"open","sticky":false,"template":"","format":"standard","meta":{"footnotes":""},"categories":[997,2433],"tags":[100895,3724,49543,84745,2383,62643],"class_list":["post-1728063","post","type-post","status-publish","format-standard","has-post-thumbnail","hentry","category-politique","category-tunisie","tag-association-nama","tag-blanchiment-dargent","tag-ennahdha","tag-financements-etrangers","tag-hamadi-jebali","tag-tunisie"],"yoast_head":"<!-- This site is optimized with the Yoast SEO plugin v26.6 - https:\/\/yoast.com\/wordpress\/plugins\/seo\/ -->\n<title>Tunisie : Le minist\u00e8re de l&#039;Int\u00e9rieur apporte des pr\u00e9cisions sur l&#039;arrestation de Hamadi Jebali - Kapitalis<\/title>\n<meta name=\"description\" content=\"Lors du point organis\u00e9 ce vendredi 24 juin 2022, la porte-parole du minist\u00e8re de l\u2019Int\u00e9rieur, Fadhila Khlifi est revenue sur l&#039;arrestation, hier, de Hamadi Jebali l\u2019ancien chef du gouvernement nahdhaoui, (sans pour autant citer explicitement son nom), et en indiquant que l&#039;affaire est li\u00e9e \u00e0 une association \u00abNama\u00bb, suspect\u00e9e de financements \u00e9trangers suspects et de blanchiment d&#039;argent.\" \/>\n<meta name=\"robots\" content=\"index, follow, max-snippet:-1, max-image-preview:large, max-video-preview:-1\" \/>\n<link rel=\"canonical\" href=\"https:\/\/kapitalis.com\/tunisie\/2022\/06\/24\/tunisie-le-ministere-de-linterieur-apporte-des-precisions-sur-larrestation-de-hamadi-jebali\/\" \/>\n<meta property=\"og:locale\" content=\"fr_FR\" \/>\n<meta property=\"og:type\" content=\"article\" \/>\n<meta property=\"og:title\" content=\"Tunisie : Le minist\u00e8re de l&#039;Int\u00e9rieur apporte des pr\u00e9cisions sur l&#039;arrestation de Hamadi Jebali - Kapitalis\" \/>\n<meta property=\"og:description\" content=\"Lors du point organis\u00e9 ce vendredi 24 juin 2022, la porte-parole du minist\u00e8re de l\u2019Int\u00e9rieur, Fadhila Khlifi est revenue sur l&#039;arrestation, hier, de Hamadi Jebali l\u2019ancien chef du gouvernement nahdhaoui, (sans pour autant citer explicitement son nom), et en indiquant que l&#039;affaire est li\u00e9e \u00e0 une association \u00abNama\u00bb, suspect\u00e9e de financements \u00e9trangers suspects et de blanchiment d&#039;argent.\" \/>\n<meta property=\"og:url\" content=\"https:\/\/kapitalis.com\/tunisie\/2022\/06\/24\/tunisie-le-ministere-de-linterieur-apporte-des-precisions-sur-larrestation-de-hamadi-jebali\/\" \/>\n<meta property=\"og:site_name\" content=\"Kapitalis\" \/>\n<meta property=\"article:publisher\" content=\"https:\/\/www.facebook.com\/KapitalisInfo\/\" \/>\n<meta property=\"article:published_time\" content=\"2022-06-24T13:17:46+00:00\" \/>\n<meta property=\"article:modified_time\" content=\"2022-06-24T13:21:03+00:00\" \/>\n<meta property=\"og:image\" content=\"https:\/\/kapitalis.com\/tunisie\/wp-content\/uploads\/2022\/05\/Hamadi-Jebali.jpg\" \/>\n\t<meta property=\"og:image:width\" content=\"1200\" \/>\n\t<meta property=\"og:image:height\" content=\"630\" \/>\n\t<meta property=\"og:image:type\" content=\"image\/jpeg\" \/>\n<meta name=\"author\" content=\"Yusra NY\" \/>\n<meta name=\"twitter:card\" content=\"summary_large_image\" \/>\n<meta name=\"twitter:creator\" content=\"@KapitalisInfo\" \/>\n<meta name=\"twitter:site\" content=\"@KapitalisInfo\" \/>\n<meta name=\"twitter:label1\" content=\"\u00c9crit par\" \/>\n\t<meta name=\"twitter:data1\" content=\"Yusra NY\" \/>\n\t<meta name=\"twitter:label2\" content=\"Dur\u00e9e de lecture estim\u00e9e\" \/>\n\t<meta name=\"twitter:data2\" content=\"2 minutes\" \/>\n<script type=\"application\/ld+json\" class=\"yoast-schema-graph\">{\"@context\":\"https:\/\/schema.org\",\"@graph\":[{\"@type\":\"Article\",\"@id\":\"https:\/\/kapitalis.com\/tunisie\/2022\/06\/24\/tunisie-le-ministere-de-linterieur-apporte-des-precisions-sur-larrestation-de-hamadi-jebali\/#article\",\"isPartOf\":{\"@id\":\"https:\/\/kapitalis.com\/tunisie\/2022\/06\/24\/tunisie-le-ministere-de-linterieur-apporte-des-precisions-sur-larrestation-de-hamadi-jebali\/\"},\"author\":{\"name\":\"Yusra NY\",\"@id\":\"https:\/\/kapitalis.com\/tunisie\/#\/schema\/person\/74bbde0154d49d790a92aaeac5bc01d5\"},\"headline\":\"Tunisie : Le minist\u00e8re de l&rsquo;Int\u00e9rieur apporte des pr\u00e9cisions sur l&rsquo;arrestation de Hamadi Jebali\",\"datePublished\":\"2022-06-24T13:17:46+00:00\",\"dateModified\":\"2022-06-24T13:21:03+00:00\",\"mainEntityOfPage\":{\"@id\":\"https:\/\/kapitalis.com\/tunisie\/2022\/06\/24\/tunisie-le-ministere-de-linterieur-apporte-des-precisions-sur-larrestation-de-hamadi-jebali\/\"},\"wordCount\":302,\"commentCount\":5,\"publisher\":{\"@id\":\"https:\/\/kapitalis.com\/tunisie\/#organization\"},\"image\":{\"@id\":\"https:\/\/kapitalis.com\/tunisie\/2022\/06\/24\/tunisie-le-ministere-de-linterieur-apporte-des-precisions-sur-larrestation-de-hamadi-jebali\/#primaryimage\"},\"thumbnailUrl\":\"https:\/\/kapitalis.com\/tunisie\/wp-content\/uploads\/2022\/05\/Hamadi-Jebali.jpg\",\"keywords\":[\"Association Nama\",\"blanchiment d'argent\",\"Ennahdha\",\"Financements \u00e9trangers\",\"Hamadi Jebali\",\"Tunisie\"],\"articleSection\":[\"POLITIQUE\",\"Tunisie\"],\"inLanguage\":\"fr-FR\",\"potentialAction\":[{\"@type\":\"CommentAction\",\"name\":\"Comment\",\"target\":[\"https:\/\/kapitalis.com\/tunisie\/2022\/06\/24\/tunisie-le-ministere-de-linterieur-apporte-des-precisions-sur-larrestation-de-hamadi-jebali\/#respond\"]}]},{\"@type\":\"WebPage\",\"@id\":\"https:\/\/kapitalis.com\/tunisie\/2022\/06\/24\/tunisie-le-ministere-de-linterieur-apporte-des-precisions-sur-larrestation-de-hamadi-jebali\/\",\"url\":\"https:\/\/kapitalis.com\/tunisie\/2022\/06\/24\/tunisie-le-ministere-de-linterieur-apporte-des-precisions-sur-larrestation-de-hamadi-jebali\/\",\"name\":\"Tunisie : Le minist\u00e8re de l'Int\u00e9rieur apporte des pr\u00e9cisions sur l'arrestation de Hamadi Jebali - Kapitalis\",\"isPartOf\":{\"@id\":\"https:\/\/kapitalis.com\/tunisie\/#website\"},\"primaryImageOfPage\":{\"@id\":\"https:\/\/kapitalis.com\/tunisie\/2022\/06\/24\/tunisie-le-ministere-de-linterieur-apporte-des-precisions-sur-larrestation-de-hamadi-jebali\/#primaryimage\"},\"image\":{\"@id\":\"https:\/\/kapitalis.com\/tunisie\/2022\/06\/24\/tunisie-le-ministere-de-linterieur-apporte-des-precisions-sur-larrestation-de-hamadi-jebali\/#primaryimage\"},\"thumbnailUrl\":\"https:\/\/kapitalis.com\/tunisie\/wp-content\/uploads\/2022\/05\/Hamadi-Jebali.jpg\",\"datePublished\":\"2022-06-24T13:17:46+00:00\",\"dateModified\":\"2022-06-24T13:21:03+00:00\",\"description\":\"Lors du point organis\u00e9 ce vendredi 24 juin 2022, la porte-parole du minist\u00e8re de l\u2019Int\u00e9rieur, Fadhila Khlifi est revenue sur l'arrestation, hier, de Hamadi Jebali l\u2019ancien chef du gouvernement nahdhaoui, (sans pour autant citer explicitement son nom), et en indiquant que l'affaire est li\u00e9e \u00e0 une association \u00abNama\u00bb, suspect\u00e9e de financements \u00e9trangers suspects et de blanchiment d'argent.\",\"breadcrumb\":{\"@id\":\"https:\/\/kapitalis.com\/tunisie\/2022\/06\/24\/tunisie-le-ministere-de-linterieur-apporte-des-precisions-sur-larrestation-de-hamadi-jebali\/#breadcrumb\"},\"inLanguage\":\"fr-FR\",\"potentialAction\":[{\"@type\":\"ReadAction\",\"target\":[\"https:\/\/kapitalis.com\/tunisie\/2022\/06\/24\/tunisie-le-ministere-de-linterieur-apporte-des-precisions-sur-larrestation-de-hamadi-jebali\/\"]}]},{\"@type\":\"ImageObject\",\"inLanguage\":\"fr-FR\",\"@id\":\"https:\/\/kapitalis.com\/tunisie\/2022\/06\/24\/tunisie-le-ministere-de-linterieur-apporte-des-precisions-sur-larrestation-de-hamadi-jebali\/#primaryimage\",\"url\":\"https:\/\/kapitalis.com\/tunisie\/wp-content\/uploads\/2022\/05\/Hamadi-Jebali.jpg\",\"contentUrl\":\"https:\/\/kapitalis.com\/tunisie\/wp-content\/uploads\/2022\/05\/Hamadi-Jebali.jpg\",\"width\":1200,\"height\":630},{\"@type\":\"BreadcrumbList\",\"@id\":\"https:\/\/kapitalis.com\/tunisie\/2022\/06\/24\/tunisie-le-ministere-de-linterieur-apporte-des-precisions-sur-larrestation-de-hamadi-jebali\/#breadcrumb\",\"itemListElement\":[{\"@type\":\"ListItem\",\"position\":1,\"name\":\"Accueil\",\"item\":\"https:\/\/kapitalis.com\/tunisie\/\"},{\"@type\":\"ListItem\",\"position\":2,\"name\":\"Tunisie : Le minist\u00e8re de l&rsquo;Int\u00e9rieur apporte des pr\u00e9cisions sur l&rsquo;arrestation de Hamadi Jebali\"}]},{\"@type\":\"WebSite\",\"@id\":\"https:\/\/kapitalis.com\/tunisie\/#website\",\"url\":\"https:\/\/kapitalis.com\/tunisie\/\",\"name\":\"Kapitalis\",\"description\":\"L&#039;actualit\u00e9 en Tunisie et dans le monde\",\"publisher\":{\"@id\":\"https:\/\/kapitalis.com\/tunisie\/#organization\"},\"potentialAction\":[{\"@type\":\"SearchAction\",\"target\":{\"@type\":\"EntryPoint\",\"urlTemplate\":\"https:\/\/kapitalis.com\/tunisie\/?s={search_term_string}\"},\"query-input\":{\"@type\":\"PropertyValueSpecification\",\"valueRequired\":true,\"valueName\":\"search_term_string\"}}],\"inLanguage\":\"fr-FR\"},{\"@type\":\"Organization\",\"@id\":\"https:\/\/kapitalis.com\/tunisie\/#organization\",\"name\":\"Kapitalis\",\"url\":\"https:\/\/kapitalis.com\/tunisie\/\",\"logo\":{\"@type\":\"ImageObject\",\"inLanguage\":\"fr-FR\",\"@id\":\"https:\/\/kapitalis.com\/tunisie\/#\/schema\/logo\/image\/\",\"url\":\"https:\/\/kapitalis.com\/tunisie\/wp-content\/uploads\/2022\/05\/Kapitalis-big-size.png\",\"contentUrl\":\"https:\/\/kapitalis.com\/tunisie\/wp-content\/uploads\/2022\/05\/Kapitalis-big-size.png\",\"width\":5000,\"height\":1500,\"caption\":\"Kapitalis\"},\"image\":{\"@id\":\"https:\/\/kapitalis.com\/tunisie\/#\/schema\/logo\/image\/\"},\"sameAs\":[\"https:\/\/www.facebook.com\/KapitalisInfo\/\",\"https:\/\/x.com\/KapitalisInfo\",\"https:\/\/www.youtube.com\/channel\/UC-yDYrHyfFBWWZaOw3FPg9Q\"]},{\"@type\":\"Person\",\"@id\":\"https:\/\/kapitalis.com\/tunisie\/#\/schema\/person\/74bbde0154d49d790a92aaeac5bc01d5\",\"name\":\"Yusra NY\",\"url\":\"https:\/\/kapitalis.com\/tunisie\/author\/yuza_adam\/\"}]}<\/script>\n<!-- \/ Yoast SEO plugin. -->","yoast_head_json":{"title":"Tunisie : Le minist\u00e8re de l'Int\u00e9rieur apporte des pr\u00e9cisions sur l'arrestation de Hamadi Jebali - Kapitalis","description":"Lors du point organis\u00e9 ce vendredi 24 juin 2022, la porte-parole du minist\u00e8re de l\u2019Int\u00e9rieur, Fadhila Khlifi est revenue sur l'arrestation, hier, de Hamadi Jebali l\u2019ancien chef du gouvernement nahdhaoui, (sans pour autant citer explicitement son nom), et en indiquant que l'affaire est li\u00e9e \u00e0 une association \u00abNama\u00bb, suspect\u00e9e de financements \u00e9trangers suspects et de blanchiment d'argent.","robots":{"index":"index","follow":"follow","max-snippet":"max-snippet:-1","max-image-preview":"max-image-preview:large","max-video-preview":"max-video-preview:-1"},"canonical":"https:\/\/kapitalis.com\/tunisie\/2022\/06\/24\/tunisie-le-ministere-de-linterieur-apporte-des-precisions-sur-larrestation-de-hamadi-jebali\/","og_locale":"fr_FR","og_type":"article","og_title":"Tunisie : Le minist\u00e8re de l'Int\u00e9rieur apporte des pr\u00e9cisions sur l'arrestation de Hamadi Jebali - Kapitalis","og_description":"Lors du point organis\u00e9 ce vendredi 24 juin 2022, la porte-parole du minist\u00e8re de l\u2019Int\u00e9rieur, Fadhila Khlifi est revenue sur l'arrestation, hier, de Hamadi Jebali l\u2019ancien chef du gouvernement nahdhaoui, (sans pour autant citer explicitement son nom), et en indiquant que l'affaire est li\u00e9e \u00e0 une association \u00abNama\u00bb, suspect\u00e9e de financements \u00e9trangers suspects et de blanchiment d'argent.","og_url":"https:\/\/kapitalis.com\/tunisie\/2022\/06\/24\/tunisie-le-ministere-de-linterieur-apporte-des-precisions-sur-larrestation-de-hamadi-jebali\/","og_site_name":"Kapitalis","article_publisher":"https:\/\/www.facebook.com\/KapitalisInfo\/","article_published_time":"2022-06-24T13:17:46+00:00","article_modified_time":"2022-06-24T13:21:03+00:00","og_image":[{"width":1200,"height":630,"url":"https:\/\/kapitalis.com\/tunisie\/wp-content\/uploads\/2022\/05\/Hamadi-Jebali.jpg","type":"image\/jpeg"}],"author":"Yusra NY","twitter_card":"summary_large_image","twitter_creator":"@KapitalisInfo","twitter_site":"@KapitalisInfo","twitter_misc":{"\u00c9crit par":"Yusra NY","Dur\u00e9e de lecture estim\u00e9e":"2 minutes"},"schema":{"@context":"https:\/\/schema.org","@graph":[{"@type":"Article","@id":"https:\/\/kapitalis.com\/tunisie\/2022\/06\/24\/tunisie-le-ministere-de-linterieur-apporte-des-precisions-sur-larrestation-de-hamadi-jebali\/#article","isPartOf":{"@id":"https:\/\/kapitalis.com\/tunisie\/2022\/06\/24\/tunisie-le-ministere-de-linterieur-apporte-des-precisions-sur-larrestation-de-hamadi-jebali\/"},"author":{"name":"Yusra NY","@id":"https:\/\/kapitalis.com\/tunisie\/#\/schema\/person\/74bbde0154d49d790a92aaeac5bc01d5"},"headline":"Tunisie : Le minist\u00e8re de l&rsquo;Int\u00e9rieur apporte des pr\u00e9cisions sur l&rsquo;arrestation de Hamadi Jebali","datePublished":"2022-06-24T13:17:46+00:00","dateModified":"2022-06-24T13:21:03+00:00","mainEntityOfPage":{"@id":"https:\/\/kapitalis.com\/tunisie\/2022\/06\/24\/tunisie-le-ministere-de-linterieur-apporte-des-precisions-sur-larrestation-de-hamadi-jebali\/"},"wordCount":302,"commentCount":5,"publisher":{"@id":"https:\/\/kapitalis.com\/tunisie\/#organization"},"image":{"@id":"https:\/\/kapitalis.com\/tunisie\/2022\/06\/24\/tunisie-le-ministere-de-linterieur-apporte-des-precisions-sur-larrestation-de-hamadi-jebali\/#primaryimage"},"thumbnailUrl":"https:\/\/kapitalis.com\/tunisie\/wp-content\/uploads\/2022\/05\/Hamadi-Jebali.jpg","keywords":["Association Nama","blanchiment d'argent","Ennahdha","Financements \u00e9trangers","Hamadi Jebali","Tunisie"],"articleSection":["POLITIQUE","Tunisie"],"inLanguage":"fr-FR","potentialAction":[{"@type":"CommentAction","name":"Comment","target":["https:\/\/kapitalis.com\/tunisie\/2022\/06\/24\/tunisie-le-ministere-de-linterieur-apporte-des-precisions-sur-larrestation-de-hamadi-jebali\/#respond"]}]},{"@type":"WebPage","@id":"https:\/\/kapitalis.com\/tunisie\/2022\/06\/24\/tunisie-le-ministere-de-linterieur-apporte-des-precisions-sur-larrestation-de-hamadi-jebali\/","url":"https:\/\/kapitalis.com\/tunisie\/2022\/06\/24\/tunisie-le-ministere-de-linterieur-apporte-des-precisions-sur-larrestation-de-hamadi-jebali\/","name":"Tunisie : Le minist\u00e8re de l'Int\u00e9rieur apporte des pr\u00e9cisions sur l'arrestation de Hamadi Jebali - Kapitalis","isPartOf":{"@id":"https:\/\/kapitalis.com\/tunisie\/#website"},"primaryImageOfPage":{"@id":"https:\/\/kapitalis.com\/tunisie\/2022\/06\/24\/tunisie-le-ministere-de-linterieur-apporte-des-precisions-sur-larrestation-de-hamadi-jebali\/#primaryimage"},"image":{"@id":"https:\/\/kapitalis.com\/tunisie\/2022\/06\/24\/tunisie-le-ministere-de-linterieur-apporte-des-precisions-sur-larrestation-de-hamadi-jebali\/#primaryimage"},"thumbnailUrl":"https:\/\/kapitalis.com\/tunisie\/wp-content\/uploads\/2022\/05\/Hamadi-Jebali.jpg","datePublished":"2022-06-24T13:17:46+00:00","dateModified":"2022-06-24T13:21:03+00:00","description":"Lors du point organis\u00e9 ce vendredi 24 juin 2022, la porte-parole du minist\u00e8re de l\u2019Int\u00e9rieur, Fadhila Khlifi est revenue sur l'arrestation, hier, de Hamadi Jebali l\u2019ancien chef du gouvernement nahdhaoui, (sans pour autant citer explicitement son nom), et en indiquant que l'affaire est li\u00e9e \u00e0 une association \u00abNama\u00bb, suspect\u00e9e de financements \u00e9trangers suspects et de blanchiment d'argent.","breadcrumb":{"@id":"https:\/\/kapitalis.com\/tunisie\/2022\/06\/24\/tunisie-le-ministere-de-linterieur-apporte-des-precisions-sur-larrestation-de-hamadi-jebali\/#breadcrumb"},"inLanguage":"fr-FR","potentialAction":[{"@type":"ReadAction","target":["https:\/\/kapitalis.com\/tunisie\/2022\/06\/24\/tunisie-le-ministere-de-linterieur-apporte-des-precisions-sur-larrestation-de-hamadi-jebali\/"]}]},{"@type":"ImageObject","inLanguage":"fr-FR","@id":"https:\/\/kapitalis.com\/tunisie\/2022\/06\/24\/tunisie-le-ministere-de-linterieur-apporte-des-precisions-sur-larrestation-de-hamadi-jebali\/#primaryimage","url":"https:\/\/kapitalis.com\/tunisie\/wp-content\/uploads\/2022\/05\/Hamadi-Jebali.jpg","contentUrl":"https:\/\/kapitalis.com\/tunisie\/wp-content\/uploads\/2022\/05\/Hamadi-Jebali.jpg","width":1200,"height":630},{"@type":"BreadcrumbList","@id":"https:\/\/kapitalis.com\/tunisie\/2022\/06\/24\/tunisie-le-ministere-de-linterieur-apporte-des-precisions-sur-larrestation-de-hamadi-jebali\/#breadcrumb","itemListElement":[{"@type":"ListItem","position":1,"name":"Accueil","item":"https:\/\/kapitalis.com\/tunisie\/"},{"@type":"ListItem","position":2,"name":"Tunisie : Le minist\u00e8re de l&rsquo;Int\u00e9rieur apporte des pr\u00e9cisions sur l&rsquo;arrestation de Hamadi Jebali"}]},{"@type":"WebSite","@id":"https:\/\/kapitalis.com\/tunisie\/#website","url":"https:\/\/kapitalis.com\/tunisie\/","name":"Kapitalis","description":"L&#039;actualit\u00e9 en Tunisie et dans le monde","publisher":{"@id":"https:\/\/kapitalis.com\/tunisie\/#organization"},"potentialAction":[{"@type":"SearchAction","target":{"@type":"EntryPoint","urlTemplate":"https:\/\/kapitalis.com\/tunisie\/?s={search_term_string}"},"query-input":{"@type":"PropertyValueSpecification","valueRequired":true,"valueName":"search_term_string"}}],"inLanguage":"fr-FR"},{"@type":"Organization","@id":"https:\/\/kapitalis.com\/tunisie\/#organization","name":"Kapitalis","url":"https:\/\/kapitalis.com\/tunisie\/","logo":{"@type":"ImageObject","inLanguage":"fr-FR","@id":"https:\/\/kapitalis.com\/tunisie\/#\/schema\/logo\/image\/","url":"https:\/\/kapitalis.com\/tunisie\/wp-content\/uploads\/2022\/05\/Kapitalis-big-size.png","contentUrl":"https:\/\/kapitalis.com\/tunisie\/wp-content\/uploads\/2022\/05\/Kapitalis-big-size.png","width":5000,"height":1500,"caption":"Kapitalis"},"image":{"@id":"https:\/\/kapitalis.com\/tunisie\/#\/schema\/logo\/image\/"},"sameAs":["https:\/\/www.facebook.com\/KapitalisInfo\/","https:\/\/x.com\/KapitalisInfo","https:\/\/www.youtube.com\/channel\/UC-yDYrHyfFBWWZaOw3FPg9Q"]},{"@type":"Person","@id":"https:\/\/kapitalis.com\/tunisie\/#\/schema\/person\/74bbde0154d49d790a92aaeac5bc01d5","name":"Yusra NY","url":"https:\/\/kapitalis.com\/tunisie\/author\/yuza_adam\/"}]}},"_links":{"self":[{"href":"https:\/\/kapitalis.com\/tunisie\/wp-json\/wp\/v2\/posts\/1728063","targetHints":{"allow":["GET"]}}],"collection":[{"href":"https:\/\/kapitalis.com\/tunisie\/wp-json\/wp\/v2\/posts"}],"about":[{"href":"https:\/\/kapitalis.com\/tunisie\/wp-json\/wp\/v2\/types\/post"}],"author":[{"embeddable":true,"href":"https:\/\/kapitalis.com\/tunisie\/wp-json\/wp\/v2\/users\/6"}],"replies":[{"embeddable":true,"href":"https:\/\/kapitalis.com\/tunisie\/wp-json\/wp\/v2\/comments?post=1728063"}],"version-history":[{"count":0,"href":"https:\/\/kapitalis.com\/tunisie\/wp-json\/wp\/v2\/posts\/1728063\/revisions"}],"wp:featuredmedia":[{"embeddable":true,"href":"https:\/\/kapitalis.com\/tunisie\/wp-json\/wp\/v2\/media\/568640"}],"wp:attachment":[{"href":"https:\/\/kapitalis.com\/tunisie\/wp-json\/wp\/v2\/media?parent=1728063"}],"wp:term":[{"taxonomy":"category","embeddable":true,"href":"https:\/\/kapitalis.com\/tunisie\/wp-json\/wp\/v2\/categories?post=1728063"},{"taxonomy":"post_tag","embeddable":true,"href":"https:\/\/kapitalis.com\/tunisie\/wp-json\/wp\/v2\/tags?post=1728063"}],"curies":[{"name":"wp","href":"https:\/\/api.w.org\/{rel}","templated":true}]}}