{"id":17287403,"date":"2025-08-19T11:50:34","date_gmt":"2025-08-19T10:50:34","guid":{"rendered":"https:\/\/kapitalis.com\/tunisie\/?p=17287403"},"modified":"2025-08-19T11:50:36","modified_gmt":"2025-08-19T10:50:36","slug":"kais-saied-plaide-pour-une-solution-inter-libyenne","status":"publish","type":"post","link":"https:\/\/kapitalis.com\/tunisie\/2025\/08\/19\/kais-saied-plaide-pour-une-solution-inter-libyenne\/","title":{"rendered":"Ka\u00efs Sa\u00efed\u00a0plaide pour une \u00absolution inter-libyenne\u00bb"},"content":{"rendered":"\n<p><strong><em>\u00abLa situation en Libye n\u2019est pas une question internationale, mais purement interne, et que la solution ne peut \u00eatre qu&rsquo;inter-libyenne, sans aucune ing\u00e9rence ext\u00e9rieure\u00bb, a soulign\u00e9 Ka\u00efs Sa\u00efed, r\u00e9affirmant la ferme position de principe de la Tunisie en faveur du libre choix du peuple libyen.<\/em><\/strong><\/p>\n\n\n\n<!--more-->\n\n\n\n<p><em>\u00abLe peuple libyen est souverain et seul capable d\u2019\u00e9laborer les solutions qu\u2019il juge appropri\u00e9es; il ne manque ni de comp\u00e9tence ni de volont\u00e9\u00bb<\/em> a encore soulign\u00e9 Sa\u00efed, lors de son entretien, lundi 17 ao\u00fbt 2025, avec Mohammed el-Menfi, pr\u00e9sident du Conseil pr\u00e9sidentiel libyen, en visite de travail en Tunisie.<\/p>\n\n\n\n<p>Les deux parties ont soulign\u00e9 la profondeur des relations historiques entre les peuples tunisien et libyen, ainsi que leur engagement commun \u00e0 les renforcer et \u00e0 les d\u00e9velopper davantage dans tous les domaines, dans l\u2019int\u00e9r\u00eat des deux nations et pour consolider la s\u00e9curit\u00e9, le d\u00e9veloppement et la stabilit\u00e9. Ils ont \u00e9galement soulign\u00e9 la n\u00e9cessit\u00e9 d\u2019agir rapidement pour surmonter toutes les difficult\u00e9s et r\u00e9pondre aux aspirations de leurs peuples \u00e0 une coop\u00e9ration et int\u00e9gration accrues.<\/p>\n\n\n\n<p>Selon un communiqu\u00e9 de la Pr\u00e9sidence, le Pr\u00e9sident Ka\u00efs Sa\u00efed a affirm\u00e9 l\u2019interd\u00e9pendance des int\u00e9r\u00eats des deux peuples, soulignant que la s\u00e9curit\u00e9 et la stabilit\u00e9 de la Tunisie sont indissociables de celles de la Libye, et vice-versa. Il a soulign\u00e9 que les d\u00e9fis communs doivent \u00eatre relev\u00e9s ensemble, car la s\u00e9curit\u00e9 nationale des deux pays est une.<\/p>\n\n\n\n<p>La r\u00e9union a \u00e9galement abord\u00e9 la situation en Palestine occup\u00e9e et le g\u00e9nocide en cours perp\u00e9tr\u00e9 par les forces d\u2019occupation sionistes.<\/p>\n\n\n\n<p>Outre les dizaines de milliers de martyrs et de bless\u00e9s, ces forces d\u00e9truisent d\u00e9lib\u00e9r\u00e9ment tous les moyens de subsistance, notamment en affamant la population et en la privant de nourriture, d\u2019eau et de m\u00e9dicaments. Le peuple palestinien meurt de faim sous les yeux du monde entier.<\/p>\n\n\n\n<p>Le chef de l\u2019\u00c9tat a r\u00e9it\u00e9r\u00e9 la position in\u00e9branlable de la Tunisie en faveur du droit du peuple palestinien \u00e0 \u00e9tablir un \u00c9tat ind\u00e9pendant et pleinement souverain sur l\u2019ensemble du territoire palestinien, avec Al-Qods pour capitale, soulignant que ce droit est inali\u00e9nable et ne s\u2019\u00e9teindra pas avec le temps. Le peuple palestinien, par sa r\u00e9sistance h\u00e9ro\u00efque, d\u00e9jouera toute tentative visant \u00e0 briser sa volont\u00e9 ou \u00e0 imposer des plans de d\u00e9placement.<\/p>\n\n\n\n<p>Le Pr\u00e9sident de la R\u00e9publique a ajout\u00e9 que la l\u00e9gitimit\u00e9 internationale s\u2019\u00e9rode de jour en jour et sera remplac\u00e9e par une nouvelle l\u00e9gitimit\u00e9 humanitaire, \u00e0 mesure que les peuples du monde entier se soul\u00e8veront contre les crimes de l\u2019entit\u00e9 sioniste occupante.<\/p>\n","protected":false},"excerpt":{"rendered":"<p>Ka\u00efs Sa\u00efed a affirm\u00e9 l\u2019interd\u00e9pendance des int\u00e9r\u00eats des deux peuples tunisien et libyen. <\/p>\n","protected":false},"author":8,"featured_media":17287427,"comment_status":"open","ping_status":"open","sticky":false,"template":"","format":"standard","meta":{"footnotes":""},"categories":[997,2433],"tags":[78232,76012,544,88449,4026,62643],"class_list":["post-17287403","post","type-post","status-publish","format-standard","has-post-thumbnail","hentry","category-politique","category-tunisie","tag-famine","tag-kais-saied-2","tag-libye","tag-mohammed-el-menfi","tag-palestine","tag-tunisie"],"yoast_head":"<!-- This site is optimized with the Yoast SEO plugin v26.6 - https:\/\/yoast.com\/wordpress\/plugins\/seo\/ -->\n<title>Ka\u00efs Sa\u00efed\u00a0plaide pour une \u00absolution inter-libyenne\u00bb - Kapitalis<\/title>\n<meta name=\"description\" content=\"Ka\u00efs Sa\u00efed a r\u00e9affirm\u00e9, en recevant son homologue libyen, l\u2019interd\u00e9pendance des int\u00e9r\u00eats des deux peuples tunisien et libyen.\" \/>\n<meta name=\"robots\" content=\"index, follow, max-snippet:-1, max-image-preview:large, max-video-preview:-1\" \/>\n<link rel=\"canonical\" href=\"https:\/\/kapitalis.com\/tunisie\/2025\/08\/19\/kais-saied-plaide-pour-une-solution-inter-libyenne\/\" \/>\n<meta property=\"og:locale\" content=\"fr_FR\" \/>\n<meta property=\"og:type\" content=\"article\" \/>\n<meta property=\"og:title\" content=\"Ka\u00efs Sa\u00efed\u00a0plaide pour une \u00absolution inter-libyenne\u00bb - Kapitalis\" \/>\n<meta property=\"og:description\" content=\"Ka\u00efs Sa\u00efed a r\u00e9affirm\u00e9, en recevant son homologue libyen, l\u2019interd\u00e9pendance des int\u00e9r\u00eats des deux peuples tunisien et libyen.\" \/>\n<meta property=\"og:url\" content=\"https:\/\/kapitalis.com\/tunisie\/2025\/08\/19\/kais-saied-plaide-pour-une-solution-inter-libyenne\/\" \/>\n<meta property=\"og:site_name\" content=\"Kapitalis\" \/>\n<meta property=\"article:publisher\" content=\"https:\/\/www.facebook.com\/KapitalisInfo\/\" \/>\n<meta property=\"article:published_time\" content=\"2025-08-19T10:50:34+00:00\" \/>\n<meta property=\"article:modified_time\" content=\"2025-08-19T10:50:36+00:00\" \/>\n<meta property=\"og:image\" content=\"https:\/\/kapitalis.com\/tunisie\/wp-content\/uploads\/2025\/08\/Kais-Saied-Mohammed-El-Menfi.jpg\" \/>\n\t<meta property=\"og:image:width\" content=\"1200\" \/>\n\t<meta property=\"og:image:height\" content=\"630\" \/>\n\t<meta property=\"og:image:type\" content=\"image\/jpeg\" \/>\n<meta name=\"author\" content=\"webmaster kapitalis\" \/>\n<meta name=\"twitter:card\" content=\"summary_large_image\" \/>\n<meta name=\"twitter:creator\" content=\"@KapitalisInfo\" \/>\n<meta name=\"twitter:site\" content=\"@KapitalisInfo\" \/>\n<meta name=\"twitter:label1\" content=\"\u00c9crit par\" \/>\n\t<meta name=\"twitter:data1\" content=\"webmaster kapitalis\" \/>\n\t<meta name=\"twitter:label2\" content=\"Dur\u00e9e de lecture estim\u00e9e\" \/>\n\t<meta name=\"twitter:data2\" content=\"3 minutes\" \/>\n<script type=\"application\/ld+json\" class=\"yoast-schema-graph\">{\"@context\":\"https:\/\/schema.org\",\"@graph\":[{\"@type\":\"Article\",\"@id\":\"https:\/\/kapitalis.com\/tunisie\/2025\/08\/19\/kais-saied-plaide-pour-une-solution-inter-libyenne\/#article\",\"isPartOf\":{\"@id\":\"https:\/\/kapitalis.com\/tunisie\/2025\/08\/19\/kais-saied-plaide-pour-une-solution-inter-libyenne\/\"},\"author\":{\"name\":\"webmaster kapitalis\",\"@id\":\"https:\/\/kapitalis.com\/tunisie\/#\/schema\/person\/d71f33a9ca44f7bad4698210b480c8e9\"},\"headline\":\"Ka\u00efs Sa\u00efed\u00a0plaide pour une \u00absolution inter-libyenne\u00bb\",\"datePublished\":\"2025-08-19T10:50:34+00:00\",\"dateModified\":\"2025-08-19T10:50:36+00:00\",\"mainEntityOfPage\":{\"@id\":\"https:\/\/kapitalis.com\/tunisie\/2025\/08\/19\/kais-saied-plaide-pour-une-solution-inter-libyenne\/\"},\"wordCount\":475,\"commentCount\":1,\"publisher\":{\"@id\":\"https:\/\/kapitalis.com\/tunisie\/#organization\"},\"image\":{\"@id\":\"https:\/\/kapitalis.com\/tunisie\/2025\/08\/19\/kais-saied-plaide-pour-une-solution-inter-libyenne\/#primaryimage\"},\"thumbnailUrl\":\"https:\/\/kapitalis.com\/tunisie\/wp-content\/uploads\/2025\/08\/Kais-Saied-Mohammed-El-Menfi.jpg\",\"keywords\":[\"famine\",\"Ka\u00efs Sa\u00efed\",\"Libye\",\"Mohammed El-Menfi\",\"Palestine\",\"Tunisie\"],\"articleSection\":[\"POLITIQUE\",\"Tunisie\"],\"inLanguage\":\"fr-FR\",\"potentialAction\":[{\"@type\":\"CommentAction\",\"name\":\"Comment\",\"target\":[\"https:\/\/kapitalis.com\/tunisie\/2025\/08\/19\/kais-saied-plaide-pour-une-solution-inter-libyenne\/#respond\"]}]},{\"@type\":\"WebPage\",\"@id\":\"https:\/\/kapitalis.com\/tunisie\/2025\/08\/19\/kais-saied-plaide-pour-une-solution-inter-libyenne\/\",\"url\":\"https:\/\/kapitalis.com\/tunisie\/2025\/08\/19\/kais-saied-plaide-pour-une-solution-inter-libyenne\/\",\"name\":\"Ka\u00efs Sa\u00efed\u00a0plaide pour une \u00absolution inter-libyenne\u00bb - Kapitalis\",\"isPartOf\":{\"@id\":\"https:\/\/kapitalis.com\/tunisie\/#website\"},\"primaryImageOfPage\":{\"@id\":\"https:\/\/kapitalis.com\/tunisie\/2025\/08\/19\/kais-saied-plaide-pour-une-solution-inter-libyenne\/#primaryimage\"},\"image\":{\"@id\":\"https:\/\/kapitalis.com\/tunisie\/2025\/08\/19\/kais-saied-plaide-pour-une-solution-inter-libyenne\/#primaryimage\"},\"thumbnailUrl\":\"https:\/\/kapitalis.com\/tunisie\/wp-content\/uploads\/2025\/08\/Kais-Saied-Mohammed-El-Menfi.jpg\",\"datePublished\":\"2025-08-19T10:50:34+00:00\",\"dateModified\":\"2025-08-19T10:50:36+00:00\",\"description\":\"Ka\u00efs Sa\u00efed a r\u00e9affirm\u00e9, en recevant son homologue libyen, l\u2019interd\u00e9pendance des int\u00e9r\u00eats des deux peuples tunisien et libyen.\",\"breadcrumb\":{\"@id\":\"https:\/\/kapitalis.com\/tunisie\/2025\/08\/19\/kais-saied-plaide-pour-une-solution-inter-libyenne\/#breadcrumb\"},\"inLanguage\":\"fr-FR\",\"potentialAction\":[{\"@type\":\"ReadAction\",\"target\":[\"https:\/\/kapitalis.com\/tunisie\/2025\/08\/19\/kais-saied-plaide-pour-une-solution-inter-libyenne\/\"]}]},{\"@type\":\"ImageObject\",\"inLanguage\":\"fr-FR\",\"@id\":\"https:\/\/kapitalis.com\/tunisie\/2025\/08\/19\/kais-saied-plaide-pour-une-solution-inter-libyenne\/#primaryimage\",\"url\":\"https:\/\/kapitalis.com\/tunisie\/wp-content\/uploads\/2025\/08\/Kais-Saied-Mohammed-El-Menfi.jpg\",\"contentUrl\":\"https:\/\/kapitalis.com\/tunisie\/wp-content\/uploads\/2025\/08\/Kais-Saied-Mohammed-El-Menfi.jpg\",\"width\":1200,\"height\":630},{\"@type\":\"BreadcrumbList\",\"@id\":\"https:\/\/kapitalis.com\/tunisie\/2025\/08\/19\/kais-saied-plaide-pour-une-solution-inter-libyenne\/#breadcrumb\",\"itemListElement\":[{\"@type\":\"ListItem\",\"position\":1,\"name\":\"Accueil\",\"item\":\"https:\/\/kapitalis.com\/tunisie\/\"},{\"@type\":\"ListItem\",\"position\":2,\"name\":\"Ka\u00efs Sa\u00efed\u00a0plaide pour une \u00absolution inter-libyenne\u00bb\"}]},{\"@type\":\"WebSite\",\"@id\":\"https:\/\/kapitalis.com\/tunisie\/#website\",\"url\":\"https:\/\/kapitalis.com\/tunisie\/\",\"name\":\"Kapitalis\",\"description\":\"L&#039;actualit\u00e9 en Tunisie et dans le monde\",\"publisher\":{\"@id\":\"https:\/\/kapitalis.com\/tunisie\/#organization\"},\"potentialAction\":[{\"@type\":\"SearchAction\",\"target\":{\"@type\":\"EntryPoint\",\"urlTemplate\":\"https:\/\/kapitalis.com\/tunisie\/?s={search_term_string}\"},\"query-input\":{\"@type\":\"PropertyValueSpecification\",\"valueRequired\":true,\"valueName\":\"search_term_string\"}}],\"inLanguage\":\"fr-FR\"},{\"@type\":\"Organization\",\"@id\":\"https:\/\/kapitalis.com\/tunisie\/#organization\",\"name\":\"Kapitalis\",\"url\":\"https:\/\/kapitalis.com\/tunisie\/\",\"logo\":{\"@type\":\"ImageObject\",\"inLanguage\":\"fr-FR\",\"@id\":\"https:\/\/kapitalis.com\/tunisie\/#\/schema\/logo\/image\/\",\"url\":\"https:\/\/kapitalis.com\/tunisie\/wp-content\/uploads\/2022\/05\/Kapitalis-big-size.png\",\"contentUrl\":\"https:\/\/kapitalis.com\/tunisie\/wp-content\/uploads\/2022\/05\/Kapitalis-big-size.png\",\"width\":5000,\"height\":1500,\"caption\":\"Kapitalis\"},\"image\":{\"@id\":\"https:\/\/kapitalis.com\/tunisie\/#\/schema\/logo\/image\/\"},\"sameAs\":[\"https:\/\/www.facebook.com\/KapitalisInfo\/\",\"https:\/\/x.com\/KapitalisInfo\",\"https:\/\/www.youtube.com\/channel\/UC-yDYrHyfFBWWZaOw3FPg9Q\"]},{\"@type\":\"Person\",\"@id\":\"https:\/\/kapitalis.com\/tunisie\/#\/schema\/person\/d71f33a9ca44f7bad4698210b480c8e9\",\"name\":\"webmaster kapitalis\",\"url\":\"https:\/\/kapitalis.com\/tunisie\/author\/webmaster-kapitalis\/\"}]}<\/script>\n<!-- \/ Yoast SEO plugin. -->","yoast_head_json":{"title":"Ka\u00efs Sa\u00efed\u00a0plaide pour une \u00absolution inter-libyenne\u00bb - Kapitalis","description":"Ka\u00efs Sa\u00efed a r\u00e9affirm\u00e9, en recevant son homologue libyen, l\u2019interd\u00e9pendance des int\u00e9r\u00eats des deux peuples tunisien et libyen.","robots":{"index":"index","follow":"follow","max-snippet":"max-snippet:-1","max-image-preview":"max-image-preview:large","max-video-preview":"max-video-preview:-1"},"canonical":"https:\/\/kapitalis.com\/tunisie\/2025\/08\/19\/kais-saied-plaide-pour-une-solution-inter-libyenne\/","og_locale":"fr_FR","og_type":"article","og_title":"Ka\u00efs Sa\u00efed\u00a0plaide pour une \u00absolution inter-libyenne\u00bb - Kapitalis","og_description":"Ka\u00efs Sa\u00efed a r\u00e9affirm\u00e9, en recevant son homologue libyen, l\u2019interd\u00e9pendance des int\u00e9r\u00eats des deux peuples tunisien et libyen.","og_url":"https:\/\/kapitalis.com\/tunisie\/2025\/08\/19\/kais-saied-plaide-pour-une-solution-inter-libyenne\/","og_site_name":"Kapitalis","article_publisher":"https:\/\/www.facebook.com\/KapitalisInfo\/","article_published_time":"2025-08-19T10:50:34+00:00","article_modified_time":"2025-08-19T10:50:36+00:00","og_image":[{"width":1200,"height":630,"url":"https:\/\/kapitalis.com\/tunisie\/wp-content\/uploads\/2025\/08\/Kais-Saied-Mohammed-El-Menfi.jpg","type":"image\/jpeg"}],"author":"webmaster kapitalis","twitter_card":"summary_large_image","twitter_creator":"@KapitalisInfo","twitter_site":"@KapitalisInfo","twitter_misc":{"\u00c9crit par":"webmaster kapitalis","Dur\u00e9e de lecture estim\u00e9e":"3 minutes"},"schema":{"@context":"https:\/\/schema.org","@graph":[{"@type":"Article","@id":"https:\/\/kapitalis.com\/tunisie\/2025\/08\/19\/kais-saied-plaide-pour-une-solution-inter-libyenne\/#article","isPartOf":{"@id":"https:\/\/kapitalis.com\/tunisie\/2025\/08\/19\/kais-saied-plaide-pour-une-solution-inter-libyenne\/"},"author":{"name":"webmaster kapitalis","@id":"https:\/\/kapitalis.com\/tunisie\/#\/schema\/person\/d71f33a9ca44f7bad4698210b480c8e9"},"headline":"Ka\u00efs Sa\u00efed\u00a0plaide pour une \u00absolution inter-libyenne\u00bb","datePublished":"2025-08-19T10:50:34+00:00","dateModified":"2025-08-19T10:50:36+00:00","mainEntityOfPage":{"@id":"https:\/\/kapitalis.com\/tunisie\/2025\/08\/19\/kais-saied-plaide-pour-une-solution-inter-libyenne\/"},"wordCount":475,"commentCount":1,"publisher":{"@id":"https:\/\/kapitalis.com\/tunisie\/#organization"},"image":{"@id":"https:\/\/kapitalis.com\/tunisie\/2025\/08\/19\/kais-saied-plaide-pour-une-solution-inter-libyenne\/#primaryimage"},"thumbnailUrl":"https:\/\/kapitalis.com\/tunisie\/wp-content\/uploads\/2025\/08\/Kais-Saied-Mohammed-El-Menfi.jpg","keywords":["famine","Ka\u00efs Sa\u00efed","Libye","Mohammed El-Menfi","Palestine","Tunisie"],"articleSection":["POLITIQUE","Tunisie"],"inLanguage":"fr-FR","potentialAction":[{"@type":"CommentAction","name":"Comment","target":["https:\/\/kapitalis.com\/tunisie\/2025\/08\/19\/kais-saied-plaide-pour-une-solution-inter-libyenne\/#respond"]}]},{"@type":"WebPage","@id":"https:\/\/kapitalis.com\/tunisie\/2025\/08\/19\/kais-saied-plaide-pour-une-solution-inter-libyenne\/","url":"https:\/\/kapitalis.com\/tunisie\/2025\/08\/19\/kais-saied-plaide-pour-une-solution-inter-libyenne\/","name":"Ka\u00efs Sa\u00efed\u00a0plaide pour une \u00absolution inter-libyenne\u00bb - Kapitalis","isPartOf":{"@id":"https:\/\/kapitalis.com\/tunisie\/#website"},"primaryImageOfPage":{"@id":"https:\/\/kapitalis.com\/tunisie\/2025\/08\/19\/kais-saied-plaide-pour-une-solution-inter-libyenne\/#primaryimage"},"image":{"@id":"https:\/\/kapitalis.com\/tunisie\/2025\/08\/19\/kais-saied-plaide-pour-une-solution-inter-libyenne\/#primaryimage"},"thumbnailUrl":"https:\/\/kapitalis.com\/tunisie\/wp-content\/uploads\/2025\/08\/Kais-Saied-Mohammed-El-Menfi.jpg","datePublished":"2025-08-19T10:50:34+00:00","dateModified":"2025-08-19T10:50:36+00:00","description":"Ka\u00efs Sa\u00efed a r\u00e9affirm\u00e9, en recevant son homologue libyen, l\u2019interd\u00e9pendance des int\u00e9r\u00eats des deux peuples tunisien et libyen.","breadcrumb":{"@id":"https:\/\/kapitalis.com\/tunisie\/2025\/08\/19\/kais-saied-plaide-pour-une-solution-inter-libyenne\/#breadcrumb"},"inLanguage":"fr-FR","potentialAction":[{"@type":"ReadAction","target":["https:\/\/kapitalis.com\/tunisie\/2025\/08\/19\/kais-saied-plaide-pour-une-solution-inter-libyenne\/"]}]},{"@type":"ImageObject","inLanguage":"fr-FR","@id":"https:\/\/kapitalis.com\/tunisie\/2025\/08\/19\/kais-saied-plaide-pour-une-solution-inter-libyenne\/#primaryimage","url":"https:\/\/kapitalis.com\/tunisie\/wp-content\/uploads\/2025\/08\/Kais-Saied-Mohammed-El-Menfi.jpg","contentUrl":"https:\/\/kapitalis.com\/tunisie\/wp-content\/uploads\/2025\/08\/Kais-Saied-Mohammed-El-Menfi.jpg","width":1200,"height":630},{"@type":"BreadcrumbList","@id":"https:\/\/kapitalis.com\/tunisie\/2025\/08\/19\/kais-saied-plaide-pour-une-solution-inter-libyenne\/#breadcrumb","itemListElement":[{"@type":"ListItem","position":1,"name":"Accueil","item":"https:\/\/kapitalis.com\/tunisie\/"},{"@type":"ListItem","position":2,"name":"Ka\u00efs Sa\u00efed\u00a0plaide pour une \u00absolution inter-libyenne\u00bb"}]},{"@type":"WebSite","@id":"https:\/\/kapitalis.com\/tunisie\/#website","url":"https:\/\/kapitalis.com\/tunisie\/","name":"Kapitalis","description":"L&#039;actualit\u00e9 en Tunisie et dans le monde","publisher":{"@id":"https:\/\/kapitalis.com\/tunisie\/#organization"},"potentialAction":[{"@type":"SearchAction","target":{"@type":"EntryPoint","urlTemplate":"https:\/\/kapitalis.com\/tunisie\/?s={search_term_string}"},"query-input":{"@type":"PropertyValueSpecification","valueRequired":true,"valueName":"search_term_string"}}],"inLanguage":"fr-FR"},{"@type":"Organization","@id":"https:\/\/kapitalis.com\/tunisie\/#organization","name":"Kapitalis","url":"https:\/\/kapitalis.com\/tunisie\/","logo":{"@type":"ImageObject","inLanguage":"fr-FR","@id":"https:\/\/kapitalis.com\/tunisie\/#\/schema\/logo\/image\/","url":"https:\/\/kapitalis.com\/tunisie\/wp-content\/uploads\/2022\/05\/Kapitalis-big-size.png","contentUrl":"https:\/\/kapitalis.com\/tunisie\/wp-content\/uploads\/2022\/05\/Kapitalis-big-size.png","width":5000,"height":1500,"caption":"Kapitalis"},"image":{"@id":"https:\/\/kapitalis.com\/tunisie\/#\/schema\/logo\/image\/"},"sameAs":["https:\/\/www.facebook.com\/KapitalisInfo\/","https:\/\/x.com\/KapitalisInfo","https:\/\/www.youtube.com\/channel\/UC-yDYrHyfFBWWZaOw3FPg9Q"]},{"@type":"Person","@id":"https:\/\/kapitalis.com\/tunisie\/#\/schema\/person\/d71f33a9ca44f7bad4698210b480c8e9","name":"webmaster kapitalis","url":"https:\/\/kapitalis.com\/tunisie\/author\/webmaster-kapitalis\/"}]}},"_links":{"self":[{"href":"https:\/\/kapitalis.com\/tunisie\/wp-json\/wp\/v2\/posts\/17287403","targetHints":{"allow":["GET"]}}],"collection":[{"href":"https:\/\/kapitalis.com\/tunisie\/wp-json\/wp\/v2\/posts"}],"about":[{"href":"https:\/\/kapitalis.com\/tunisie\/wp-json\/wp\/v2\/types\/post"}],"author":[{"embeddable":true,"href":"https:\/\/kapitalis.com\/tunisie\/wp-json\/wp\/v2\/users\/8"}],"replies":[{"embeddable":true,"href":"https:\/\/kapitalis.com\/tunisie\/wp-json\/wp\/v2\/comments?post=17287403"}],"version-history":[{"count":1,"href":"https:\/\/kapitalis.com\/tunisie\/wp-json\/wp\/v2\/posts\/17287403\/revisions"}],"predecessor-version":[{"id":17287432,"href":"https:\/\/kapitalis.com\/tunisie\/wp-json\/wp\/v2\/posts\/17287403\/revisions\/17287432"}],"wp:featuredmedia":[{"embeddable":true,"href":"https:\/\/kapitalis.com\/tunisie\/wp-json\/wp\/v2\/media\/17287427"}],"wp:attachment":[{"href":"https:\/\/kapitalis.com\/tunisie\/wp-json\/wp\/v2\/media?parent=17287403"}],"wp:term":[{"taxonomy":"category","embeddable":true,"href":"https:\/\/kapitalis.com\/tunisie\/wp-json\/wp\/v2\/categories?post=17287403"},{"taxonomy":"post_tag","embeddable":true,"href":"https:\/\/kapitalis.com\/tunisie\/wp-json\/wp\/v2\/tags?post=17287403"}],"curies":[{"name":"wp","href":"https:\/\/api.w.org\/{rel}","templated":true}]}}