{"id":17291410,"date":"2025-08-20T07:28:55","date_gmt":"2025-08-20T06:28:55","guid":{"rendered":"https:\/\/kapitalis.com\/tunisie\/?p=17291410"},"modified":"2025-08-20T07:28:57","modified_gmt":"2025-08-20T06:28:57","slug":"the-war-on-gaza-de-joe-sacco-distingue-aux-eisner-awards-2025","status":"publish","type":"post","link":"https:\/\/kapitalis.com\/tunisie\/2025\/08\/20\/the-war-on-gaza-de-joe-sacco-distingue-aux-eisner-awards-2025\/","title":{"rendered":"\u2018\u2018The War on Gaza\u2019\u2019 de Joe Sacco distingu\u00e9 aux Eisner Awards 2025"},"content":{"rendered":"\n<p><strong><em>Le journaliste et dessinateur maltais-am\u00e9ricain Joe Sacco vient de remporter l\u2019Eisner Award 2025 dans la cat\u00e9gorie Best Single Issue\/One-Shot pour son \u0153uvre \u2018\u2018The War on Gaza\u2019\u2019. La c\u00e9r\u00e9monie s\u2019est tenue lors de la San Diego Comic-Con, l\u2019un des rendez-vous les plus prestigieux du monde de la bande dessin\u00e9e.<\/em><\/strong><\/p>\n\n\n\n<!--more-->\n\n\n\n<p>Depuis <em>\u2018\u2018Palestine\u2019\u2019<\/em> jusqu\u2019\u00e0 <em>\u2018\u2018Footnotes in Gaza\u2019\u2019<\/em>, Sacco s\u2019est impos\u00e9 comme un pionnier du journalisme en bande dessin\u00e9e. Avec rigueur et puissance graphique, il raconte les conflits et donne voix aux populations oubli\u00e9es, m\u00ealant enqu\u00eate journalistique et narration visuelle percutante.<\/p>\n\n\n\n<p>Dans <em>\u2018\u2018The War on Gaza\u2019\u2019<\/em>, il explore les cons\u00e9quences de la guerre \u00e0 Gaza avec sensibilit\u00e9 et pr\u00e9cision. Publi\u00e9 par Fantagraphics Books et traduit en plusieurs langues, l\u2019ouvrage confirme son r\u00f4le de passeur de m\u00e9moires, transformant l\u2019horreur des conflits en r\u00e9cit visuel accessible et marquant.<\/p>\n\n\n\n<figure class=\"wp-block-gallery aligncenter has-nested-images columns-default is-cropped wp-block-gallery-1 is-layout-flex wp-block-gallery-is-layout-flex\">\n<figure class=\"wp-block-image size-large\"><img loading=\"lazy\" decoding=\"async\" width=\"1024\" height=\"538\" data-id=\"17291443\" src=\"https:\/\/kapitalis.com\/tunisie\/wp-content\/uploads\/2025\/08\/Joe-Sacco-Gaza-1024x538.jpg\" alt=\"\" class=\"wp-image-17291443\" srcset=\"https:\/\/kapitalis.com\/tunisie\/wp-content\/uploads\/2025\/08\/Joe-Sacco-Gaza-1024x538.jpg 1024w, https:\/\/kapitalis.com\/tunisie\/wp-content\/uploads\/2025\/08\/Joe-Sacco-Gaza-300x158.jpg 300w, https:\/\/kapitalis.com\/tunisie\/wp-content\/uploads\/2025\/08\/Joe-Sacco-Gaza-768x403.jpg 768w, https:\/\/kapitalis.com\/tunisie\/wp-content\/uploads\/2025\/08\/Joe-Sacco-Gaza-580x305.jpg 580w, https:\/\/kapitalis.com\/tunisie\/wp-content\/uploads\/2025\/08\/Joe-Sacco-Gaza-860x452.jpg 860w, https:\/\/kapitalis.com\/tunisie\/wp-content\/uploads\/2025\/08\/Joe-Sacco-Gaza-1160x609.jpg 1160w, https:\/\/kapitalis.com\/tunisie\/wp-content\/uploads\/2025\/08\/Joe-Sacco-Gaza.jpg 1200w\" sizes=\"auto, (max-width: 1024px) 100vw, 1024px\" \/><\/figure>\n\n\n\n<figure class=\"wp-block-image size-large\"><img loading=\"lazy\" decoding=\"async\" width=\"1024\" height=\"538\" data-id=\"17291442\" src=\"https:\/\/kapitalis.com\/tunisie\/wp-content\/uploads\/2025\/08\/Joe-Sacco-1024x538.jpg\" alt=\"\" class=\"wp-image-17291442\" srcset=\"https:\/\/kapitalis.com\/tunisie\/wp-content\/uploads\/2025\/08\/Joe-Sacco-1024x538.jpg 1024w, https:\/\/kapitalis.com\/tunisie\/wp-content\/uploads\/2025\/08\/Joe-Sacco-300x158.jpg 300w, https:\/\/kapitalis.com\/tunisie\/wp-content\/uploads\/2025\/08\/Joe-Sacco-768x403.jpg 768w, https:\/\/kapitalis.com\/tunisie\/wp-content\/uploads\/2025\/08\/Joe-Sacco-580x305.jpg 580w, https:\/\/kapitalis.com\/tunisie\/wp-content\/uploads\/2025\/08\/Joe-Sacco-860x452.jpg 860w, https:\/\/kapitalis.com\/tunisie\/wp-content\/uploads\/2025\/08\/Joe-Sacco-1160x609.jpg 1160w, https:\/\/kapitalis.com\/tunisie\/wp-content\/uploads\/2025\/08\/Joe-Sacco.jpg 1200w\" sizes=\"auto, (max-width: 1024px) 100vw, 1024px\" \/><\/figure>\n<\/figure>\n\n\n\n<p>Cette distinction illustre l\u2019influence durable de Joe Sacco, dont les \u0153uvres continuent de sensibiliser le public international aux injustices et aux r\u00e9alit\u00e9s des conflits contemporains.<\/p>\n\n\n\n<p class=\"has-text-align-right\"><strong>Djamal&nbsp;Guettala<\/strong><\/p>\n","protected":false},"excerpt":{"rendered":"<p>La BD \u2018\u2018The War on Gaza\u00a0\u00bb du journaliste et dessinateur maltais-am\u00e9ricain Joe Sacco vient de remporter l\u2019Eisner Award 2025.  <\/p>\n","protected":false},"author":8,"featured_media":17291439,"comment_status":"open","ping_status":"open","sticky":false,"template":"","format":"standard","meta":{"footnotes":""},"categories":[994,2433],"tags":[3050,124118,124116,4026,124117],"class_list":["post-17291410","post","type-post","status-publish","format-standard","has-post-thumbnail","hentry","category-culture","category-tunisie","tag-bande-dessinee","tag-eisner-awards","tag-joe-sacco","tag-palestine","tag-san-diego-comic-con"],"yoast_head":"<!-- This site is optimized with the Yoast SEO plugin v26.6 - https:\/\/yoast.com\/wordpress\/plugins\/seo\/ -->\n<title>\u2018\u2018The War on Gaza\u2019\u2019 de Joe Sacco distingu\u00e9 aux Eisner Awards 2025 - Kapitalis<\/title>\n<meta name=\"description\" content=\"La BD \u2018\u2018The War on Gaza&#039;&#039; du journaliste et dessinateur maltais-am\u00e9ricain Joe Sacco vient de remporter l\u2019Eisner Award 2025.\" \/>\n<meta name=\"robots\" content=\"index, follow, max-snippet:-1, max-image-preview:large, max-video-preview:-1\" \/>\n<link rel=\"canonical\" href=\"https:\/\/kapitalis.com\/tunisie\/2025\/08\/20\/the-war-on-gaza-de-joe-sacco-distingue-aux-eisner-awards-2025\/\" \/>\n<meta property=\"og:locale\" content=\"fr_FR\" \/>\n<meta property=\"og:type\" content=\"article\" \/>\n<meta property=\"og:title\" content=\"\u2018\u2018The War on Gaza\u2019\u2019 de Joe Sacco distingu\u00e9 aux Eisner Awards 2025 - Kapitalis\" \/>\n<meta property=\"og:description\" content=\"La BD \u2018\u2018The War on Gaza&#039;&#039; du journaliste et dessinateur maltais-am\u00e9ricain Joe Sacco vient de remporter l\u2019Eisner Award 2025.\" \/>\n<meta property=\"og:url\" content=\"https:\/\/kapitalis.com\/tunisie\/2025\/08\/20\/the-war-on-gaza-de-joe-sacco-distingue-aux-eisner-awards-2025\/\" \/>\n<meta property=\"og:site_name\" content=\"Kapitalis\" \/>\n<meta property=\"article:publisher\" content=\"https:\/\/www.facebook.com\/KapitalisInfo\/\" \/>\n<meta property=\"article:published_time\" content=\"2025-08-20T06:28:55+00:00\" \/>\n<meta property=\"article:modified_time\" content=\"2025-08-20T06:28:57+00:00\" \/>\n<meta property=\"og:image\" content=\"https:\/\/kapitalis.com\/tunisie\/wp-content\/uploads\/2025\/08\/Joe-Sacco-1.jpg\" \/>\n\t<meta property=\"og:image:width\" content=\"1200\" \/>\n\t<meta property=\"og:image:height\" content=\"630\" \/>\n\t<meta property=\"og:image:type\" content=\"image\/jpeg\" \/>\n<meta name=\"author\" content=\"webmaster kapitalis\" \/>\n<meta name=\"twitter:card\" content=\"summary_large_image\" \/>\n<meta name=\"twitter:creator\" content=\"@KapitalisInfo\" \/>\n<meta name=\"twitter:site\" content=\"@KapitalisInfo\" \/>\n<meta name=\"twitter:label1\" content=\"\u00c9crit par\" \/>\n\t<meta name=\"twitter:data1\" content=\"webmaster kapitalis\" \/>\n\t<meta name=\"twitter:label2\" content=\"Dur\u00e9e de lecture estim\u00e9e\" \/>\n\t<meta name=\"twitter:data2\" content=\"2 minutes\" \/>\n<script type=\"application\/ld+json\" class=\"yoast-schema-graph\">{\"@context\":\"https:\/\/schema.org\",\"@graph\":[{\"@type\":\"Article\",\"@id\":\"https:\/\/kapitalis.com\/tunisie\/2025\/08\/20\/the-war-on-gaza-de-joe-sacco-distingue-aux-eisner-awards-2025\/#article\",\"isPartOf\":{\"@id\":\"https:\/\/kapitalis.com\/tunisie\/2025\/08\/20\/the-war-on-gaza-de-joe-sacco-distingue-aux-eisner-awards-2025\/\"},\"author\":{\"name\":\"webmaster kapitalis\",\"@id\":\"https:\/\/kapitalis.com\/tunisie\/#\/schema\/person\/d71f33a9ca44f7bad4698210b480c8e9\"},\"headline\":\"\u2018\u2018The War on Gaza\u2019\u2019 de Joe Sacco distingu\u00e9 aux Eisner Awards 2025\",\"datePublished\":\"2025-08-20T06:28:55+00:00\",\"dateModified\":\"2025-08-20T06:28:57+00:00\",\"mainEntityOfPage\":{\"@id\":\"https:\/\/kapitalis.com\/tunisie\/2025\/08\/20\/the-war-on-gaza-de-joe-sacco-distingue-aux-eisner-awards-2025\/\"},\"wordCount\":193,\"commentCount\":0,\"publisher\":{\"@id\":\"https:\/\/kapitalis.com\/tunisie\/#organization\"},\"image\":{\"@id\":\"https:\/\/kapitalis.com\/tunisie\/2025\/08\/20\/the-war-on-gaza-de-joe-sacco-distingue-aux-eisner-awards-2025\/#primaryimage\"},\"thumbnailUrl\":\"https:\/\/kapitalis.com\/tunisie\/wp-content\/uploads\/2025\/08\/Joe-Sacco-1.jpg\",\"keywords\":[\"bande dessin\u00e9e\",\"Eisner Awards\",\"Joe Sacco\",\"Palestine\",\"San Diego Comic-Con\"],\"articleSection\":[\"CULTURE\",\"Tunisie\"],\"inLanguage\":\"fr-FR\",\"potentialAction\":[{\"@type\":\"CommentAction\",\"name\":\"Comment\",\"target\":[\"https:\/\/kapitalis.com\/tunisie\/2025\/08\/20\/the-war-on-gaza-de-joe-sacco-distingue-aux-eisner-awards-2025\/#respond\"]}]},{\"@type\":\"WebPage\",\"@id\":\"https:\/\/kapitalis.com\/tunisie\/2025\/08\/20\/the-war-on-gaza-de-joe-sacco-distingue-aux-eisner-awards-2025\/\",\"url\":\"https:\/\/kapitalis.com\/tunisie\/2025\/08\/20\/the-war-on-gaza-de-joe-sacco-distingue-aux-eisner-awards-2025\/\",\"name\":\"\u2018\u2018The War on Gaza\u2019\u2019 de Joe Sacco distingu\u00e9 aux Eisner Awards 2025 - Kapitalis\",\"isPartOf\":{\"@id\":\"https:\/\/kapitalis.com\/tunisie\/#website\"},\"primaryImageOfPage\":{\"@id\":\"https:\/\/kapitalis.com\/tunisie\/2025\/08\/20\/the-war-on-gaza-de-joe-sacco-distingue-aux-eisner-awards-2025\/#primaryimage\"},\"image\":{\"@id\":\"https:\/\/kapitalis.com\/tunisie\/2025\/08\/20\/the-war-on-gaza-de-joe-sacco-distingue-aux-eisner-awards-2025\/#primaryimage\"},\"thumbnailUrl\":\"https:\/\/kapitalis.com\/tunisie\/wp-content\/uploads\/2025\/08\/Joe-Sacco-1.jpg\",\"datePublished\":\"2025-08-20T06:28:55+00:00\",\"dateModified\":\"2025-08-20T06:28:57+00:00\",\"description\":\"La BD \u2018\u2018The War on Gaza'' du journaliste et dessinateur maltais-am\u00e9ricain Joe Sacco vient de remporter l\u2019Eisner Award 2025.\",\"breadcrumb\":{\"@id\":\"https:\/\/kapitalis.com\/tunisie\/2025\/08\/20\/the-war-on-gaza-de-joe-sacco-distingue-aux-eisner-awards-2025\/#breadcrumb\"},\"inLanguage\":\"fr-FR\",\"potentialAction\":[{\"@type\":\"ReadAction\",\"target\":[\"https:\/\/kapitalis.com\/tunisie\/2025\/08\/20\/the-war-on-gaza-de-joe-sacco-distingue-aux-eisner-awards-2025\/\"]}]},{\"@type\":\"ImageObject\",\"inLanguage\":\"fr-FR\",\"@id\":\"https:\/\/kapitalis.com\/tunisie\/2025\/08\/20\/the-war-on-gaza-de-joe-sacco-distingue-aux-eisner-awards-2025\/#primaryimage\",\"url\":\"https:\/\/kapitalis.com\/tunisie\/wp-content\/uploads\/2025\/08\/Joe-Sacco-1.jpg\",\"contentUrl\":\"https:\/\/kapitalis.com\/tunisie\/wp-content\/uploads\/2025\/08\/Joe-Sacco-1.jpg\",\"width\":1200,\"height\":630},{\"@type\":\"BreadcrumbList\",\"@id\":\"https:\/\/kapitalis.com\/tunisie\/2025\/08\/20\/the-war-on-gaza-de-joe-sacco-distingue-aux-eisner-awards-2025\/#breadcrumb\",\"itemListElement\":[{\"@type\":\"ListItem\",\"position\":1,\"name\":\"Accueil\",\"item\":\"https:\/\/kapitalis.com\/tunisie\/\"},{\"@type\":\"ListItem\",\"position\":2,\"name\":\"\u2018\u2018The War on Gaza\u2019\u2019 de Joe Sacco distingu\u00e9 aux Eisner Awards 2025\"}]},{\"@type\":\"WebSite\",\"@id\":\"https:\/\/kapitalis.com\/tunisie\/#website\",\"url\":\"https:\/\/kapitalis.com\/tunisie\/\",\"name\":\"Kapitalis\",\"description\":\"L&#039;actualit\u00e9 en Tunisie et dans le monde\",\"publisher\":{\"@id\":\"https:\/\/kapitalis.com\/tunisie\/#organization\"},\"potentialAction\":[{\"@type\":\"SearchAction\",\"target\":{\"@type\":\"EntryPoint\",\"urlTemplate\":\"https:\/\/kapitalis.com\/tunisie\/?s={search_term_string}\"},\"query-input\":{\"@type\":\"PropertyValueSpecification\",\"valueRequired\":true,\"valueName\":\"search_term_string\"}}],\"inLanguage\":\"fr-FR\"},{\"@type\":\"Organization\",\"@id\":\"https:\/\/kapitalis.com\/tunisie\/#organization\",\"name\":\"Kapitalis\",\"url\":\"https:\/\/kapitalis.com\/tunisie\/\",\"logo\":{\"@type\":\"ImageObject\",\"inLanguage\":\"fr-FR\",\"@id\":\"https:\/\/kapitalis.com\/tunisie\/#\/schema\/logo\/image\/\",\"url\":\"https:\/\/kapitalis.com\/tunisie\/wp-content\/uploads\/2022\/05\/Kapitalis-big-size.png\",\"contentUrl\":\"https:\/\/kapitalis.com\/tunisie\/wp-content\/uploads\/2022\/05\/Kapitalis-big-size.png\",\"width\":5000,\"height\":1500,\"caption\":\"Kapitalis\"},\"image\":{\"@id\":\"https:\/\/kapitalis.com\/tunisie\/#\/schema\/logo\/image\/\"},\"sameAs\":[\"https:\/\/www.facebook.com\/KapitalisInfo\/\",\"https:\/\/x.com\/KapitalisInfo\",\"https:\/\/www.youtube.com\/channel\/UC-yDYrHyfFBWWZaOw3FPg9Q\"]},{\"@type\":\"Person\",\"@id\":\"https:\/\/kapitalis.com\/tunisie\/#\/schema\/person\/d71f33a9ca44f7bad4698210b480c8e9\",\"name\":\"webmaster kapitalis\",\"url\":\"https:\/\/kapitalis.com\/tunisie\/author\/webmaster-kapitalis\/\"}]}<\/script>\n<!-- \/ Yoast SEO plugin. -->","yoast_head_json":{"title":"\u2018\u2018The War on Gaza\u2019\u2019 de Joe Sacco distingu\u00e9 aux Eisner Awards 2025 - Kapitalis","description":"La BD \u2018\u2018The War on Gaza'' du journaliste et dessinateur maltais-am\u00e9ricain Joe Sacco vient de remporter l\u2019Eisner Award 2025.","robots":{"index":"index","follow":"follow","max-snippet":"max-snippet:-1","max-image-preview":"max-image-preview:large","max-video-preview":"max-video-preview:-1"},"canonical":"https:\/\/kapitalis.com\/tunisie\/2025\/08\/20\/the-war-on-gaza-de-joe-sacco-distingue-aux-eisner-awards-2025\/","og_locale":"fr_FR","og_type":"article","og_title":"\u2018\u2018The War on Gaza\u2019\u2019 de Joe Sacco distingu\u00e9 aux Eisner Awards 2025 - Kapitalis","og_description":"La BD \u2018\u2018The War on Gaza'' du journaliste et dessinateur maltais-am\u00e9ricain Joe Sacco vient de remporter l\u2019Eisner Award 2025.","og_url":"https:\/\/kapitalis.com\/tunisie\/2025\/08\/20\/the-war-on-gaza-de-joe-sacco-distingue-aux-eisner-awards-2025\/","og_site_name":"Kapitalis","article_publisher":"https:\/\/www.facebook.com\/KapitalisInfo\/","article_published_time":"2025-08-20T06:28:55+00:00","article_modified_time":"2025-08-20T06:28:57+00:00","og_image":[{"width":1200,"height":630,"url":"https:\/\/kapitalis.com\/tunisie\/wp-content\/uploads\/2025\/08\/Joe-Sacco-1.jpg","type":"image\/jpeg"}],"author":"webmaster kapitalis","twitter_card":"summary_large_image","twitter_creator":"@KapitalisInfo","twitter_site":"@KapitalisInfo","twitter_misc":{"\u00c9crit par":"webmaster kapitalis","Dur\u00e9e de lecture estim\u00e9e":"2 minutes"},"schema":{"@context":"https:\/\/schema.org","@graph":[{"@type":"Article","@id":"https:\/\/kapitalis.com\/tunisie\/2025\/08\/20\/the-war-on-gaza-de-joe-sacco-distingue-aux-eisner-awards-2025\/#article","isPartOf":{"@id":"https:\/\/kapitalis.com\/tunisie\/2025\/08\/20\/the-war-on-gaza-de-joe-sacco-distingue-aux-eisner-awards-2025\/"},"author":{"name":"webmaster kapitalis","@id":"https:\/\/kapitalis.com\/tunisie\/#\/schema\/person\/d71f33a9ca44f7bad4698210b480c8e9"},"headline":"\u2018\u2018The War on Gaza\u2019\u2019 de Joe Sacco distingu\u00e9 aux Eisner Awards 2025","datePublished":"2025-08-20T06:28:55+00:00","dateModified":"2025-08-20T06:28:57+00:00","mainEntityOfPage":{"@id":"https:\/\/kapitalis.com\/tunisie\/2025\/08\/20\/the-war-on-gaza-de-joe-sacco-distingue-aux-eisner-awards-2025\/"},"wordCount":193,"commentCount":0,"publisher":{"@id":"https:\/\/kapitalis.com\/tunisie\/#organization"},"image":{"@id":"https:\/\/kapitalis.com\/tunisie\/2025\/08\/20\/the-war-on-gaza-de-joe-sacco-distingue-aux-eisner-awards-2025\/#primaryimage"},"thumbnailUrl":"https:\/\/kapitalis.com\/tunisie\/wp-content\/uploads\/2025\/08\/Joe-Sacco-1.jpg","keywords":["bande dessin\u00e9e","Eisner Awards","Joe Sacco","Palestine","San Diego Comic-Con"],"articleSection":["CULTURE","Tunisie"],"inLanguage":"fr-FR","potentialAction":[{"@type":"CommentAction","name":"Comment","target":["https:\/\/kapitalis.com\/tunisie\/2025\/08\/20\/the-war-on-gaza-de-joe-sacco-distingue-aux-eisner-awards-2025\/#respond"]}]},{"@type":"WebPage","@id":"https:\/\/kapitalis.com\/tunisie\/2025\/08\/20\/the-war-on-gaza-de-joe-sacco-distingue-aux-eisner-awards-2025\/","url":"https:\/\/kapitalis.com\/tunisie\/2025\/08\/20\/the-war-on-gaza-de-joe-sacco-distingue-aux-eisner-awards-2025\/","name":"\u2018\u2018The War on Gaza\u2019\u2019 de Joe Sacco distingu\u00e9 aux Eisner Awards 2025 - Kapitalis","isPartOf":{"@id":"https:\/\/kapitalis.com\/tunisie\/#website"},"primaryImageOfPage":{"@id":"https:\/\/kapitalis.com\/tunisie\/2025\/08\/20\/the-war-on-gaza-de-joe-sacco-distingue-aux-eisner-awards-2025\/#primaryimage"},"image":{"@id":"https:\/\/kapitalis.com\/tunisie\/2025\/08\/20\/the-war-on-gaza-de-joe-sacco-distingue-aux-eisner-awards-2025\/#primaryimage"},"thumbnailUrl":"https:\/\/kapitalis.com\/tunisie\/wp-content\/uploads\/2025\/08\/Joe-Sacco-1.jpg","datePublished":"2025-08-20T06:28:55+00:00","dateModified":"2025-08-20T06:28:57+00:00","description":"La BD \u2018\u2018The War on Gaza'' du journaliste et dessinateur maltais-am\u00e9ricain Joe Sacco vient de remporter l\u2019Eisner Award 2025.","breadcrumb":{"@id":"https:\/\/kapitalis.com\/tunisie\/2025\/08\/20\/the-war-on-gaza-de-joe-sacco-distingue-aux-eisner-awards-2025\/#breadcrumb"},"inLanguage":"fr-FR","potentialAction":[{"@type":"ReadAction","target":["https:\/\/kapitalis.com\/tunisie\/2025\/08\/20\/the-war-on-gaza-de-joe-sacco-distingue-aux-eisner-awards-2025\/"]}]},{"@type":"ImageObject","inLanguage":"fr-FR","@id":"https:\/\/kapitalis.com\/tunisie\/2025\/08\/20\/the-war-on-gaza-de-joe-sacco-distingue-aux-eisner-awards-2025\/#primaryimage","url":"https:\/\/kapitalis.com\/tunisie\/wp-content\/uploads\/2025\/08\/Joe-Sacco-1.jpg","contentUrl":"https:\/\/kapitalis.com\/tunisie\/wp-content\/uploads\/2025\/08\/Joe-Sacco-1.jpg","width":1200,"height":630},{"@type":"BreadcrumbList","@id":"https:\/\/kapitalis.com\/tunisie\/2025\/08\/20\/the-war-on-gaza-de-joe-sacco-distingue-aux-eisner-awards-2025\/#breadcrumb","itemListElement":[{"@type":"ListItem","position":1,"name":"Accueil","item":"https:\/\/kapitalis.com\/tunisie\/"},{"@type":"ListItem","position":2,"name":"\u2018\u2018The War on Gaza\u2019\u2019 de Joe Sacco distingu\u00e9 aux Eisner Awards 2025"}]},{"@type":"WebSite","@id":"https:\/\/kapitalis.com\/tunisie\/#website","url":"https:\/\/kapitalis.com\/tunisie\/","name":"Kapitalis","description":"L&#039;actualit\u00e9 en Tunisie et dans le monde","publisher":{"@id":"https:\/\/kapitalis.com\/tunisie\/#organization"},"potentialAction":[{"@type":"SearchAction","target":{"@type":"EntryPoint","urlTemplate":"https:\/\/kapitalis.com\/tunisie\/?s={search_term_string}"},"query-input":{"@type":"PropertyValueSpecification","valueRequired":true,"valueName":"search_term_string"}}],"inLanguage":"fr-FR"},{"@type":"Organization","@id":"https:\/\/kapitalis.com\/tunisie\/#organization","name":"Kapitalis","url":"https:\/\/kapitalis.com\/tunisie\/","logo":{"@type":"ImageObject","inLanguage":"fr-FR","@id":"https:\/\/kapitalis.com\/tunisie\/#\/schema\/logo\/image\/","url":"https:\/\/kapitalis.com\/tunisie\/wp-content\/uploads\/2022\/05\/Kapitalis-big-size.png","contentUrl":"https:\/\/kapitalis.com\/tunisie\/wp-content\/uploads\/2022\/05\/Kapitalis-big-size.png","width":5000,"height":1500,"caption":"Kapitalis"},"image":{"@id":"https:\/\/kapitalis.com\/tunisie\/#\/schema\/logo\/image\/"},"sameAs":["https:\/\/www.facebook.com\/KapitalisInfo\/","https:\/\/x.com\/KapitalisInfo","https:\/\/www.youtube.com\/channel\/UC-yDYrHyfFBWWZaOw3FPg9Q"]},{"@type":"Person","@id":"https:\/\/kapitalis.com\/tunisie\/#\/schema\/person\/d71f33a9ca44f7bad4698210b480c8e9","name":"webmaster kapitalis","url":"https:\/\/kapitalis.com\/tunisie\/author\/webmaster-kapitalis\/"}]}},"_links":{"self":[{"href":"https:\/\/kapitalis.com\/tunisie\/wp-json\/wp\/v2\/posts\/17291410","targetHints":{"allow":["GET"]}}],"collection":[{"href":"https:\/\/kapitalis.com\/tunisie\/wp-json\/wp\/v2\/posts"}],"about":[{"href":"https:\/\/kapitalis.com\/tunisie\/wp-json\/wp\/v2\/types\/post"}],"author":[{"embeddable":true,"href":"https:\/\/kapitalis.com\/tunisie\/wp-json\/wp\/v2\/users\/8"}],"replies":[{"embeddable":true,"href":"https:\/\/kapitalis.com\/tunisie\/wp-json\/wp\/v2\/comments?post=17291410"}],"version-history":[{"count":1,"href":"https:\/\/kapitalis.com\/tunisie\/wp-json\/wp\/v2\/posts\/17291410\/revisions"}],"predecessor-version":[{"id":17291453,"href":"https:\/\/kapitalis.com\/tunisie\/wp-json\/wp\/v2\/posts\/17291410\/revisions\/17291453"}],"wp:featuredmedia":[{"embeddable":true,"href":"https:\/\/kapitalis.com\/tunisie\/wp-json\/wp\/v2\/media\/17291439"}],"wp:attachment":[{"href":"https:\/\/kapitalis.com\/tunisie\/wp-json\/wp\/v2\/media?parent=17291410"}],"wp:term":[{"taxonomy":"category","embeddable":true,"href":"https:\/\/kapitalis.com\/tunisie\/wp-json\/wp\/v2\/categories?post=17291410"},{"taxonomy":"post_tag","embeddable":true,"href":"https:\/\/kapitalis.com\/tunisie\/wp-json\/wp\/v2\/tags?post=17291410"}],"curies":[{"name":"wp","href":"https:\/\/api.w.org\/{rel}","templated":true}]}}