{"id":172980,"date":"2018-09-08T12:06:52","date_gmt":"2018-09-08T11:06:52","guid":{"rendered":"http:\/\/kapitalis.com\/tunisie\/?p=172980"},"modified":"2018-09-08T12:06:52","modified_gmt":"2018-09-08T11:06:52","slug":"sousse-la-municipalite-rend-hommage-aux-juifs-natifs-de-la-ville","status":"publish","type":"post","link":"https:\/\/kapitalis.com\/tunisie\/2018\/09\/08\/sousse-la-municipalite-rend-hommage-aux-juifs-natifs-de-la-ville\/","title":{"rendered":"Sousse : La municipalit\u00e9 rend hommage aux juifs natifs de la ville"},"content":{"rendered":"<p style=\"text-align: center;\"><img loading=\"lazy\" decoding=\"async\" class=\"alignnone size-full wp-image-172981\" src=\"http:\/\/kapitalis.com\/tunisie\/wp-content\/uploads\/2018\/09\/Sousse_Plaques-Juifs-Tunisiens.jpg\" alt=\"\" width=\"626\" height=\"380\" \/><\/p>\n<p><em><strong>La municipalit\u00e9 de Sousse a rendu hommage \u00e0 4 juifs d&rsquo;origine tunisienne natifs de la ville pour les services qu&rsquo;ils ont rendus \u00e0 la soci\u00e9t\u00e9 tunisienne.<\/strong><\/em><!--more--><\/p>\n<p>Des plaques portant les noms de ces 4 juifs tunisiens, \u00e0 savoir, l&rsquo;avocat Claude Sitbon (\u00e0 ne pas confondre avec son homonyme le sociologue et historien de la communaut\u00e9 juive de Tunis), Dr. Daniel Uzan (1899-1985), de la sage-femme Yvonne Bessis et de Ichoua Ghouila-Houri ont \u00e9t\u00e9 install\u00e9es dans les rues d&rsquo;un quartier situ\u00e9 au nord de cette ville baln\u00e9aire.<\/p>\n<p>Ces citoyens tunisiens ont \u00e9t\u00e9 honor\u00e9s par la municipalit\u00e9 de leur ville, et ce pour avoir rendu d&rsquo;\u00e9minents services \u00e0 leurs compatriotes.<\/p>\n<p>L&rsquo;avocat Claude Sitbon est parent de Guy Sitbon, ancien journaliste \u00e0 <em>\u00ab\u00a0L&rsquo;Express\u00a0\u00bb<\/em> et au <em>\u00ab\u00a0Nouvel Observateur\u00a0\u00bb<\/em>.<\/p>\n<p>Quant \u00e0 Ichoua Ghouila-Houri, il a l\u00e9gu\u00e9 \u00e0 la municipalit\u00e9 de Sousse, avant sa mort, le jardin Charles-Nicolle, connu aujourd&rsquo;hui sous le nom de Boujaafar, ainsi qu&rsquo;un immeuble destin\u00e9 pour les personnes sourdes et malentendantes.<\/p>\n<p>L&rsquo;initiative de la municipalit\u00e9 d&rsquo;honorer les natifs juifs de la Perle du Sahel a \u00e9t\u00e9 accueillie avec beaucoup de satisfaction par plusieurs internautes sur les r\u00e9seaux sociaux , qui n&rsquo;ont pas manqu\u00e9 d&rsquo;appeler les autres municipalit\u00e9s tunisiennes, dont la Goulette et Djerba, villes o\u00f9 vivait et vit encore une forte communaut\u00e9 juive, \u00e0 faire de m\u00eame.<\/p>\n<p style=\"text-align: right;\"><strong>E. B. A.<\/strong><\/p>\n<blockquote class=\"wp-embedded-content\" data-secret=\"493IzqbZKV\"><p><a href=\"https:\/\/kapitalis.com\/tunisie\/2018\/06\/12\/patrimoine-vers-la-creation-dun-musee-du-judaisme-tunisien\/\">Patrimoine: Vers la cr\u00e9ation d&rsquo;un mus\u00e9e du juda\u00efsme tunisien<\/a><\/p><\/blockquote>\n<p><iframe loading=\"lazy\" class=\"wp-embedded-content\" sandbox=\"allow-scripts\" security=\"restricted\" style=\"position: absolute; clip: rect(1px, 1px, 1px, 1px);\" title=\"\u00ab\u00a0Patrimoine: Vers la cr\u00e9ation d&rsquo;un mus\u00e9e du juda\u00efsme tunisien\u00a0\u00bb &#8212; Kapitalis\" src=\"https:\/\/kapitalis.com\/tunisie\/2018\/06\/12\/patrimoine-vers-la-creation-dun-musee-du-judaisme-tunisien\/embed\/#?secret=6JjtArrBSG#?secret=493IzqbZKV\" data-secret=\"493IzqbZKV\" width=\"600\" height=\"338\" frameborder=\"0\" marginwidth=\"0\" marginheight=\"0\" scrolling=\"no\"><\/iframe><\/p>\n<blockquote class=\"wp-embedded-content\" data-secret=\"3khnFnxiVb\"><p><a href=\"https:\/\/kapitalis.com\/tunisie\/2017\/12\/29\/tunisie-commemoration-de-la-rafle-des-juifs-de-tunis-en-1942\/\">Tunisie : Comm\u00e9moration de la rafle des juifs de Tunis en 1942<\/a><\/p><\/blockquote>\n<p><iframe loading=\"lazy\" class=\"wp-embedded-content\" sandbox=\"allow-scripts\" security=\"restricted\" style=\"position: absolute; clip: rect(1px, 1px, 1px, 1px);\" title=\"\u00ab\u00a0Tunisie : Comm\u00e9moration de la rafle des juifs de Tunis en 1942\u00a0\u00bb &#8212; Kapitalis\" src=\"https:\/\/kapitalis.com\/tunisie\/2017\/12\/29\/tunisie-commemoration-de-la-rafle-des-juifs-de-tunis-en-1942\/embed\/#?secret=VALgPH85Tb#?secret=3khnFnxiVb\" data-secret=\"3khnFnxiVb\" width=\"600\" height=\"338\" frameborder=\"0\" marginwidth=\"0\" marginheight=\"0\" scrolling=\"no\"><\/iframe><\/p>\n<p>&nbsp;<\/p>\n","protected":false},"excerpt":{"rendered":"<p>La municipalit\u00e9 de Sousse a rendu hommage \u00e0 4 juifs d&rsquo;origine tunisienne natifs de la ville pour les services qu&rsquo;ils ont rendus \u00e0 la soci\u00e9t\u00e9 tunisienne.<\/p>\n","protected":false},"author":16,"featured_media":172981,"comment_status":"open","ping_status":"open","sticky":false,"template":"","format":"standard","meta":{"footnotes":""},"categories":[998,2433],"tags":[854],"class_list":["post-172980","post","type-post","status-publish","format-standard","has-post-thumbnail","hentry","category-societe","category-tunisie","tag-sousse"],"yoast_head":"<!-- This site is optimized with the Yoast SEO plugin v26.6 - https:\/\/yoast.com\/wordpress\/plugins\/seo\/ -->\n<title>Sousse : La municipalit\u00e9 rend hommage aux juifs natifs de la ville - Kapitalis<\/title>\n<meta name=\"robots\" content=\"index, follow, max-snippet:-1, max-image-preview:large, max-video-preview:-1\" \/>\n<link rel=\"canonical\" href=\"https:\/\/kapitalis.com\/tunisie\/2018\/09\/08\/sousse-la-municipalite-rend-hommage-aux-juifs-natifs-de-la-ville\/\" \/>\n<meta property=\"og:locale\" content=\"fr_FR\" \/>\n<meta property=\"og:type\" content=\"article\" \/>\n<meta property=\"og:title\" content=\"Sousse : La municipalit\u00e9 rend hommage aux juifs natifs de la ville - Kapitalis\" \/>\n<meta property=\"og:description\" content=\"La municipalit\u00e9 de Sousse a rendu hommage \u00e0 4 juifs d&rsquo;origine tunisienne natifs de la ville pour les services qu&rsquo;ils ont rendus \u00e0 la soci\u00e9t\u00e9 tunisienne.\" \/>\n<meta property=\"og:url\" content=\"https:\/\/kapitalis.com\/tunisie\/2018\/09\/08\/sousse-la-municipalite-rend-hommage-aux-juifs-natifs-de-la-ville\/\" \/>\n<meta property=\"og:site_name\" content=\"Kapitalis\" \/>\n<meta property=\"article:publisher\" content=\"https:\/\/www.facebook.com\/KapitalisInfo\/\" \/>\n<meta property=\"article:published_time\" content=\"2018-09-08T11:06:52+00:00\" \/>\n<meta property=\"og:image\" content=\"https:\/\/kapitalis.com\/tunisie\/wp-content\/uploads\/2022\/05\/kapitalis-logo-fb.png\" \/>\n\t<meta property=\"og:image:width\" content=\"1200\" \/>\n\t<meta property=\"og:image:height\" content=\"630\" \/>\n\t<meta property=\"og:image:type\" content=\"image\/png\" \/>\n<meta name=\"author\" content=\"emna benabdallah\" \/>\n<meta name=\"twitter:card\" content=\"summary_large_image\" \/>\n<meta name=\"twitter:creator\" content=\"@KapitalisInfo\" \/>\n<meta name=\"twitter:site\" content=\"@KapitalisInfo\" \/>\n<meta name=\"twitter:label1\" content=\"\u00c9crit par\" \/>\n\t<meta name=\"twitter:data1\" content=\"emna benabdallah\" \/>\n\t<meta name=\"twitter:label2\" content=\"Dur\u00e9e de lecture estim\u00e9e\" \/>\n\t<meta name=\"twitter:data2\" content=\"1 minute\" \/>\n<script type=\"application\/ld+json\" class=\"yoast-schema-graph\">{\"@context\":\"https:\/\/schema.org\",\"@graph\":[{\"@type\":\"Article\",\"@id\":\"https:\/\/kapitalis.com\/tunisie\/2018\/09\/08\/sousse-la-municipalite-rend-hommage-aux-juifs-natifs-de-la-ville\/#article\",\"isPartOf\":{\"@id\":\"https:\/\/kapitalis.com\/tunisie\/2018\/09\/08\/sousse-la-municipalite-rend-hommage-aux-juifs-natifs-de-la-ville\/\"},\"author\":{\"name\":\"emna benabdallah\",\"@id\":\"https:\/\/kapitalis.com\/tunisie\/#\/schema\/person\/2c6e134b2f3369dffcd1daf5f087d28b\"},\"headline\":\"Sousse : La municipalit\u00e9 rend hommage aux juifs natifs de la ville\",\"datePublished\":\"2018-09-08T11:06:52+00:00\",\"mainEntityOfPage\":{\"@id\":\"https:\/\/kapitalis.com\/tunisie\/2018\/09\/08\/sousse-la-municipalite-rend-hommage-aux-juifs-natifs-de-la-ville\/\"},\"wordCount\":237,\"commentCount\":6,\"publisher\":{\"@id\":\"https:\/\/kapitalis.com\/tunisie\/#organization\"},\"image\":{\"@id\":\"https:\/\/kapitalis.com\/tunisie\/2018\/09\/08\/sousse-la-municipalite-rend-hommage-aux-juifs-natifs-de-la-ville\/#primaryimage\"},\"thumbnailUrl\":\"\",\"keywords\":[\"Sousse\"],\"articleSection\":[\"SOCIETE\",\"Tunisie\"],\"inLanguage\":\"fr-FR\",\"potentialAction\":[{\"@type\":\"CommentAction\",\"name\":\"Comment\",\"target\":[\"https:\/\/kapitalis.com\/tunisie\/2018\/09\/08\/sousse-la-municipalite-rend-hommage-aux-juifs-natifs-de-la-ville\/#respond\"]}]},{\"@type\":\"WebPage\",\"@id\":\"https:\/\/kapitalis.com\/tunisie\/2018\/09\/08\/sousse-la-municipalite-rend-hommage-aux-juifs-natifs-de-la-ville\/\",\"url\":\"https:\/\/kapitalis.com\/tunisie\/2018\/09\/08\/sousse-la-municipalite-rend-hommage-aux-juifs-natifs-de-la-ville\/\",\"name\":\"Sousse : La municipalit\u00e9 rend hommage aux juifs natifs de la ville - Kapitalis\",\"isPartOf\":{\"@id\":\"https:\/\/kapitalis.com\/tunisie\/#website\"},\"primaryImageOfPage\":{\"@id\":\"https:\/\/kapitalis.com\/tunisie\/2018\/09\/08\/sousse-la-municipalite-rend-hommage-aux-juifs-natifs-de-la-ville\/#primaryimage\"},\"image\":{\"@id\":\"https:\/\/kapitalis.com\/tunisie\/2018\/09\/08\/sousse-la-municipalite-rend-hommage-aux-juifs-natifs-de-la-ville\/#primaryimage\"},\"thumbnailUrl\":\"\",\"datePublished\":\"2018-09-08T11:06:52+00:00\",\"breadcrumb\":{\"@id\":\"https:\/\/kapitalis.com\/tunisie\/2018\/09\/08\/sousse-la-municipalite-rend-hommage-aux-juifs-natifs-de-la-ville\/#breadcrumb\"},\"inLanguage\":\"fr-FR\",\"potentialAction\":[{\"@type\":\"ReadAction\",\"target\":[\"https:\/\/kapitalis.com\/tunisie\/2018\/09\/08\/sousse-la-municipalite-rend-hommage-aux-juifs-natifs-de-la-ville\/\"]}]},{\"@type\":\"ImageObject\",\"inLanguage\":\"fr-FR\",\"@id\":\"https:\/\/kapitalis.com\/tunisie\/2018\/09\/08\/sousse-la-municipalite-rend-hommage-aux-juifs-natifs-de-la-ville\/#primaryimage\",\"url\":\"\",\"contentUrl\":\"\"},{\"@type\":\"BreadcrumbList\",\"@id\":\"https:\/\/kapitalis.com\/tunisie\/2018\/09\/08\/sousse-la-municipalite-rend-hommage-aux-juifs-natifs-de-la-ville\/#breadcrumb\",\"itemListElement\":[{\"@type\":\"ListItem\",\"position\":1,\"name\":\"Accueil\",\"item\":\"https:\/\/kapitalis.com\/tunisie\/\"},{\"@type\":\"ListItem\",\"position\":2,\"name\":\"Sousse : La municipalit\u00e9 rend hommage aux juifs natifs de la ville\"}]},{\"@type\":\"WebSite\",\"@id\":\"https:\/\/kapitalis.com\/tunisie\/#website\",\"url\":\"https:\/\/kapitalis.com\/tunisie\/\",\"name\":\"Kapitalis\",\"description\":\"L&#039;actualit\u00e9 en Tunisie et dans le monde\",\"publisher\":{\"@id\":\"https:\/\/kapitalis.com\/tunisie\/#organization\"},\"potentialAction\":[{\"@type\":\"SearchAction\",\"target\":{\"@type\":\"EntryPoint\",\"urlTemplate\":\"https:\/\/kapitalis.com\/tunisie\/?s={search_term_string}\"},\"query-input\":{\"@type\":\"PropertyValueSpecification\",\"valueRequired\":true,\"valueName\":\"search_term_string\"}}],\"inLanguage\":\"fr-FR\"},{\"@type\":\"Organization\",\"@id\":\"https:\/\/kapitalis.com\/tunisie\/#organization\",\"name\":\"Kapitalis\",\"url\":\"https:\/\/kapitalis.com\/tunisie\/\",\"logo\":{\"@type\":\"ImageObject\",\"inLanguage\":\"fr-FR\",\"@id\":\"https:\/\/kapitalis.com\/tunisie\/#\/schema\/logo\/image\/\",\"url\":\"https:\/\/kapitalis.com\/tunisie\/wp-content\/uploads\/2022\/05\/Kapitalis-big-size.png\",\"contentUrl\":\"https:\/\/kapitalis.com\/tunisie\/wp-content\/uploads\/2022\/05\/Kapitalis-big-size.png\",\"width\":5000,\"height\":1500,\"caption\":\"Kapitalis\"},\"image\":{\"@id\":\"https:\/\/kapitalis.com\/tunisie\/#\/schema\/logo\/image\/\"},\"sameAs\":[\"https:\/\/www.facebook.com\/KapitalisInfo\/\",\"https:\/\/x.com\/KapitalisInfo\",\"https:\/\/www.youtube.com\/channel\/UC-yDYrHyfFBWWZaOw3FPg9Q\"]},{\"@type\":\"Person\",\"@id\":\"https:\/\/kapitalis.com\/tunisie\/#\/schema\/person\/2c6e134b2f3369dffcd1daf5f087d28b\",\"name\":\"emna benabdallah\",\"url\":\"https:\/\/kapitalis.com\/tunisie\/author\/emna\/\"}]}<\/script>\n<!-- \/ Yoast SEO plugin. -->","yoast_head_json":{"title":"Sousse : La municipalit\u00e9 rend hommage aux juifs natifs de la ville - Kapitalis","robots":{"index":"index","follow":"follow","max-snippet":"max-snippet:-1","max-image-preview":"max-image-preview:large","max-video-preview":"max-video-preview:-1"},"canonical":"https:\/\/kapitalis.com\/tunisie\/2018\/09\/08\/sousse-la-municipalite-rend-hommage-aux-juifs-natifs-de-la-ville\/","og_locale":"fr_FR","og_type":"article","og_title":"Sousse : La municipalit\u00e9 rend hommage aux juifs natifs de la ville - Kapitalis","og_description":"La municipalit\u00e9 de Sousse a rendu hommage \u00e0 4 juifs d&rsquo;origine tunisienne natifs de la ville pour les services qu&rsquo;ils ont rendus \u00e0 la soci\u00e9t\u00e9 tunisienne.","og_url":"https:\/\/kapitalis.com\/tunisie\/2018\/09\/08\/sousse-la-municipalite-rend-hommage-aux-juifs-natifs-de-la-ville\/","og_site_name":"Kapitalis","article_publisher":"https:\/\/www.facebook.com\/KapitalisInfo\/","article_published_time":"2018-09-08T11:06:52+00:00","og_image":[{"width":1200,"height":630,"url":"https:\/\/kapitalis.com\/tunisie\/wp-content\/uploads\/2022\/05\/kapitalis-logo-fb.png","type":"image\/png"}],"author":"emna benabdallah","twitter_card":"summary_large_image","twitter_creator":"@KapitalisInfo","twitter_site":"@KapitalisInfo","twitter_misc":{"\u00c9crit par":"emna benabdallah","Dur\u00e9e de lecture estim\u00e9e":"1 minute"},"schema":{"@context":"https:\/\/schema.org","@graph":[{"@type":"Article","@id":"https:\/\/kapitalis.com\/tunisie\/2018\/09\/08\/sousse-la-municipalite-rend-hommage-aux-juifs-natifs-de-la-ville\/#article","isPartOf":{"@id":"https:\/\/kapitalis.com\/tunisie\/2018\/09\/08\/sousse-la-municipalite-rend-hommage-aux-juifs-natifs-de-la-ville\/"},"author":{"name":"emna benabdallah","@id":"https:\/\/kapitalis.com\/tunisie\/#\/schema\/person\/2c6e134b2f3369dffcd1daf5f087d28b"},"headline":"Sousse : La municipalit\u00e9 rend hommage aux juifs natifs de la ville","datePublished":"2018-09-08T11:06:52+00:00","mainEntityOfPage":{"@id":"https:\/\/kapitalis.com\/tunisie\/2018\/09\/08\/sousse-la-municipalite-rend-hommage-aux-juifs-natifs-de-la-ville\/"},"wordCount":237,"commentCount":6,"publisher":{"@id":"https:\/\/kapitalis.com\/tunisie\/#organization"},"image":{"@id":"https:\/\/kapitalis.com\/tunisie\/2018\/09\/08\/sousse-la-municipalite-rend-hommage-aux-juifs-natifs-de-la-ville\/#primaryimage"},"thumbnailUrl":"","keywords":["Sousse"],"articleSection":["SOCIETE","Tunisie"],"inLanguage":"fr-FR","potentialAction":[{"@type":"CommentAction","name":"Comment","target":["https:\/\/kapitalis.com\/tunisie\/2018\/09\/08\/sousse-la-municipalite-rend-hommage-aux-juifs-natifs-de-la-ville\/#respond"]}]},{"@type":"WebPage","@id":"https:\/\/kapitalis.com\/tunisie\/2018\/09\/08\/sousse-la-municipalite-rend-hommage-aux-juifs-natifs-de-la-ville\/","url":"https:\/\/kapitalis.com\/tunisie\/2018\/09\/08\/sousse-la-municipalite-rend-hommage-aux-juifs-natifs-de-la-ville\/","name":"Sousse : La municipalit\u00e9 rend hommage aux juifs natifs de la ville - Kapitalis","isPartOf":{"@id":"https:\/\/kapitalis.com\/tunisie\/#website"},"primaryImageOfPage":{"@id":"https:\/\/kapitalis.com\/tunisie\/2018\/09\/08\/sousse-la-municipalite-rend-hommage-aux-juifs-natifs-de-la-ville\/#primaryimage"},"image":{"@id":"https:\/\/kapitalis.com\/tunisie\/2018\/09\/08\/sousse-la-municipalite-rend-hommage-aux-juifs-natifs-de-la-ville\/#primaryimage"},"thumbnailUrl":"","datePublished":"2018-09-08T11:06:52+00:00","breadcrumb":{"@id":"https:\/\/kapitalis.com\/tunisie\/2018\/09\/08\/sousse-la-municipalite-rend-hommage-aux-juifs-natifs-de-la-ville\/#breadcrumb"},"inLanguage":"fr-FR","potentialAction":[{"@type":"ReadAction","target":["https:\/\/kapitalis.com\/tunisie\/2018\/09\/08\/sousse-la-municipalite-rend-hommage-aux-juifs-natifs-de-la-ville\/"]}]},{"@type":"ImageObject","inLanguage":"fr-FR","@id":"https:\/\/kapitalis.com\/tunisie\/2018\/09\/08\/sousse-la-municipalite-rend-hommage-aux-juifs-natifs-de-la-ville\/#primaryimage","url":"","contentUrl":""},{"@type":"BreadcrumbList","@id":"https:\/\/kapitalis.com\/tunisie\/2018\/09\/08\/sousse-la-municipalite-rend-hommage-aux-juifs-natifs-de-la-ville\/#breadcrumb","itemListElement":[{"@type":"ListItem","position":1,"name":"Accueil","item":"https:\/\/kapitalis.com\/tunisie\/"},{"@type":"ListItem","position":2,"name":"Sousse : La municipalit\u00e9 rend hommage aux juifs natifs de la ville"}]},{"@type":"WebSite","@id":"https:\/\/kapitalis.com\/tunisie\/#website","url":"https:\/\/kapitalis.com\/tunisie\/","name":"Kapitalis","description":"L&#039;actualit\u00e9 en Tunisie et dans le monde","publisher":{"@id":"https:\/\/kapitalis.com\/tunisie\/#organization"},"potentialAction":[{"@type":"SearchAction","target":{"@type":"EntryPoint","urlTemplate":"https:\/\/kapitalis.com\/tunisie\/?s={search_term_string}"},"query-input":{"@type":"PropertyValueSpecification","valueRequired":true,"valueName":"search_term_string"}}],"inLanguage":"fr-FR"},{"@type":"Organization","@id":"https:\/\/kapitalis.com\/tunisie\/#organization","name":"Kapitalis","url":"https:\/\/kapitalis.com\/tunisie\/","logo":{"@type":"ImageObject","inLanguage":"fr-FR","@id":"https:\/\/kapitalis.com\/tunisie\/#\/schema\/logo\/image\/","url":"https:\/\/kapitalis.com\/tunisie\/wp-content\/uploads\/2022\/05\/Kapitalis-big-size.png","contentUrl":"https:\/\/kapitalis.com\/tunisie\/wp-content\/uploads\/2022\/05\/Kapitalis-big-size.png","width":5000,"height":1500,"caption":"Kapitalis"},"image":{"@id":"https:\/\/kapitalis.com\/tunisie\/#\/schema\/logo\/image\/"},"sameAs":["https:\/\/www.facebook.com\/KapitalisInfo\/","https:\/\/x.com\/KapitalisInfo","https:\/\/www.youtube.com\/channel\/UC-yDYrHyfFBWWZaOw3FPg9Q"]},{"@type":"Person","@id":"https:\/\/kapitalis.com\/tunisie\/#\/schema\/person\/2c6e134b2f3369dffcd1daf5f087d28b","name":"emna benabdallah","url":"https:\/\/kapitalis.com\/tunisie\/author\/emna\/"}]}},"_links":{"self":[{"href":"https:\/\/kapitalis.com\/tunisie\/wp-json\/wp\/v2\/posts\/172980","targetHints":{"allow":["GET"]}}],"collection":[{"href":"https:\/\/kapitalis.com\/tunisie\/wp-json\/wp\/v2\/posts"}],"about":[{"href":"https:\/\/kapitalis.com\/tunisie\/wp-json\/wp\/v2\/types\/post"}],"author":[{"embeddable":true,"href":"https:\/\/kapitalis.com\/tunisie\/wp-json\/wp\/v2\/users\/16"}],"replies":[{"embeddable":true,"href":"https:\/\/kapitalis.com\/tunisie\/wp-json\/wp\/v2\/comments?post=172980"}],"version-history":[{"count":0,"href":"https:\/\/kapitalis.com\/tunisie\/wp-json\/wp\/v2\/posts\/172980\/revisions"}],"wp:featuredmedia":[{"embeddable":true,"href":"https:\/\/kapitalis.com\/tunisie\/wp-json\/wp\/v2\/media\/172981"}],"wp:attachment":[{"href":"https:\/\/kapitalis.com\/tunisie\/wp-json\/wp\/v2\/media?parent=172980"}],"wp:term":[{"taxonomy":"category","embeddable":true,"href":"https:\/\/kapitalis.com\/tunisie\/wp-json\/wp\/v2\/categories?post=172980"},{"taxonomy":"post_tag","embeddable":true,"href":"https:\/\/kapitalis.com\/tunisie\/wp-json\/wp\/v2\/tags?post=172980"}],"curies":[{"name":"wp","href":"https:\/\/api.w.org\/{rel}","templated":true}]}}