{"id":173352,"date":"2018-09-11T11:55:45","date_gmt":"2018-09-11T10:55:45","guid":{"rendered":"http:\/\/kapitalis.com\/tunisie\/?p=173352"},"modified":"2018-09-11T11:55:45","modified_gmt":"2018-09-11T10:55:45","slug":"bizerte-arrestation-dun-imam-suspecte-de-lien-avec-le-terrorisme","status":"publish","type":"post","link":"https:\/\/kapitalis.com\/tunisie\/2018\/09\/11\/bizerte-arrestation-dun-imam-suspecte-de-lien-avec-le-terrorisme\/","title":{"rendered":"Bizerte : Arrestation d\u2019un imam suspect\u00e9 de lien avec le terrorisme"},"content":{"rendered":"<p style=\"text-align: center;\"><img loading=\"lazy\" decoding=\"async\" class=\"alignnone size-full wp-image-173356\" src=\"http:\/\/kapitalis.com\/tunisie\/wp-content\/uploads\/2018\/09\/Arrestation-imam-terrorisme-.jpg\" alt=\"\" width=\"626\" height=\"380\" \/><\/p>\n<p><strong>La police de Ras Jebel (Bizerte) a arr\u00eat\u00e9 hier, lundi 10 septembre 2018, un imam-pr\u00e9dicateur, originaire de Rafraf, qui pr\u00f4ne le jihad et s\u2019oppose aux lois de l\u2019Etat tunisien. Il a \u00e9t\u00e9 maintenu en d\u00e9tention pour lien avec le terrorisme.<\/strong><!--more--><\/p>\n<p>C\u2019est ce qu\u2019a indiqu\u00e9 une source \u00e0 Kapitalis, en pr\u00e9cisant que l\u2019imam de 30 ans utilise son compte Facebook pour appeler au jihad, traiter les magistrats et les policiers de <em>\u00abtaghout\u00bb<\/em> (terme utilis\u00e9 par les terroristes pour signifier m\u00e9cr\u00e9ant et qui s\u2019apparente \u00e0 un appel au meurtre).<\/p>\n<p>Le suspect a appel\u00e9 \u00e0 la l&rsquo;\u2019insurrection contre les forces de l\u2019ordre, au lendemain de l\u2019agression par un voyou, le 4 septembre 2018, d\u2019un <a href=\"http:\/\/kapitalis.com\/tunisie\/2018\/09\/05\/bizerte-un-repris-de-justice-place-en-detention-pour-avoir-agresse-un-policier\/\">policier de 54 ans,<\/a> \u00e0 Bizerte. Il a \u00e9galement fait all\u00e9geance \u00e0 l\u2019organisation terroriste de l\u2019Etat islamique (Daech), via des publications sur les r\u00e9seaux sociaux.<\/p>\n<p>La m\u00eame source a ajout\u00e9 que le minist\u00e8re public a ordonn\u00e9 le maintien en d\u00e9tention du suspect qui sera transf\u00e9r\u00e9 au p\u00f4le national antiterroriste, \u00e0 Tunis.<\/p>\n<p style=\"text-align: right;\"><strong>Y. N.<\/strong><\/p>\n<blockquote class=\"wp-embedded-content\" data-secret=\"D4wNLlIzZb\"><p><a href=\"https:\/\/kapitalis.com\/tunisie\/2018\/01\/23\/ariana-arrestation-dun-ancien-imam-suspecte-de-terrorisme-a-la-soukra\/\">Ariana : Arrestation d\u2019un ancien imam suspect\u00e9 de terrorisme \u00e0 la Soukra<\/a><\/p><\/blockquote>\n<p><iframe loading=\"lazy\" class=\"wp-embedded-content\" sandbox=\"allow-scripts\" security=\"restricted\" style=\"position: absolute; clip: rect(1px, 1px, 1px, 1px);\" title=\"\u00ab\u00a0Ariana : Arrestation d\u2019un ancien imam suspect\u00e9 de terrorisme \u00e0 la Soukra\u00a0\u00bb &#8212; Kapitalis\" src=\"https:\/\/kapitalis.com\/tunisie\/2018\/01\/23\/ariana-arrestation-dun-ancien-imam-suspecte-de-terrorisme-a-la-soukra\/embed\/#?secret=OEyUrRxFhz#?secret=D4wNLlIzZb\" data-secret=\"D4wNLlIzZb\" width=\"600\" height=\"338\" frameborder=\"0\" marginwidth=\"0\" marginheight=\"0\" scrolling=\"no\"><\/iframe><\/p>\n<blockquote class=\"wp-embedded-content\" data-secret=\"HCdAZuFjWC\"><p><a href=\"https:\/\/kapitalis.com\/tunisie\/2018\/01\/03\/medenine-un-imam-de-17-ans-arrete-pour-terrorisme\/\">M\u00e9denine : Un imam de 17 ans arr\u00eat\u00e9 pour terrorisme<\/a><\/p><\/blockquote>\n<p><iframe loading=\"lazy\" class=\"wp-embedded-content\" sandbox=\"allow-scripts\" security=\"restricted\" style=\"position: absolute; clip: rect(1px, 1px, 1px, 1px);\" title=\"\u00ab\u00a0M\u00e9denine : Un imam de 17 ans arr\u00eat\u00e9 pour terrorisme\u00a0\u00bb &#8212; Kapitalis\" src=\"https:\/\/kapitalis.com\/tunisie\/2018\/01\/03\/medenine-un-imam-de-17-ans-arrete-pour-terrorisme\/embed\/#?secret=VhIwIvm41Z#?secret=HCdAZuFjWC\" data-secret=\"HCdAZuFjWC\" width=\"600\" height=\"338\" frameborder=\"0\" marginwidth=\"0\" marginheight=\"0\" scrolling=\"no\"><\/iframe><\/p>\n","protected":false},"excerpt":{"rendered":"<p>La police de Ras Jebel (Bizerte) a arr\u00eat\u00e9 hier, lundi 10 septembre 2018, un imam-pr\u00e9dicateur, originaire de Rafraf, qui pr\u00f4ne le jihad et s\u2019oppose aux lois de l\u2019Etat tunisien. Il a \u00e9t\u00e9 maintenu en d\u00e9tention pour lien avec le terrorisme.<\/p>\n","protected":false},"author":6,"featured_media":173356,"comment_status":"open","ping_status":"open","sticky":false,"template":"","format":"standard","meta":{"footnotes":""},"categories":[998,2433],"tags":[148,258,2898,29292,2829,3757,765,2697,897],"class_list":["post-173352","post","type-post","status-publish","format-standard","has-post-thumbnail","hentry","category-societe","category-tunisie","tag-bizerte","tag-daech","tag-imam","tag-isis","tag-predicateur","tag-rafraf","tag-ras-jebel","tag-taghout","tag-terrorisme"],"yoast_head":"<!-- This site is optimized with the Yoast SEO plugin v26.6 - https:\/\/yoast.com\/wordpress\/plugins\/seo\/ -->\n<title>Bizerte : Arrestation d\u2019un imam suspect\u00e9 de lien avec le terrorisme - Kapitalis<\/title>\n<meta name=\"robots\" content=\"index, follow, max-snippet:-1, max-image-preview:large, max-video-preview:-1\" \/>\n<link rel=\"canonical\" href=\"https:\/\/kapitalis.com\/tunisie\/2018\/09\/11\/bizerte-arrestation-dun-imam-suspecte-de-lien-avec-le-terrorisme\/\" \/>\n<meta property=\"og:locale\" content=\"fr_FR\" \/>\n<meta property=\"og:type\" content=\"article\" \/>\n<meta property=\"og:title\" content=\"Bizerte : Arrestation d\u2019un imam suspect\u00e9 de lien avec le terrorisme - Kapitalis\" \/>\n<meta property=\"og:description\" content=\"La police de Ras Jebel (Bizerte) a arr\u00eat\u00e9 hier, lundi 10 septembre 2018, un imam-pr\u00e9dicateur, originaire de Rafraf, qui pr\u00f4ne le jihad et s\u2019oppose aux lois de l\u2019Etat tunisien. Il a \u00e9t\u00e9 maintenu en d\u00e9tention pour lien avec le terrorisme.\" \/>\n<meta property=\"og:url\" content=\"https:\/\/kapitalis.com\/tunisie\/2018\/09\/11\/bizerte-arrestation-dun-imam-suspecte-de-lien-avec-le-terrorisme\/\" \/>\n<meta property=\"og:site_name\" content=\"Kapitalis\" \/>\n<meta property=\"article:publisher\" content=\"https:\/\/www.facebook.com\/KapitalisInfo\/\" \/>\n<meta property=\"article:published_time\" content=\"2018-09-11T10:55:45+00:00\" \/>\n<meta property=\"og:image\" content=\"https:\/\/kapitalis.com\/tunisie\/wp-content\/uploads\/2022\/05\/kapitalis-logo-fb.png\" \/>\n\t<meta property=\"og:image:width\" content=\"1200\" \/>\n\t<meta property=\"og:image:height\" content=\"630\" \/>\n\t<meta property=\"og:image:type\" content=\"image\/png\" \/>\n<meta name=\"author\" content=\"Yusra NY\" \/>\n<meta name=\"twitter:card\" content=\"summary_large_image\" \/>\n<meta name=\"twitter:creator\" content=\"@KapitalisInfo\" \/>\n<meta name=\"twitter:site\" content=\"@KapitalisInfo\" \/>\n<meta name=\"twitter:label1\" content=\"\u00c9crit par\" \/>\n\t<meta name=\"twitter:data1\" content=\"Yusra NY\" \/>\n\t<meta name=\"twitter:label2\" content=\"Dur\u00e9e de lecture estim\u00e9e\" \/>\n\t<meta name=\"twitter:data2\" content=\"1 minute\" \/>\n<script type=\"application\/ld+json\" class=\"yoast-schema-graph\">{\"@context\":\"https:\/\/schema.org\",\"@graph\":[{\"@type\":\"Article\",\"@id\":\"https:\/\/kapitalis.com\/tunisie\/2018\/09\/11\/bizerte-arrestation-dun-imam-suspecte-de-lien-avec-le-terrorisme\/#article\",\"isPartOf\":{\"@id\":\"https:\/\/kapitalis.com\/tunisie\/2018\/09\/11\/bizerte-arrestation-dun-imam-suspecte-de-lien-avec-le-terrorisme\/\"},\"author\":{\"name\":\"Yusra NY\",\"@id\":\"https:\/\/kapitalis.com\/tunisie\/#\/schema\/person\/74bbde0154d49d790a92aaeac5bc01d5\"},\"headline\":\"Bizerte : Arrestation d\u2019un imam suspect\u00e9 de lien avec le terrorisme\",\"datePublished\":\"2018-09-11T10:55:45+00:00\",\"mainEntityOfPage\":{\"@id\":\"https:\/\/kapitalis.com\/tunisie\/2018\/09\/11\/bizerte-arrestation-dun-imam-suspecte-de-lien-avec-le-terrorisme\/\"},\"wordCount\":200,\"commentCount\":2,\"publisher\":{\"@id\":\"https:\/\/kapitalis.com\/tunisie\/#organization\"},\"image\":{\"@id\":\"https:\/\/kapitalis.com\/tunisie\/2018\/09\/11\/bizerte-arrestation-dun-imam-suspecte-de-lien-avec-le-terrorisme\/#primaryimage\"},\"thumbnailUrl\":\"\",\"keywords\":[\"Bizerte\",\"Daech\",\"imam\",\"Isis\",\"pr\u00e9dicateur\",\"Rafraf\",\"Ras Jebel\",\"taghout\",\"terrorisme\"],\"articleSection\":[\"SOCIETE\",\"Tunisie\"],\"inLanguage\":\"fr-FR\",\"potentialAction\":[{\"@type\":\"CommentAction\",\"name\":\"Comment\",\"target\":[\"https:\/\/kapitalis.com\/tunisie\/2018\/09\/11\/bizerte-arrestation-dun-imam-suspecte-de-lien-avec-le-terrorisme\/#respond\"]}]},{\"@type\":\"WebPage\",\"@id\":\"https:\/\/kapitalis.com\/tunisie\/2018\/09\/11\/bizerte-arrestation-dun-imam-suspecte-de-lien-avec-le-terrorisme\/\",\"url\":\"https:\/\/kapitalis.com\/tunisie\/2018\/09\/11\/bizerte-arrestation-dun-imam-suspecte-de-lien-avec-le-terrorisme\/\",\"name\":\"Bizerte : Arrestation d\u2019un imam suspect\u00e9 de lien avec le terrorisme - Kapitalis\",\"isPartOf\":{\"@id\":\"https:\/\/kapitalis.com\/tunisie\/#website\"},\"primaryImageOfPage\":{\"@id\":\"https:\/\/kapitalis.com\/tunisie\/2018\/09\/11\/bizerte-arrestation-dun-imam-suspecte-de-lien-avec-le-terrorisme\/#primaryimage\"},\"image\":{\"@id\":\"https:\/\/kapitalis.com\/tunisie\/2018\/09\/11\/bizerte-arrestation-dun-imam-suspecte-de-lien-avec-le-terrorisme\/#primaryimage\"},\"thumbnailUrl\":\"\",\"datePublished\":\"2018-09-11T10:55:45+00:00\",\"breadcrumb\":{\"@id\":\"https:\/\/kapitalis.com\/tunisie\/2018\/09\/11\/bizerte-arrestation-dun-imam-suspecte-de-lien-avec-le-terrorisme\/#breadcrumb\"},\"inLanguage\":\"fr-FR\",\"potentialAction\":[{\"@type\":\"ReadAction\",\"target\":[\"https:\/\/kapitalis.com\/tunisie\/2018\/09\/11\/bizerte-arrestation-dun-imam-suspecte-de-lien-avec-le-terrorisme\/\"]}]},{\"@type\":\"ImageObject\",\"inLanguage\":\"fr-FR\",\"@id\":\"https:\/\/kapitalis.com\/tunisie\/2018\/09\/11\/bizerte-arrestation-dun-imam-suspecte-de-lien-avec-le-terrorisme\/#primaryimage\",\"url\":\"\",\"contentUrl\":\"\"},{\"@type\":\"BreadcrumbList\",\"@id\":\"https:\/\/kapitalis.com\/tunisie\/2018\/09\/11\/bizerte-arrestation-dun-imam-suspecte-de-lien-avec-le-terrorisme\/#breadcrumb\",\"itemListElement\":[{\"@type\":\"ListItem\",\"position\":1,\"name\":\"Accueil\",\"item\":\"https:\/\/kapitalis.com\/tunisie\/\"},{\"@type\":\"ListItem\",\"position\":2,\"name\":\"Bizerte : Arrestation d\u2019un imam suspect\u00e9 de lien avec le terrorisme\"}]},{\"@type\":\"WebSite\",\"@id\":\"https:\/\/kapitalis.com\/tunisie\/#website\",\"url\":\"https:\/\/kapitalis.com\/tunisie\/\",\"name\":\"Kapitalis\",\"description\":\"L&#039;actualit\u00e9 en Tunisie et dans le monde\",\"publisher\":{\"@id\":\"https:\/\/kapitalis.com\/tunisie\/#organization\"},\"potentialAction\":[{\"@type\":\"SearchAction\",\"target\":{\"@type\":\"EntryPoint\",\"urlTemplate\":\"https:\/\/kapitalis.com\/tunisie\/?s={search_term_string}\"},\"query-input\":{\"@type\":\"PropertyValueSpecification\",\"valueRequired\":true,\"valueName\":\"search_term_string\"}}],\"inLanguage\":\"fr-FR\"},{\"@type\":\"Organization\",\"@id\":\"https:\/\/kapitalis.com\/tunisie\/#organization\",\"name\":\"Kapitalis\",\"url\":\"https:\/\/kapitalis.com\/tunisie\/\",\"logo\":{\"@type\":\"ImageObject\",\"inLanguage\":\"fr-FR\",\"@id\":\"https:\/\/kapitalis.com\/tunisie\/#\/schema\/logo\/image\/\",\"url\":\"https:\/\/kapitalis.com\/tunisie\/wp-content\/uploads\/2022\/05\/Kapitalis-big-size.png\",\"contentUrl\":\"https:\/\/kapitalis.com\/tunisie\/wp-content\/uploads\/2022\/05\/Kapitalis-big-size.png\",\"width\":5000,\"height\":1500,\"caption\":\"Kapitalis\"},\"image\":{\"@id\":\"https:\/\/kapitalis.com\/tunisie\/#\/schema\/logo\/image\/\"},\"sameAs\":[\"https:\/\/www.facebook.com\/KapitalisInfo\/\",\"https:\/\/x.com\/KapitalisInfo\",\"https:\/\/www.youtube.com\/channel\/UC-yDYrHyfFBWWZaOw3FPg9Q\"]},{\"@type\":\"Person\",\"@id\":\"https:\/\/kapitalis.com\/tunisie\/#\/schema\/person\/74bbde0154d49d790a92aaeac5bc01d5\",\"name\":\"Yusra NY\",\"url\":\"https:\/\/kapitalis.com\/tunisie\/author\/yuza_adam\/\"}]}<\/script>\n<!-- \/ Yoast SEO plugin. -->","yoast_head_json":{"title":"Bizerte : Arrestation d\u2019un imam suspect\u00e9 de lien avec le terrorisme - Kapitalis","robots":{"index":"index","follow":"follow","max-snippet":"max-snippet:-1","max-image-preview":"max-image-preview:large","max-video-preview":"max-video-preview:-1"},"canonical":"https:\/\/kapitalis.com\/tunisie\/2018\/09\/11\/bizerte-arrestation-dun-imam-suspecte-de-lien-avec-le-terrorisme\/","og_locale":"fr_FR","og_type":"article","og_title":"Bizerte : Arrestation d\u2019un imam suspect\u00e9 de lien avec le terrorisme - Kapitalis","og_description":"La police de Ras Jebel (Bizerte) a arr\u00eat\u00e9 hier, lundi 10 septembre 2018, un imam-pr\u00e9dicateur, originaire de Rafraf, qui pr\u00f4ne le jihad et s\u2019oppose aux lois de l\u2019Etat tunisien. Il a \u00e9t\u00e9 maintenu en d\u00e9tention pour lien avec le terrorisme.","og_url":"https:\/\/kapitalis.com\/tunisie\/2018\/09\/11\/bizerte-arrestation-dun-imam-suspecte-de-lien-avec-le-terrorisme\/","og_site_name":"Kapitalis","article_publisher":"https:\/\/www.facebook.com\/KapitalisInfo\/","article_published_time":"2018-09-11T10:55:45+00:00","og_image":[{"width":1200,"height":630,"url":"https:\/\/kapitalis.com\/tunisie\/wp-content\/uploads\/2022\/05\/kapitalis-logo-fb.png","type":"image\/png"}],"author":"Yusra NY","twitter_card":"summary_large_image","twitter_creator":"@KapitalisInfo","twitter_site":"@KapitalisInfo","twitter_misc":{"\u00c9crit par":"Yusra NY","Dur\u00e9e de lecture estim\u00e9e":"1 minute"},"schema":{"@context":"https:\/\/schema.org","@graph":[{"@type":"Article","@id":"https:\/\/kapitalis.com\/tunisie\/2018\/09\/11\/bizerte-arrestation-dun-imam-suspecte-de-lien-avec-le-terrorisme\/#article","isPartOf":{"@id":"https:\/\/kapitalis.com\/tunisie\/2018\/09\/11\/bizerte-arrestation-dun-imam-suspecte-de-lien-avec-le-terrorisme\/"},"author":{"name":"Yusra NY","@id":"https:\/\/kapitalis.com\/tunisie\/#\/schema\/person\/74bbde0154d49d790a92aaeac5bc01d5"},"headline":"Bizerte : Arrestation d\u2019un imam suspect\u00e9 de lien avec le terrorisme","datePublished":"2018-09-11T10:55:45+00:00","mainEntityOfPage":{"@id":"https:\/\/kapitalis.com\/tunisie\/2018\/09\/11\/bizerte-arrestation-dun-imam-suspecte-de-lien-avec-le-terrorisme\/"},"wordCount":200,"commentCount":2,"publisher":{"@id":"https:\/\/kapitalis.com\/tunisie\/#organization"},"image":{"@id":"https:\/\/kapitalis.com\/tunisie\/2018\/09\/11\/bizerte-arrestation-dun-imam-suspecte-de-lien-avec-le-terrorisme\/#primaryimage"},"thumbnailUrl":"","keywords":["Bizerte","Daech","imam","Isis","pr\u00e9dicateur","Rafraf","Ras Jebel","taghout","terrorisme"],"articleSection":["SOCIETE","Tunisie"],"inLanguage":"fr-FR","potentialAction":[{"@type":"CommentAction","name":"Comment","target":["https:\/\/kapitalis.com\/tunisie\/2018\/09\/11\/bizerte-arrestation-dun-imam-suspecte-de-lien-avec-le-terrorisme\/#respond"]}]},{"@type":"WebPage","@id":"https:\/\/kapitalis.com\/tunisie\/2018\/09\/11\/bizerte-arrestation-dun-imam-suspecte-de-lien-avec-le-terrorisme\/","url":"https:\/\/kapitalis.com\/tunisie\/2018\/09\/11\/bizerte-arrestation-dun-imam-suspecte-de-lien-avec-le-terrorisme\/","name":"Bizerte : Arrestation d\u2019un imam suspect\u00e9 de lien avec le terrorisme - Kapitalis","isPartOf":{"@id":"https:\/\/kapitalis.com\/tunisie\/#website"},"primaryImageOfPage":{"@id":"https:\/\/kapitalis.com\/tunisie\/2018\/09\/11\/bizerte-arrestation-dun-imam-suspecte-de-lien-avec-le-terrorisme\/#primaryimage"},"image":{"@id":"https:\/\/kapitalis.com\/tunisie\/2018\/09\/11\/bizerte-arrestation-dun-imam-suspecte-de-lien-avec-le-terrorisme\/#primaryimage"},"thumbnailUrl":"","datePublished":"2018-09-11T10:55:45+00:00","breadcrumb":{"@id":"https:\/\/kapitalis.com\/tunisie\/2018\/09\/11\/bizerte-arrestation-dun-imam-suspecte-de-lien-avec-le-terrorisme\/#breadcrumb"},"inLanguage":"fr-FR","potentialAction":[{"@type":"ReadAction","target":["https:\/\/kapitalis.com\/tunisie\/2018\/09\/11\/bizerte-arrestation-dun-imam-suspecte-de-lien-avec-le-terrorisme\/"]}]},{"@type":"ImageObject","inLanguage":"fr-FR","@id":"https:\/\/kapitalis.com\/tunisie\/2018\/09\/11\/bizerte-arrestation-dun-imam-suspecte-de-lien-avec-le-terrorisme\/#primaryimage","url":"","contentUrl":""},{"@type":"BreadcrumbList","@id":"https:\/\/kapitalis.com\/tunisie\/2018\/09\/11\/bizerte-arrestation-dun-imam-suspecte-de-lien-avec-le-terrorisme\/#breadcrumb","itemListElement":[{"@type":"ListItem","position":1,"name":"Accueil","item":"https:\/\/kapitalis.com\/tunisie\/"},{"@type":"ListItem","position":2,"name":"Bizerte : Arrestation d\u2019un imam suspect\u00e9 de lien avec le terrorisme"}]},{"@type":"WebSite","@id":"https:\/\/kapitalis.com\/tunisie\/#website","url":"https:\/\/kapitalis.com\/tunisie\/","name":"Kapitalis","description":"L&#039;actualit\u00e9 en Tunisie et dans le monde","publisher":{"@id":"https:\/\/kapitalis.com\/tunisie\/#organization"},"potentialAction":[{"@type":"SearchAction","target":{"@type":"EntryPoint","urlTemplate":"https:\/\/kapitalis.com\/tunisie\/?s={search_term_string}"},"query-input":{"@type":"PropertyValueSpecification","valueRequired":true,"valueName":"search_term_string"}}],"inLanguage":"fr-FR"},{"@type":"Organization","@id":"https:\/\/kapitalis.com\/tunisie\/#organization","name":"Kapitalis","url":"https:\/\/kapitalis.com\/tunisie\/","logo":{"@type":"ImageObject","inLanguage":"fr-FR","@id":"https:\/\/kapitalis.com\/tunisie\/#\/schema\/logo\/image\/","url":"https:\/\/kapitalis.com\/tunisie\/wp-content\/uploads\/2022\/05\/Kapitalis-big-size.png","contentUrl":"https:\/\/kapitalis.com\/tunisie\/wp-content\/uploads\/2022\/05\/Kapitalis-big-size.png","width":5000,"height":1500,"caption":"Kapitalis"},"image":{"@id":"https:\/\/kapitalis.com\/tunisie\/#\/schema\/logo\/image\/"},"sameAs":["https:\/\/www.facebook.com\/KapitalisInfo\/","https:\/\/x.com\/KapitalisInfo","https:\/\/www.youtube.com\/channel\/UC-yDYrHyfFBWWZaOw3FPg9Q"]},{"@type":"Person","@id":"https:\/\/kapitalis.com\/tunisie\/#\/schema\/person\/74bbde0154d49d790a92aaeac5bc01d5","name":"Yusra NY","url":"https:\/\/kapitalis.com\/tunisie\/author\/yuza_adam\/"}]}},"_links":{"self":[{"href":"https:\/\/kapitalis.com\/tunisie\/wp-json\/wp\/v2\/posts\/173352","targetHints":{"allow":["GET"]}}],"collection":[{"href":"https:\/\/kapitalis.com\/tunisie\/wp-json\/wp\/v2\/posts"}],"about":[{"href":"https:\/\/kapitalis.com\/tunisie\/wp-json\/wp\/v2\/types\/post"}],"author":[{"embeddable":true,"href":"https:\/\/kapitalis.com\/tunisie\/wp-json\/wp\/v2\/users\/6"}],"replies":[{"embeddable":true,"href":"https:\/\/kapitalis.com\/tunisie\/wp-json\/wp\/v2\/comments?post=173352"}],"version-history":[{"count":0,"href":"https:\/\/kapitalis.com\/tunisie\/wp-json\/wp\/v2\/posts\/173352\/revisions"}],"wp:featuredmedia":[{"embeddable":true,"href":"https:\/\/kapitalis.com\/tunisie\/wp-json\/wp\/v2\/media\/173356"}],"wp:attachment":[{"href":"https:\/\/kapitalis.com\/tunisie\/wp-json\/wp\/v2\/media?parent=173352"}],"wp:term":[{"taxonomy":"category","embeddable":true,"href":"https:\/\/kapitalis.com\/tunisie\/wp-json\/wp\/v2\/categories?post=173352"},{"taxonomy":"post_tag","embeddable":true,"href":"https:\/\/kapitalis.com\/tunisie\/wp-json\/wp\/v2\/tags?post=173352"}],"curies":[{"name":"wp","href":"https:\/\/api.w.org\/{rel}","templated":true}]}}