{"id":173353,"date":"2018-09-11T12:45:01","date_gmt":"2018-09-11T11:45:01","guid":{"rendered":"http:\/\/kapitalis.com\/tunisie\/?p=173353"},"modified":"2018-09-15T13:59:36","modified_gmt":"2018-09-15T12:59:36","slug":"sousse-rendra-hommage-a-plusieurs-personnalites-de-la-ville","status":"publish","type":"post","link":"https:\/\/kapitalis.com\/tunisie\/2018\/09\/11\/sousse-rendra-hommage-a-plusieurs-personnalites-de-la-ville\/","title":{"rendered":"Sousse rendra hommage \u00e0 plusieurs personnalit\u00e9s de la ville"},"content":{"rendered":"<p style=\"text-align: center;\"><img loading=\"lazy\" decoding=\"async\" class=\"alignnone size-full wp-image-173374\" src=\"http:\/\/kapitalis.com\/tunisie\/wp-content\/uploads\/2018\/09\/Slah-Gharbi_Bahaeddine-Attia.jpg\" alt=\"\" width=\"626\" height=\"380\" \/><\/p>\n<p style=\"text-align: center;\"><em>Ahmed Bahaeddine Attia\/Dr. Slaheddine Gharbi\/Librairie Kacem.<\/em><\/p>\n<p style=\"text-align: left;\"><em><strong>Apr\u00e8s avoir rendu hommage \u00e0 4 juifs tunisiens natifs de Sousse pour les services qu&rsquo;ils ont rendus \u00e0 la soci\u00e9t\u00e9 tunisienne, la municipalit\u00e9 de la Perle du Sahel ne compte pas s&rsquo;arr\u00eater l\u00e0.\u00a0<\/strong><\/em><!--more--><\/p>\n<p>Pour rendre \u00e0 C\u00e9sar ce qui lui revient, cette initiative de donner \u00e0 plusieurs rues de la commune les noms de juifs tunisiens originaires de Sousse, notamment l&rsquo;avocat Claude Sitbon, Dr. Daniel Uzan (1899-1985), la sage-femme Yvonne Bessis et Ichoua Ghouila-Houri, qui a \u00e9t\u00e9 salu\u00e9e par de nombreux internautes sur les r\u00e9seaux sociaux, revient Slaheddine Ben Ahmed, membre de l&rsquo;ancienne d\u00e9l\u00e9gation sp\u00e9ciale de la municipalit\u00e9 de Sousse.<\/p>\n<p>Selon lui, l&rsquo;id\u00e9e de rendre hommage \u00e0 ces juifs tunisiens date de 2015, soit quelques mois apr\u00e8s l&rsquo;attaque terroriste de Sousse, dans laquelle plusieurs touristes, principalement britanniques, ont trouv\u00e9 la mort.<\/p>\n<p><em>\u00abLe but de cette initiative est d&rsquo;honorer la m\u00e9moire des personnes qui ont \u00e9norm\u00e9ment donn\u00e9 \u00e0 leur ville et aussi de transmettre un message de reconnaissance et d&rsquo;ouverture\u00bb<\/em>, explique-t-il, et d&rsquo;ajouter que la municipalit\u00e9 de Sousse pr\u00e9voit de baptiser d&rsquo;autres rues de Sousse aux noms d&rsquo;autres personnalit\u00e9s qui ont rendu de louables services \u00e0 la ville et \u00e0 ses habitants.<\/p>\n<p>M. Ben Ahmed cite, \u00e0 ce propos et \u00e0 titre d&rsquo;exemple, le\u00a0r\u00e9alisateur et producteur de cin\u00e9ma, Ahmed Bahaeddine Attia (1945-2005), qui fut en 1992 et 1994 le directeur des Journ\u00e9es cin\u00e9matographique de Carthage (JCC) et membre de jury de plusieurs festivals internationaux (Namur, Istanbul et Mons). Il \u00e9tait aussi le producteur du film \u00ab\u00a0<em>Halfaouine<\/em>\u00a0\u00bb de F\u00e9rid Boughedir, entre autres.<\/p>\n<p style=\"text-align: center;\"><img loading=\"lazy\" decoding=\"async\" class=\"alignnone wp-image-173392\" src=\"http:\/\/kapitalis.com\/tunisie\/wp-content\/uploads\/2018\/09\/Mohsen-Ben-Ahmed.jpg\" alt=\"\" width=\"500\" height=\"304\" \/><\/p>\n<p style=\"text-align: center;\"><em>Slaheddine Ben Ahmed, second \u00e0 partir de la gauche.<\/em><\/p>\n<p>Autres personnalit\u00e9s de Sousse dont la m\u00e9moire sera honor\u00e9e : Dr. Slaheddine Gharbi (1932-2009), ancien chef du service de chirurgie \u00e0 l&rsquo;h\u00f4pital Farhat Hached et ancien professeur \u00e0 la Facult\u00e9 de m\u00e9decine de Sousse; Dr. Hamadi Farhat (1928-2006), chirurgiens, et Moncef Ben Ameur (1936-2013), ancien directeur au minist\u00e8re de la Culture et du Festival international du film pour l\u2019enfance et la jeunesse (Fifej).<\/p>\n<p>Taieb Kacem (1924-1997), propri\u00e9taire de la c\u00e9l\u00e8bre librairie Kacem, et la doyenne des pharmaciennes, Aziza Ben Cherifa Ep. Ouachi, auront, eux aussi, une plaque en leur nom dans l&rsquo;une des rues de leur ville natale pour certains et de c\u0153ur pour d&rsquo;autres.<\/p>\n<p style=\"text-align: right;\"><strong>E. B. A.<\/strong><\/p>\n<blockquote class=\"wp-embedded-content\" data-secret=\"G02o8p1iPF\"><p><a href=\"https:\/\/kapitalis.com\/tunisie\/2018\/09\/08\/sousse-la-municipalite-rend-hommage-aux-juifs-natifs-de-la-ville\/\">Sousse : La municipalit\u00e9 rend hommage aux juifs natifs de la ville<\/a><\/p><\/blockquote>\n<p><iframe loading=\"lazy\" class=\"wp-embedded-content\" sandbox=\"allow-scripts\" security=\"restricted\" style=\"position: absolute; clip: rect(1px, 1px, 1px, 1px);\" title=\"\u00ab\u00a0Sousse : La municipalit\u00e9 rend hommage aux juifs natifs de la ville\u00a0\u00bb &#8212; Kapitalis\" src=\"https:\/\/kapitalis.com\/tunisie\/2018\/09\/08\/sousse-la-municipalite-rend-hommage-aux-juifs-natifs-de-la-ville\/embed\/#?secret=i1Iwq67VCZ#?secret=G02o8p1iPF\" data-secret=\"G02o8p1iPF\" width=\"600\" height=\"338\" frameborder=\"0\" marginwidth=\"0\" marginheight=\"0\" scrolling=\"no\"><\/iframe><\/p>\n<p>&nbsp;<\/p>\n","protected":false},"excerpt":{"rendered":"<p>Ahmed Bahaeddine Attia\/Dr. Slaheddine Gharbi\/Librairie Kacem. Apr\u00e8s avoir rendu hommage \u00e0 4 juifs tunisiens natifs de Sousse pour les services qu&rsquo;ils ont rendus \u00e0 la soci\u00e9t\u00e9 tunisienne, la municipalit\u00e9 de la Perle du Sahel ne compte pas s&rsquo;arr\u00eater l\u00e0.\u00a0<\/p>\n","protected":false},"author":16,"featured_media":173374,"comment_status":"open","ping_status":"open","sticky":false,"template":"","format":"standard","meta":{"footnotes":""},"categories":[998,2433],"tags":[854],"class_list":["post-173353","post","type-post","status-publish","format-standard","has-post-thumbnail","hentry","category-societe","category-tunisie","tag-sousse"],"yoast_head":"<!-- This site is optimized with the Yoast SEO plugin v26.6 - https:\/\/yoast.com\/wordpress\/plugins\/seo\/ -->\n<title>Sousse rendra hommage \u00e0 plusieurs personnalit\u00e9s de la ville - Kapitalis<\/title>\n<meta name=\"robots\" content=\"index, follow, max-snippet:-1, max-image-preview:large, max-video-preview:-1\" \/>\n<link rel=\"canonical\" href=\"https:\/\/kapitalis.com\/tunisie\/2018\/09\/11\/sousse-rendra-hommage-a-plusieurs-personnalites-de-la-ville\/\" \/>\n<meta property=\"og:locale\" content=\"fr_FR\" \/>\n<meta property=\"og:type\" content=\"article\" \/>\n<meta property=\"og:title\" content=\"Sousse rendra hommage \u00e0 plusieurs personnalit\u00e9s de la ville - Kapitalis\" \/>\n<meta property=\"og:description\" content=\"Ahmed Bahaeddine Attia\/Dr. Slaheddine Gharbi\/Librairie Kacem. Apr\u00e8s avoir rendu hommage \u00e0 4 juifs tunisiens natifs de Sousse pour les services qu&rsquo;ils ont rendus \u00e0 la soci\u00e9t\u00e9 tunisienne, la municipalit\u00e9 de la Perle du Sahel ne compte pas s&rsquo;arr\u00eater l\u00e0.\u00a0\" \/>\n<meta property=\"og:url\" content=\"https:\/\/kapitalis.com\/tunisie\/2018\/09\/11\/sousse-rendra-hommage-a-plusieurs-personnalites-de-la-ville\/\" \/>\n<meta property=\"og:site_name\" content=\"Kapitalis\" \/>\n<meta property=\"article:publisher\" content=\"https:\/\/www.facebook.com\/KapitalisInfo\/\" \/>\n<meta property=\"article:published_time\" content=\"2018-09-11T11:45:01+00:00\" \/>\n<meta property=\"article:modified_time\" content=\"2018-09-15T12:59:36+00:00\" \/>\n<meta property=\"og:image\" content=\"https:\/\/kapitalis.com\/tunisie\/wp-content\/uploads\/2022\/05\/kapitalis-logo-fb.png\" \/>\n\t<meta property=\"og:image:width\" content=\"1200\" \/>\n\t<meta property=\"og:image:height\" content=\"630\" \/>\n\t<meta property=\"og:image:type\" content=\"image\/png\" \/>\n<meta name=\"author\" content=\"emna benabdallah\" \/>\n<meta name=\"twitter:card\" content=\"summary_large_image\" \/>\n<meta name=\"twitter:creator\" content=\"@KapitalisInfo\" \/>\n<meta name=\"twitter:site\" content=\"@KapitalisInfo\" \/>\n<meta name=\"twitter:label1\" content=\"\u00c9crit par\" \/>\n\t<meta name=\"twitter:data1\" content=\"emna benabdallah\" \/>\n\t<meta name=\"twitter:label2\" content=\"Dur\u00e9e de lecture estim\u00e9e\" \/>\n\t<meta name=\"twitter:data2\" content=\"2 minutes\" \/>\n<script type=\"application\/ld+json\" class=\"yoast-schema-graph\">{\"@context\":\"https:\/\/schema.org\",\"@graph\":[{\"@type\":\"Article\",\"@id\":\"https:\/\/kapitalis.com\/tunisie\/2018\/09\/11\/sousse-rendra-hommage-a-plusieurs-personnalites-de-la-ville\/#article\",\"isPartOf\":{\"@id\":\"https:\/\/kapitalis.com\/tunisie\/2018\/09\/11\/sousse-rendra-hommage-a-plusieurs-personnalites-de-la-ville\/\"},\"author\":{\"name\":\"emna benabdallah\",\"@id\":\"https:\/\/kapitalis.com\/tunisie\/#\/schema\/person\/2c6e134b2f3369dffcd1daf5f087d28b\"},\"headline\":\"Sousse rendra hommage \u00e0 plusieurs personnalit\u00e9s de la ville\",\"datePublished\":\"2018-09-11T11:45:01+00:00\",\"dateModified\":\"2018-09-15T12:59:36+00:00\",\"mainEntityOfPage\":{\"@id\":\"https:\/\/kapitalis.com\/tunisie\/2018\/09\/11\/sousse-rendra-hommage-a-plusieurs-personnalites-de-la-ville\/\"},\"wordCount\":404,\"commentCount\":2,\"publisher\":{\"@id\":\"https:\/\/kapitalis.com\/tunisie\/#organization\"},\"image\":{\"@id\":\"https:\/\/kapitalis.com\/tunisie\/2018\/09\/11\/sousse-rendra-hommage-a-plusieurs-personnalites-de-la-ville\/#primaryimage\"},\"thumbnailUrl\":\"\",\"keywords\":[\"Sousse\"],\"articleSection\":[\"SOCIETE\",\"Tunisie\"],\"inLanguage\":\"fr-FR\",\"potentialAction\":[{\"@type\":\"CommentAction\",\"name\":\"Comment\",\"target\":[\"https:\/\/kapitalis.com\/tunisie\/2018\/09\/11\/sousse-rendra-hommage-a-plusieurs-personnalites-de-la-ville\/#respond\"]}]},{\"@type\":\"WebPage\",\"@id\":\"https:\/\/kapitalis.com\/tunisie\/2018\/09\/11\/sousse-rendra-hommage-a-plusieurs-personnalites-de-la-ville\/\",\"url\":\"https:\/\/kapitalis.com\/tunisie\/2018\/09\/11\/sousse-rendra-hommage-a-plusieurs-personnalites-de-la-ville\/\",\"name\":\"Sousse rendra hommage \u00e0 plusieurs personnalit\u00e9s de la ville - Kapitalis\",\"isPartOf\":{\"@id\":\"https:\/\/kapitalis.com\/tunisie\/#website\"},\"primaryImageOfPage\":{\"@id\":\"https:\/\/kapitalis.com\/tunisie\/2018\/09\/11\/sousse-rendra-hommage-a-plusieurs-personnalites-de-la-ville\/#primaryimage\"},\"image\":{\"@id\":\"https:\/\/kapitalis.com\/tunisie\/2018\/09\/11\/sousse-rendra-hommage-a-plusieurs-personnalites-de-la-ville\/#primaryimage\"},\"thumbnailUrl\":\"\",\"datePublished\":\"2018-09-11T11:45:01+00:00\",\"dateModified\":\"2018-09-15T12:59:36+00:00\",\"breadcrumb\":{\"@id\":\"https:\/\/kapitalis.com\/tunisie\/2018\/09\/11\/sousse-rendra-hommage-a-plusieurs-personnalites-de-la-ville\/#breadcrumb\"},\"inLanguage\":\"fr-FR\",\"potentialAction\":[{\"@type\":\"ReadAction\",\"target\":[\"https:\/\/kapitalis.com\/tunisie\/2018\/09\/11\/sousse-rendra-hommage-a-plusieurs-personnalites-de-la-ville\/\"]}]},{\"@type\":\"ImageObject\",\"inLanguage\":\"fr-FR\",\"@id\":\"https:\/\/kapitalis.com\/tunisie\/2018\/09\/11\/sousse-rendra-hommage-a-plusieurs-personnalites-de-la-ville\/#primaryimage\",\"url\":\"\",\"contentUrl\":\"\"},{\"@type\":\"BreadcrumbList\",\"@id\":\"https:\/\/kapitalis.com\/tunisie\/2018\/09\/11\/sousse-rendra-hommage-a-plusieurs-personnalites-de-la-ville\/#breadcrumb\",\"itemListElement\":[{\"@type\":\"ListItem\",\"position\":1,\"name\":\"Accueil\",\"item\":\"https:\/\/kapitalis.com\/tunisie\/\"},{\"@type\":\"ListItem\",\"position\":2,\"name\":\"Sousse rendra hommage \u00e0 plusieurs personnalit\u00e9s de la ville\"}]},{\"@type\":\"WebSite\",\"@id\":\"https:\/\/kapitalis.com\/tunisie\/#website\",\"url\":\"https:\/\/kapitalis.com\/tunisie\/\",\"name\":\"Kapitalis\",\"description\":\"L&#039;actualit\u00e9 en Tunisie et dans le monde\",\"publisher\":{\"@id\":\"https:\/\/kapitalis.com\/tunisie\/#organization\"},\"potentialAction\":[{\"@type\":\"SearchAction\",\"target\":{\"@type\":\"EntryPoint\",\"urlTemplate\":\"https:\/\/kapitalis.com\/tunisie\/?s={search_term_string}\"},\"query-input\":{\"@type\":\"PropertyValueSpecification\",\"valueRequired\":true,\"valueName\":\"search_term_string\"}}],\"inLanguage\":\"fr-FR\"},{\"@type\":\"Organization\",\"@id\":\"https:\/\/kapitalis.com\/tunisie\/#organization\",\"name\":\"Kapitalis\",\"url\":\"https:\/\/kapitalis.com\/tunisie\/\",\"logo\":{\"@type\":\"ImageObject\",\"inLanguage\":\"fr-FR\",\"@id\":\"https:\/\/kapitalis.com\/tunisie\/#\/schema\/logo\/image\/\",\"url\":\"https:\/\/kapitalis.com\/tunisie\/wp-content\/uploads\/2022\/05\/Kapitalis-big-size.png\",\"contentUrl\":\"https:\/\/kapitalis.com\/tunisie\/wp-content\/uploads\/2022\/05\/Kapitalis-big-size.png\",\"width\":5000,\"height\":1500,\"caption\":\"Kapitalis\"},\"image\":{\"@id\":\"https:\/\/kapitalis.com\/tunisie\/#\/schema\/logo\/image\/\"},\"sameAs\":[\"https:\/\/www.facebook.com\/KapitalisInfo\/\",\"https:\/\/x.com\/KapitalisInfo\",\"https:\/\/www.youtube.com\/channel\/UC-yDYrHyfFBWWZaOw3FPg9Q\"]},{\"@type\":\"Person\",\"@id\":\"https:\/\/kapitalis.com\/tunisie\/#\/schema\/person\/2c6e134b2f3369dffcd1daf5f087d28b\",\"name\":\"emna benabdallah\",\"url\":\"https:\/\/kapitalis.com\/tunisie\/author\/emna\/\"}]}<\/script>\n<!-- \/ Yoast SEO plugin. -->","yoast_head_json":{"title":"Sousse rendra hommage \u00e0 plusieurs personnalit\u00e9s de la ville - Kapitalis","robots":{"index":"index","follow":"follow","max-snippet":"max-snippet:-1","max-image-preview":"max-image-preview:large","max-video-preview":"max-video-preview:-1"},"canonical":"https:\/\/kapitalis.com\/tunisie\/2018\/09\/11\/sousse-rendra-hommage-a-plusieurs-personnalites-de-la-ville\/","og_locale":"fr_FR","og_type":"article","og_title":"Sousse rendra hommage \u00e0 plusieurs personnalit\u00e9s de la ville - Kapitalis","og_description":"Ahmed Bahaeddine Attia\/Dr. Slaheddine Gharbi\/Librairie Kacem. Apr\u00e8s avoir rendu hommage \u00e0 4 juifs tunisiens natifs de Sousse pour les services qu&rsquo;ils ont rendus \u00e0 la soci\u00e9t\u00e9 tunisienne, la municipalit\u00e9 de la Perle du Sahel ne compte pas s&rsquo;arr\u00eater l\u00e0.\u00a0","og_url":"https:\/\/kapitalis.com\/tunisie\/2018\/09\/11\/sousse-rendra-hommage-a-plusieurs-personnalites-de-la-ville\/","og_site_name":"Kapitalis","article_publisher":"https:\/\/www.facebook.com\/KapitalisInfo\/","article_published_time":"2018-09-11T11:45:01+00:00","article_modified_time":"2018-09-15T12:59:36+00:00","og_image":[{"width":1200,"height":630,"url":"https:\/\/kapitalis.com\/tunisie\/wp-content\/uploads\/2022\/05\/kapitalis-logo-fb.png","type":"image\/png"}],"author":"emna benabdallah","twitter_card":"summary_large_image","twitter_creator":"@KapitalisInfo","twitter_site":"@KapitalisInfo","twitter_misc":{"\u00c9crit par":"emna benabdallah","Dur\u00e9e de lecture estim\u00e9e":"2 minutes"},"schema":{"@context":"https:\/\/schema.org","@graph":[{"@type":"Article","@id":"https:\/\/kapitalis.com\/tunisie\/2018\/09\/11\/sousse-rendra-hommage-a-plusieurs-personnalites-de-la-ville\/#article","isPartOf":{"@id":"https:\/\/kapitalis.com\/tunisie\/2018\/09\/11\/sousse-rendra-hommage-a-plusieurs-personnalites-de-la-ville\/"},"author":{"name":"emna benabdallah","@id":"https:\/\/kapitalis.com\/tunisie\/#\/schema\/person\/2c6e134b2f3369dffcd1daf5f087d28b"},"headline":"Sousse rendra hommage \u00e0 plusieurs personnalit\u00e9s de la ville","datePublished":"2018-09-11T11:45:01+00:00","dateModified":"2018-09-15T12:59:36+00:00","mainEntityOfPage":{"@id":"https:\/\/kapitalis.com\/tunisie\/2018\/09\/11\/sousse-rendra-hommage-a-plusieurs-personnalites-de-la-ville\/"},"wordCount":404,"commentCount":2,"publisher":{"@id":"https:\/\/kapitalis.com\/tunisie\/#organization"},"image":{"@id":"https:\/\/kapitalis.com\/tunisie\/2018\/09\/11\/sousse-rendra-hommage-a-plusieurs-personnalites-de-la-ville\/#primaryimage"},"thumbnailUrl":"","keywords":["Sousse"],"articleSection":["SOCIETE","Tunisie"],"inLanguage":"fr-FR","potentialAction":[{"@type":"CommentAction","name":"Comment","target":["https:\/\/kapitalis.com\/tunisie\/2018\/09\/11\/sousse-rendra-hommage-a-plusieurs-personnalites-de-la-ville\/#respond"]}]},{"@type":"WebPage","@id":"https:\/\/kapitalis.com\/tunisie\/2018\/09\/11\/sousse-rendra-hommage-a-plusieurs-personnalites-de-la-ville\/","url":"https:\/\/kapitalis.com\/tunisie\/2018\/09\/11\/sousse-rendra-hommage-a-plusieurs-personnalites-de-la-ville\/","name":"Sousse rendra hommage \u00e0 plusieurs personnalit\u00e9s de la ville - Kapitalis","isPartOf":{"@id":"https:\/\/kapitalis.com\/tunisie\/#website"},"primaryImageOfPage":{"@id":"https:\/\/kapitalis.com\/tunisie\/2018\/09\/11\/sousse-rendra-hommage-a-plusieurs-personnalites-de-la-ville\/#primaryimage"},"image":{"@id":"https:\/\/kapitalis.com\/tunisie\/2018\/09\/11\/sousse-rendra-hommage-a-plusieurs-personnalites-de-la-ville\/#primaryimage"},"thumbnailUrl":"","datePublished":"2018-09-11T11:45:01+00:00","dateModified":"2018-09-15T12:59:36+00:00","breadcrumb":{"@id":"https:\/\/kapitalis.com\/tunisie\/2018\/09\/11\/sousse-rendra-hommage-a-plusieurs-personnalites-de-la-ville\/#breadcrumb"},"inLanguage":"fr-FR","potentialAction":[{"@type":"ReadAction","target":["https:\/\/kapitalis.com\/tunisie\/2018\/09\/11\/sousse-rendra-hommage-a-plusieurs-personnalites-de-la-ville\/"]}]},{"@type":"ImageObject","inLanguage":"fr-FR","@id":"https:\/\/kapitalis.com\/tunisie\/2018\/09\/11\/sousse-rendra-hommage-a-plusieurs-personnalites-de-la-ville\/#primaryimage","url":"","contentUrl":""},{"@type":"BreadcrumbList","@id":"https:\/\/kapitalis.com\/tunisie\/2018\/09\/11\/sousse-rendra-hommage-a-plusieurs-personnalites-de-la-ville\/#breadcrumb","itemListElement":[{"@type":"ListItem","position":1,"name":"Accueil","item":"https:\/\/kapitalis.com\/tunisie\/"},{"@type":"ListItem","position":2,"name":"Sousse rendra hommage \u00e0 plusieurs personnalit\u00e9s de la ville"}]},{"@type":"WebSite","@id":"https:\/\/kapitalis.com\/tunisie\/#website","url":"https:\/\/kapitalis.com\/tunisie\/","name":"Kapitalis","description":"L&#039;actualit\u00e9 en Tunisie et dans le monde","publisher":{"@id":"https:\/\/kapitalis.com\/tunisie\/#organization"},"potentialAction":[{"@type":"SearchAction","target":{"@type":"EntryPoint","urlTemplate":"https:\/\/kapitalis.com\/tunisie\/?s={search_term_string}"},"query-input":{"@type":"PropertyValueSpecification","valueRequired":true,"valueName":"search_term_string"}}],"inLanguage":"fr-FR"},{"@type":"Organization","@id":"https:\/\/kapitalis.com\/tunisie\/#organization","name":"Kapitalis","url":"https:\/\/kapitalis.com\/tunisie\/","logo":{"@type":"ImageObject","inLanguage":"fr-FR","@id":"https:\/\/kapitalis.com\/tunisie\/#\/schema\/logo\/image\/","url":"https:\/\/kapitalis.com\/tunisie\/wp-content\/uploads\/2022\/05\/Kapitalis-big-size.png","contentUrl":"https:\/\/kapitalis.com\/tunisie\/wp-content\/uploads\/2022\/05\/Kapitalis-big-size.png","width":5000,"height":1500,"caption":"Kapitalis"},"image":{"@id":"https:\/\/kapitalis.com\/tunisie\/#\/schema\/logo\/image\/"},"sameAs":["https:\/\/www.facebook.com\/KapitalisInfo\/","https:\/\/x.com\/KapitalisInfo","https:\/\/www.youtube.com\/channel\/UC-yDYrHyfFBWWZaOw3FPg9Q"]},{"@type":"Person","@id":"https:\/\/kapitalis.com\/tunisie\/#\/schema\/person\/2c6e134b2f3369dffcd1daf5f087d28b","name":"emna benabdallah","url":"https:\/\/kapitalis.com\/tunisie\/author\/emna\/"}]}},"_links":{"self":[{"href":"https:\/\/kapitalis.com\/tunisie\/wp-json\/wp\/v2\/posts\/173353","targetHints":{"allow":["GET"]}}],"collection":[{"href":"https:\/\/kapitalis.com\/tunisie\/wp-json\/wp\/v2\/posts"}],"about":[{"href":"https:\/\/kapitalis.com\/tunisie\/wp-json\/wp\/v2\/types\/post"}],"author":[{"embeddable":true,"href":"https:\/\/kapitalis.com\/tunisie\/wp-json\/wp\/v2\/users\/16"}],"replies":[{"embeddable":true,"href":"https:\/\/kapitalis.com\/tunisie\/wp-json\/wp\/v2\/comments?post=173353"}],"version-history":[{"count":0,"href":"https:\/\/kapitalis.com\/tunisie\/wp-json\/wp\/v2\/posts\/173353\/revisions"}],"wp:featuredmedia":[{"embeddable":true,"href":"https:\/\/kapitalis.com\/tunisie\/wp-json\/wp\/v2\/media\/173374"}],"wp:attachment":[{"href":"https:\/\/kapitalis.com\/tunisie\/wp-json\/wp\/v2\/media?parent=173353"}],"wp:term":[{"taxonomy":"category","embeddable":true,"href":"https:\/\/kapitalis.com\/tunisie\/wp-json\/wp\/v2\/categories?post=173353"},{"taxonomy":"post_tag","embeddable":true,"href":"https:\/\/kapitalis.com\/tunisie\/wp-json\/wp\/v2\/tags?post=173353"}],"curies":[{"name":"wp","href":"https:\/\/api.w.org\/{rel}","templated":true}]}}