{"id":173834,"date":"2018-09-14T08:22:39","date_gmt":"2018-09-14T07:22:39","guid":{"rendered":"http:\/\/kapitalis.com\/tunisie\/?p=173834"},"modified":"2018-09-14T08:26:08","modified_gmt":"2018-09-14T07:26:08","slug":"de-quoi-tarak-cherif-et-le-president-caid-essebsi-peuvent-ils-discuter","status":"publish","type":"post","link":"https:\/\/kapitalis.com\/tunisie\/2018\/09\/14\/de-quoi-tarak-cherif-et-le-president-caid-essebsi-peuvent-ils-discuter\/","title":{"rendered":"De quoi Tarak Cherif et le pr\u00e9sident Ca\u00efd Essebsi peuvent-ils discuter ?"},"content":{"rendered":"<p style=\"text-align: center;\"><img loading=\"lazy\" decoding=\"async\" class=\"alignnone size-full wp-image-173835\" src=\"http:\/\/kapitalis.com\/tunisie\/wp-content\/uploads\/2018\/09\/Tarak-Cherif-Beji-Caid-Essebsi.jpg\" alt=\"\" width=\"626\" height=\"380\" \/><\/p>\n<p><em><strong>Le 1er Forum des dattes et des palmiers, le 2e congr\u00e8s de la Conect, le Forum international Futurallia et la loi des finances 2019 ont \u00e9t\u00e9 au centre de l\u2019entretien, hier, jeudi 13 septembre 2018, entre le pr\u00e9sident de la r\u00e9publique B\u00e9ji Ca\u00efd Essebsi et Tarak Cherif, pr\u00e9sident de la Conect.<\/strong><\/em><\/p>\n<p><!--more--><\/p>\n<p>La rencontre a eu lieu au moment o\u00f9 la Conect entamait la 2e journ\u00e9e du Forum des dattes et palmiers qu\u2019elle organise du 12 au 14 septembre courant \u00e0 Tozeur, \u00e9v\u00e9nement qui a \u00e9t\u00e9 pr\u00e9sent\u00e9 au chef de l\u2019Etat par M. Cherif.<\/p>\n<p>Divers autres sujets ont \u00e9t\u00e9 abord\u00e9s lors de cette entrevue, dont les prochaines activit\u00e9s de la Conect, notamment son <a href=\"http:\/\/kapitalis.com\/tunisie\/2018\/07\/14\/la-conect-lance-les-preparatifs-de-son-2e-congres-en-novembre-2018\/\" target=\"_blank\" rel=\"noopener\">2e congr\u00e8s \u00e9lectif<\/a> le 14 novembre prochain, le forum international <a href=\"http:\/\/kapitalis.com\/tunisie\/2018\/06\/21\/forum-daffaires-futurallia-a-tunis-du-14-au-16-novembre-2018\/\" target=\"_blank\" rel=\"noopener\">Futurallia<\/a> les 15 et 16 novembre ainsi que la remise des Troph\u00e9es de la Femme Manager de l\u2019Ann\u00e9e et les r\u00e9sultats des divers projets de l\u2019organisation patronale.<\/p>\n<p>La situation \u00e9conomique et sociale du pays et la loi des finances 2019 ont \u00e9t\u00e9 aussi discut\u00e9s, et M. Ch\u00e9rif \u00e0 transmis au pr\u00e9sident de la r\u00e9publique les mesures propos\u00e9es par son organisation et ses structures pour la relance \u00e9conomique et cette loi des finances 2019.<\/p>\n<p>Il reste \u00e0 savoir pourquoi M. Cherif a-t-il rencontr\u00e9 le pr\u00e9sident de la r\u00e9publique pour lui parler de sujets qui ne sont pas de son ressort mais de ceux du chef du gouvernement.<\/p>\n<p>C\u2019est une d\u00e9marche pour le moins surprenante et qui trahit, chez le chef de la Conect, un lancinant besoin de visibilit\u00e9 politique, d\u2019autant que son organisation, cr\u00e9\u00e9e il y a quelques ann\u00e9es seulement, a du mal \u00e0 s\u2019imposer comme un interlocuteur incontournable du gouvernement, aux c\u00f4t\u00e9s de l\u2019Union tunisienne de l\u2019industrie, du commerce et de l\u2019artisanat (Utica), la centrale patronale historique qui regroupe le plus grand nombre d\u2019op\u00e9rateurs \u00e9conomiques.<\/p>\n<p style=\"text-align: right;\"><strong>I. B.<\/strong><\/p>\n<blockquote class=\"wp-embedded-content\" data-secret=\"znxMKB8XIi\"><p><a href=\"https:\/\/kapitalis.com\/tunisie\/2018\/08\/17\/la-conect-reagit-aux-accusations-de-certains-de-ses-membres\/\">La Conect r\u00e9agit aux accusations de certains de ses membres<\/a><\/p><\/blockquote>\n<p><iframe loading=\"lazy\" class=\"wp-embedded-content\" sandbox=\"allow-scripts\" security=\"restricted\" style=\"position: absolute; clip: rect(1px, 1px, 1px, 1px);\" title=\"\u00ab\u00a0La Conect r\u00e9agit aux accusations de certains de ses membres\u00a0\u00bb &#8212; Kapitalis\" src=\"https:\/\/kapitalis.com\/tunisie\/2018\/08\/17\/la-conect-reagit-aux-accusations-de-certains-de-ses-membres\/embed\/#?secret=uNnkv1fD1p#?secret=znxMKB8XIi\" data-secret=\"znxMKB8XIi\" width=\"600\" height=\"338\" frameborder=\"0\" marginwidth=\"0\" marginheight=\"0\" scrolling=\"no\"><\/iframe><\/p>\n<blockquote class=\"wp-embedded-content\" data-secret=\"sUdMic8usN\"><p><a href=\"https:\/\/kapitalis.com\/tunisie\/2018\/08\/15\/conect-une-decision-de-tarak-cherif-suscite-une-forte-contestation\/\">Conect : Une d\u00e9cision de Tarak Cherif suscite une forte contestation<\/a><\/p><\/blockquote>\n<p><iframe loading=\"lazy\" class=\"wp-embedded-content\" sandbox=\"allow-scripts\" security=\"restricted\" style=\"position: absolute; clip: rect(1px, 1px, 1px, 1px);\" title=\"\u00ab\u00a0Conect : Une d\u00e9cision de Tarak Cherif suscite une forte contestation\u00a0\u00bb &#8212; Kapitalis\" src=\"https:\/\/kapitalis.com\/tunisie\/2018\/08\/15\/conect-une-decision-de-tarak-cherif-suscite-une-forte-contestation\/embed\/#?secret=VIURgZOPgG#?secret=sUdMic8usN\" data-secret=\"sUdMic8usN\" width=\"600\" height=\"338\" frameborder=\"0\" marginwidth=\"0\" marginheight=\"0\" scrolling=\"no\"><\/iframe><\/p>\n","protected":false},"excerpt":{"rendered":"<p>Le 1er Forum des dattes et des palmiers, le 2e congr\u00e8s de la Conect, le Forum international Futurallia et la loi des finances 2019 ont \u00e9t\u00e9 au centre de l\u2019entretien, hier, jeudi 13 septembre 2018, entre le pr\u00e9sident de la r\u00e9publique B\u00e9ji Ca\u00efd Essebsi et Tarak Cherif, pr\u00e9sident de la Conect.<\/p>\n","protected":false},"author":8,"featured_media":173835,"comment_status":"open","ping_status":"open","sticky":false,"template":"","format":"standard","meta":{"footnotes":""},"categories":[995,2433],"tags":[1108,2144,3558,1208],"class_list":["post-173834","post","type-post","status-publish","format-standard","has-post-thumbnail","hentry","category-economie","category-tunisie","tag-beji-caid-essebsi","tag-conect","tag-tarak-cherif","tag-tozeur"],"yoast_head":"<!-- This site is optimized with the Yoast SEO plugin v26.6 - https:\/\/yoast.com\/wordpress\/plugins\/seo\/ -->\n<title>De quoi Tarak Cherif et le pr\u00e9sident Ca\u00efd Essebsi peuvent-ils discuter ? - Kapitalis<\/title>\n<meta name=\"robots\" content=\"index, follow, max-snippet:-1, max-image-preview:large, max-video-preview:-1\" \/>\n<link rel=\"canonical\" href=\"https:\/\/kapitalis.com\/tunisie\/2018\/09\/14\/de-quoi-tarak-cherif-et-le-president-caid-essebsi-peuvent-ils-discuter\/\" \/>\n<meta property=\"og:locale\" content=\"fr_FR\" \/>\n<meta property=\"og:type\" content=\"article\" \/>\n<meta property=\"og:title\" content=\"De quoi Tarak Cherif et le pr\u00e9sident Ca\u00efd Essebsi peuvent-ils discuter ? - Kapitalis\" \/>\n<meta property=\"og:description\" content=\"Le 1er Forum des dattes et des palmiers, le 2e congr\u00e8s de la Conect, le Forum international Futurallia et la loi des finances 2019 ont \u00e9t\u00e9 au centre de l\u2019entretien, hier, jeudi 13 septembre 2018, entre le pr\u00e9sident de la r\u00e9publique B\u00e9ji Ca\u00efd Essebsi et Tarak Cherif, pr\u00e9sident de la Conect.\" \/>\n<meta property=\"og:url\" content=\"https:\/\/kapitalis.com\/tunisie\/2018\/09\/14\/de-quoi-tarak-cherif-et-le-president-caid-essebsi-peuvent-ils-discuter\/\" \/>\n<meta property=\"og:site_name\" content=\"Kapitalis\" \/>\n<meta property=\"article:publisher\" content=\"https:\/\/www.facebook.com\/KapitalisInfo\/\" \/>\n<meta property=\"article:published_time\" content=\"2018-09-14T07:22:39+00:00\" \/>\n<meta property=\"article:modified_time\" content=\"2018-09-14T07:26:08+00:00\" \/>\n<meta property=\"og:image\" content=\"https:\/\/kapitalis.com\/tunisie\/wp-content\/uploads\/2022\/05\/kapitalis-logo-fb.png\" \/>\n\t<meta property=\"og:image:width\" content=\"1200\" \/>\n\t<meta property=\"og:image:height\" content=\"630\" \/>\n\t<meta property=\"og:image:type\" content=\"image\/png\" \/>\n<meta name=\"author\" content=\"webmaster kapitalis\" \/>\n<meta name=\"twitter:card\" content=\"summary_large_image\" \/>\n<meta name=\"twitter:creator\" content=\"@KapitalisInfo\" \/>\n<meta name=\"twitter:site\" content=\"@KapitalisInfo\" \/>\n<meta name=\"twitter:label1\" content=\"\u00c9crit par\" \/>\n\t<meta name=\"twitter:data1\" content=\"webmaster kapitalis\" \/>\n\t<meta name=\"twitter:label2\" content=\"Dur\u00e9e de lecture estim\u00e9e\" \/>\n\t<meta name=\"twitter:data2\" content=\"2 minutes\" \/>\n<script type=\"application\/ld+json\" class=\"yoast-schema-graph\">{\"@context\":\"https:\/\/schema.org\",\"@graph\":[{\"@type\":\"Article\",\"@id\":\"https:\/\/kapitalis.com\/tunisie\/2018\/09\/14\/de-quoi-tarak-cherif-et-le-president-caid-essebsi-peuvent-ils-discuter\/#article\",\"isPartOf\":{\"@id\":\"https:\/\/kapitalis.com\/tunisie\/2018\/09\/14\/de-quoi-tarak-cherif-et-le-president-caid-essebsi-peuvent-ils-discuter\/\"},\"author\":{\"name\":\"webmaster kapitalis\",\"@id\":\"https:\/\/kapitalis.com\/tunisie\/#\/schema\/person\/d71f33a9ca44f7bad4698210b480c8e9\"},\"headline\":\"De quoi Tarak Cherif et le pr\u00e9sident Ca\u00efd Essebsi peuvent-ils discuter ?\",\"datePublished\":\"2018-09-14T07:22:39+00:00\",\"dateModified\":\"2018-09-14T07:26:08+00:00\",\"mainEntityOfPage\":{\"@id\":\"https:\/\/kapitalis.com\/tunisie\/2018\/09\/14\/de-quoi-tarak-cherif-et-le-president-caid-essebsi-peuvent-ils-discuter\/\"},\"wordCount\":348,\"commentCount\":2,\"publisher\":{\"@id\":\"https:\/\/kapitalis.com\/tunisie\/#organization\"},\"image\":{\"@id\":\"https:\/\/kapitalis.com\/tunisie\/2018\/09\/14\/de-quoi-tarak-cherif-et-le-president-caid-essebsi-peuvent-ils-discuter\/#primaryimage\"},\"thumbnailUrl\":\"\",\"keywords\":[\"B\u00e9ji Ca\u00efd Essebsi\",\"Conect\",\"Tarak Cherif\",\"Tozeur\"],\"articleSection\":[\"ECONOMIE\",\"Tunisie\"],\"inLanguage\":\"fr-FR\",\"potentialAction\":[{\"@type\":\"CommentAction\",\"name\":\"Comment\",\"target\":[\"https:\/\/kapitalis.com\/tunisie\/2018\/09\/14\/de-quoi-tarak-cherif-et-le-president-caid-essebsi-peuvent-ils-discuter\/#respond\"]}]},{\"@type\":\"WebPage\",\"@id\":\"https:\/\/kapitalis.com\/tunisie\/2018\/09\/14\/de-quoi-tarak-cherif-et-le-president-caid-essebsi-peuvent-ils-discuter\/\",\"url\":\"https:\/\/kapitalis.com\/tunisie\/2018\/09\/14\/de-quoi-tarak-cherif-et-le-president-caid-essebsi-peuvent-ils-discuter\/\",\"name\":\"De quoi Tarak Cherif et le pr\u00e9sident Ca\u00efd Essebsi peuvent-ils discuter ? - Kapitalis\",\"isPartOf\":{\"@id\":\"https:\/\/kapitalis.com\/tunisie\/#website\"},\"primaryImageOfPage\":{\"@id\":\"https:\/\/kapitalis.com\/tunisie\/2018\/09\/14\/de-quoi-tarak-cherif-et-le-president-caid-essebsi-peuvent-ils-discuter\/#primaryimage\"},\"image\":{\"@id\":\"https:\/\/kapitalis.com\/tunisie\/2018\/09\/14\/de-quoi-tarak-cherif-et-le-president-caid-essebsi-peuvent-ils-discuter\/#primaryimage\"},\"thumbnailUrl\":\"\",\"datePublished\":\"2018-09-14T07:22:39+00:00\",\"dateModified\":\"2018-09-14T07:26:08+00:00\",\"breadcrumb\":{\"@id\":\"https:\/\/kapitalis.com\/tunisie\/2018\/09\/14\/de-quoi-tarak-cherif-et-le-president-caid-essebsi-peuvent-ils-discuter\/#breadcrumb\"},\"inLanguage\":\"fr-FR\",\"potentialAction\":[{\"@type\":\"ReadAction\",\"target\":[\"https:\/\/kapitalis.com\/tunisie\/2018\/09\/14\/de-quoi-tarak-cherif-et-le-president-caid-essebsi-peuvent-ils-discuter\/\"]}]},{\"@type\":\"ImageObject\",\"inLanguage\":\"fr-FR\",\"@id\":\"https:\/\/kapitalis.com\/tunisie\/2018\/09\/14\/de-quoi-tarak-cherif-et-le-president-caid-essebsi-peuvent-ils-discuter\/#primaryimage\",\"url\":\"\",\"contentUrl\":\"\"},{\"@type\":\"BreadcrumbList\",\"@id\":\"https:\/\/kapitalis.com\/tunisie\/2018\/09\/14\/de-quoi-tarak-cherif-et-le-president-caid-essebsi-peuvent-ils-discuter\/#breadcrumb\",\"itemListElement\":[{\"@type\":\"ListItem\",\"position\":1,\"name\":\"Accueil\",\"item\":\"https:\/\/kapitalis.com\/tunisie\/\"},{\"@type\":\"ListItem\",\"position\":2,\"name\":\"De quoi Tarak Cherif et le pr\u00e9sident Ca\u00efd Essebsi peuvent-ils discuter ?\"}]},{\"@type\":\"WebSite\",\"@id\":\"https:\/\/kapitalis.com\/tunisie\/#website\",\"url\":\"https:\/\/kapitalis.com\/tunisie\/\",\"name\":\"Kapitalis\",\"description\":\"L&#039;actualit\u00e9 en Tunisie et dans le monde\",\"publisher\":{\"@id\":\"https:\/\/kapitalis.com\/tunisie\/#organization\"},\"potentialAction\":[{\"@type\":\"SearchAction\",\"target\":{\"@type\":\"EntryPoint\",\"urlTemplate\":\"https:\/\/kapitalis.com\/tunisie\/?s={search_term_string}\"},\"query-input\":{\"@type\":\"PropertyValueSpecification\",\"valueRequired\":true,\"valueName\":\"search_term_string\"}}],\"inLanguage\":\"fr-FR\"},{\"@type\":\"Organization\",\"@id\":\"https:\/\/kapitalis.com\/tunisie\/#organization\",\"name\":\"Kapitalis\",\"url\":\"https:\/\/kapitalis.com\/tunisie\/\",\"logo\":{\"@type\":\"ImageObject\",\"inLanguage\":\"fr-FR\",\"@id\":\"https:\/\/kapitalis.com\/tunisie\/#\/schema\/logo\/image\/\",\"url\":\"https:\/\/kapitalis.com\/tunisie\/wp-content\/uploads\/2022\/05\/Kapitalis-big-size.png\",\"contentUrl\":\"https:\/\/kapitalis.com\/tunisie\/wp-content\/uploads\/2022\/05\/Kapitalis-big-size.png\",\"width\":5000,\"height\":1500,\"caption\":\"Kapitalis\"},\"image\":{\"@id\":\"https:\/\/kapitalis.com\/tunisie\/#\/schema\/logo\/image\/\"},\"sameAs\":[\"https:\/\/www.facebook.com\/KapitalisInfo\/\",\"https:\/\/x.com\/KapitalisInfo\",\"https:\/\/www.youtube.com\/channel\/UC-yDYrHyfFBWWZaOw3FPg9Q\"]},{\"@type\":\"Person\",\"@id\":\"https:\/\/kapitalis.com\/tunisie\/#\/schema\/person\/d71f33a9ca44f7bad4698210b480c8e9\",\"name\":\"webmaster kapitalis\",\"url\":\"https:\/\/kapitalis.com\/tunisie\/author\/webmaster-kapitalis\/\"}]}<\/script>\n<!-- \/ Yoast SEO plugin. -->","yoast_head_json":{"title":"De quoi Tarak Cherif et le pr\u00e9sident Ca\u00efd Essebsi peuvent-ils discuter ? - Kapitalis","robots":{"index":"index","follow":"follow","max-snippet":"max-snippet:-1","max-image-preview":"max-image-preview:large","max-video-preview":"max-video-preview:-1"},"canonical":"https:\/\/kapitalis.com\/tunisie\/2018\/09\/14\/de-quoi-tarak-cherif-et-le-president-caid-essebsi-peuvent-ils-discuter\/","og_locale":"fr_FR","og_type":"article","og_title":"De quoi Tarak Cherif et le pr\u00e9sident Ca\u00efd Essebsi peuvent-ils discuter ? - Kapitalis","og_description":"Le 1er Forum des dattes et des palmiers, le 2e congr\u00e8s de la Conect, le Forum international Futurallia et la loi des finances 2019 ont \u00e9t\u00e9 au centre de l\u2019entretien, hier, jeudi 13 septembre 2018, entre le pr\u00e9sident de la r\u00e9publique B\u00e9ji Ca\u00efd Essebsi et Tarak Cherif, pr\u00e9sident de la Conect.","og_url":"https:\/\/kapitalis.com\/tunisie\/2018\/09\/14\/de-quoi-tarak-cherif-et-le-president-caid-essebsi-peuvent-ils-discuter\/","og_site_name":"Kapitalis","article_publisher":"https:\/\/www.facebook.com\/KapitalisInfo\/","article_published_time":"2018-09-14T07:22:39+00:00","article_modified_time":"2018-09-14T07:26:08+00:00","og_image":[{"width":1200,"height":630,"url":"https:\/\/kapitalis.com\/tunisie\/wp-content\/uploads\/2022\/05\/kapitalis-logo-fb.png","type":"image\/png"}],"author":"webmaster kapitalis","twitter_card":"summary_large_image","twitter_creator":"@KapitalisInfo","twitter_site":"@KapitalisInfo","twitter_misc":{"\u00c9crit par":"webmaster kapitalis","Dur\u00e9e de lecture estim\u00e9e":"2 minutes"},"schema":{"@context":"https:\/\/schema.org","@graph":[{"@type":"Article","@id":"https:\/\/kapitalis.com\/tunisie\/2018\/09\/14\/de-quoi-tarak-cherif-et-le-president-caid-essebsi-peuvent-ils-discuter\/#article","isPartOf":{"@id":"https:\/\/kapitalis.com\/tunisie\/2018\/09\/14\/de-quoi-tarak-cherif-et-le-president-caid-essebsi-peuvent-ils-discuter\/"},"author":{"name":"webmaster kapitalis","@id":"https:\/\/kapitalis.com\/tunisie\/#\/schema\/person\/d71f33a9ca44f7bad4698210b480c8e9"},"headline":"De quoi Tarak Cherif et le pr\u00e9sident Ca\u00efd Essebsi peuvent-ils discuter ?","datePublished":"2018-09-14T07:22:39+00:00","dateModified":"2018-09-14T07:26:08+00:00","mainEntityOfPage":{"@id":"https:\/\/kapitalis.com\/tunisie\/2018\/09\/14\/de-quoi-tarak-cherif-et-le-president-caid-essebsi-peuvent-ils-discuter\/"},"wordCount":348,"commentCount":2,"publisher":{"@id":"https:\/\/kapitalis.com\/tunisie\/#organization"},"image":{"@id":"https:\/\/kapitalis.com\/tunisie\/2018\/09\/14\/de-quoi-tarak-cherif-et-le-president-caid-essebsi-peuvent-ils-discuter\/#primaryimage"},"thumbnailUrl":"","keywords":["B\u00e9ji Ca\u00efd Essebsi","Conect","Tarak Cherif","Tozeur"],"articleSection":["ECONOMIE","Tunisie"],"inLanguage":"fr-FR","potentialAction":[{"@type":"CommentAction","name":"Comment","target":["https:\/\/kapitalis.com\/tunisie\/2018\/09\/14\/de-quoi-tarak-cherif-et-le-president-caid-essebsi-peuvent-ils-discuter\/#respond"]}]},{"@type":"WebPage","@id":"https:\/\/kapitalis.com\/tunisie\/2018\/09\/14\/de-quoi-tarak-cherif-et-le-president-caid-essebsi-peuvent-ils-discuter\/","url":"https:\/\/kapitalis.com\/tunisie\/2018\/09\/14\/de-quoi-tarak-cherif-et-le-president-caid-essebsi-peuvent-ils-discuter\/","name":"De quoi Tarak Cherif et le pr\u00e9sident Ca\u00efd Essebsi peuvent-ils discuter ? - Kapitalis","isPartOf":{"@id":"https:\/\/kapitalis.com\/tunisie\/#website"},"primaryImageOfPage":{"@id":"https:\/\/kapitalis.com\/tunisie\/2018\/09\/14\/de-quoi-tarak-cherif-et-le-president-caid-essebsi-peuvent-ils-discuter\/#primaryimage"},"image":{"@id":"https:\/\/kapitalis.com\/tunisie\/2018\/09\/14\/de-quoi-tarak-cherif-et-le-president-caid-essebsi-peuvent-ils-discuter\/#primaryimage"},"thumbnailUrl":"","datePublished":"2018-09-14T07:22:39+00:00","dateModified":"2018-09-14T07:26:08+00:00","breadcrumb":{"@id":"https:\/\/kapitalis.com\/tunisie\/2018\/09\/14\/de-quoi-tarak-cherif-et-le-president-caid-essebsi-peuvent-ils-discuter\/#breadcrumb"},"inLanguage":"fr-FR","potentialAction":[{"@type":"ReadAction","target":["https:\/\/kapitalis.com\/tunisie\/2018\/09\/14\/de-quoi-tarak-cherif-et-le-president-caid-essebsi-peuvent-ils-discuter\/"]}]},{"@type":"ImageObject","inLanguage":"fr-FR","@id":"https:\/\/kapitalis.com\/tunisie\/2018\/09\/14\/de-quoi-tarak-cherif-et-le-president-caid-essebsi-peuvent-ils-discuter\/#primaryimage","url":"","contentUrl":""},{"@type":"BreadcrumbList","@id":"https:\/\/kapitalis.com\/tunisie\/2018\/09\/14\/de-quoi-tarak-cherif-et-le-president-caid-essebsi-peuvent-ils-discuter\/#breadcrumb","itemListElement":[{"@type":"ListItem","position":1,"name":"Accueil","item":"https:\/\/kapitalis.com\/tunisie\/"},{"@type":"ListItem","position":2,"name":"De quoi Tarak Cherif et le pr\u00e9sident Ca\u00efd Essebsi peuvent-ils discuter ?"}]},{"@type":"WebSite","@id":"https:\/\/kapitalis.com\/tunisie\/#website","url":"https:\/\/kapitalis.com\/tunisie\/","name":"Kapitalis","description":"L&#039;actualit\u00e9 en Tunisie et dans le monde","publisher":{"@id":"https:\/\/kapitalis.com\/tunisie\/#organization"},"potentialAction":[{"@type":"SearchAction","target":{"@type":"EntryPoint","urlTemplate":"https:\/\/kapitalis.com\/tunisie\/?s={search_term_string}"},"query-input":{"@type":"PropertyValueSpecification","valueRequired":true,"valueName":"search_term_string"}}],"inLanguage":"fr-FR"},{"@type":"Organization","@id":"https:\/\/kapitalis.com\/tunisie\/#organization","name":"Kapitalis","url":"https:\/\/kapitalis.com\/tunisie\/","logo":{"@type":"ImageObject","inLanguage":"fr-FR","@id":"https:\/\/kapitalis.com\/tunisie\/#\/schema\/logo\/image\/","url":"https:\/\/kapitalis.com\/tunisie\/wp-content\/uploads\/2022\/05\/Kapitalis-big-size.png","contentUrl":"https:\/\/kapitalis.com\/tunisie\/wp-content\/uploads\/2022\/05\/Kapitalis-big-size.png","width":5000,"height":1500,"caption":"Kapitalis"},"image":{"@id":"https:\/\/kapitalis.com\/tunisie\/#\/schema\/logo\/image\/"},"sameAs":["https:\/\/www.facebook.com\/KapitalisInfo\/","https:\/\/x.com\/KapitalisInfo","https:\/\/www.youtube.com\/channel\/UC-yDYrHyfFBWWZaOw3FPg9Q"]},{"@type":"Person","@id":"https:\/\/kapitalis.com\/tunisie\/#\/schema\/person\/d71f33a9ca44f7bad4698210b480c8e9","name":"webmaster kapitalis","url":"https:\/\/kapitalis.com\/tunisie\/author\/webmaster-kapitalis\/"}]}},"_links":{"self":[{"href":"https:\/\/kapitalis.com\/tunisie\/wp-json\/wp\/v2\/posts\/173834","targetHints":{"allow":["GET"]}}],"collection":[{"href":"https:\/\/kapitalis.com\/tunisie\/wp-json\/wp\/v2\/posts"}],"about":[{"href":"https:\/\/kapitalis.com\/tunisie\/wp-json\/wp\/v2\/types\/post"}],"author":[{"embeddable":true,"href":"https:\/\/kapitalis.com\/tunisie\/wp-json\/wp\/v2\/users\/8"}],"replies":[{"embeddable":true,"href":"https:\/\/kapitalis.com\/tunisie\/wp-json\/wp\/v2\/comments?post=173834"}],"version-history":[{"count":0,"href":"https:\/\/kapitalis.com\/tunisie\/wp-json\/wp\/v2\/posts\/173834\/revisions"}],"wp:featuredmedia":[{"embeddable":true,"href":"https:\/\/kapitalis.com\/tunisie\/wp-json\/wp\/v2\/media\/173835"}],"wp:attachment":[{"href":"https:\/\/kapitalis.com\/tunisie\/wp-json\/wp\/v2\/media?parent=173834"}],"wp:term":[{"taxonomy":"category","embeddable":true,"href":"https:\/\/kapitalis.com\/tunisie\/wp-json\/wp\/v2\/categories?post=173834"},{"taxonomy":"post_tag","embeddable":true,"href":"https:\/\/kapitalis.com\/tunisie\/wp-json\/wp\/v2\/tags?post=173834"}],"curies":[{"name":"wp","href":"https:\/\/api.w.org\/{rel}","templated":true}]}}