{"id":173867,"date":"2018-09-14T11:35:15","date_gmt":"2018-09-14T10:35:15","guid":{"rendered":"http:\/\/kapitalis.com\/tunisie\/?p=173867"},"modified":"2018-09-14T11:36:15","modified_gmt":"2018-09-14T10:36:15","slug":"tunisie-tarak-cherif-plaide-pour-la-privatisation-des-entreprises-publiques","status":"publish","type":"post","link":"https:\/\/kapitalis.com\/tunisie\/2018\/09\/14\/tunisie-tarak-cherif-plaide-pour-la-privatisation-des-entreprises-publiques\/","title":{"rendered":"Tunisie : Tarak Cherif plaide pour la privatisation des entreprises publiques"},"content":{"rendered":"<p style=\"text-align: center;\"><img loading=\"lazy\" decoding=\"async\" class=\"alignnone size-full wp-image-169447\" src=\"http:\/\/kapitalis.com\/tunisie\/wp-content\/uploads\/2018\/08\/Conect-Tarak-Cherif.jpg\" alt=\"\" width=\"626\" height=\"380\" \/><\/p>\n<p><em><strong>Selon Tarak Cherif, pr\u00e9sident de la Conect, la pr\u00e9sidence du gouvernement doit privatiser certaines entreprises publiques, et ce pour recueillir les fonds susceptibles de r\u00e9\u00e9quilibrer les finances publiques et sortir le pays de la crise.\u00a0<\/strong><\/em><!--more--><\/p>\n<p>Dans une d\u00e9claration \u00e0 Jawhara FM aujourd&rsquo;hui, vendredi 14 septembre 2018, le pr\u00e9sident de la\u00a0Conf\u00e9d\u00e9ration des entreprises citoyennes de Tunisie (Conect) a indiqu\u00e9 que le gouvernement a deux solutions pour sortir le pays de la crise aigu\u00eb o\u00f9 il se morfond depuis plusieurs ann\u00e9es : soit r\u00e9duire drastiquement les d\u00e9penses publiques, ce qui affectera certains services comme la sant\u00e9, l&rsquo;\u00e9ducation ou le transport, soit privatiser certaines entreprises publics op\u00e9rant dans les secteurs concurrentiels.<\/p>\n<p>M. Cherif, qui assistait \u00e0 la conf\u00e9rence nationale sur le projet de la loi de finances 2019, ouverte aujourd&rsquo;hui \u00e0 Tunis, a indiqu\u00e9 que le\u00a0gouvernement Youssef Chahed devrait proc\u00e9der \u00e0 ces op\u00e9rations de privatisation, et ce malgr\u00e9 les pressions qu&rsquo;il subit \u00e0 ce propos, notamment de la part de l&rsquo;Union g\u00e9n\u00e9rale tunisienne du travail (UGTT), qui y est fermement oppos\u00e9e. Et pour cause: le gouvernement n&rsquo;a pas les moyens financiers n\u00e9cessaires pour am\u00e9liorer la qualit\u00e9 des services dispens\u00e9s\u00a0par beaucoup de soci\u00e9t\u00e9s publics ni m\u00eame pour les restructurer et les relancer, et il ne peut continuer ind\u00e9finiment \u00e0 injecter dans ces entreprises de l&rsquo;argent pris sur les contribuables et qui serait sans doute mieux utilis\u00e9 autrement.<\/p>\n<p>Le pr\u00e9sident de la Conect a \u00e9galement estim\u00e9 que si la pr\u00e9sidence du gouvernement arrive \u00e0 vendre ses entreprises publiques d\u00e9ficitaires \u00e0 des \u00e9trangers, l&rsquo;Etat tunisien se d\u00e9barrassera des pertes occasionn\u00e9es par ces soci\u00e9t\u00e9s.<\/p>\n<p style=\"text-align: right;\"><strong>E. B. A.<\/strong><\/p>\n<blockquote class=\"wp-embedded-content\" data-secret=\"h8cDZXVNRc\"><p><a href=\"https:\/\/kapitalis.com\/tunisie\/2018\/09\/14\/liste-des-societes-publiques-a-privatiser-le-gouvernement-dement-lugtt\/\">Liste des soci\u00e9t\u00e9s publiques \u00e0 privatiser : Le gouvernement d\u00e9ment l&rsquo;UGTT<\/a><\/p><\/blockquote>\n<p><iframe loading=\"lazy\" class=\"wp-embedded-content\" sandbox=\"allow-scripts\" security=\"restricted\" style=\"position: absolute; clip: rect(1px, 1px, 1px, 1px);\" title=\"\u00ab\u00a0Liste des soci\u00e9t\u00e9s publiques \u00e0 privatiser : Le gouvernement d\u00e9ment l&rsquo;UGTT\u00a0\u00bb &#8212; Kapitalis\" src=\"https:\/\/kapitalis.com\/tunisie\/2018\/09\/14\/liste-des-societes-publiques-a-privatiser-le-gouvernement-dement-lugtt\/embed\/#?secret=4nUXMCEYUO#?secret=h8cDZXVNRc\" data-secret=\"h8cDZXVNRc\" width=\"600\" height=\"338\" frameborder=\"0\" marginwidth=\"0\" marginheight=\"0\" scrolling=\"no\"><\/iframe><\/p>\n<blockquote class=\"wp-embedded-content\" data-secret=\"l9ZB8seXD8\"><p><a href=\"https:\/\/kapitalis.com\/tunisie\/2018\/09\/14\/de-quoi-tarak-cherif-et-le-president-caid-essebsi-peuvent-ils-discuter\/\">De quoi Tarak Cherif et le pr\u00e9sident Ca\u00efd Essebsi peuvent-ils discuter ?<\/a><\/p><\/blockquote>\n<p><iframe loading=\"lazy\" class=\"wp-embedded-content\" sandbox=\"allow-scripts\" security=\"restricted\" style=\"position: absolute; clip: rect(1px, 1px, 1px, 1px);\" title=\"\u00ab\u00a0De quoi Tarak Cherif et le pr\u00e9sident Ca\u00efd Essebsi peuvent-ils discuter ?\u00a0\u00bb &#8212; Kapitalis\" src=\"https:\/\/kapitalis.com\/tunisie\/2018\/09\/14\/de-quoi-tarak-cherif-et-le-president-caid-essebsi-peuvent-ils-discuter\/embed\/#?secret=LDehthHUwE#?secret=l9ZB8seXD8\" data-secret=\"l9ZB8seXD8\" width=\"600\" height=\"338\" frameborder=\"0\" marginwidth=\"0\" marginheight=\"0\" scrolling=\"no\"><\/iframe><\/p>\n","protected":false},"excerpt":{"rendered":"<p>Selon Tarak Cherif, pr\u00e9sident de la Conect, la pr\u00e9sidence du gouvernement doit privatiser certaines entreprises publiques, et ce pour recueillir les fonds susceptibles de r\u00e9\u00e9quilibrer les finances publiques et sortir le pays de la crise.\u00a0<\/p>\n","protected":false},"author":16,"featured_media":0,"comment_status":"open","ping_status":"open","sticky":false,"template":"","format":"standard","meta":{"footnotes":""},"categories":[995,2433],"tags":[2144,3558],"class_list":["post-173867","post","type-post","status-publish","format-standard","hentry","category-economie","category-tunisie","tag-conect","tag-tarak-cherif"],"yoast_head":"<!-- This site is optimized with the Yoast SEO plugin v26.6 - https:\/\/yoast.com\/wordpress\/plugins\/seo\/ -->\n<title>Tunisie : Tarak Cherif plaide pour la privatisation des entreprises publiques - Kapitalis<\/title>\n<meta name=\"robots\" content=\"index, follow, max-snippet:-1, max-image-preview:large, max-video-preview:-1\" \/>\n<link rel=\"canonical\" href=\"https:\/\/kapitalis.com\/tunisie\/2018\/09\/14\/tunisie-tarak-cherif-plaide-pour-la-privatisation-des-entreprises-publiques\/\" \/>\n<meta property=\"og:locale\" content=\"fr_FR\" \/>\n<meta property=\"og:type\" content=\"article\" \/>\n<meta property=\"og:title\" content=\"Tunisie : Tarak Cherif plaide pour la privatisation des entreprises publiques - Kapitalis\" \/>\n<meta property=\"og:description\" content=\"Selon Tarak Cherif, pr\u00e9sident de la Conect, la pr\u00e9sidence du gouvernement doit privatiser certaines entreprises publiques, et ce pour recueillir les fonds susceptibles de r\u00e9\u00e9quilibrer les finances publiques et sortir le pays de la crise.\u00a0\" \/>\n<meta property=\"og:url\" content=\"https:\/\/kapitalis.com\/tunisie\/2018\/09\/14\/tunisie-tarak-cherif-plaide-pour-la-privatisation-des-entreprises-publiques\/\" \/>\n<meta property=\"og:site_name\" content=\"Kapitalis\" \/>\n<meta property=\"article:publisher\" content=\"https:\/\/www.facebook.com\/KapitalisInfo\/\" \/>\n<meta property=\"article:published_time\" content=\"2018-09-14T10:35:15+00:00\" \/>\n<meta property=\"article:modified_time\" content=\"2018-09-14T10:36:15+00:00\" \/>\n<meta property=\"og:image\" content=\"http:\/\/kapitalis.com\/tunisie\/wp-content\/uploads\/2018\/08\/Conect-Tarak-Cherif.jpg\" \/>\n<meta name=\"author\" content=\"emna benabdallah\" \/>\n<meta name=\"twitter:card\" content=\"summary_large_image\" \/>\n<meta name=\"twitter:creator\" content=\"@KapitalisInfo\" \/>\n<meta name=\"twitter:site\" content=\"@KapitalisInfo\" \/>\n<meta name=\"twitter:label1\" content=\"\u00c9crit par\" \/>\n\t<meta name=\"twitter:data1\" content=\"emna benabdallah\" \/>\n\t<meta name=\"twitter:label2\" content=\"Dur\u00e9e de lecture estim\u00e9e\" \/>\n\t<meta name=\"twitter:data2\" content=\"1 minute\" \/>\n<script type=\"application\/ld+json\" class=\"yoast-schema-graph\">{\"@context\":\"https:\/\/schema.org\",\"@graph\":[{\"@type\":\"Article\",\"@id\":\"https:\/\/kapitalis.com\/tunisie\/2018\/09\/14\/tunisie-tarak-cherif-plaide-pour-la-privatisation-des-entreprises-publiques\/#article\",\"isPartOf\":{\"@id\":\"https:\/\/kapitalis.com\/tunisie\/2018\/09\/14\/tunisie-tarak-cherif-plaide-pour-la-privatisation-des-entreprises-publiques\/\"},\"author\":{\"name\":\"emna benabdallah\",\"@id\":\"https:\/\/kapitalis.com\/tunisie\/#\/schema\/person\/2c6e134b2f3369dffcd1daf5f087d28b\"},\"headline\":\"Tunisie : Tarak Cherif plaide pour la privatisation des entreprises publiques\",\"datePublished\":\"2018-09-14T10:35:15+00:00\",\"dateModified\":\"2018-09-14T10:36:15+00:00\",\"mainEntityOfPage\":{\"@id\":\"https:\/\/kapitalis.com\/tunisie\/2018\/09\/14\/tunisie-tarak-cherif-plaide-pour-la-privatisation-des-entreprises-publiques\/\"},\"wordCount\":303,\"commentCount\":0,\"publisher\":{\"@id\":\"https:\/\/kapitalis.com\/tunisie\/#organization\"},\"image\":{\"@id\":\"https:\/\/kapitalis.com\/tunisie\/2018\/09\/14\/tunisie-tarak-cherif-plaide-pour-la-privatisation-des-entreprises-publiques\/#primaryimage\"},\"thumbnailUrl\":\"http:\/\/kapitalis.com\/tunisie\/wp-content\/uploads\/2018\/08\/Conect-Tarak-Cherif.jpg\",\"keywords\":[\"Conect\",\"Tarak Cherif\"],\"articleSection\":[\"ECONOMIE\",\"Tunisie\"],\"inLanguage\":\"fr-FR\",\"potentialAction\":[{\"@type\":\"CommentAction\",\"name\":\"Comment\",\"target\":[\"https:\/\/kapitalis.com\/tunisie\/2018\/09\/14\/tunisie-tarak-cherif-plaide-pour-la-privatisation-des-entreprises-publiques\/#respond\"]}]},{\"@type\":\"WebPage\",\"@id\":\"https:\/\/kapitalis.com\/tunisie\/2018\/09\/14\/tunisie-tarak-cherif-plaide-pour-la-privatisation-des-entreprises-publiques\/\",\"url\":\"https:\/\/kapitalis.com\/tunisie\/2018\/09\/14\/tunisie-tarak-cherif-plaide-pour-la-privatisation-des-entreprises-publiques\/\",\"name\":\"Tunisie : Tarak Cherif plaide pour la privatisation des entreprises publiques - Kapitalis\",\"isPartOf\":{\"@id\":\"https:\/\/kapitalis.com\/tunisie\/#website\"},\"primaryImageOfPage\":{\"@id\":\"https:\/\/kapitalis.com\/tunisie\/2018\/09\/14\/tunisie-tarak-cherif-plaide-pour-la-privatisation-des-entreprises-publiques\/#primaryimage\"},\"image\":{\"@id\":\"https:\/\/kapitalis.com\/tunisie\/2018\/09\/14\/tunisie-tarak-cherif-plaide-pour-la-privatisation-des-entreprises-publiques\/#primaryimage\"},\"thumbnailUrl\":\"http:\/\/kapitalis.com\/tunisie\/wp-content\/uploads\/2018\/08\/Conect-Tarak-Cherif.jpg\",\"datePublished\":\"2018-09-14T10:35:15+00:00\",\"dateModified\":\"2018-09-14T10:36:15+00:00\",\"breadcrumb\":{\"@id\":\"https:\/\/kapitalis.com\/tunisie\/2018\/09\/14\/tunisie-tarak-cherif-plaide-pour-la-privatisation-des-entreprises-publiques\/#breadcrumb\"},\"inLanguage\":\"fr-FR\",\"potentialAction\":[{\"@type\":\"ReadAction\",\"target\":[\"https:\/\/kapitalis.com\/tunisie\/2018\/09\/14\/tunisie-tarak-cherif-plaide-pour-la-privatisation-des-entreprises-publiques\/\"]}]},{\"@type\":\"ImageObject\",\"inLanguage\":\"fr-FR\",\"@id\":\"https:\/\/kapitalis.com\/tunisie\/2018\/09\/14\/tunisie-tarak-cherif-plaide-pour-la-privatisation-des-entreprises-publiques\/#primaryimage\",\"url\":\"http:\/\/kapitalis.com\/tunisie\/wp-content\/uploads\/2018\/08\/Conect-Tarak-Cherif.jpg\",\"contentUrl\":\"http:\/\/kapitalis.com\/tunisie\/wp-content\/uploads\/2018\/08\/Conect-Tarak-Cherif.jpg\"},{\"@type\":\"BreadcrumbList\",\"@id\":\"https:\/\/kapitalis.com\/tunisie\/2018\/09\/14\/tunisie-tarak-cherif-plaide-pour-la-privatisation-des-entreprises-publiques\/#breadcrumb\",\"itemListElement\":[{\"@type\":\"ListItem\",\"position\":1,\"name\":\"Accueil\",\"item\":\"https:\/\/kapitalis.com\/tunisie\/\"},{\"@type\":\"ListItem\",\"position\":2,\"name\":\"Tunisie : Tarak Cherif plaide pour la privatisation des entreprises publiques\"}]},{\"@type\":\"WebSite\",\"@id\":\"https:\/\/kapitalis.com\/tunisie\/#website\",\"url\":\"https:\/\/kapitalis.com\/tunisie\/\",\"name\":\"Kapitalis\",\"description\":\"L&#039;actualit\u00e9 en Tunisie et dans le monde\",\"publisher\":{\"@id\":\"https:\/\/kapitalis.com\/tunisie\/#organization\"},\"potentialAction\":[{\"@type\":\"SearchAction\",\"target\":{\"@type\":\"EntryPoint\",\"urlTemplate\":\"https:\/\/kapitalis.com\/tunisie\/?s={search_term_string}\"},\"query-input\":{\"@type\":\"PropertyValueSpecification\",\"valueRequired\":true,\"valueName\":\"search_term_string\"}}],\"inLanguage\":\"fr-FR\"},{\"@type\":\"Organization\",\"@id\":\"https:\/\/kapitalis.com\/tunisie\/#organization\",\"name\":\"Kapitalis\",\"url\":\"https:\/\/kapitalis.com\/tunisie\/\",\"logo\":{\"@type\":\"ImageObject\",\"inLanguage\":\"fr-FR\",\"@id\":\"https:\/\/kapitalis.com\/tunisie\/#\/schema\/logo\/image\/\",\"url\":\"https:\/\/kapitalis.com\/tunisie\/wp-content\/uploads\/2022\/05\/Kapitalis-big-size.png\",\"contentUrl\":\"https:\/\/kapitalis.com\/tunisie\/wp-content\/uploads\/2022\/05\/Kapitalis-big-size.png\",\"width\":5000,\"height\":1500,\"caption\":\"Kapitalis\"},\"image\":{\"@id\":\"https:\/\/kapitalis.com\/tunisie\/#\/schema\/logo\/image\/\"},\"sameAs\":[\"https:\/\/www.facebook.com\/KapitalisInfo\/\",\"https:\/\/x.com\/KapitalisInfo\",\"https:\/\/www.youtube.com\/channel\/UC-yDYrHyfFBWWZaOw3FPg9Q\"]},{\"@type\":\"Person\",\"@id\":\"https:\/\/kapitalis.com\/tunisie\/#\/schema\/person\/2c6e134b2f3369dffcd1daf5f087d28b\",\"name\":\"emna benabdallah\",\"url\":\"https:\/\/kapitalis.com\/tunisie\/author\/emna\/\"}]}<\/script>\n<!-- \/ Yoast SEO plugin. -->","yoast_head_json":{"title":"Tunisie : Tarak Cherif plaide pour la privatisation des entreprises publiques - Kapitalis","robots":{"index":"index","follow":"follow","max-snippet":"max-snippet:-1","max-image-preview":"max-image-preview:large","max-video-preview":"max-video-preview:-1"},"canonical":"https:\/\/kapitalis.com\/tunisie\/2018\/09\/14\/tunisie-tarak-cherif-plaide-pour-la-privatisation-des-entreprises-publiques\/","og_locale":"fr_FR","og_type":"article","og_title":"Tunisie : Tarak Cherif plaide pour la privatisation des entreprises publiques - Kapitalis","og_description":"Selon Tarak Cherif, pr\u00e9sident de la Conect, la pr\u00e9sidence du gouvernement doit privatiser certaines entreprises publiques, et ce pour recueillir les fonds susceptibles de r\u00e9\u00e9quilibrer les finances publiques et sortir le pays de la crise.\u00a0","og_url":"https:\/\/kapitalis.com\/tunisie\/2018\/09\/14\/tunisie-tarak-cherif-plaide-pour-la-privatisation-des-entreprises-publiques\/","og_site_name":"Kapitalis","article_publisher":"https:\/\/www.facebook.com\/KapitalisInfo\/","article_published_time":"2018-09-14T10:35:15+00:00","article_modified_time":"2018-09-14T10:36:15+00:00","og_image":[{"url":"http:\/\/kapitalis.com\/tunisie\/wp-content\/uploads\/2018\/08\/Conect-Tarak-Cherif.jpg","type":"","width":"","height":""}],"author":"emna benabdallah","twitter_card":"summary_large_image","twitter_creator":"@KapitalisInfo","twitter_site":"@KapitalisInfo","twitter_misc":{"\u00c9crit par":"emna benabdallah","Dur\u00e9e de lecture estim\u00e9e":"1 minute"},"schema":{"@context":"https:\/\/schema.org","@graph":[{"@type":"Article","@id":"https:\/\/kapitalis.com\/tunisie\/2018\/09\/14\/tunisie-tarak-cherif-plaide-pour-la-privatisation-des-entreprises-publiques\/#article","isPartOf":{"@id":"https:\/\/kapitalis.com\/tunisie\/2018\/09\/14\/tunisie-tarak-cherif-plaide-pour-la-privatisation-des-entreprises-publiques\/"},"author":{"name":"emna benabdallah","@id":"https:\/\/kapitalis.com\/tunisie\/#\/schema\/person\/2c6e134b2f3369dffcd1daf5f087d28b"},"headline":"Tunisie : Tarak Cherif plaide pour la privatisation des entreprises publiques","datePublished":"2018-09-14T10:35:15+00:00","dateModified":"2018-09-14T10:36:15+00:00","mainEntityOfPage":{"@id":"https:\/\/kapitalis.com\/tunisie\/2018\/09\/14\/tunisie-tarak-cherif-plaide-pour-la-privatisation-des-entreprises-publiques\/"},"wordCount":303,"commentCount":0,"publisher":{"@id":"https:\/\/kapitalis.com\/tunisie\/#organization"},"image":{"@id":"https:\/\/kapitalis.com\/tunisie\/2018\/09\/14\/tunisie-tarak-cherif-plaide-pour-la-privatisation-des-entreprises-publiques\/#primaryimage"},"thumbnailUrl":"http:\/\/kapitalis.com\/tunisie\/wp-content\/uploads\/2018\/08\/Conect-Tarak-Cherif.jpg","keywords":["Conect","Tarak Cherif"],"articleSection":["ECONOMIE","Tunisie"],"inLanguage":"fr-FR","potentialAction":[{"@type":"CommentAction","name":"Comment","target":["https:\/\/kapitalis.com\/tunisie\/2018\/09\/14\/tunisie-tarak-cherif-plaide-pour-la-privatisation-des-entreprises-publiques\/#respond"]}]},{"@type":"WebPage","@id":"https:\/\/kapitalis.com\/tunisie\/2018\/09\/14\/tunisie-tarak-cherif-plaide-pour-la-privatisation-des-entreprises-publiques\/","url":"https:\/\/kapitalis.com\/tunisie\/2018\/09\/14\/tunisie-tarak-cherif-plaide-pour-la-privatisation-des-entreprises-publiques\/","name":"Tunisie : Tarak Cherif plaide pour la privatisation des entreprises publiques - Kapitalis","isPartOf":{"@id":"https:\/\/kapitalis.com\/tunisie\/#website"},"primaryImageOfPage":{"@id":"https:\/\/kapitalis.com\/tunisie\/2018\/09\/14\/tunisie-tarak-cherif-plaide-pour-la-privatisation-des-entreprises-publiques\/#primaryimage"},"image":{"@id":"https:\/\/kapitalis.com\/tunisie\/2018\/09\/14\/tunisie-tarak-cherif-plaide-pour-la-privatisation-des-entreprises-publiques\/#primaryimage"},"thumbnailUrl":"http:\/\/kapitalis.com\/tunisie\/wp-content\/uploads\/2018\/08\/Conect-Tarak-Cherif.jpg","datePublished":"2018-09-14T10:35:15+00:00","dateModified":"2018-09-14T10:36:15+00:00","breadcrumb":{"@id":"https:\/\/kapitalis.com\/tunisie\/2018\/09\/14\/tunisie-tarak-cherif-plaide-pour-la-privatisation-des-entreprises-publiques\/#breadcrumb"},"inLanguage":"fr-FR","potentialAction":[{"@type":"ReadAction","target":["https:\/\/kapitalis.com\/tunisie\/2018\/09\/14\/tunisie-tarak-cherif-plaide-pour-la-privatisation-des-entreprises-publiques\/"]}]},{"@type":"ImageObject","inLanguage":"fr-FR","@id":"https:\/\/kapitalis.com\/tunisie\/2018\/09\/14\/tunisie-tarak-cherif-plaide-pour-la-privatisation-des-entreprises-publiques\/#primaryimage","url":"http:\/\/kapitalis.com\/tunisie\/wp-content\/uploads\/2018\/08\/Conect-Tarak-Cherif.jpg","contentUrl":"http:\/\/kapitalis.com\/tunisie\/wp-content\/uploads\/2018\/08\/Conect-Tarak-Cherif.jpg"},{"@type":"BreadcrumbList","@id":"https:\/\/kapitalis.com\/tunisie\/2018\/09\/14\/tunisie-tarak-cherif-plaide-pour-la-privatisation-des-entreprises-publiques\/#breadcrumb","itemListElement":[{"@type":"ListItem","position":1,"name":"Accueil","item":"https:\/\/kapitalis.com\/tunisie\/"},{"@type":"ListItem","position":2,"name":"Tunisie : Tarak Cherif plaide pour la privatisation des entreprises publiques"}]},{"@type":"WebSite","@id":"https:\/\/kapitalis.com\/tunisie\/#website","url":"https:\/\/kapitalis.com\/tunisie\/","name":"Kapitalis","description":"L&#039;actualit\u00e9 en Tunisie et dans le monde","publisher":{"@id":"https:\/\/kapitalis.com\/tunisie\/#organization"},"potentialAction":[{"@type":"SearchAction","target":{"@type":"EntryPoint","urlTemplate":"https:\/\/kapitalis.com\/tunisie\/?s={search_term_string}"},"query-input":{"@type":"PropertyValueSpecification","valueRequired":true,"valueName":"search_term_string"}}],"inLanguage":"fr-FR"},{"@type":"Organization","@id":"https:\/\/kapitalis.com\/tunisie\/#organization","name":"Kapitalis","url":"https:\/\/kapitalis.com\/tunisie\/","logo":{"@type":"ImageObject","inLanguage":"fr-FR","@id":"https:\/\/kapitalis.com\/tunisie\/#\/schema\/logo\/image\/","url":"https:\/\/kapitalis.com\/tunisie\/wp-content\/uploads\/2022\/05\/Kapitalis-big-size.png","contentUrl":"https:\/\/kapitalis.com\/tunisie\/wp-content\/uploads\/2022\/05\/Kapitalis-big-size.png","width":5000,"height":1500,"caption":"Kapitalis"},"image":{"@id":"https:\/\/kapitalis.com\/tunisie\/#\/schema\/logo\/image\/"},"sameAs":["https:\/\/www.facebook.com\/KapitalisInfo\/","https:\/\/x.com\/KapitalisInfo","https:\/\/www.youtube.com\/channel\/UC-yDYrHyfFBWWZaOw3FPg9Q"]},{"@type":"Person","@id":"https:\/\/kapitalis.com\/tunisie\/#\/schema\/person\/2c6e134b2f3369dffcd1daf5f087d28b","name":"emna benabdallah","url":"https:\/\/kapitalis.com\/tunisie\/author\/emna\/"}]}},"_links":{"self":[{"href":"https:\/\/kapitalis.com\/tunisie\/wp-json\/wp\/v2\/posts\/173867","targetHints":{"allow":["GET"]}}],"collection":[{"href":"https:\/\/kapitalis.com\/tunisie\/wp-json\/wp\/v2\/posts"}],"about":[{"href":"https:\/\/kapitalis.com\/tunisie\/wp-json\/wp\/v2\/types\/post"}],"author":[{"embeddable":true,"href":"https:\/\/kapitalis.com\/tunisie\/wp-json\/wp\/v2\/users\/16"}],"replies":[{"embeddable":true,"href":"https:\/\/kapitalis.com\/tunisie\/wp-json\/wp\/v2\/comments?post=173867"}],"version-history":[{"count":0,"href":"https:\/\/kapitalis.com\/tunisie\/wp-json\/wp\/v2\/posts\/173867\/revisions"}],"wp:attachment":[{"href":"https:\/\/kapitalis.com\/tunisie\/wp-json\/wp\/v2\/media?parent=173867"}],"wp:term":[{"taxonomy":"category","embeddable":true,"href":"https:\/\/kapitalis.com\/tunisie\/wp-json\/wp\/v2\/categories?post=173867"},{"taxonomy":"post_tag","embeddable":true,"href":"https:\/\/kapitalis.com\/tunisie\/wp-json\/wp\/v2\/tags?post=173867"}],"curies":[{"name":"wp","href":"https:\/\/api.w.org\/{rel}","templated":true}]}}