{"id":17402370,"date":"2025-09-05T20:55:50","date_gmt":"2025-09-05T19:55:50","guid":{"rendered":"https:\/\/kapitalis.com\/tunisie\/?p=17402370"},"modified":"2025-09-05T21:01:40","modified_gmt":"2025-09-05T20:01:40","slug":"eclipse-totale-de-lune-et-soiree-exceptionnelle-a-la-cite-des-sciences-de-tunis","status":"publish","type":"post","link":"https:\/\/kapitalis.com\/tunisie\/2025\/09\/05\/eclipse-totale-de-lune-et-soiree-exceptionnelle-a-la-cite-des-sciences-de-tunis\/","title":{"rendered":"Eclipse totale de Lune et soir\u00e9e exceptionnelle \u00e0 la Cit\u00e9 des Sciences de Tunis"},"content":{"rendered":"\n<p><em><strong>\u00c0 l&rsquo;occasion de l\u2019\u00e9clipse totale de Lune, la Cit\u00e9 des Sciences de Tunis (CST) organise une soir\u00e9e d\u2019observation exceptionnelle sur son site ce 7 septembre 2025.<\/strong><\/em><\/p>\n\n\n\n<!--more-->\n\n\n\n<p>Ce dimanche, le ciel nous offrira un spectacle rare : une \u00e9clipse totale de Lune. La totalit\u00e9 est visible depuis une grande partie du globe, notamment l\u2019Europe, la majeure partie de l\u2019Asie, une portion de l\u2019Afrique de l\u2019Ouest et l\u2019ouest de l\u2019Australie.<\/p>\n\n\n\n<figure class=\"wp-block-gallery has-nested-images columns-2 is-cropped wp-block-gallery-1 is-layout-flex wp-block-gallery-is-layout-flex\">\n<figure class=\"wp-block-image size-large\"><img loading=\"lazy\" decoding=\"async\" width=\"724\" height=\"1024\" data-id=\"17402816\" src=\"https:\/\/kapitalis.com\/tunisie\/wp-content\/uploads\/2025\/09\/CST1-724x1024.jpg\" alt=\"\" class=\"wp-image-17402816\" srcset=\"https:\/\/kapitalis.com\/tunisie\/wp-content\/uploads\/2025\/09\/CST1-724x1024.jpg 724w, https:\/\/kapitalis.com\/tunisie\/wp-content\/uploads\/2025\/09\/CST1-212x300.jpg 212w, https:\/\/kapitalis.com\/tunisie\/wp-content\/uploads\/2025\/09\/CST1-768x1086.jpg 768w, https:\/\/kapitalis.com\/tunisie\/wp-content\/uploads\/2025\/09\/CST1-1086x1536.jpg 1086w, https:\/\/kapitalis.com\/tunisie\/wp-content\/uploads\/2025\/09\/CST1-580x820.jpg 580w, https:\/\/kapitalis.com\/tunisie\/wp-content\/uploads\/2025\/09\/CST1-860x1216.jpg 860w, https:\/\/kapitalis.com\/tunisie\/wp-content\/uploads\/2025\/09\/CST1-1160x1641.jpg 1160w, https:\/\/kapitalis.com\/tunisie\/wp-content\/uploads\/2025\/09\/CST1.jpg 1448w\" sizes=\"auto, (max-width: 724px) 100vw, 724px\" \/><\/figure>\n\n\n\n<figure class=\"wp-block-image size-large\"><img loading=\"lazy\" decoding=\"async\" width=\"724\" height=\"1024\" data-id=\"17402814\" src=\"https:\/\/kapitalis.com\/tunisie\/wp-content\/uploads\/2025\/09\/CST2-724x1024.jpg\" alt=\"\" class=\"wp-image-17402814\" srcset=\"https:\/\/kapitalis.com\/tunisie\/wp-content\/uploads\/2025\/09\/CST2-724x1024.jpg 724w, https:\/\/kapitalis.com\/tunisie\/wp-content\/uploads\/2025\/09\/CST2-212x300.jpg 212w, https:\/\/kapitalis.com\/tunisie\/wp-content\/uploads\/2025\/09\/CST2-768x1086.jpg 768w, https:\/\/kapitalis.com\/tunisie\/wp-content\/uploads\/2025\/09\/CST2-1086x1536.jpg 1086w, https:\/\/kapitalis.com\/tunisie\/wp-content\/uploads\/2025\/09\/CST2-580x820.jpg 580w, https:\/\/kapitalis.com\/tunisie\/wp-content\/uploads\/2025\/09\/CST2-860x1216.jpg 860w, https:\/\/kapitalis.com\/tunisie\/wp-content\/uploads\/2025\/09\/CST2-1160x1641.jpg 1160w, https:\/\/kapitalis.com\/tunisie\/wp-content\/uploads\/2025\/09\/CST2.jpg 1448w\" sizes=\"auto, (max-width: 724px) 100vw, 724px\" \/><\/figure>\n\n\n\n<figure class=\"wp-block-image size-large\"><img loading=\"lazy\" decoding=\"async\" width=\"724\" height=\"1024\" data-id=\"17402815\" src=\"https:\/\/kapitalis.com\/tunisie\/wp-content\/uploads\/2025\/09\/CST3-724x1024.jpg\" alt=\"\" class=\"wp-image-17402815\" srcset=\"https:\/\/kapitalis.com\/tunisie\/wp-content\/uploads\/2025\/09\/CST3-724x1024.jpg 724w, https:\/\/kapitalis.com\/tunisie\/wp-content\/uploads\/2025\/09\/CST3-212x300.jpg 212w, https:\/\/kapitalis.com\/tunisie\/wp-content\/uploads\/2025\/09\/CST3-768x1086.jpg 768w, https:\/\/kapitalis.com\/tunisie\/wp-content\/uploads\/2025\/09\/CST3-1086x1536.jpg 1086w, https:\/\/kapitalis.com\/tunisie\/wp-content\/uploads\/2025\/09\/CST3-580x820.jpg 580w, https:\/\/kapitalis.com\/tunisie\/wp-content\/uploads\/2025\/09\/CST3-860x1216.jpg 860w, https:\/\/kapitalis.com\/tunisie\/wp-content\/uploads\/2025\/09\/CST3-1160x1641.jpg 1160w, https:\/\/kapitalis.com\/tunisie\/wp-content\/uploads\/2025\/09\/CST3.jpg 1448w\" sizes=\"auto, (max-width: 724px) 100vw, 724px\" \/><\/figure>\n\n\n\n<figure class=\"wp-block-image size-large\"><img loading=\"lazy\" decoding=\"async\" width=\"724\" height=\"1024\" data-id=\"17403084\" src=\"https:\/\/kapitalis.com\/tunisie\/wp-content\/uploads\/2025\/09\/CST4-724x1024.jpg\" alt=\"\" class=\"wp-image-17403084\" srcset=\"https:\/\/kapitalis.com\/tunisie\/wp-content\/uploads\/2025\/09\/CST4-724x1024.jpg 724w, https:\/\/kapitalis.com\/tunisie\/wp-content\/uploads\/2025\/09\/CST4-212x300.jpg 212w, https:\/\/kapitalis.com\/tunisie\/wp-content\/uploads\/2025\/09\/CST4-768x1086.jpg 768w, https:\/\/kapitalis.com\/tunisie\/wp-content\/uploads\/2025\/09\/CST4-1086x1536.jpg 1086w, https:\/\/kapitalis.com\/tunisie\/wp-content\/uploads\/2025\/09\/CST4-580x820.jpg 580w, https:\/\/kapitalis.com\/tunisie\/wp-content\/uploads\/2025\/09\/CST4-860x1216.jpg 860w, https:\/\/kapitalis.com\/tunisie\/wp-content\/uploads\/2025\/09\/CST4-1160x1641.jpg 1160w, https:\/\/kapitalis.com\/tunisie\/wp-content\/uploads\/2025\/09\/CST4.jpg 1448w\" sizes=\"auto, (max-width: 724px) 100vw, 724px\" \/><\/figure>\n<\/figure>\n\n\n\n<p>Ce ph\u00e9nom\u00e8ne d\u00e9butera \u00e0 16h28 HL (heure locale) avec l\u2019entr\u00e9e de la Lune dans la p\u00e9nombre terrestre. Le moment fort surviendra \u00e0 19h11 HL : notre satellite naturel sera alors enti\u00e8rement immerg\u00e9 dans l\u2019ombre de la Terre, se parant d\u2019une somptueuse teinte rouge cuivr\u00e9. L\u2019\u00e9clipse s\u2019ach\u00e8vera \u00e0 21h55 HL, lorsque la Lune quittera d\u00e9finitivement la p\u00e9nombre.<\/p>\n\n\n\n<p>Au programme, on compte notamment une conf\u00e9rence grand public intitul\u00e9e \u00ab \u00c9clipse lunaire totale du 7 septembre 2025 \u00bb et une observation aux t\u00e9lescopes des diff\u00e9rentes phases de l\u2019\u00e9clipse et de la majestueuse Saturne.<\/p>\n\n\n\n<p class=\"has-text-align-right\"><strong>Communiqu\u00e9<\/strong><\/p>\n","protected":false},"excerpt":{"rendered":"<p>\u00c0 l&rsquo;occasion de l\u2019\u00e9clipse totale de Lune, la Cit\u00e9 des Sciences de Tunis (CST) organise une soir\u00e9e d\u2019observation exceptionnelle sur son site ce 7 septembre 2025.<\/p>\n","protected":false},"author":6,"featured_media":17403459,"comment_status":"open","ping_status":"open","sticky":false,"template":"","format":"standard","meta":{"footnotes":""},"categories":[998,2433],"tags":[20351,30522,105460,124416,64323,62643],"class_list":["post-17402370","post","type-post","status-publish","format-standard","has-post-thumbnail","hentry","category-societe","category-tunisie","tag-cite-des-sciences","tag-cite-des-sciences-de-tunis","tag-cst","tag-eclipse-totale-de-lune-2","tag-observation","tag-tunisie"],"yoast_head":"<!-- This site is optimized with the Yoast SEO plugin v26.6 - https:\/\/yoast.com\/wordpress\/plugins\/seo\/ -->\n<title>Eclipse totale de Lune et soir\u00e9e exceptionnelle \u00e0 la Cit\u00e9 des Sciences de Tunis - Kapitalis<\/title>\n<meta name=\"robots\" content=\"index, follow, max-snippet:-1, max-image-preview:large, max-video-preview:-1\" \/>\n<link rel=\"canonical\" href=\"https:\/\/kapitalis.com\/tunisie\/2025\/09\/05\/eclipse-totale-de-lune-et-soiree-exceptionnelle-a-la-cite-des-sciences-de-tunis\/\" \/>\n<meta property=\"og:locale\" content=\"fr_FR\" \/>\n<meta property=\"og:type\" content=\"article\" \/>\n<meta property=\"og:title\" content=\"Eclipse totale de Lune et soir\u00e9e exceptionnelle \u00e0 la Cit\u00e9 des Sciences de Tunis - Kapitalis\" \/>\n<meta property=\"og:description\" content=\"\u00c0 l&rsquo;occasion de l\u2019\u00e9clipse totale de Lune, la Cit\u00e9 des Sciences de Tunis (CST) organise une soir\u00e9e d\u2019observation exceptionnelle sur son site ce 7 septembre 2025.\" \/>\n<meta property=\"og:url\" content=\"https:\/\/kapitalis.com\/tunisie\/2025\/09\/05\/eclipse-totale-de-lune-et-soiree-exceptionnelle-a-la-cite-des-sciences-de-tunis\/\" \/>\n<meta property=\"og:site_name\" content=\"Kapitalis\" \/>\n<meta property=\"article:publisher\" content=\"https:\/\/www.facebook.com\/KapitalisInfo\/\" \/>\n<meta property=\"article:published_time\" content=\"2025-09-05T19:55:50+00:00\" \/>\n<meta property=\"article:modified_time\" content=\"2025-09-05T20:01:40+00:00\" \/>\n<meta property=\"og:image\" content=\"https:\/\/kapitalis.com\/tunisie\/wp-content\/uploads\/2025\/09\/Eclipse-totale-Cite-des-Sciences-Tunis.jpg\" \/>\n\t<meta property=\"og:image:width\" content=\"1200\" \/>\n\t<meta property=\"og:image:height\" content=\"630\" \/>\n\t<meta property=\"og:image:type\" content=\"image\/jpeg\" \/>\n<meta name=\"author\" content=\"Yusra NY\" \/>\n<meta name=\"twitter:card\" content=\"summary_large_image\" \/>\n<meta name=\"twitter:creator\" content=\"@KapitalisInfo\" \/>\n<meta name=\"twitter:site\" content=\"@KapitalisInfo\" \/>\n<meta name=\"twitter:label1\" content=\"\u00c9crit par\" \/>\n\t<meta name=\"twitter:data1\" content=\"Yusra NY\" \/>\n\t<meta name=\"twitter:label2\" content=\"Dur\u00e9e de lecture estim\u00e9e\" \/>\n\t<meta name=\"twitter:data2\" content=\"2 minutes\" \/>\n<script type=\"application\/ld+json\" class=\"yoast-schema-graph\">{\"@context\":\"https:\/\/schema.org\",\"@graph\":[{\"@type\":\"Article\",\"@id\":\"https:\/\/kapitalis.com\/tunisie\/2025\/09\/05\/eclipse-totale-de-lune-et-soiree-exceptionnelle-a-la-cite-des-sciences-de-tunis\/#article\",\"isPartOf\":{\"@id\":\"https:\/\/kapitalis.com\/tunisie\/2025\/09\/05\/eclipse-totale-de-lune-et-soiree-exceptionnelle-a-la-cite-des-sciences-de-tunis\/\"},\"author\":{\"name\":\"Yusra NY\",\"@id\":\"https:\/\/kapitalis.com\/tunisie\/#\/schema\/person\/74bbde0154d49d790a92aaeac5bc01d5\"},\"headline\":\"Eclipse totale de Lune et soir\u00e9e exceptionnelle \u00e0 la Cit\u00e9 des Sciences de Tunis\",\"datePublished\":\"2025-09-05T19:55:50+00:00\",\"dateModified\":\"2025-09-05T20:01:40+00:00\",\"mainEntityOfPage\":{\"@id\":\"https:\/\/kapitalis.com\/tunisie\/2025\/09\/05\/eclipse-totale-de-lune-et-soiree-exceptionnelle-a-la-cite-des-sciences-de-tunis\/\"},\"wordCount\":189,\"commentCount\":0,\"publisher\":{\"@id\":\"https:\/\/kapitalis.com\/tunisie\/#organization\"},\"image\":{\"@id\":\"https:\/\/kapitalis.com\/tunisie\/2025\/09\/05\/eclipse-totale-de-lune-et-soiree-exceptionnelle-a-la-cite-des-sciences-de-tunis\/#primaryimage\"},\"thumbnailUrl\":\"https:\/\/kapitalis.com\/tunisie\/wp-content\/uploads\/2025\/09\/Eclipse-totale-Cite-des-Sciences-Tunis.jpg\",\"keywords\":[\"Cit\u00e9 des Sciences\",\"Cit\u00e9 des sciences de Tunis\",\"CST\",\"Eclipse totale de Lune\",\"observation\",\"Tunisie\"],\"articleSection\":[\"SOCIETE\",\"Tunisie\"],\"inLanguage\":\"fr-FR\",\"potentialAction\":[{\"@type\":\"CommentAction\",\"name\":\"Comment\",\"target\":[\"https:\/\/kapitalis.com\/tunisie\/2025\/09\/05\/eclipse-totale-de-lune-et-soiree-exceptionnelle-a-la-cite-des-sciences-de-tunis\/#respond\"]}]},{\"@type\":\"WebPage\",\"@id\":\"https:\/\/kapitalis.com\/tunisie\/2025\/09\/05\/eclipse-totale-de-lune-et-soiree-exceptionnelle-a-la-cite-des-sciences-de-tunis\/\",\"url\":\"https:\/\/kapitalis.com\/tunisie\/2025\/09\/05\/eclipse-totale-de-lune-et-soiree-exceptionnelle-a-la-cite-des-sciences-de-tunis\/\",\"name\":\"Eclipse totale de Lune et soir\u00e9e exceptionnelle \u00e0 la Cit\u00e9 des Sciences de Tunis - Kapitalis\",\"isPartOf\":{\"@id\":\"https:\/\/kapitalis.com\/tunisie\/#website\"},\"primaryImageOfPage\":{\"@id\":\"https:\/\/kapitalis.com\/tunisie\/2025\/09\/05\/eclipse-totale-de-lune-et-soiree-exceptionnelle-a-la-cite-des-sciences-de-tunis\/#primaryimage\"},\"image\":{\"@id\":\"https:\/\/kapitalis.com\/tunisie\/2025\/09\/05\/eclipse-totale-de-lune-et-soiree-exceptionnelle-a-la-cite-des-sciences-de-tunis\/#primaryimage\"},\"thumbnailUrl\":\"https:\/\/kapitalis.com\/tunisie\/wp-content\/uploads\/2025\/09\/Eclipse-totale-Cite-des-Sciences-Tunis.jpg\",\"datePublished\":\"2025-09-05T19:55:50+00:00\",\"dateModified\":\"2025-09-05T20:01:40+00:00\",\"breadcrumb\":{\"@id\":\"https:\/\/kapitalis.com\/tunisie\/2025\/09\/05\/eclipse-totale-de-lune-et-soiree-exceptionnelle-a-la-cite-des-sciences-de-tunis\/#breadcrumb\"},\"inLanguage\":\"fr-FR\",\"potentialAction\":[{\"@type\":\"ReadAction\",\"target\":[\"https:\/\/kapitalis.com\/tunisie\/2025\/09\/05\/eclipse-totale-de-lune-et-soiree-exceptionnelle-a-la-cite-des-sciences-de-tunis\/\"]}]},{\"@type\":\"ImageObject\",\"inLanguage\":\"fr-FR\",\"@id\":\"https:\/\/kapitalis.com\/tunisie\/2025\/09\/05\/eclipse-totale-de-lune-et-soiree-exceptionnelle-a-la-cite-des-sciences-de-tunis\/#primaryimage\",\"url\":\"https:\/\/kapitalis.com\/tunisie\/wp-content\/uploads\/2025\/09\/Eclipse-totale-Cite-des-Sciences-Tunis.jpg\",\"contentUrl\":\"https:\/\/kapitalis.com\/tunisie\/wp-content\/uploads\/2025\/09\/Eclipse-totale-Cite-des-Sciences-Tunis.jpg\",\"width\":1200,\"height\":630},{\"@type\":\"BreadcrumbList\",\"@id\":\"https:\/\/kapitalis.com\/tunisie\/2025\/09\/05\/eclipse-totale-de-lune-et-soiree-exceptionnelle-a-la-cite-des-sciences-de-tunis\/#breadcrumb\",\"itemListElement\":[{\"@type\":\"ListItem\",\"position\":1,\"name\":\"Accueil\",\"item\":\"https:\/\/kapitalis.com\/tunisie\/\"},{\"@type\":\"ListItem\",\"position\":2,\"name\":\"Eclipse totale de Lune et soir\u00e9e exceptionnelle \u00e0 la Cit\u00e9 des Sciences de Tunis\"}]},{\"@type\":\"WebSite\",\"@id\":\"https:\/\/kapitalis.com\/tunisie\/#website\",\"url\":\"https:\/\/kapitalis.com\/tunisie\/\",\"name\":\"Kapitalis\",\"description\":\"L&#039;actualit\u00e9 en Tunisie et dans le monde\",\"publisher\":{\"@id\":\"https:\/\/kapitalis.com\/tunisie\/#organization\"},\"potentialAction\":[{\"@type\":\"SearchAction\",\"target\":{\"@type\":\"EntryPoint\",\"urlTemplate\":\"https:\/\/kapitalis.com\/tunisie\/?s={search_term_string}\"},\"query-input\":{\"@type\":\"PropertyValueSpecification\",\"valueRequired\":true,\"valueName\":\"search_term_string\"}}],\"inLanguage\":\"fr-FR\"},{\"@type\":\"Organization\",\"@id\":\"https:\/\/kapitalis.com\/tunisie\/#organization\",\"name\":\"Kapitalis\",\"url\":\"https:\/\/kapitalis.com\/tunisie\/\",\"logo\":{\"@type\":\"ImageObject\",\"inLanguage\":\"fr-FR\",\"@id\":\"https:\/\/kapitalis.com\/tunisie\/#\/schema\/logo\/image\/\",\"url\":\"https:\/\/kapitalis.com\/tunisie\/wp-content\/uploads\/2022\/05\/Kapitalis-big-size.png\",\"contentUrl\":\"https:\/\/kapitalis.com\/tunisie\/wp-content\/uploads\/2022\/05\/Kapitalis-big-size.png\",\"width\":5000,\"height\":1500,\"caption\":\"Kapitalis\"},\"image\":{\"@id\":\"https:\/\/kapitalis.com\/tunisie\/#\/schema\/logo\/image\/\"},\"sameAs\":[\"https:\/\/www.facebook.com\/KapitalisInfo\/\",\"https:\/\/x.com\/KapitalisInfo\",\"https:\/\/www.youtube.com\/channel\/UC-yDYrHyfFBWWZaOw3FPg9Q\"]},{\"@type\":\"Person\",\"@id\":\"https:\/\/kapitalis.com\/tunisie\/#\/schema\/person\/74bbde0154d49d790a92aaeac5bc01d5\",\"name\":\"Yusra NY\",\"url\":\"https:\/\/kapitalis.com\/tunisie\/author\/yuza_adam\/\"}]}<\/script>\n<!-- \/ Yoast SEO plugin. -->","yoast_head_json":{"title":"Eclipse totale de Lune et soir\u00e9e exceptionnelle \u00e0 la Cit\u00e9 des Sciences de Tunis - Kapitalis","robots":{"index":"index","follow":"follow","max-snippet":"max-snippet:-1","max-image-preview":"max-image-preview:large","max-video-preview":"max-video-preview:-1"},"canonical":"https:\/\/kapitalis.com\/tunisie\/2025\/09\/05\/eclipse-totale-de-lune-et-soiree-exceptionnelle-a-la-cite-des-sciences-de-tunis\/","og_locale":"fr_FR","og_type":"article","og_title":"Eclipse totale de Lune et soir\u00e9e exceptionnelle \u00e0 la Cit\u00e9 des Sciences de Tunis - Kapitalis","og_description":"\u00c0 l&rsquo;occasion de l\u2019\u00e9clipse totale de Lune, la Cit\u00e9 des Sciences de Tunis (CST) organise une soir\u00e9e d\u2019observation exceptionnelle sur son site ce 7 septembre 2025.","og_url":"https:\/\/kapitalis.com\/tunisie\/2025\/09\/05\/eclipse-totale-de-lune-et-soiree-exceptionnelle-a-la-cite-des-sciences-de-tunis\/","og_site_name":"Kapitalis","article_publisher":"https:\/\/www.facebook.com\/KapitalisInfo\/","article_published_time":"2025-09-05T19:55:50+00:00","article_modified_time":"2025-09-05T20:01:40+00:00","og_image":[{"width":1200,"height":630,"url":"https:\/\/kapitalis.com\/tunisie\/wp-content\/uploads\/2025\/09\/Eclipse-totale-Cite-des-Sciences-Tunis.jpg","type":"image\/jpeg"}],"author":"Yusra NY","twitter_card":"summary_large_image","twitter_creator":"@KapitalisInfo","twitter_site":"@KapitalisInfo","twitter_misc":{"\u00c9crit par":"Yusra NY","Dur\u00e9e de lecture estim\u00e9e":"2 minutes"},"schema":{"@context":"https:\/\/schema.org","@graph":[{"@type":"Article","@id":"https:\/\/kapitalis.com\/tunisie\/2025\/09\/05\/eclipse-totale-de-lune-et-soiree-exceptionnelle-a-la-cite-des-sciences-de-tunis\/#article","isPartOf":{"@id":"https:\/\/kapitalis.com\/tunisie\/2025\/09\/05\/eclipse-totale-de-lune-et-soiree-exceptionnelle-a-la-cite-des-sciences-de-tunis\/"},"author":{"name":"Yusra NY","@id":"https:\/\/kapitalis.com\/tunisie\/#\/schema\/person\/74bbde0154d49d790a92aaeac5bc01d5"},"headline":"Eclipse totale de Lune et soir\u00e9e exceptionnelle \u00e0 la Cit\u00e9 des Sciences de Tunis","datePublished":"2025-09-05T19:55:50+00:00","dateModified":"2025-09-05T20:01:40+00:00","mainEntityOfPage":{"@id":"https:\/\/kapitalis.com\/tunisie\/2025\/09\/05\/eclipse-totale-de-lune-et-soiree-exceptionnelle-a-la-cite-des-sciences-de-tunis\/"},"wordCount":189,"commentCount":0,"publisher":{"@id":"https:\/\/kapitalis.com\/tunisie\/#organization"},"image":{"@id":"https:\/\/kapitalis.com\/tunisie\/2025\/09\/05\/eclipse-totale-de-lune-et-soiree-exceptionnelle-a-la-cite-des-sciences-de-tunis\/#primaryimage"},"thumbnailUrl":"https:\/\/kapitalis.com\/tunisie\/wp-content\/uploads\/2025\/09\/Eclipse-totale-Cite-des-Sciences-Tunis.jpg","keywords":["Cit\u00e9 des Sciences","Cit\u00e9 des sciences de Tunis","CST","Eclipse totale de Lune","observation","Tunisie"],"articleSection":["SOCIETE","Tunisie"],"inLanguage":"fr-FR","potentialAction":[{"@type":"CommentAction","name":"Comment","target":["https:\/\/kapitalis.com\/tunisie\/2025\/09\/05\/eclipse-totale-de-lune-et-soiree-exceptionnelle-a-la-cite-des-sciences-de-tunis\/#respond"]}]},{"@type":"WebPage","@id":"https:\/\/kapitalis.com\/tunisie\/2025\/09\/05\/eclipse-totale-de-lune-et-soiree-exceptionnelle-a-la-cite-des-sciences-de-tunis\/","url":"https:\/\/kapitalis.com\/tunisie\/2025\/09\/05\/eclipse-totale-de-lune-et-soiree-exceptionnelle-a-la-cite-des-sciences-de-tunis\/","name":"Eclipse totale de Lune et soir\u00e9e exceptionnelle \u00e0 la Cit\u00e9 des Sciences de Tunis - Kapitalis","isPartOf":{"@id":"https:\/\/kapitalis.com\/tunisie\/#website"},"primaryImageOfPage":{"@id":"https:\/\/kapitalis.com\/tunisie\/2025\/09\/05\/eclipse-totale-de-lune-et-soiree-exceptionnelle-a-la-cite-des-sciences-de-tunis\/#primaryimage"},"image":{"@id":"https:\/\/kapitalis.com\/tunisie\/2025\/09\/05\/eclipse-totale-de-lune-et-soiree-exceptionnelle-a-la-cite-des-sciences-de-tunis\/#primaryimage"},"thumbnailUrl":"https:\/\/kapitalis.com\/tunisie\/wp-content\/uploads\/2025\/09\/Eclipse-totale-Cite-des-Sciences-Tunis.jpg","datePublished":"2025-09-05T19:55:50+00:00","dateModified":"2025-09-05T20:01:40+00:00","breadcrumb":{"@id":"https:\/\/kapitalis.com\/tunisie\/2025\/09\/05\/eclipse-totale-de-lune-et-soiree-exceptionnelle-a-la-cite-des-sciences-de-tunis\/#breadcrumb"},"inLanguage":"fr-FR","potentialAction":[{"@type":"ReadAction","target":["https:\/\/kapitalis.com\/tunisie\/2025\/09\/05\/eclipse-totale-de-lune-et-soiree-exceptionnelle-a-la-cite-des-sciences-de-tunis\/"]}]},{"@type":"ImageObject","inLanguage":"fr-FR","@id":"https:\/\/kapitalis.com\/tunisie\/2025\/09\/05\/eclipse-totale-de-lune-et-soiree-exceptionnelle-a-la-cite-des-sciences-de-tunis\/#primaryimage","url":"https:\/\/kapitalis.com\/tunisie\/wp-content\/uploads\/2025\/09\/Eclipse-totale-Cite-des-Sciences-Tunis.jpg","contentUrl":"https:\/\/kapitalis.com\/tunisie\/wp-content\/uploads\/2025\/09\/Eclipse-totale-Cite-des-Sciences-Tunis.jpg","width":1200,"height":630},{"@type":"BreadcrumbList","@id":"https:\/\/kapitalis.com\/tunisie\/2025\/09\/05\/eclipse-totale-de-lune-et-soiree-exceptionnelle-a-la-cite-des-sciences-de-tunis\/#breadcrumb","itemListElement":[{"@type":"ListItem","position":1,"name":"Accueil","item":"https:\/\/kapitalis.com\/tunisie\/"},{"@type":"ListItem","position":2,"name":"Eclipse totale de Lune et soir\u00e9e exceptionnelle \u00e0 la Cit\u00e9 des Sciences de Tunis"}]},{"@type":"WebSite","@id":"https:\/\/kapitalis.com\/tunisie\/#website","url":"https:\/\/kapitalis.com\/tunisie\/","name":"Kapitalis","description":"L&#039;actualit\u00e9 en Tunisie et dans le monde","publisher":{"@id":"https:\/\/kapitalis.com\/tunisie\/#organization"},"potentialAction":[{"@type":"SearchAction","target":{"@type":"EntryPoint","urlTemplate":"https:\/\/kapitalis.com\/tunisie\/?s={search_term_string}"},"query-input":{"@type":"PropertyValueSpecification","valueRequired":true,"valueName":"search_term_string"}}],"inLanguage":"fr-FR"},{"@type":"Organization","@id":"https:\/\/kapitalis.com\/tunisie\/#organization","name":"Kapitalis","url":"https:\/\/kapitalis.com\/tunisie\/","logo":{"@type":"ImageObject","inLanguage":"fr-FR","@id":"https:\/\/kapitalis.com\/tunisie\/#\/schema\/logo\/image\/","url":"https:\/\/kapitalis.com\/tunisie\/wp-content\/uploads\/2022\/05\/Kapitalis-big-size.png","contentUrl":"https:\/\/kapitalis.com\/tunisie\/wp-content\/uploads\/2022\/05\/Kapitalis-big-size.png","width":5000,"height":1500,"caption":"Kapitalis"},"image":{"@id":"https:\/\/kapitalis.com\/tunisie\/#\/schema\/logo\/image\/"},"sameAs":["https:\/\/www.facebook.com\/KapitalisInfo\/","https:\/\/x.com\/KapitalisInfo","https:\/\/www.youtube.com\/channel\/UC-yDYrHyfFBWWZaOw3FPg9Q"]},{"@type":"Person","@id":"https:\/\/kapitalis.com\/tunisie\/#\/schema\/person\/74bbde0154d49d790a92aaeac5bc01d5","name":"Yusra NY","url":"https:\/\/kapitalis.com\/tunisie\/author\/yuza_adam\/"}]}},"_links":{"self":[{"href":"https:\/\/kapitalis.com\/tunisie\/wp-json\/wp\/v2\/posts\/17402370","targetHints":{"allow":["GET"]}}],"collection":[{"href":"https:\/\/kapitalis.com\/tunisie\/wp-json\/wp\/v2\/posts"}],"about":[{"href":"https:\/\/kapitalis.com\/tunisie\/wp-json\/wp\/v2\/types\/post"}],"author":[{"embeddable":true,"href":"https:\/\/kapitalis.com\/tunisie\/wp-json\/wp\/v2\/users\/6"}],"replies":[{"embeddable":true,"href":"https:\/\/kapitalis.com\/tunisie\/wp-json\/wp\/v2\/comments?post=17402370"}],"version-history":[{"count":1,"href":"https:\/\/kapitalis.com\/tunisie\/wp-json\/wp\/v2\/posts\/17402370\/revisions"}],"predecessor-version":[{"id":17403471,"href":"https:\/\/kapitalis.com\/tunisie\/wp-json\/wp\/v2\/posts\/17402370\/revisions\/17403471"}],"wp:featuredmedia":[{"embeddable":true,"href":"https:\/\/kapitalis.com\/tunisie\/wp-json\/wp\/v2\/media\/17403459"}],"wp:attachment":[{"href":"https:\/\/kapitalis.com\/tunisie\/wp-json\/wp\/v2\/media?parent=17402370"}],"wp:term":[{"taxonomy":"category","embeddable":true,"href":"https:\/\/kapitalis.com\/tunisie\/wp-json\/wp\/v2\/categories?post=17402370"},{"taxonomy":"post_tag","embeddable":true,"href":"https:\/\/kapitalis.com\/tunisie\/wp-json\/wp\/v2\/tags?post=17402370"}],"curies":[{"name":"wp","href":"https:\/\/api.w.org\/{rel}","templated":true}]}}