{"id":174044,"date":"2018-09-15T12:26:21","date_gmt":"2018-09-15T11:26:21","guid":{"rendered":"http:\/\/kapitalis.com\/tunisie\/?p=174044"},"modified":"2018-09-15T12:26:21","modified_gmt":"2018-09-15T11:26:21","slug":"liberation-de-trois-rapaces-demain-au-parc-national-de-zaghouan","status":"publish","type":"post","link":"https:\/\/kapitalis.com\/tunisie\/2018\/09\/15\/liberation-de-trois-rapaces-demain-au-parc-national-de-zaghouan\/","title":{"rendered":"Lib\u00e9ration de trois rapaces, demain, au parc national de Zaghouan"},"content":{"rendered":"<p style=\"text-align: center;\"><img loading=\"lazy\" decoding=\"async\" class=\"alignnone size-full wp-image-174048\" src=\"http:\/\/kapitalis.com\/tunisie\/wp-content\/uploads\/2018\/09\/Aigle-Ph-Hichem-Azafzaf.jpg\" alt=\"\" width=\"626\" height=\"380\" \/><\/p>\n<p style=\"text-align: center;\"><em>Ph. Hichem Azafzaf.<\/em><\/p>\n<p><em><strong>Trois rapaces\u00a0en r\u00e9habilitation, qui sont d\u00e9sormais en \u00e9tat de retrouver leur libert\u00e9, seront l\u00e2ch\u00e9es dans leur milieu naturel, demain, dimanche 16 septembre 2018, au Parc national de Zaghouan.<\/strong><\/em><!--more--><\/p>\n<p>L\u2019Association des Amis des oiseaux organise cet \u00e9v\u00e9nement autour de la lib\u00e9ration d&rsquo;un aigle de Bonelli, d&rsquo;un faucon lanier et d&rsquo;une buse f\u00e9roce, apr\u00e8s les avoir soign\u00e9s.<\/p>\n<p><em>\u00abNous avons choisi une aire prot\u00e9g\u00e9e pour leur permettre de s\u2019adapter \u00e0 la vie en libert\u00e9 dans des lieux assez s\u00e9curis\u00e9s et tranquilles\u00bb<\/em>, pr\u00e9cise l\u2019association.<\/p>\n<p>Les amoureux de la nature et amis de animaux sont convi\u00e9s \u00e0 assister \u00e0 ce moment \u00e9mouvant durant lequel les participants seront convi\u00e9s \u00e0 prendre part \u00e0 une campagne de nettoyage du parc en y ramassant les d\u00e9chets en plastique.<\/p>\n<p>\u00ab<em>Quelques places sont disponibles dans la voiture de l&rsquo;AAO. Appelez le 53. 937.127 pour r\u00e9server la v\u00f4tre ou pour nous informer que vous partirez avec votre propre v\u00e9hicule<\/em>\u00bb, ajoutent les organisateurs, en rappelant que le d\u00e9part est pr\u00e9vu \u00e0 8h30 \u00e0 l\u2019avenue Habib Bourguiba, au centre-ville de Tunis, pour \u00eatre vers 10h au parc.<\/p>\n<p style=\"text-align: right;\"><strong>Y. N.<\/strong><\/p>\n<blockquote class=\"wp-embedded-content\" data-secret=\"fNts8lTzty\"><p><a href=\"https:\/\/kapitalis.com\/tunisie\/2018\/04\/05\/protection-des-animaux-sami-el-fehri-epingle-par-les-amis-des-oiseaux\/\">Protection des animaux : Sami El-Fehri \u00e9pingl\u00e9 par Les Amis des Oiseaux<\/a><\/p><\/blockquote>\n<p><iframe loading=\"lazy\" class=\"wp-embedded-content\" sandbox=\"allow-scripts\" security=\"restricted\" style=\"position: absolute; clip: rect(1px, 1px, 1px, 1px);\" title=\"\u00ab\u00a0Protection des animaux : Sami El-Fehri \u00e9pingl\u00e9 par Les Amis des Oiseaux\u00a0\u00bb &#8212; Kapitalis\" src=\"https:\/\/kapitalis.com\/tunisie\/2018\/04\/05\/protection-des-animaux-sami-el-fehri-epingle-par-les-amis-des-oiseaux\/embed\/#?secret=OWGUTghyQv#?secret=fNts8lTzty\" data-secret=\"fNts8lTzty\" width=\"600\" height=\"338\" frameborder=\"0\" marginwidth=\"0\" marginheight=\"0\" scrolling=\"no\"><\/iframe><\/p>\n","protected":false},"excerpt":{"rendered":"<p>Ph. Hichem Azafzaf. Trois rapaces\u00a0en r\u00e9habilitation, qui sont d\u00e9sormais en \u00e9tat de retrouver leur libert\u00e9, seront l\u00e2ch\u00e9es dans leur milieu naturel, demain, dimanche 16 septembre 2018, au Parc national de Zaghouan.<\/p>\n","protected":false},"author":6,"featured_media":174048,"comment_status":"open","ping_status":"open","sticky":false,"template":"","format":"standard","meta":{"footnotes":""},"categories":[998,2433],"tags":[2066],"class_list":["post-174044","post","type-post","status-publish","format-standard","has-post-thumbnail","hentry","category-societe","category-tunisie","tag-zaghouan"],"yoast_head":"<!-- This site is optimized with the Yoast SEO plugin v26.6 - https:\/\/yoast.com\/wordpress\/plugins\/seo\/ -->\n<title>Lib\u00e9ration de trois rapaces, demain, au parc national de Zaghouan - Kapitalis<\/title>\n<meta name=\"robots\" content=\"index, follow, max-snippet:-1, max-image-preview:large, max-video-preview:-1\" \/>\n<link rel=\"canonical\" href=\"https:\/\/kapitalis.com\/tunisie\/2018\/09\/15\/liberation-de-trois-rapaces-demain-au-parc-national-de-zaghouan\/\" \/>\n<meta property=\"og:locale\" content=\"fr_FR\" \/>\n<meta property=\"og:type\" content=\"article\" \/>\n<meta property=\"og:title\" content=\"Lib\u00e9ration de trois rapaces, demain, au parc national de Zaghouan - Kapitalis\" \/>\n<meta property=\"og:description\" content=\"Ph. Hichem Azafzaf. Trois rapaces\u00a0en r\u00e9habilitation, qui sont d\u00e9sormais en \u00e9tat de retrouver leur libert\u00e9, seront l\u00e2ch\u00e9es dans leur milieu naturel, demain, dimanche 16 septembre 2018, au Parc national de Zaghouan.\" \/>\n<meta property=\"og:url\" content=\"https:\/\/kapitalis.com\/tunisie\/2018\/09\/15\/liberation-de-trois-rapaces-demain-au-parc-national-de-zaghouan\/\" \/>\n<meta property=\"og:site_name\" content=\"Kapitalis\" \/>\n<meta property=\"article:publisher\" content=\"https:\/\/www.facebook.com\/KapitalisInfo\/\" \/>\n<meta property=\"article:published_time\" content=\"2018-09-15T11:26:21+00:00\" \/>\n<meta property=\"og:image\" content=\"https:\/\/kapitalis.com\/tunisie\/wp-content\/uploads\/2022\/05\/kapitalis-logo-fb.png\" \/>\n\t<meta property=\"og:image:width\" content=\"1200\" \/>\n\t<meta property=\"og:image:height\" content=\"630\" \/>\n\t<meta property=\"og:image:type\" content=\"image\/png\" \/>\n<meta name=\"author\" content=\"Yusra NY\" \/>\n<meta name=\"twitter:card\" content=\"summary_large_image\" \/>\n<meta name=\"twitter:creator\" content=\"@KapitalisInfo\" \/>\n<meta name=\"twitter:site\" content=\"@KapitalisInfo\" \/>\n<meta name=\"twitter:label1\" content=\"\u00c9crit par\" \/>\n\t<meta name=\"twitter:data1\" content=\"Yusra NY\" \/>\n\t<meta name=\"twitter:label2\" content=\"Dur\u00e9e de lecture estim\u00e9e\" \/>\n\t<meta name=\"twitter:data2\" content=\"1 minute\" \/>\n<script type=\"application\/ld+json\" class=\"yoast-schema-graph\">{\"@context\":\"https:\/\/schema.org\",\"@graph\":[{\"@type\":\"Article\",\"@id\":\"https:\/\/kapitalis.com\/tunisie\/2018\/09\/15\/liberation-de-trois-rapaces-demain-au-parc-national-de-zaghouan\/#article\",\"isPartOf\":{\"@id\":\"https:\/\/kapitalis.com\/tunisie\/2018\/09\/15\/liberation-de-trois-rapaces-demain-au-parc-national-de-zaghouan\/\"},\"author\":{\"name\":\"Yusra NY\",\"@id\":\"https:\/\/kapitalis.com\/tunisie\/#\/schema\/person\/74bbde0154d49d790a92aaeac5bc01d5\"},\"headline\":\"Lib\u00e9ration de trois rapaces, demain, au parc national de Zaghouan\",\"datePublished\":\"2018-09-15T11:26:21+00:00\",\"mainEntityOfPage\":{\"@id\":\"https:\/\/kapitalis.com\/tunisie\/2018\/09\/15\/liberation-de-trois-rapaces-demain-au-parc-national-de-zaghouan\/\"},\"wordCount\":211,\"commentCount\":1,\"publisher\":{\"@id\":\"https:\/\/kapitalis.com\/tunisie\/#organization\"},\"image\":{\"@id\":\"https:\/\/kapitalis.com\/tunisie\/2018\/09\/15\/liberation-de-trois-rapaces-demain-au-parc-national-de-zaghouan\/#primaryimage\"},\"thumbnailUrl\":\"\",\"keywords\":[\"Zaghouan\"],\"articleSection\":[\"SOCIETE\",\"Tunisie\"],\"inLanguage\":\"fr-FR\",\"potentialAction\":[{\"@type\":\"CommentAction\",\"name\":\"Comment\",\"target\":[\"https:\/\/kapitalis.com\/tunisie\/2018\/09\/15\/liberation-de-trois-rapaces-demain-au-parc-national-de-zaghouan\/#respond\"]}]},{\"@type\":\"WebPage\",\"@id\":\"https:\/\/kapitalis.com\/tunisie\/2018\/09\/15\/liberation-de-trois-rapaces-demain-au-parc-national-de-zaghouan\/\",\"url\":\"https:\/\/kapitalis.com\/tunisie\/2018\/09\/15\/liberation-de-trois-rapaces-demain-au-parc-national-de-zaghouan\/\",\"name\":\"Lib\u00e9ration de trois rapaces, demain, au parc national de Zaghouan - Kapitalis\",\"isPartOf\":{\"@id\":\"https:\/\/kapitalis.com\/tunisie\/#website\"},\"primaryImageOfPage\":{\"@id\":\"https:\/\/kapitalis.com\/tunisie\/2018\/09\/15\/liberation-de-trois-rapaces-demain-au-parc-national-de-zaghouan\/#primaryimage\"},\"image\":{\"@id\":\"https:\/\/kapitalis.com\/tunisie\/2018\/09\/15\/liberation-de-trois-rapaces-demain-au-parc-national-de-zaghouan\/#primaryimage\"},\"thumbnailUrl\":\"\",\"datePublished\":\"2018-09-15T11:26:21+00:00\",\"breadcrumb\":{\"@id\":\"https:\/\/kapitalis.com\/tunisie\/2018\/09\/15\/liberation-de-trois-rapaces-demain-au-parc-national-de-zaghouan\/#breadcrumb\"},\"inLanguage\":\"fr-FR\",\"potentialAction\":[{\"@type\":\"ReadAction\",\"target\":[\"https:\/\/kapitalis.com\/tunisie\/2018\/09\/15\/liberation-de-trois-rapaces-demain-au-parc-national-de-zaghouan\/\"]}]},{\"@type\":\"ImageObject\",\"inLanguage\":\"fr-FR\",\"@id\":\"https:\/\/kapitalis.com\/tunisie\/2018\/09\/15\/liberation-de-trois-rapaces-demain-au-parc-national-de-zaghouan\/#primaryimage\",\"url\":\"\",\"contentUrl\":\"\"},{\"@type\":\"BreadcrumbList\",\"@id\":\"https:\/\/kapitalis.com\/tunisie\/2018\/09\/15\/liberation-de-trois-rapaces-demain-au-parc-national-de-zaghouan\/#breadcrumb\",\"itemListElement\":[{\"@type\":\"ListItem\",\"position\":1,\"name\":\"Accueil\",\"item\":\"https:\/\/kapitalis.com\/tunisie\/\"},{\"@type\":\"ListItem\",\"position\":2,\"name\":\"Lib\u00e9ration de trois rapaces, demain, au parc national de Zaghouan\"}]},{\"@type\":\"WebSite\",\"@id\":\"https:\/\/kapitalis.com\/tunisie\/#website\",\"url\":\"https:\/\/kapitalis.com\/tunisie\/\",\"name\":\"Kapitalis\",\"description\":\"L&#039;actualit\u00e9 en Tunisie et dans le monde\",\"publisher\":{\"@id\":\"https:\/\/kapitalis.com\/tunisie\/#organization\"},\"potentialAction\":[{\"@type\":\"SearchAction\",\"target\":{\"@type\":\"EntryPoint\",\"urlTemplate\":\"https:\/\/kapitalis.com\/tunisie\/?s={search_term_string}\"},\"query-input\":{\"@type\":\"PropertyValueSpecification\",\"valueRequired\":true,\"valueName\":\"search_term_string\"}}],\"inLanguage\":\"fr-FR\"},{\"@type\":\"Organization\",\"@id\":\"https:\/\/kapitalis.com\/tunisie\/#organization\",\"name\":\"Kapitalis\",\"url\":\"https:\/\/kapitalis.com\/tunisie\/\",\"logo\":{\"@type\":\"ImageObject\",\"inLanguage\":\"fr-FR\",\"@id\":\"https:\/\/kapitalis.com\/tunisie\/#\/schema\/logo\/image\/\",\"url\":\"https:\/\/kapitalis.com\/tunisie\/wp-content\/uploads\/2022\/05\/Kapitalis-big-size.png\",\"contentUrl\":\"https:\/\/kapitalis.com\/tunisie\/wp-content\/uploads\/2022\/05\/Kapitalis-big-size.png\",\"width\":5000,\"height\":1500,\"caption\":\"Kapitalis\"},\"image\":{\"@id\":\"https:\/\/kapitalis.com\/tunisie\/#\/schema\/logo\/image\/\"},\"sameAs\":[\"https:\/\/www.facebook.com\/KapitalisInfo\/\",\"https:\/\/x.com\/KapitalisInfo\",\"https:\/\/www.youtube.com\/channel\/UC-yDYrHyfFBWWZaOw3FPg9Q\"]},{\"@type\":\"Person\",\"@id\":\"https:\/\/kapitalis.com\/tunisie\/#\/schema\/person\/74bbde0154d49d790a92aaeac5bc01d5\",\"name\":\"Yusra NY\",\"url\":\"https:\/\/kapitalis.com\/tunisie\/author\/yuza_adam\/\"}]}<\/script>\n<!-- \/ Yoast SEO plugin. -->","yoast_head_json":{"title":"Lib\u00e9ration de trois rapaces, demain, au parc national de Zaghouan - Kapitalis","robots":{"index":"index","follow":"follow","max-snippet":"max-snippet:-1","max-image-preview":"max-image-preview:large","max-video-preview":"max-video-preview:-1"},"canonical":"https:\/\/kapitalis.com\/tunisie\/2018\/09\/15\/liberation-de-trois-rapaces-demain-au-parc-national-de-zaghouan\/","og_locale":"fr_FR","og_type":"article","og_title":"Lib\u00e9ration de trois rapaces, demain, au parc national de Zaghouan - Kapitalis","og_description":"Ph. Hichem Azafzaf. Trois rapaces\u00a0en r\u00e9habilitation, qui sont d\u00e9sormais en \u00e9tat de retrouver leur libert\u00e9, seront l\u00e2ch\u00e9es dans leur milieu naturel, demain, dimanche 16 septembre 2018, au Parc national de Zaghouan.","og_url":"https:\/\/kapitalis.com\/tunisie\/2018\/09\/15\/liberation-de-trois-rapaces-demain-au-parc-national-de-zaghouan\/","og_site_name":"Kapitalis","article_publisher":"https:\/\/www.facebook.com\/KapitalisInfo\/","article_published_time":"2018-09-15T11:26:21+00:00","og_image":[{"width":1200,"height":630,"url":"https:\/\/kapitalis.com\/tunisie\/wp-content\/uploads\/2022\/05\/kapitalis-logo-fb.png","type":"image\/png"}],"author":"Yusra NY","twitter_card":"summary_large_image","twitter_creator":"@KapitalisInfo","twitter_site":"@KapitalisInfo","twitter_misc":{"\u00c9crit par":"Yusra NY","Dur\u00e9e de lecture estim\u00e9e":"1 minute"},"schema":{"@context":"https:\/\/schema.org","@graph":[{"@type":"Article","@id":"https:\/\/kapitalis.com\/tunisie\/2018\/09\/15\/liberation-de-trois-rapaces-demain-au-parc-national-de-zaghouan\/#article","isPartOf":{"@id":"https:\/\/kapitalis.com\/tunisie\/2018\/09\/15\/liberation-de-trois-rapaces-demain-au-parc-national-de-zaghouan\/"},"author":{"name":"Yusra NY","@id":"https:\/\/kapitalis.com\/tunisie\/#\/schema\/person\/74bbde0154d49d790a92aaeac5bc01d5"},"headline":"Lib\u00e9ration de trois rapaces, demain, au parc national de Zaghouan","datePublished":"2018-09-15T11:26:21+00:00","mainEntityOfPage":{"@id":"https:\/\/kapitalis.com\/tunisie\/2018\/09\/15\/liberation-de-trois-rapaces-demain-au-parc-national-de-zaghouan\/"},"wordCount":211,"commentCount":1,"publisher":{"@id":"https:\/\/kapitalis.com\/tunisie\/#organization"},"image":{"@id":"https:\/\/kapitalis.com\/tunisie\/2018\/09\/15\/liberation-de-trois-rapaces-demain-au-parc-national-de-zaghouan\/#primaryimage"},"thumbnailUrl":"","keywords":["Zaghouan"],"articleSection":["SOCIETE","Tunisie"],"inLanguage":"fr-FR","potentialAction":[{"@type":"CommentAction","name":"Comment","target":["https:\/\/kapitalis.com\/tunisie\/2018\/09\/15\/liberation-de-trois-rapaces-demain-au-parc-national-de-zaghouan\/#respond"]}]},{"@type":"WebPage","@id":"https:\/\/kapitalis.com\/tunisie\/2018\/09\/15\/liberation-de-trois-rapaces-demain-au-parc-national-de-zaghouan\/","url":"https:\/\/kapitalis.com\/tunisie\/2018\/09\/15\/liberation-de-trois-rapaces-demain-au-parc-national-de-zaghouan\/","name":"Lib\u00e9ration de trois rapaces, demain, au parc national de Zaghouan - Kapitalis","isPartOf":{"@id":"https:\/\/kapitalis.com\/tunisie\/#website"},"primaryImageOfPage":{"@id":"https:\/\/kapitalis.com\/tunisie\/2018\/09\/15\/liberation-de-trois-rapaces-demain-au-parc-national-de-zaghouan\/#primaryimage"},"image":{"@id":"https:\/\/kapitalis.com\/tunisie\/2018\/09\/15\/liberation-de-trois-rapaces-demain-au-parc-national-de-zaghouan\/#primaryimage"},"thumbnailUrl":"","datePublished":"2018-09-15T11:26:21+00:00","breadcrumb":{"@id":"https:\/\/kapitalis.com\/tunisie\/2018\/09\/15\/liberation-de-trois-rapaces-demain-au-parc-national-de-zaghouan\/#breadcrumb"},"inLanguage":"fr-FR","potentialAction":[{"@type":"ReadAction","target":["https:\/\/kapitalis.com\/tunisie\/2018\/09\/15\/liberation-de-trois-rapaces-demain-au-parc-national-de-zaghouan\/"]}]},{"@type":"ImageObject","inLanguage":"fr-FR","@id":"https:\/\/kapitalis.com\/tunisie\/2018\/09\/15\/liberation-de-trois-rapaces-demain-au-parc-national-de-zaghouan\/#primaryimage","url":"","contentUrl":""},{"@type":"BreadcrumbList","@id":"https:\/\/kapitalis.com\/tunisie\/2018\/09\/15\/liberation-de-trois-rapaces-demain-au-parc-national-de-zaghouan\/#breadcrumb","itemListElement":[{"@type":"ListItem","position":1,"name":"Accueil","item":"https:\/\/kapitalis.com\/tunisie\/"},{"@type":"ListItem","position":2,"name":"Lib\u00e9ration de trois rapaces, demain, au parc national de Zaghouan"}]},{"@type":"WebSite","@id":"https:\/\/kapitalis.com\/tunisie\/#website","url":"https:\/\/kapitalis.com\/tunisie\/","name":"Kapitalis","description":"L&#039;actualit\u00e9 en Tunisie et dans le monde","publisher":{"@id":"https:\/\/kapitalis.com\/tunisie\/#organization"},"potentialAction":[{"@type":"SearchAction","target":{"@type":"EntryPoint","urlTemplate":"https:\/\/kapitalis.com\/tunisie\/?s={search_term_string}"},"query-input":{"@type":"PropertyValueSpecification","valueRequired":true,"valueName":"search_term_string"}}],"inLanguage":"fr-FR"},{"@type":"Organization","@id":"https:\/\/kapitalis.com\/tunisie\/#organization","name":"Kapitalis","url":"https:\/\/kapitalis.com\/tunisie\/","logo":{"@type":"ImageObject","inLanguage":"fr-FR","@id":"https:\/\/kapitalis.com\/tunisie\/#\/schema\/logo\/image\/","url":"https:\/\/kapitalis.com\/tunisie\/wp-content\/uploads\/2022\/05\/Kapitalis-big-size.png","contentUrl":"https:\/\/kapitalis.com\/tunisie\/wp-content\/uploads\/2022\/05\/Kapitalis-big-size.png","width":5000,"height":1500,"caption":"Kapitalis"},"image":{"@id":"https:\/\/kapitalis.com\/tunisie\/#\/schema\/logo\/image\/"},"sameAs":["https:\/\/www.facebook.com\/KapitalisInfo\/","https:\/\/x.com\/KapitalisInfo","https:\/\/www.youtube.com\/channel\/UC-yDYrHyfFBWWZaOw3FPg9Q"]},{"@type":"Person","@id":"https:\/\/kapitalis.com\/tunisie\/#\/schema\/person\/74bbde0154d49d790a92aaeac5bc01d5","name":"Yusra NY","url":"https:\/\/kapitalis.com\/tunisie\/author\/yuza_adam\/"}]}},"_links":{"self":[{"href":"https:\/\/kapitalis.com\/tunisie\/wp-json\/wp\/v2\/posts\/174044","targetHints":{"allow":["GET"]}}],"collection":[{"href":"https:\/\/kapitalis.com\/tunisie\/wp-json\/wp\/v2\/posts"}],"about":[{"href":"https:\/\/kapitalis.com\/tunisie\/wp-json\/wp\/v2\/types\/post"}],"author":[{"embeddable":true,"href":"https:\/\/kapitalis.com\/tunisie\/wp-json\/wp\/v2\/users\/6"}],"replies":[{"embeddable":true,"href":"https:\/\/kapitalis.com\/tunisie\/wp-json\/wp\/v2\/comments?post=174044"}],"version-history":[{"count":0,"href":"https:\/\/kapitalis.com\/tunisie\/wp-json\/wp\/v2\/posts\/174044\/revisions"}],"wp:featuredmedia":[{"embeddable":true,"href":"https:\/\/kapitalis.com\/tunisie\/wp-json\/wp\/v2\/media\/174048"}],"wp:attachment":[{"href":"https:\/\/kapitalis.com\/tunisie\/wp-json\/wp\/v2\/media?parent=174044"}],"wp:term":[{"taxonomy":"category","embeddable":true,"href":"https:\/\/kapitalis.com\/tunisie\/wp-json\/wp\/v2\/categories?post=174044"},{"taxonomy":"post_tag","embeddable":true,"href":"https:\/\/kapitalis.com\/tunisie\/wp-json\/wp\/v2\/tags?post=174044"}],"curies":[{"name":"wp","href":"https:\/\/api.w.org\/{rel}","templated":true}]}}