{"id":174552,"date":"2018-09-19T09:36:59","date_gmt":"2018-09-19T08:36:59","guid":{"rendered":"http:\/\/kapitalis.com\/tunisie\/?p=174552"},"modified":"2018-09-19T09:36:59","modified_gmt":"2018-09-19T08:36:59","slug":"utica-laleca-au-menu-des-discussions-avec-des-parlementaires-europeens","status":"publish","type":"post","link":"https:\/\/kapitalis.com\/tunisie\/2018\/09\/19\/utica-laleca-au-menu-des-discussions-avec-des-parlementaires-europeens\/","title":{"rendered":"Utica : L\u2019Aleca au menu des discussions avec des parlementaires europ\u00e9ens"},"content":{"rendered":"<p style=\"text-align: center;\"><img loading=\"lazy\" decoding=\"async\" class=\"alignnone size-full wp-image-174553\" src=\"http:\/\/kapitalis.com\/tunisie\/wp-content\/uploads\/2018\/09\/Utica-Parlementaires-europeens.jpg\" alt=\"\" width=\"626\" height=\"380\" \/><\/p>\n<p><em><strong>En marge des travaux de la 3e session de la commission parlementaire tuniso-europ\u00e9enne, une d\u00e9l\u00e9gation de parlementaires europ\u00e9ens a \u00e9t\u00e9 re\u00e7ue, le 18 septembre 2018, par Samir Majoul, pr\u00e9sident de l\u2019Union tunisienne de l\u2019industrie, du commerce et de l\u2019artisanat (Utica), en pr\u00e9sence de Hamadi Kooli, vice-pr\u00e9sident de la centrale patronale.<\/strong><\/em><\/p>\n<p><!--more--><\/p>\n<p>Les deux parties ont discut\u00e9 des questions relatives \u00e0 la coop\u00e9ration bilat\u00e9rale notamment les moyens de promouvoir les \u00e9changes bilat\u00e9raux et l\u2019am\u00e9lioration du climat des affaires. Elles ont soulign\u00e9 l\u2019importance de la relance socio-\u00e9conomique en la Tunisie et la n\u00e9cessit\u00e9 de soutenir les efforts de la Tunisie pour la mise en \u0153uvre des grandes reformes n\u00e9cessaires pour surmonter les d\u00e9fis auxquels elle est confront\u00e9e.<\/p>\n<p>M. Majoul a mis l\u2019accent sur l\u2019importance des relations de la Tunisie avec l\u2019Union europ\u00e9enne (UE) qui est son premier partenaire \u00e9conomique.<\/p>\n<p>Apr\u00e8s avoir soulign\u00e9 les progr\u00e8s r\u00e9alis\u00e9s pour la mise en place d\u2019une v\u00e9ritable d\u00e9mocratie, M. Majoul mis l\u2019accent sur l\u2019importance de la mise en \u0153uvre des reformes n\u00e9cessaires pour la relance \u00e9conomique afin d\u2019am\u00e9liorer la situation \u00e9conomique de la Tunisie.<\/p>\n<p>Abordant le r\u00f4le jou\u00e9 par le secteur priv\u00e9 dans le d\u00e9veloppement du pays, M. Majoul a affirm\u00e9 que ce secteur continue \u00e0 cr\u00e9er de la croissance malgr\u00e9 toutes les difficult\u00e9s qu\u2019il rencontre.<\/p>\n<p>Abordant la question relative \u00e0 l\u2019Accord de libre \u00e9change complet et approfondi (Aleca), M. Majoul a affirm\u00e9 que cette accord doit s\u2019inscrire dans une vision large de la coop\u00e9ration bilat\u00e9rale et ne doit pas \u00eatre per\u00e7u comme un simple accord commercial bilat\u00e9ral. Cet accord, a ajout\u00e9 M. Majoul, doit prendre en consid\u00e9ration la situation des diff\u00e9rents secteurs de l\u2019\u00e9conomie tunisienne tout en veillant \u00e0 l\u2019adoption de mesures d\u2019accompagnement pour permettre \u00e0 ces secteurs de r\u00e9ussir leur int\u00e9gration.<\/p>\n<p>Les deux parties ont aussi mis l\u2019accent sur l\u2019importance de prendre les bonnes d\u00e9cisions pour cr\u00e9er et r\u00e9unir les conditions de r\u00e9ussite pour l\u2019accord Aleca.<\/p>\n<p>Lors des discussions les deux parties ont \u00e9galement soulign\u00e9 l\u2019importance de la stabilit\u00e9 du climat des affaires en Tunisie, la lutte contre l\u2019\u00e9conomie informelle et la mise en \u0153uvre des grandes r\u00e9formes n\u00e9cessaires. Elles ont aussi pass\u00e9 en revue les secteurs propices au d\u00e9veloppement de la coop\u00e9ration bilat\u00e9rale.<\/p>\n<p><em><strong>Source<\/strong><\/em> : communiqu\u00e9.<\/p>\n<blockquote class=\"wp-embedded-content\" data-secret=\"xwStTE9z7T\"><p><a href=\"https:\/\/kapitalis.com\/tunisie\/2018\/09\/13\/tunisie-union-europeenne-il-faut-enterrer-aleca\/\">Tunisie-Union europ\u00e9enne : Il faut enterrer Aleca!<\/a><\/p><\/blockquote>\n<p><iframe loading=\"lazy\" class=\"wp-embedded-content\" sandbox=\"allow-scripts\" security=\"restricted\" style=\"position: absolute; clip: rect(1px, 1px, 1px, 1px);\" title=\"\u00ab\u00a0Tunisie-Union europ\u00e9enne : Il faut enterrer Aleca!\u00a0\u00bb &#8212; Kapitalis\" src=\"https:\/\/kapitalis.com\/tunisie\/2018\/09\/13\/tunisie-union-europeenne-il-faut-enterrer-aleca\/embed\/#?secret=Fea0cLERU6#?secret=xwStTE9z7T\" data-secret=\"xwStTE9z7T\" width=\"600\" height=\"338\" frameborder=\"0\" marginwidth=\"0\" marginheight=\"0\" scrolling=\"no\"><\/iframe><\/p>\n<blockquote class=\"wp-embedded-content\" data-secret=\"GmObrUdPCf\"><p><a href=\"https:\/\/kapitalis.com\/tunisie\/2018\/05\/20\/bloc-notes-tunisie-union-europeenne-vers-le-partenariat-inclusif\/\">Bloc-notes : Tunisie-Union europ\u00e9enne : vers le partenariat inclusif<\/a><\/p><\/blockquote>\n<p><iframe loading=\"lazy\" class=\"wp-embedded-content\" sandbox=\"allow-scripts\" security=\"restricted\" style=\"position: absolute; clip: rect(1px, 1px, 1px, 1px);\" title=\"\u00ab\u00a0Bloc-notes : Tunisie-Union europ\u00e9enne : vers le partenariat inclusif\u00a0\u00bb &#8212; Kapitalis\" src=\"https:\/\/kapitalis.com\/tunisie\/2018\/05\/20\/bloc-notes-tunisie-union-europeenne-vers-le-partenariat-inclusif\/embed\/#?secret=AiVXbuuxDO#?secret=GmObrUdPCf\" data-secret=\"GmObrUdPCf\" width=\"600\" height=\"338\" frameborder=\"0\" marginwidth=\"0\" marginheight=\"0\" scrolling=\"no\"><\/iframe><\/p>\n","protected":false},"excerpt":{"rendered":"<p>En marge des travaux de la 3e session de la commission parlementaire tuniso-europ\u00e9enne, une d\u00e9l\u00e9gation de parlementaires europ\u00e9ens a \u00e9t\u00e9 re\u00e7ue, le 18 septembre 2018, par Samir Majoul, pr\u00e9sident de l\u2019Union tunisienne de l\u2019industrie, du commerce et de l\u2019artisanat (Utica), en pr\u00e9sence de Hamadi Kooli, vice-pr\u00e9sident de la centrale patronale.<\/p>\n","protected":false},"author":8,"featured_media":174553,"comment_status":"open","ping_status":"open","sticky":false,"template":"","format":"standard","meta":{"footnotes":""},"categories":[995,2433],"tags":[8579,62,24288,24287],"class_list":["post-174552","post","type-post","status-publish","format-standard","has-post-thumbnail","hentry","category-economie","category-tunisie","tag-accord-de-libre-echange","tag-aleca","tag-hamadi-kooli","tag-samir-majoul"],"yoast_head":"<!-- This site is optimized with the Yoast SEO plugin v26.6 - https:\/\/yoast.com\/wordpress\/plugins\/seo\/ -->\n<title>Utica : L\u2019Aleca au menu des discussions avec des parlementaires europ\u00e9ens - Kapitalis<\/title>\n<meta name=\"robots\" content=\"index, follow, max-snippet:-1, max-image-preview:large, max-video-preview:-1\" \/>\n<link rel=\"canonical\" href=\"https:\/\/kapitalis.com\/tunisie\/2018\/09\/19\/utica-laleca-au-menu-des-discussions-avec-des-parlementaires-europeens\/\" \/>\n<meta property=\"og:locale\" content=\"fr_FR\" \/>\n<meta property=\"og:type\" content=\"article\" \/>\n<meta property=\"og:title\" content=\"Utica : L\u2019Aleca au menu des discussions avec des parlementaires europ\u00e9ens - Kapitalis\" \/>\n<meta property=\"og:description\" content=\"En marge des travaux de la 3e session de la commission parlementaire tuniso-europ\u00e9enne, une d\u00e9l\u00e9gation de parlementaires europ\u00e9ens a \u00e9t\u00e9 re\u00e7ue, le 18 septembre 2018, par Samir Majoul, pr\u00e9sident de l\u2019Union tunisienne de l\u2019industrie, du commerce et de l\u2019artisanat (Utica), en pr\u00e9sence de Hamadi Kooli, vice-pr\u00e9sident de la centrale patronale.\" \/>\n<meta property=\"og:url\" content=\"https:\/\/kapitalis.com\/tunisie\/2018\/09\/19\/utica-laleca-au-menu-des-discussions-avec-des-parlementaires-europeens\/\" \/>\n<meta property=\"og:site_name\" content=\"Kapitalis\" \/>\n<meta property=\"article:publisher\" content=\"https:\/\/www.facebook.com\/KapitalisInfo\/\" \/>\n<meta property=\"article:published_time\" content=\"2018-09-19T08:36:59+00:00\" \/>\n<meta property=\"og:image\" content=\"https:\/\/kapitalis.com\/tunisie\/wp-content\/uploads\/2022\/05\/kapitalis-logo-fb.png\" \/>\n\t<meta property=\"og:image:width\" content=\"1200\" \/>\n\t<meta property=\"og:image:height\" content=\"630\" \/>\n\t<meta property=\"og:image:type\" content=\"image\/png\" \/>\n<meta name=\"author\" content=\"webmaster kapitalis\" \/>\n<meta name=\"twitter:card\" content=\"summary_large_image\" \/>\n<meta name=\"twitter:creator\" content=\"@KapitalisInfo\" \/>\n<meta name=\"twitter:site\" content=\"@KapitalisInfo\" \/>\n<meta name=\"twitter:label1\" content=\"\u00c9crit par\" \/>\n\t<meta name=\"twitter:data1\" content=\"webmaster kapitalis\" \/>\n\t<meta name=\"twitter:label2\" content=\"Dur\u00e9e de lecture estim\u00e9e\" \/>\n\t<meta name=\"twitter:data2\" content=\"2 minutes\" \/>\n<script type=\"application\/ld+json\" class=\"yoast-schema-graph\">{\"@context\":\"https:\/\/schema.org\",\"@graph\":[{\"@type\":\"Article\",\"@id\":\"https:\/\/kapitalis.com\/tunisie\/2018\/09\/19\/utica-laleca-au-menu-des-discussions-avec-des-parlementaires-europeens\/#article\",\"isPartOf\":{\"@id\":\"https:\/\/kapitalis.com\/tunisie\/2018\/09\/19\/utica-laleca-au-menu-des-discussions-avec-des-parlementaires-europeens\/\"},\"author\":{\"name\":\"webmaster kapitalis\",\"@id\":\"https:\/\/kapitalis.com\/tunisie\/#\/schema\/person\/d71f33a9ca44f7bad4698210b480c8e9\"},\"headline\":\"Utica : L\u2019Aleca au menu des discussions avec des parlementaires europ\u00e9ens\",\"datePublished\":\"2018-09-19T08:36:59+00:00\",\"mainEntityOfPage\":{\"@id\":\"https:\/\/kapitalis.com\/tunisie\/2018\/09\/19\/utica-laleca-au-menu-des-discussions-avec-des-parlementaires-europeens\/\"},\"wordCount\":445,\"commentCount\":0,\"publisher\":{\"@id\":\"https:\/\/kapitalis.com\/tunisie\/#organization\"},\"image\":{\"@id\":\"https:\/\/kapitalis.com\/tunisie\/2018\/09\/19\/utica-laleca-au-menu-des-discussions-avec-des-parlementaires-europeens\/#primaryimage\"},\"thumbnailUrl\":\"\",\"keywords\":[\"accord de libre \u00e9change\",\"Aleca\",\"Hamadi Kooli\",\"Samir Majoul\"],\"articleSection\":[\"ECONOMIE\",\"Tunisie\"],\"inLanguage\":\"fr-FR\",\"potentialAction\":[{\"@type\":\"CommentAction\",\"name\":\"Comment\",\"target\":[\"https:\/\/kapitalis.com\/tunisie\/2018\/09\/19\/utica-laleca-au-menu-des-discussions-avec-des-parlementaires-europeens\/#respond\"]}]},{\"@type\":\"WebPage\",\"@id\":\"https:\/\/kapitalis.com\/tunisie\/2018\/09\/19\/utica-laleca-au-menu-des-discussions-avec-des-parlementaires-europeens\/\",\"url\":\"https:\/\/kapitalis.com\/tunisie\/2018\/09\/19\/utica-laleca-au-menu-des-discussions-avec-des-parlementaires-europeens\/\",\"name\":\"Utica : L\u2019Aleca au menu des discussions avec des parlementaires europ\u00e9ens - Kapitalis\",\"isPartOf\":{\"@id\":\"https:\/\/kapitalis.com\/tunisie\/#website\"},\"primaryImageOfPage\":{\"@id\":\"https:\/\/kapitalis.com\/tunisie\/2018\/09\/19\/utica-laleca-au-menu-des-discussions-avec-des-parlementaires-europeens\/#primaryimage\"},\"image\":{\"@id\":\"https:\/\/kapitalis.com\/tunisie\/2018\/09\/19\/utica-laleca-au-menu-des-discussions-avec-des-parlementaires-europeens\/#primaryimage\"},\"thumbnailUrl\":\"\",\"datePublished\":\"2018-09-19T08:36:59+00:00\",\"breadcrumb\":{\"@id\":\"https:\/\/kapitalis.com\/tunisie\/2018\/09\/19\/utica-laleca-au-menu-des-discussions-avec-des-parlementaires-europeens\/#breadcrumb\"},\"inLanguage\":\"fr-FR\",\"potentialAction\":[{\"@type\":\"ReadAction\",\"target\":[\"https:\/\/kapitalis.com\/tunisie\/2018\/09\/19\/utica-laleca-au-menu-des-discussions-avec-des-parlementaires-europeens\/\"]}]},{\"@type\":\"ImageObject\",\"inLanguage\":\"fr-FR\",\"@id\":\"https:\/\/kapitalis.com\/tunisie\/2018\/09\/19\/utica-laleca-au-menu-des-discussions-avec-des-parlementaires-europeens\/#primaryimage\",\"url\":\"\",\"contentUrl\":\"\"},{\"@type\":\"BreadcrumbList\",\"@id\":\"https:\/\/kapitalis.com\/tunisie\/2018\/09\/19\/utica-laleca-au-menu-des-discussions-avec-des-parlementaires-europeens\/#breadcrumb\",\"itemListElement\":[{\"@type\":\"ListItem\",\"position\":1,\"name\":\"Accueil\",\"item\":\"https:\/\/kapitalis.com\/tunisie\/\"},{\"@type\":\"ListItem\",\"position\":2,\"name\":\"Utica : L\u2019Aleca au menu des discussions avec des parlementaires europ\u00e9ens\"}]},{\"@type\":\"WebSite\",\"@id\":\"https:\/\/kapitalis.com\/tunisie\/#website\",\"url\":\"https:\/\/kapitalis.com\/tunisie\/\",\"name\":\"Kapitalis\",\"description\":\"L&#039;actualit\u00e9 en Tunisie et dans le monde\",\"publisher\":{\"@id\":\"https:\/\/kapitalis.com\/tunisie\/#organization\"},\"potentialAction\":[{\"@type\":\"SearchAction\",\"target\":{\"@type\":\"EntryPoint\",\"urlTemplate\":\"https:\/\/kapitalis.com\/tunisie\/?s={search_term_string}\"},\"query-input\":{\"@type\":\"PropertyValueSpecification\",\"valueRequired\":true,\"valueName\":\"search_term_string\"}}],\"inLanguage\":\"fr-FR\"},{\"@type\":\"Organization\",\"@id\":\"https:\/\/kapitalis.com\/tunisie\/#organization\",\"name\":\"Kapitalis\",\"url\":\"https:\/\/kapitalis.com\/tunisie\/\",\"logo\":{\"@type\":\"ImageObject\",\"inLanguage\":\"fr-FR\",\"@id\":\"https:\/\/kapitalis.com\/tunisie\/#\/schema\/logo\/image\/\",\"url\":\"https:\/\/kapitalis.com\/tunisie\/wp-content\/uploads\/2022\/05\/Kapitalis-big-size.png\",\"contentUrl\":\"https:\/\/kapitalis.com\/tunisie\/wp-content\/uploads\/2022\/05\/Kapitalis-big-size.png\",\"width\":5000,\"height\":1500,\"caption\":\"Kapitalis\"},\"image\":{\"@id\":\"https:\/\/kapitalis.com\/tunisie\/#\/schema\/logo\/image\/\"},\"sameAs\":[\"https:\/\/www.facebook.com\/KapitalisInfo\/\",\"https:\/\/x.com\/KapitalisInfo\",\"https:\/\/www.youtube.com\/channel\/UC-yDYrHyfFBWWZaOw3FPg9Q\"]},{\"@type\":\"Person\",\"@id\":\"https:\/\/kapitalis.com\/tunisie\/#\/schema\/person\/d71f33a9ca44f7bad4698210b480c8e9\",\"name\":\"webmaster kapitalis\",\"url\":\"https:\/\/kapitalis.com\/tunisie\/author\/webmaster-kapitalis\/\"}]}<\/script>\n<!-- \/ Yoast SEO plugin. -->","yoast_head_json":{"title":"Utica : L\u2019Aleca au menu des discussions avec des parlementaires europ\u00e9ens - Kapitalis","robots":{"index":"index","follow":"follow","max-snippet":"max-snippet:-1","max-image-preview":"max-image-preview:large","max-video-preview":"max-video-preview:-1"},"canonical":"https:\/\/kapitalis.com\/tunisie\/2018\/09\/19\/utica-laleca-au-menu-des-discussions-avec-des-parlementaires-europeens\/","og_locale":"fr_FR","og_type":"article","og_title":"Utica : L\u2019Aleca au menu des discussions avec des parlementaires europ\u00e9ens - Kapitalis","og_description":"En marge des travaux de la 3e session de la commission parlementaire tuniso-europ\u00e9enne, une d\u00e9l\u00e9gation de parlementaires europ\u00e9ens a \u00e9t\u00e9 re\u00e7ue, le 18 septembre 2018, par Samir Majoul, pr\u00e9sident de l\u2019Union tunisienne de l\u2019industrie, du commerce et de l\u2019artisanat (Utica), en pr\u00e9sence de Hamadi Kooli, vice-pr\u00e9sident de la centrale patronale.","og_url":"https:\/\/kapitalis.com\/tunisie\/2018\/09\/19\/utica-laleca-au-menu-des-discussions-avec-des-parlementaires-europeens\/","og_site_name":"Kapitalis","article_publisher":"https:\/\/www.facebook.com\/KapitalisInfo\/","article_published_time":"2018-09-19T08:36:59+00:00","og_image":[{"width":1200,"height":630,"url":"https:\/\/kapitalis.com\/tunisie\/wp-content\/uploads\/2022\/05\/kapitalis-logo-fb.png","type":"image\/png"}],"author":"webmaster kapitalis","twitter_card":"summary_large_image","twitter_creator":"@KapitalisInfo","twitter_site":"@KapitalisInfo","twitter_misc":{"\u00c9crit par":"webmaster kapitalis","Dur\u00e9e de lecture estim\u00e9e":"2 minutes"},"schema":{"@context":"https:\/\/schema.org","@graph":[{"@type":"Article","@id":"https:\/\/kapitalis.com\/tunisie\/2018\/09\/19\/utica-laleca-au-menu-des-discussions-avec-des-parlementaires-europeens\/#article","isPartOf":{"@id":"https:\/\/kapitalis.com\/tunisie\/2018\/09\/19\/utica-laleca-au-menu-des-discussions-avec-des-parlementaires-europeens\/"},"author":{"name":"webmaster kapitalis","@id":"https:\/\/kapitalis.com\/tunisie\/#\/schema\/person\/d71f33a9ca44f7bad4698210b480c8e9"},"headline":"Utica : L\u2019Aleca au menu des discussions avec des parlementaires europ\u00e9ens","datePublished":"2018-09-19T08:36:59+00:00","mainEntityOfPage":{"@id":"https:\/\/kapitalis.com\/tunisie\/2018\/09\/19\/utica-laleca-au-menu-des-discussions-avec-des-parlementaires-europeens\/"},"wordCount":445,"commentCount":0,"publisher":{"@id":"https:\/\/kapitalis.com\/tunisie\/#organization"},"image":{"@id":"https:\/\/kapitalis.com\/tunisie\/2018\/09\/19\/utica-laleca-au-menu-des-discussions-avec-des-parlementaires-europeens\/#primaryimage"},"thumbnailUrl":"","keywords":["accord de libre \u00e9change","Aleca","Hamadi Kooli","Samir Majoul"],"articleSection":["ECONOMIE","Tunisie"],"inLanguage":"fr-FR","potentialAction":[{"@type":"CommentAction","name":"Comment","target":["https:\/\/kapitalis.com\/tunisie\/2018\/09\/19\/utica-laleca-au-menu-des-discussions-avec-des-parlementaires-europeens\/#respond"]}]},{"@type":"WebPage","@id":"https:\/\/kapitalis.com\/tunisie\/2018\/09\/19\/utica-laleca-au-menu-des-discussions-avec-des-parlementaires-europeens\/","url":"https:\/\/kapitalis.com\/tunisie\/2018\/09\/19\/utica-laleca-au-menu-des-discussions-avec-des-parlementaires-europeens\/","name":"Utica : L\u2019Aleca au menu des discussions avec des parlementaires europ\u00e9ens - Kapitalis","isPartOf":{"@id":"https:\/\/kapitalis.com\/tunisie\/#website"},"primaryImageOfPage":{"@id":"https:\/\/kapitalis.com\/tunisie\/2018\/09\/19\/utica-laleca-au-menu-des-discussions-avec-des-parlementaires-europeens\/#primaryimage"},"image":{"@id":"https:\/\/kapitalis.com\/tunisie\/2018\/09\/19\/utica-laleca-au-menu-des-discussions-avec-des-parlementaires-europeens\/#primaryimage"},"thumbnailUrl":"","datePublished":"2018-09-19T08:36:59+00:00","breadcrumb":{"@id":"https:\/\/kapitalis.com\/tunisie\/2018\/09\/19\/utica-laleca-au-menu-des-discussions-avec-des-parlementaires-europeens\/#breadcrumb"},"inLanguage":"fr-FR","potentialAction":[{"@type":"ReadAction","target":["https:\/\/kapitalis.com\/tunisie\/2018\/09\/19\/utica-laleca-au-menu-des-discussions-avec-des-parlementaires-europeens\/"]}]},{"@type":"ImageObject","inLanguage":"fr-FR","@id":"https:\/\/kapitalis.com\/tunisie\/2018\/09\/19\/utica-laleca-au-menu-des-discussions-avec-des-parlementaires-europeens\/#primaryimage","url":"","contentUrl":""},{"@type":"BreadcrumbList","@id":"https:\/\/kapitalis.com\/tunisie\/2018\/09\/19\/utica-laleca-au-menu-des-discussions-avec-des-parlementaires-europeens\/#breadcrumb","itemListElement":[{"@type":"ListItem","position":1,"name":"Accueil","item":"https:\/\/kapitalis.com\/tunisie\/"},{"@type":"ListItem","position":2,"name":"Utica : L\u2019Aleca au menu des discussions avec des parlementaires europ\u00e9ens"}]},{"@type":"WebSite","@id":"https:\/\/kapitalis.com\/tunisie\/#website","url":"https:\/\/kapitalis.com\/tunisie\/","name":"Kapitalis","description":"L&#039;actualit\u00e9 en Tunisie et dans le monde","publisher":{"@id":"https:\/\/kapitalis.com\/tunisie\/#organization"},"potentialAction":[{"@type":"SearchAction","target":{"@type":"EntryPoint","urlTemplate":"https:\/\/kapitalis.com\/tunisie\/?s={search_term_string}"},"query-input":{"@type":"PropertyValueSpecification","valueRequired":true,"valueName":"search_term_string"}}],"inLanguage":"fr-FR"},{"@type":"Organization","@id":"https:\/\/kapitalis.com\/tunisie\/#organization","name":"Kapitalis","url":"https:\/\/kapitalis.com\/tunisie\/","logo":{"@type":"ImageObject","inLanguage":"fr-FR","@id":"https:\/\/kapitalis.com\/tunisie\/#\/schema\/logo\/image\/","url":"https:\/\/kapitalis.com\/tunisie\/wp-content\/uploads\/2022\/05\/Kapitalis-big-size.png","contentUrl":"https:\/\/kapitalis.com\/tunisie\/wp-content\/uploads\/2022\/05\/Kapitalis-big-size.png","width":5000,"height":1500,"caption":"Kapitalis"},"image":{"@id":"https:\/\/kapitalis.com\/tunisie\/#\/schema\/logo\/image\/"},"sameAs":["https:\/\/www.facebook.com\/KapitalisInfo\/","https:\/\/x.com\/KapitalisInfo","https:\/\/www.youtube.com\/channel\/UC-yDYrHyfFBWWZaOw3FPg9Q"]},{"@type":"Person","@id":"https:\/\/kapitalis.com\/tunisie\/#\/schema\/person\/d71f33a9ca44f7bad4698210b480c8e9","name":"webmaster kapitalis","url":"https:\/\/kapitalis.com\/tunisie\/author\/webmaster-kapitalis\/"}]}},"_links":{"self":[{"href":"https:\/\/kapitalis.com\/tunisie\/wp-json\/wp\/v2\/posts\/174552","targetHints":{"allow":["GET"]}}],"collection":[{"href":"https:\/\/kapitalis.com\/tunisie\/wp-json\/wp\/v2\/posts"}],"about":[{"href":"https:\/\/kapitalis.com\/tunisie\/wp-json\/wp\/v2\/types\/post"}],"author":[{"embeddable":true,"href":"https:\/\/kapitalis.com\/tunisie\/wp-json\/wp\/v2\/users\/8"}],"replies":[{"embeddable":true,"href":"https:\/\/kapitalis.com\/tunisie\/wp-json\/wp\/v2\/comments?post=174552"}],"version-history":[{"count":0,"href":"https:\/\/kapitalis.com\/tunisie\/wp-json\/wp\/v2\/posts\/174552\/revisions"}],"wp:featuredmedia":[{"embeddable":true,"href":"https:\/\/kapitalis.com\/tunisie\/wp-json\/wp\/v2\/media\/174553"}],"wp:attachment":[{"href":"https:\/\/kapitalis.com\/tunisie\/wp-json\/wp\/v2\/media?parent=174552"}],"wp:term":[{"taxonomy":"category","embeddable":true,"href":"https:\/\/kapitalis.com\/tunisie\/wp-json\/wp\/v2\/categories?post=174552"},{"taxonomy":"post_tag","embeddable":true,"href":"https:\/\/kapitalis.com\/tunisie\/wp-json\/wp\/v2\/tags?post=174552"}],"curies":[{"name":"wp","href":"https:\/\/api.w.org\/{rel}","templated":true}]}}